{"id":64240,"date":"2022-01-25T06:05:37","date_gmt":"2022-01-25T05:05:37","guid":{"rendered":"https:\/\/flashmode.tn\/magazine\/?p=64240"},"modified":"2022-01-25T06:05:37","modified_gmt":"2022-01-25T05:05:37","slug":"quel-est-le-prix-dun-ombre-hair","status":"publish","type":"post","link":"https:\/\/flashmode.tn\/magazine\/quel-est-le-prix-dun-ombre-hair\/","title":{"rendered":"Quel est le prix d&rsquo;un ombr\u00e9 hair ?"},"content":{"rendered":"<p>Il faut compter en moyenne 85 \u20ac pour la prestation seule. Le tarif d\u00e9pend beaucoup de la longueur de vos cheveux et du salon dans lequel vous le r\u00e9alisez. On constate n\u00e9anmoins que le <b>prix d&rsquo;un ombr\u00e9 hair<\/b> varie g\u00e9n\u00e9ralement entre 50 et 110 \u20ac.<\/p>\n<p>Quelle diff\u00e9rence entre un balayage et un ombr\u00e9 hair ? L&rsquo;<b>ombr\u00e9<\/b> est un style, alors que le <b>balayage<\/b> est une technique. L&rsquo;<b>ombr\u00e9<\/b> va \u00e9claircir les longueurs avec une coloration tr\u00e8s appuy\u00e9e sur les pointes qui va se fondre de plus en plus avec la couleur naturelle du cheveux en remontant vers les racines.<\/p>\n<p>or Quel est le prix d&rsquo;un balayage ? Le <b>prix d&rsquo;un balayage<\/b> varie de 35 \u20ac \u00e0 70 \u20ac sur cheveux courts et de 45 \u20ac \u00e0 85 \u20ac sur cheveux longs en fonction du type de <b>balayage<\/b> r\u00e9alis\u00e9.<\/p>\n<p>Comment faire un ombr\u00e9 hair \u00e0 la maison ? Principe de l&rsquo;<b>ombr\u00e9 hair<\/b><\/p>\n<p> Pour obtenir un effet naturel, on va jouer sur un d\u00e9grad\u00e9 d&rsquo;au moins 3 nuances, en partant de la couleur naturelle de base pr\u00e9sente au niveau des racines, et en \u00e9claircissant vers le bas jusqu&rsquo;aux pointes. Le r\u00e9sultat est lumineux.<\/p>\n<div id=\"ez-toc-container\" class=\"ez-toc-v2_0_81 counter-hierarchy ez-toc-counter ez-toc-grey ez-toc-container-direction\">\n<div class=\"ez-toc-title-container\">\n<p class=\"ez-toc-title\" style=\"cursor:inherit\">Contenus de la page<\/p>\n<span class=\"ez-toc-title-toggle\"><a href=\"#\" class=\"ez-toc-pull-right ez-toc-btn ez-toc-btn-xs ez-toc-btn-default ez-toc-toggle\" aria-label=\"Toggle Table of Content\"><span class=\"ez-toc-js-icon-con\"><span class=\"\"><span class=\"eztoc-hide\" style=\"display:none;\">Toggle<\/span><span class=\"ez-toc-icon-toggle-span\"><svg style=\"fill: #999;color:#999\" xmlns=\"http:\/\/www.w3.org\/2000\/svg\" class=\"list-377408\" width=\"20px\" height=\"20px\" viewBox=\"0 0 24 24\" fill=\"none\"><path d=\"M6 6H4v2h2V6zm14 0H8v2h12V6zM4 11h2v2H4v-2zm16 0H8v2h12v-2zM4 16h2v2H4v-2zm16 0H8v2h12v-2z\" fill=\"currentColor\"><\/path><\/svg><svg style=\"fill: #999;color:#999\" class=\"arrow-unsorted-368013\" xmlns=\"http:\/\/www.w3.org\/2000\/svg\" width=\"10px\" height=\"10px\" viewBox=\"0 0 24 24\" version=\"1.2\" baseProfile=\"tiny\"><path d=\"M18.2 9.3l-6.2-6.3-6.2 6.3c-.2.2-.3.4-.3.7s.1.5.3.7c.2.2.4.3.7.3h11c.3 0 .5-.1.7-.3.2-.2.3-.5.3-.7s-.1-.5-.3-.7zM5.8 14.7l6.2 6.3 6.2-6.3c.2-.2.3-.5.3-.7s-.1-.5-.3-.7c-.2-.2-.4-.3-.7-.3h-11c-.3 0-.5.1-.7.3-.2.2-.3.5-.3.7s.1.5.3.7z\"\/><\/svg><\/span><\/span><\/span><\/a><\/span><\/div>\n<nav><ul class='ez-toc-list ez-toc-list-level-1 ' ><li class='ez-toc-page-1 ez-toc-heading-level-2'><a class=\"ez-toc-link ez-toc-heading-1\" href=\"https:\/\/flashmode.tn\/magazine\/quel-est-le-prix-dun-ombre-hair\/#Comment_prendre_soin_de_son_ombre_hair\" >Comment prendre soin de son ombre hair ?<\/a><\/li><li class='ez-toc-page-1 ez-toc-heading-level-2'><a class=\"ez-toc-link ez-toc-heading-2\" href=\"https:\/\/flashmode.tn\/magazine\/quel-est-le-prix-dun-ombre-hair\/#Comment_se_passe_un_balayage_chez_le_coiffeur\" >Comment se passe un balayage chez le coiffeur ?<\/a><\/li><li class='ez-toc-page-1 ez-toc-heading-level-2'><a class=\"ez-toc-link ez-toc-heading-3\" href=\"https:\/\/flashmode.tn\/magazine\/quel-est-le-prix-dun-ombre-hair\/#Comment_faire_un_ombre_hair_caramel\" >Comment faire un ombr\u00e9 hair caramel ?<\/a><\/li><li class='ez-toc-page-1 ez-toc-heading-level-2'><a class=\"ez-toc-link ez-toc-heading-4\" href=\"https:\/\/flashmode.tn\/magazine\/quel-est-le-prix-dun-ombre-hair\/#Comment_faire_du_ombre_dans_les_cheveux\" >Comment faire du ombre dans les cheveux ?<\/a><ul class='ez-toc-list-level-3' ><li class='ez-toc-heading-level-3'><a class=\"ez-toc-link ez-toc-heading-5\" href=\"https:\/\/flashmode.tn\/magazine\/quel-est-le-prix-dun-ombre-hair\/#Comment_faire_une_couleur_et_un_balayage\" >Comment faire une couleur et un balayage ?<\/a><\/li><\/ul><\/li><\/ul><\/nav><\/div>\n<h2><span class=\"ez-toc-section\" id=\"Comment_prendre_soin_de_son_ombre_hair\"><\/span>Comment prendre soin de son ombre hair ?<span class=\"ez-toc-section-end\"><\/span><\/h2>\n<p>En revanche, ne faites pas l&rsquo;impasse sur les soins. En effet, l&rsquo;<b>ombr\u00e9 hair<\/b> reste une d\u00e9coloration qui peut fragiliser les cheveux. Afin d&rsquo;\u00e9viter l&rsquo;effet paille des cheveux ass\u00e9ch\u00e9s, utilisez lors de chaque lavage des shampooings pour cheveux color\u00e9s et\/ou balay\u00e9s, et r\u00e9alisez chaque semaine des masques hydratants.<\/p>\n<p>Comment se d\u00e9barrasser d&rsquo;un ombr\u00e9 hair ? Pour att\u00e9nuer l&rsquo;effet <b>ombr\u00e9<\/b>, on utilise un soin repigmentant de la couleur naturelle des cheveux (celle en racine, plus fonc\u00e9e que les pointes) : un masque \u00e0 utiliser tous les 2-3 shampooings qui d\u00e9pose des pigments temporaires sur la fibre et la fonce.<\/p>\n<p>Est-ce une bonne id\u00e9e de faire un ombr\u00e9 hair sur des cheveux ab\u00eemer ? L&rsquo;<b>ombr\u00e9 hair<\/b> ne s&rsquo;entretient presque pas mais les <b>cheveux<\/b>, si. &#8230; Sur les longueurs, qui plus <b>est<\/b>, la partie des <b>cheveux<\/b> d\u00e9j\u00e0 fragilis\u00e9e. Pas question de zapper les soins, donc, on hydrate et on nourrit les longueurs apr\u00e8s chaque shampoing pour \u00e9viter la botte de paille.<\/p>\n<p>Est-ce que le balayage ab\u00eem\u00e9 les cheveux ? Non, le <b>balayage<\/b> n&rsquo;<b>ab\u00eeme<\/b> pas votre chevelure<\/p>\n<p> En coiffure comme ailleurs, les mots ont leur importance. C&rsquo;<b>est<\/b> pourquoi il <b>est<\/b> important de bien noter la diff\u00e9rence entre des \u00ab <b>cheveux<\/b> sensibilis\u00e9s \u00bb et des \u00ab <b>cheveux<\/b> ab\u00eem\u00e9s \u00bb.<\/p>\n<h2><span class=\"ez-toc-section\" id=\"Comment_se_passe_un_balayage_chez_le_coiffeur\"><\/span>Comment se passe un balayage chez le coiffeur ?<span class=\"ez-toc-section-end\"><\/span><\/h2>\n<p>Le <b>balayage<\/b> est une technique de coloration qui <b>se<\/b> pratique \u00e0 l&rsquo;air libre. Le <b>coiffeur<\/b> applique son produit en touche sur de fines m\u00e8ches et laisse poser le temps que le cheveu s&rsquo;oxyde. Apr\u00e8s place au rin\u00e7age et au soin pour nourrir la fibre et refermer les \u00e9cailles.<\/p>\n<p>Quand refaire un balayage ? G\u00e9n\u00e9ralement, il est conseill\u00e9 de <b>refaire<\/b> ses m\u00e8ches ou son <b>balayage<\/b> tous les 3 ou 4 mois. Celles qui ont opt\u00e9 pour un <b>balayage<\/b> tr\u00e8s fondu, peuvent attendre encore plus longtemps puisque la d\u00e9marcation avec les racines est moins visible.<\/p>\n<p>Comment est fait un ombr\u00e9 hair ?<\/p>\n<p>L&rsquo;<b>ombr\u00e9 hair est<\/b> un proc\u00e9d\u00e9 de d\u00e9coloration d\u00e9grad\u00e9e progressive des cheveux. On se base sur la couleur naturelle des racines que l&rsquo;on \u00e9claircit graduellement en \u00e9tirant sur les longueurs. Trois tons se d\u00e9clinent de la racine aux pointes, et l&rsquo;\u00e9claircissement <b>est<\/b> subtil, l\u00e9ger.<\/p>\n<p>Comment faire un ombr\u00e9 hair gris ? Achetez un toner blanc ou violet pour obtenir la couleur argent\u00e9e ou <b>grise<\/b> que vous recherchez. Le toner blanc ou violet agit un peu comme le d\u00e9colorant \u00e0 la seule diff\u00e9rence qu&rsquo;il supprime les tons orange ou jaune et donne aux cheveux une magnifique teinte argent\u00e9e.<\/p>\n<h2><span class=\"ez-toc-section\" id=\"Comment_faire_un_ombre_hair_caramel\"><\/span>Comment faire un ombr\u00e9 hair caramel ?<span class=\"ez-toc-section-end\"><\/span><\/h2>\n<p>Soit, l&rsquo;<b>ombr\u00e9 hair caramel<\/b> s&rsquo;effectue par une d\u00e9coloration partant de la racine des cheveux. Elle applique des nuances formant un d\u00e9grad\u00e9 fondu. La d\u00e9coloration est une partie importante. Elle permet d&rsquo;obtenir une belle couleur et afin d&rsquo;\u00e9viter que vos cheveux jaunissent au fil du temps.<\/p>\n<p>Comment rattraper un ombr\u00e9 hair ?<\/p>\n<p>S&rsquo;il se situe au niveau des longueurs et des pointes vous avez deux options : repasser par la case coloration avec des tons plus fonc\u00e9s avec une coloration brune par exemple pour couvrir l&rsquo;erreur ou alors gr\u00e2ce \u00e0 des tons plus clairs avec une coloration blonde vous pouvez venir harmoniser les m\u00e8ches de votre balayage &#8230;<\/p>\n<p>Comment couvrir un ombr\u00e9 hair ? <b>  Bien masquer mon  <b>   ombr\u00e9 hair  <\/b> <\/b> <\/p>\n<ol>\n<li>   Optez pour une coloration permanente. L\u00e0 o\u00f9 les premi\u00e8res colorations laissent le choix entre la coloration permanente et la coloration gloss, plus \u00e9ph\u00e9m\u00e8re, ici le choix n&rsquo;est pas vraiment permis. &#8230;  <\/li>\n<li>   Prodigy. &#8230;  <\/li>\n<li>   Pr\u00e9f\u00e9rence Mousse Absolue. &#8230;  <\/li>\n<li>   Pour quelle couleur ?  <\/li>\n<\/ol>\n<p>Comment couvrir un ombre ? Pour <b>recouvrir<\/b> totalement votre tie and dye, vous pouvez opter pour une coloration. Choisissez une coloration permanente et non une coloration gloss, qui sera trop l\u00e9g\u00e8re pour masquer totalement la d\u00e9coloration de vos longueurs.<\/p>\n<h2><span class=\"ez-toc-section\" id=\"Comment_faire_du_ombre_dans_les_cheveux\"><\/span>Comment faire du ombre dans les cheveux ?<span class=\"ez-toc-section-end\"><\/span><\/h2>\n<p><b>  <b>   COMMENT FAIRE  <\/b>  UN  <b>   OMBR\u00c9  <\/b>  HAIR ? <\/b> <\/p>\n<ol>\n<li>   S\u00e9parez les cheveux en deux parties.  <\/li>\n<li>   Faites deux couettes hautes uniformes.  <\/li>\n<li>   Appliquez le m\u00e9lange sur la brosse (veillez \u00e0 avoir du produit en quantit\u00e9 suffisante sur la brosse).  <\/li>\n<li>   Appliquez le m\u00e9lange sur les longueurs, au niveau de l&rsquo;oreille jusqu&rsquo;\u00e0 la pointe en insistant sur les pointes.  <\/li>\n<\/ol>\n<p>Comment vieillit un balayage ? Comme il n&rsquo;y a pas d&rsquo;effet racines, le <b>balayage<\/b> demande tr\u00e8s peu d&rsquo;entretien et <b>vieillit<\/b> assez bien. Il est n\u00e9cessaire de l&rsquo;entretenir 2 ou 3 fois par an, en \u00e9vitant la p\u00e9riode des vacances (sous peine de voir verdir nos cheveux au premier plongeon dans la piscine).<\/p>\n<p>Est-ce que un balayage s&rsquo;\u00e9claircit ?<\/p>\n<p>Que ce soit une coloration ou un <b>balayage<\/b>, votre couleur va \u00e9voluer dans le temps et surtout sous l&rsquo;effet du soleil. \u2026 Le <b>balayage<\/b>, lui va se patiner et s&rsquo;\u00e9claircir avec le soleil et donner un fondu naturel \u00e0 vos cheveux qui vous garantira un effet bonne mine.<\/p>\n<p>Est-ce que le balayage s&rsquo;estompe ? Le <b>balayage<\/b> se fait soit sur les longueurs et les pointes, soit donc d\u00e8s la racine selon l&rsquo;effet souhait\u00e9. Pour celles qui ont quelques cheveux blancs naissants \u00e0 camoufler, cette technique peut \u00eatre appropri\u00e9e mais attention, comme le rappelle Mathieu : \u00ab\u00a0\u00e7a les estompe, mais \u00e7a ne les couvre pas totalement.\u00a0\u00bb<\/p>\n<h3><span class=\"ez-toc-section\" id=\"Comment_faire_une_couleur_et_un_balayage\"><\/span>Comment faire une couleur et un balayage ?<span class=\"ez-toc-section-end\"><\/span><\/h3>\n<p>Son principe est simple : colorer des m\u00e8ches d&rsquo;un \u00e0 trois tons plus clairs que la <b>couleur<\/b> de base. Le r\u00e9sultat est naturel, les m\u00e8ches color\u00e9es s&rsquo;int\u00e8grent parfaitement \u00e0 la chevelure pour donner un effet lumineux et ensoleill\u00e9.<\/p>\n<p>Est-ce qu&rsquo;un balayage couvre les cheveux blancs ? Faire des m\u00e8ches ou un <b>balayage<\/b> blond <b>est<\/b> une solution fr\u00e9quement utilis\u00e9e pour dissimuler les <b>cheveux blancs<\/b> sur une base \u00ab poivre et sel \u00bb.<\/p>\n<h2><\/h2>\n","protected":false},"excerpt":{"rendered":"<p>Il faut compter en moyenne 85 \u20ac pour la prestation seule. Le tarif d\u00e9pend beaucoup de la longueur de vos cheveux et du salon dans lequel vous le r\u00e9alisez. On constate n\u00e9anmoins que le prix d&rsquo;un ombr\u00e9 hair varie g\u00e9n\u00e9ralement entre 50 et 110 \u20ac. Quelle diff\u00e9rence entre un balayage et un ombr\u00e9 hair ? [&hellip;]<\/p>\n","protected":false},"author":5,"featured_media":0,"comment_status":"open","ping_status":"open","sticky":false,"template":"","format":"standard","meta":{"tdm_status":"","tdm_grid_status":"","_jetpack_memberships_contains_paid_content":false,"footnotes":"","jetpack_publicize_message":"","jetpack_publicize_feature_enabled":true,"jetpack_social_post_already_shared":true,"jetpack_social_options":{"image_generator_settings":{"template":"highway","default_image_id":0,"font":"","enabled":false},"version":2}},"categories":[80],"tags":[],"class_list":["post-64240","post","type-post","status-publish","format-standard","hentry","category-lifestyle"],"yoast_head":"<!-- This site is optimized with the Yoast SEO Premium plugin v25.0 (Yoast SEO v25.0) - https:\/\/yoast.com\/wordpress\/plugins\/seo\/ -->\n<title>Quel est le prix d&#039;un ombr\u00e9 hair ?<\/title>\n<meta name=\"description\" content=\"Il faut compter en moyenne 85 \u20ac pour la prestation seule. Le tarif d\u00e9pend beaucoup de la longueur de vos cheveux et du salon dans lequel vous le r\u00e9alisez. On constate n\u00e9anmoins que le prix d&#039;un ombr\u00e9 hair varie g\u00e9n\u00e9ralement entre 50 et 110 \u20ac.\" \/>\n<meta name=\"robots\" content=\"index, follow, max-snippet:-1, max-image-preview:large, max-video-preview:-1\" \/>\n<link rel=\"canonical\" href=\"https:\/\/flashmode.tn\/magazine\/quel-est-le-prix-dun-ombre-hair\/\" \/>\n<meta property=\"og:locale\" content=\"fr_FR\" \/>\n<meta property=\"og:type\" content=\"article\" \/>\n<meta property=\"og:title\" content=\"Quel est le prix d&#039;un ombr\u00e9 hair ? - Flashmode Magazine | Magazine de mode et style de vie Num\u00e9ro un en Tunisie et au Maghreb\" \/>\n<meta property=\"og:description\" content=\"Il faut compter en moyenne 85 \u20ac pour la prestation seule. Le tarif d\u00e9pend beaucoup de la longueur de vos cheveux et du salon dans lequel vous le r\u00e9alisez. On constate n\u00e9anmoins que le prix d&#039;un ombr\u00e9 hair varie g\u00e9n\u00e9ralement entre 50 et 110 \u20ac.\" \/>\n<meta property=\"og:url\" content=\"https:\/\/flashmode.tn\/magazine\/quel-est-le-prix-dun-ombre-hair\/\" \/>\n<meta property=\"og:site_name\" content=\"Flashmode Magazine | Magazine de mode et style de vie Num\u00e9ro un en Tunisie et au Maghreb\" \/>\n<meta property=\"article:publisher\" content=\"https:\/\/www.facebook.com\/flashmode.magazine\/\" \/>\n<meta property=\"article:published_time\" content=\"2022-01-25T05:05:37+00:00\" \/>\n<meta name=\"author\" content=\"PeopleLife\" \/>\n<meta name=\"twitter:card\" content=\"summary_large_image\" \/>\n<meta name=\"twitter:creator\" content=\"@agenceflashmode\" \/>\n<meta name=\"twitter:site\" content=\"@agenceflashmode\" \/>\n<meta name=\"twitter:label1\" content=\"\u00c9crit par\" \/>\n\t<meta name=\"twitter:data1\" content=\"PeopleLife\" \/>\n\t<meta name=\"twitter:label2\" content=\"Dur\u00e9e de lecture estim\u00e9e\" \/>\n\t<meta name=\"twitter:data2\" content=\"6 minutes\" \/>\n<script type=\"application\/ld+json\" class=\"yoast-schema-graph\">{\"@context\":\"https:\/\/schema.org\",\"@graph\":[{\"@type\":\"WebPage\",\"@id\":\"https:\/\/flashmode.tn\/magazine\/quel-est-le-prix-dun-ombre-hair\/\",\"url\":\"https:\/\/flashmode.tn\/magazine\/quel-est-le-prix-dun-ombre-hair\/\",\"name\":\"Quel est le prix d'un ombr\u00e9 hair ?\",\"isPartOf\":{\"@id\":\"https:\/\/flashmode.tn\/magazine\/#website\"},\"datePublished\":\"2022-01-25T05:05:37+00:00\",\"author\":{\"@id\":\"https:\/\/flashmode.tn\/magazine\/#\/schema\/person\/6815bd30337e8756d5357219766efcc3\"},\"description\":\"Il faut compter en moyenne 85 \u20ac pour la prestation seule. Le tarif d\u00e9pend beaucoup de la longueur de vos cheveux et du salon dans lequel vous le r\u00e9alisez. On constate n\u00e9anmoins que le prix d'un ombr\u00e9 hair varie g\u00e9n\u00e9ralement entre 50 et 110 \u20ac.\",\"breadcrumb\":{\"@id\":\"https:\/\/flashmode.tn\/magazine\/quel-est-le-prix-dun-ombre-hair\/#breadcrumb\"},\"inLanguage\":\"fr-FR\",\"potentialAction\":[{\"@type\":\"ReadAction\",\"target\":[\"https:\/\/flashmode.tn\/magazine\/quel-est-le-prix-dun-ombre-hair\/\"]}]},{\"@type\":\"BreadcrumbList\",\"@id\":\"https:\/\/flashmode.tn\/magazine\/quel-est-le-prix-dun-ombre-hair\/#breadcrumb\",\"itemListElement\":[{\"@type\":\"ListItem\",\"position\":1,\"name\":\"Accueil\",\"item\":\"https:\/\/flashmode.tn\/magazine\/\"},{\"@type\":\"ListItem\",\"position\":2,\"name\":\"Quel est le prix d&rsquo;un ombr\u00e9 hair ?\"}]},{\"@type\":\"WebSite\",\"@id\":\"https:\/\/flashmode.tn\/magazine\/#website\",\"url\":\"https:\/\/flashmode.tn\/magazine\/\",\"name\":\"Flashmode Magazine | Magazine de mode et style de vie Num\u00e9ro un en Tunisie et au Maghreb\",\"description\":\"Magazine de mode et style de vie Num\u00e9ro un en Tunisie et au Maghreb, cr\u00e9\u00e9 pour les hommes et les femmes : conseils beaut\u00e9, mode femme, mode homme, recettes de cuisine, c\u00e9l\u00e9brit\u00e9s et people, mannequins et top modeles\",\"potentialAction\":[{\"@type\":\"SearchAction\",\"target\":{\"@type\":\"EntryPoint\",\"urlTemplate\":\"https:\/\/flashmode.tn\/magazine\/?s={search_term_string}\"},\"query-input\":{\"@type\":\"PropertyValueSpecification\",\"valueRequired\":true,\"valueName\":\"search_term_string\"}}],\"inLanguage\":\"fr-FR\"},{\"@type\":\"Person\",\"@id\":\"https:\/\/flashmode.tn\/magazine\/#\/schema\/person\/6815bd30337e8756d5357219766efcc3\",\"name\":\"PeopleLife\",\"image\":{\"@type\":\"ImageObject\",\"inLanguage\":\"fr-FR\",\"@id\":\"https:\/\/flashmode.tn\/magazine\/#\/schema\/person\/image\/\",\"url\":\"https:\/\/secure.gravatar.com\/avatar\/8098f49196034391d93ae20d939ad33b14f6b745c986049ad803a54f4113e18c?s=96&d=mm&r=g\",\"contentUrl\":\"https:\/\/secure.gravatar.com\/avatar\/8098f49196034391d93ae20d939ad33b14f6b745c986049ad803a54f4113e18c?s=96&d=mm&r=g\",\"caption\":\"PeopleLife\"},\"url\":\"https:\/\/flashmode.tn\/magazine\/author\/peoplelife\/\"}]}<\/script>\n<!-- \/ Yoast SEO Premium plugin. -->","yoast_head_json":{"title":"Quel est le prix d'un ombr\u00e9 hair ?","description":"Il faut compter en moyenne 85 \u20ac pour la prestation seule. Le tarif d\u00e9pend beaucoup de la longueur de vos cheveux et du salon dans lequel vous le r\u00e9alisez. On constate n\u00e9anmoins que le prix d'un ombr\u00e9 hair varie g\u00e9n\u00e9ralement entre 50 et 110 \u20ac.","robots":{"index":"index","follow":"follow","max-snippet":"max-snippet:-1","max-image-preview":"max-image-preview:large","max-video-preview":"max-video-preview:-1"},"canonical":"https:\/\/flashmode.tn\/magazine\/quel-est-le-prix-dun-ombre-hair\/","og_locale":"fr_FR","og_type":"article","og_title":"Quel est le prix d'un ombr\u00e9 hair ? - Flashmode Magazine | Magazine de mode et style de vie Num\u00e9ro un en Tunisie et au Maghreb","og_description":"Il faut compter en moyenne 85 \u20ac pour la prestation seule. Le tarif d\u00e9pend beaucoup de la longueur de vos cheveux et du salon dans lequel vous le r\u00e9alisez. On constate n\u00e9anmoins que le prix d'un ombr\u00e9 hair varie g\u00e9n\u00e9ralement entre 50 et 110 \u20ac.","og_url":"https:\/\/flashmode.tn\/magazine\/quel-est-le-prix-dun-ombre-hair\/","og_site_name":"Flashmode Magazine | Magazine de mode et style de vie Num\u00e9ro un en Tunisie et au Maghreb","article_publisher":"https:\/\/www.facebook.com\/flashmode.magazine\/","article_published_time":"2022-01-25T05:05:37+00:00","author":"PeopleLife","twitter_card":"summary_large_image","twitter_creator":"@agenceflashmode","twitter_site":"@agenceflashmode","twitter_misc":{"\u00c9crit par":"PeopleLife","Dur\u00e9e de lecture estim\u00e9e":"6 minutes"},"schema":{"@context":"https:\/\/schema.org","@graph":[{"@type":"WebPage","@id":"https:\/\/flashmode.tn\/magazine\/quel-est-le-prix-dun-ombre-hair\/","url":"https:\/\/flashmode.tn\/magazine\/quel-est-le-prix-dun-ombre-hair\/","name":"Quel est le prix d'un ombr\u00e9 hair ?","isPartOf":{"@id":"https:\/\/flashmode.tn\/magazine\/#website"},"datePublished":"2022-01-25T05:05:37+00:00","author":{"@id":"https:\/\/flashmode.tn\/magazine\/#\/schema\/person\/6815bd30337e8756d5357219766efcc3"},"description":"Il faut compter en moyenne 85 \u20ac pour la prestation seule. Le tarif d\u00e9pend beaucoup de la longueur de vos cheveux et du salon dans lequel vous le r\u00e9alisez. On constate n\u00e9anmoins que le prix d'un ombr\u00e9 hair varie g\u00e9n\u00e9ralement entre 50 et 110 \u20ac.","breadcrumb":{"@id":"https:\/\/flashmode.tn\/magazine\/quel-est-le-prix-dun-ombre-hair\/#breadcrumb"},"inLanguage":"fr-FR","potentialAction":[{"@type":"ReadAction","target":["https:\/\/flashmode.tn\/magazine\/quel-est-le-prix-dun-ombre-hair\/"]}]},{"@type":"BreadcrumbList","@id":"https:\/\/flashmode.tn\/magazine\/quel-est-le-prix-dun-ombre-hair\/#breadcrumb","itemListElement":[{"@type":"ListItem","position":1,"name":"Accueil","item":"https:\/\/flashmode.tn\/magazine\/"},{"@type":"ListItem","position":2,"name":"Quel est le prix d&rsquo;un ombr\u00e9 hair ?"}]},{"@type":"WebSite","@id":"https:\/\/flashmode.tn\/magazine\/#website","url":"https:\/\/flashmode.tn\/magazine\/","name":"Flashmode Magazine | Magazine de mode et style de vie Num\u00e9ro un en Tunisie et au Maghreb","description":"Magazine de mode et style de vie Num\u00e9ro un en Tunisie et au Maghreb, cr\u00e9\u00e9 pour les hommes et les femmes : conseils beaut\u00e9, mode femme, mode homme, recettes de cuisine, c\u00e9l\u00e9brit\u00e9s et people, mannequins et top modeles","potentialAction":[{"@type":"SearchAction","target":{"@type":"EntryPoint","urlTemplate":"https:\/\/flashmode.tn\/magazine\/?s={search_term_string}"},"query-input":{"@type":"PropertyValueSpecification","valueRequired":true,"valueName":"search_term_string"}}],"inLanguage":"fr-FR"},{"@type":"Person","@id":"https:\/\/flashmode.tn\/magazine\/#\/schema\/person\/6815bd30337e8756d5357219766efcc3","name":"PeopleLife","image":{"@type":"ImageObject","inLanguage":"fr-FR","@id":"https:\/\/flashmode.tn\/magazine\/#\/schema\/person\/image\/","url":"https:\/\/secure.gravatar.com\/avatar\/8098f49196034391d93ae20d939ad33b14f6b745c986049ad803a54f4113e18c?s=96&d=mm&r=g","contentUrl":"https:\/\/secure.gravatar.com\/avatar\/8098f49196034391d93ae20d939ad33b14f6b745c986049ad803a54f4113e18c?s=96&d=mm&r=g","caption":"PeopleLife"},"url":"https:\/\/flashmode.tn\/magazine\/author\/peoplelife\/"}]}},"jetpack_publicize_connections":[],"jetpack_featured_media_url":"","jetpack_shortlink":"https:\/\/wp.me\/p8BPGr-gI8","jetpack_sharing_enabled":true,"_links":{"self":[{"href":"https:\/\/flashmode.tn\/magazine\/wp-json\/wp\/v2\/posts\/64240","targetHints":{"allow":["GET"]}}],"collection":[{"href":"https:\/\/flashmode.tn\/magazine\/wp-json\/wp\/v2\/posts"}],"about":[{"href":"https:\/\/flashmode.tn\/magazine\/wp-json\/wp\/v2\/types\/post"}],"author":[{"embeddable":true,"href":"https:\/\/flashmode.tn\/magazine\/wp-json\/wp\/v2\/users\/5"}],"replies":[{"embeddable":true,"href":"https:\/\/flashmode.tn\/magazine\/wp-json\/wp\/v2\/comments?post=64240"}],"version-history":[{"count":0,"href":"https:\/\/flashmode.tn\/magazine\/wp-json\/wp\/v2\/posts\/64240\/revisions"}],"wp:attachment":[{"href":"https:\/\/flashmode.tn\/magazine\/wp-json\/wp\/v2\/media?parent=64240"}],"wp:term":[{"taxonomy":"category","embeddable":true,"href":"https:\/\/flashmode.tn\/magazine\/wp-json\/wp\/v2\/categories?post=64240"},{"taxonomy":"post_tag","embeddable":true,"href":"https:\/\/flashmode.tn\/magazine\/wp-json\/wp\/v2\/tags?post=64240"}],"curies":[{"name":"wp","href":"https:\/\/api.w.org\/{rel}","templated":true}]}}