{"id":6438,"date":"2017-09-14T22:25:02","date_gmt":"2017-09-14T20:25:02","guid":{"rendered":"http:\/\/flashmode.tn\/magazine\/people\/actu\/people-pierre-menes-gilles-verdez-et-benjamin-castaldi-dezinguent-matthieu-delormeau\/"},"modified":"2017-09-14T22:25:02","modified_gmt":"2017-09-14T20:25:02","slug":"people-pierre-menes-gilles-verdez-et-benjamin-castaldi-dezinguent-matthieu-delormeau","status":"publish","type":"post","link":"https:\/\/flashmode.tn\/magazine\/people-pierre-menes-gilles-verdez-et-benjamin-castaldi-dezinguent-matthieu-delormeau\/","title":{"rendered":"People : Pierre M\u00e9n\u00e8s, Gilles Verdez et Benjamin Castaldi d\u00e9zinguent Matthieu Delormeau"},"content":{"rendered":"<div id=\"ez-toc-container\" class=\"ez-toc-v2_0_81 counter-hierarchy ez-toc-counter ez-toc-grey ez-toc-container-direction\">\n<div class=\"ez-toc-title-container\">\n<p class=\"ez-toc-title\" style=\"cursor:inherit\">Contenus de la page<\/p>\n<span class=\"ez-toc-title-toggle\"><a href=\"#\" class=\"ez-toc-pull-right ez-toc-btn ez-toc-btn-xs ez-toc-btn-default ez-toc-toggle\" aria-label=\"Toggle Table of Content\"><span class=\"ez-toc-js-icon-con\"><span class=\"\"><span class=\"eztoc-hide\" style=\"display:none;\">Toggle<\/span><span class=\"ez-toc-icon-toggle-span\"><svg style=\"fill: #999;color:#999\" xmlns=\"http:\/\/www.w3.org\/2000\/svg\" class=\"list-377408\" width=\"20px\" height=\"20px\" viewBox=\"0 0 24 24\" fill=\"none\"><path d=\"M6 6H4v2h2V6zm14 0H8v2h12V6zM4 11h2v2H4v-2zm16 0H8v2h12v-2zM4 16h2v2H4v-2zm16 0H8v2h12v-2z\" fill=\"currentColor\"><\/path><\/svg><svg style=\"fill: #999;color:#999\" class=\"arrow-unsorted-368013\" xmlns=\"http:\/\/www.w3.org\/2000\/svg\" width=\"10px\" height=\"10px\" viewBox=\"0 0 24 24\" version=\"1.2\" baseProfile=\"tiny\"><path d=\"M18.2 9.3l-6.2-6.3-6.2 6.3c-.2.2-.3.4-.3.7s.1.5.3.7c.2.2.4.3.7.3h11c.3 0 .5-.1.7-.3.2-.2.3-.5.3-.7s-.1-.5-.3-.7zM5.8 14.7l6.2 6.3 6.2-6.3c.2-.2.3-.5.3-.7s-.1-.5-.3-.7c-.2-.2-.4-.3-.7-.3h-11c-.3 0-.5.1-.7.3-.2.2-.3.5-.3.7s.1.5.3.7z\"\/><\/svg><\/span><\/span><\/span><\/a><\/span><\/div>\n<nav><ul class='ez-toc-list ez-toc-list-level-1 ' ><li class='ez-toc-page-1 ez-toc-heading-level-2'><a class=\"ez-toc-link ez-toc-heading-1\" href=\"https:\/\/flashmode.tn\/magazine\/people-pierre-menes-gilles-verdez-et-benjamin-castaldi-dezinguent-matthieu-delormeau\/#Pierre_Menes_Gilles_Verdez_et_Benjamin_Castaldi_dezinguent_Matthieu_Delormeau\" >Pierre M\u00e9n\u00e8s, Gilles Verdez et Benjamin Castaldi d\u00e9zinguent Matthieu Delormeau<\/a><\/li><li class='ez-toc-page-1 ez-toc-heading-level-2'><a class=\"ez-toc-link ez-toc-heading-2\" href=\"https:\/\/flashmode.tn\/magazine\/people-pierre-menes-gilles-verdez-et-benjamin-castaldi-dezinguent-matthieu-delormeau\/#Pierre_Menes_pret_a_en_decoudre\" >Pierre M\u00e9n\u00e8s pr\u00eat \u00e0 en d\u00e9coudre<\/a><\/li><li class='ez-toc-page-1 ez-toc-heading-level-2'><a class=\"ez-toc-link ez-toc-heading-3\" href=\"https:\/\/flashmode.tn\/magazine\/people-pierre-menes-gilles-verdez-et-benjamin-castaldi-dezinguent-matthieu-delormeau\/#%C2%AB_Sil_est_la_je_lui_tournerai_le_dos_%C2%BB\" >\u00ab S&rsquo;il est l\u00e0, je lui tournerai le dos \u00bb<\/a><\/li><\/ul><\/nav><\/div>\n<h2><span class=\"ez-toc-section\" id=\"Pierre_Menes_Gilles_Verdez_et_Benjamin_Castaldi_dezinguent_Matthieu_Delormeau\"><\/span>Pierre M\u00e9n\u00e8s, Gilles Verdez et Benjamin Castaldi d\u00e9zinguent Matthieu Delormeau <span class=\"ez-toc-section-end\"><\/span><\/h2>\n<p><img data-recalc-dims=\"1\" decoding=\"async\" src=\"https:\/\/i0.wp.com\/flashmode.tn\/magazine\/wp-content\/uploads\/2017\/09\/people-pierre-menes-gilles-verdez-et-benjamin-castaldi-dezinguent-matthieu-delormeau.png?w=696\" \/><\/p>\n<p>VID\u00c9O &#8211; Ce jeudi 14 septembre, Cyril Hanouna a officialis\u00e9 le retour de Matthieu Delormeau dans Touche pas \u00e0 mon poste d\u00e8s ce lundi 18 septembre. L&rsquo;occasion pour Pierre M\u00e9n\u00e8s, Gilles Verdez et Benjamin Castaldi de r\u00e9gler leurs comptes avec le chroniqueur et animateur.<\/p>\n<div>\n<p>L&rsquo;ambiance s&rsquo;annonce tendue dans <i>Touche pas \u00e0 mon poste<\/i>. La semaine prochaine,<strong> Matthieu Delormeau<\/strong> fera son retour autour de la table des chroniqueurs de<strong> Cyril Hanouna<\/strong>. L&rsquo;animateur et producteur de <i>TPMP<\/i> a invit\u00e9 ses \u00e9quipes \u00e0 r\u00e9agir \u00e0 ce retour, et \u00e0 donner leur avis concernant <strong>Matthieu Delormeau<\/strong>. Si <strong>Jean-Michel Maire<\/strong> et <strong>Isabelle Morini-Bosc<\/strong> se sont r\u00e9jouis du retour de leur coll\u00e8gue, <strong>Benjamin Castaldi<\/strong>, <strong>Gilles Verdez<\/strong> et surtout <strong>Pierre M\u00e9n\u00e8s<\/strong> en ont profit\u00e9 pour r\u00e9gler leurs comptes \u00e0 distance avec le chroniqueur.<\/p>\n<p>Dans un premier temps, <strong>Val\u00e9rie B\u00e9na\u00efm<\/strong> a avou\u00e9 qu&rsquo;elle trouvait <strong>Matthieu Delormeau<\/strong> \u00ab<i> aga\u00e7ant<\/i> \u00bb mais a toutefois estim\u00e9 que sa pr\u00e9sence manquait \u00e0 l&rsquo;\u00e9mission. Des propos qui n&rsquo;ont pas \u00e9t\u00e9 soutenus par <strong>Gilles Verdez<\/strong>, qui est sorti de ses gonds : \u00ab <i>Il ne m&rsquo;a pas du tout manqu\u00e9. Je l&rsquo;ai vu cet \u00e9t\u00e9, on a discut\u00e9 entre hommes. On a r\u00e9gl\u00e9 nos probl\u00e8mes, donc je n&rsquo;ai plus rien contre l&rsquo;homme, mais le professionnel, \u00e0 mes yeux, reste aussi mauvais qu&rsquo;il l&rsquo;\u00e9tait. C&rsquo;est un mauvais chroniqueur qui n&rsquo;a aucune id\u00e9e et aucun argument dans les d\u00e9bats<\/i> \u00bb. <strong>Val\u00e9rie B\u00e9na\u00efm<\/strong> a tent\u00e9 de nuancer les propos de<strong> Gilles Verdez<\/strong>, en lui rappelant que la pr\u00e9sence de <strong>Matthieu Delormeau<\/strong> autour de la table de <i>TPMP<\/i> a \u00ab <i>servi l&rsquo;\u00e9mission<\/i> \u00bb pendant deux saisons.<\/p>\n<h2 class=\"intertitre\"><span class=\"ez-toc-section\" id=\"Pierre_Menes_pret_a_en_decoudre\"><\/span>Pierre M\u00e9n\u00e8s pr\u00eat \u00e0 en d\u00e9coudre<span class=\"ez-toc-section-end\"><\/span><\/h2>\n<p>De son c\u00f4t\u00e9, <strong>Pierre M\u00e9n\u00e8s<\/strong> est all\u00e9 plus loin en r\u00e9v\u00e9lant le diff\u00e9rend qui l&rsquo;oppose \u00e0 <strong>Matthieu Delormeau<\/strong> depuis six mois. Lorsque<strong> Pierre M\u00e9n\u00e8s<\/strong> a \u00e9t\u00e9 invit\u00e9 de <i>Touche pas \u00e0 mon poste<\/i> en avril dernier, le commentateur sportif a \u00e9t\u00e9 choqu\u00e9 par le comportement de <strong>Matthieu Delormeau<\/strong> \u00e0 l&rsquo;\u00e9gard de sa compagne : \u00ab<i> Gr\u00e2ce \u00e0 lui, j&rsquo;ai d\u00e9couvert Chasseurs d&rsquo;appart&rsquo;. Je ne le supporte pas humainement. Quand tu m&rsquo;as invit\u00e9 pour mon retour \u00e0 la t\u00e9l\u00e9, il s&rsquo;est conduit comme n&rsquo;importe quoi avec ma compagne, et \u00e7a, je ne le pardonne pas. C&rsquo;est un manque d&rsquo;\u00e9ducation absolu. Et il l&rsquo;a fait expr\u00e8s, j&rsquo;\u00e9tais l\u00e0. Et il n&rsquo;a eu qu&rsquo;une seule chance : c&rsquo;est que j&rsquo;\u00e9tais encore tr\u00e8s faible pour ne pas lui avoir mis une main dans la gueule<\/i> \u00bb a flingu\u00e9<strong> Pierre M\u00e9n\u00e8s<\/strong>.<\/p>\n<h2 class=\"intertitre\"><span class=\"ez-toc-section\" id=\"%C2%AB_Sil_est_la_je_lui_tournerai_le_dos_%C2%BB\"><\/span>\u00ab S&rsquo;il est l\u00e0, je lui tournerai le dos \u00bb<span class=\"ez-toc-section-end\"><\/span><\/h2>\n<p>Enfin, <strong>Benjamin Castaldi<\/strong>, ami de longue date de <strong>Matthieu Delormeau<\/strong>, a nuanc\u00e9 son avis sur le chroniqueur. S&rsquo;il lui reproche un manque cruel de fairplay professionnel, il tient toutefois \u00e0 rappeler que sa place dans l&rsquo;\u00e9mission est l\u00e9gitim\u00e9e : \u00ab<i> Dans l&rsquo;\u00e9mission, il a l&rsquo;avantage de ne laisser personne indiff\u00e9rent, dans un sens comme dans l&rsquo;autre, donc forc\u00e9ment, c&rsquo;est un \u00e9l\u00e9ment indispensable (&#8230;) S&rsquo;il est l\u00e0, je lui tournerai le dos, ce n&rsquo;est pas grave. Il faut qu&rsquo;on s&rsquo;explique, parce qu&rsquo;il y a un gros doss entre nous, \u00e9norme doss m\u00eame. J&rsquo;ai un vrai probl\u00e8me avec lui, un probl\u00e8me de comportement, par rapport \u00e0 l&rsquo;\u00e9mission. Cette chose-l\u00e0 m&rsquo;a profond\u00e9ment choqu\u00e9, parce qu&rsquo;humainement parlant, par rapport \u00e0 plein de choses qui se sont pass\u00e9es dans l&rsquo;\u00e9mission, il y a des positions qu&rsquo;on doit savoir tenir, et surtout, il y a des \u00e9quipes qu&rsquo;on doit savoir soutenir, quelle que soit la temp\u00eate. Normalement, quand il y a une temp\u00eate et que le bateau tangue, on s&rsquo;accroche aux barres et on ne descend pas<\/i> \u00bb a indiqu\u00e9 l&rsquo;animateur.<\/p>\n<p>Une chose est s\u00fbre, le retour de<strong> Matthieu Delormeau<\/strong> dans <i>Touche pas \u00e0 mon poste<\/i> fait couler beaucoup d&rsquo;encre. Interrog\u00e9s par <i>Touche pas \u00e0 mon poste<\/i> en direct, les internautes se sont ravis \u00e0 hauteur de 56% du retour de <strong>Matthieu Delormeau<\/strong> dans l&rsquo;\u00e9mission d\u00e8s la semaine prochaine. Un retour sous haute tension, qui, de facto, sera fort m\u00e9diatis\u00e9 ! On a h\u00e2te.<\/p>\n<\/p><\/div>\n","protected":false},"excerpt":{"rendered":"<p>Pierre M\u00e9n\u00e8s, Gilles Verdez et Benjamin Castaldi d\u00e9zinguent Matthieu Delormeau VID\u00c9O &#8211; Ce jeudi 14 septembre, Cyril Hanouna a officialis\u00e9 le retour de Matthieu Delormeau dans Touche pas \u00e0 mon poste d\u00e8s ce lundi 18 septembre. L&rsquo;occasion pour Pierre M\u00e9n\u00e8s, Gilles Verdez et Benjamin Castaldi de r\u00e9gler leurs comptes avec le chroniqueur et animateur. L&rsquo;ambiance [&hellip;]<\/p>\n","protected":false},"author":2,"featured_media":6439,"comment_status":"open","ping_status":"open","sticky":false,"template":"","format":"standard","meta":{"tdm_status":"","tdm_grid_status":"","_jetpack_memberships_contains_paid_content":false,"footnotes":"","jetpack_publicize_message":"","jetpack_publicize_feature_enabled":true,"jetpack_social_post_already_shared":true,"jetpack_social_options":{"image_generator_settings":{"template":"highway","default_image_id":0,"font":"","enabled":false},"version":2}},"categories":[956],"tags":[],"class_list":["post-6438","post","type-post","status-publish","format-standard","has-post-thumbnail","hentry","category-actu"],"yoast_head":"<!-- This site is optimized with the Yoast SEO Premium plugin v25.0 (Yoast SEO v25.0) - https:\/\/yoast.com\/wordpress\/plugins\/seo\/ -->\n<title>People : Pierre M\u00e9n\u00e8s, Gilles Verdez et Benjamin Castaldi d\u00e9zinguent Matthieu Delormeau - Flashmode Magazine | Magazine de mode et style de vie Num\u00e9ro un en Tunisie et au Maghreb<\/title>\n<meta name=\"description\" content=\"Pierre M\u00e9n\u00e8s, Gilles Verdez et Benjamin Castaldi d\u00e9zinguent Matthieu Delormeau VID\u00c9O - Ce jeudi 14 septembre, Cyril Hanouna a officialis\u00e9 le retour de\" \/>\n<meta name=\"robots\" content=\"index, follow, max-snippet:-1, max-image-preview:large, max-video-preview:-1\" \/>\n<link rel=\"canonical\" href=\"https:\/\/flashmode.tn\/magazine\/people-pierre-menes-gilles-verdez-et-benjamin-castaldi-dezinguent-matthieu-delormeau\/\" \/>\n<meta property=\"og:locale\" content=\"fr_FR\" \/>\n<meta property=\"og:type\" content=\"article\" \/>\n<meta property=\"og:title\" content=\"People : Pierre M\u00e9n\u00e8s, Gilles Verdez et Benjamin Castaldi d\u00e9zinguent Matthieu Delormeau - Flashmode Magazine | Magazine de mode et style de vie Num\u00e9ro un en Tunisie et au Maghreb\" \/>\n<meta property=\"og:description\" content=\"Pierre M\u00e9n\u00e8s, Gilles Verdez et Benjamin Castaldi d\u00e9zinguent Matthieu Delormeau VID\u00c9O - Ce jeudi 14 septembre, Cyril Hanouna a officialis\u00e9 le retour de\" \/>\n<meta property=\"og:url\" content=\"https:\/\/flashmode.tn\/magazine\/people-pierre-menes-gilles-verdez-et-benjamin-castaldi-dezinguent-matthieu-delormeau\/\" \/>\n<meta property=\"og:site_name\" content=\"Flashmode Magazine | Magazine de mode et style de vie Num\u00e9ro un en Tunisie et au Maghreb\" \/>\n<meta property=\"article:publisher\" content=\"https:\/\/www.facebook.com\/flashmode.magazine\/\" \/>\n<meta property=\"article:published_time\" content=\"2017-09-14T20:25:02+00:00\" \/>\n<meta property=\"og:image\" content=\"https:\/\/i0.wp.com\/flashmode.tn\/magazine\/wp-content\/uploads\/2017\/09\/people-pierre-menes-gilles-verdez-et-benjamin-castaldi-dezinguent-matthieu-delormeau.png?fit=600%2C450&ssl=1\" \/>\n\t<meta property=\"og:image:width\" content=\"600\" \/>\n\t<meta property=\"og:image:height\" content=\"450\" \/>\n\t<meta property=\"og:image:type\" content=\"image\/png\" \/>\n<meta name=\"author\" content=\"Nora D.\" \/>\n<meta name=\"twitter:card\" content=\"summary_large_image\" \/>\n<meta name=\"twitter:creator\" content=\"@agenceflashmode\" \/>\n<meta name=\"twitter:site\" content=\"@agenceflashmode\" \/>\n<meta name=\"twitter:label1\" content=\"\u00c9crit par\" \/>\n\t<meta name=\"twitter:data1\" content=\"Nora D.\" \/>\n\t<meta name=\"twitter:label2\" content=\"Dur\u00e9e de lecture estim\u00e9e\" \/>\n\t<meta name=\"twitter:data2\" content=\"3 minutes\" \/>\n<script type=\"application\/ld+json\" class=\"yoast-schema-graph\">{\"@context\":\"https:\/\/schema.org\",\"@graph\":[{\"@type\":\"WebPage\",\"@id\":\"https:\/\/flashmode.tn\/magazine\/people-pierre-menes-gilles-verdez-et-benjamin-castaldi-dezinguent-matthieu-delormeau\/\",\"url\":\"https:\/\/flashmode.tn\/magazine\/people-pierre-menes-gilles-verdez-et-benjamin-castaldi-dezinguent-matthieu-delormeau\/\",\"name\":\"People : Pierre M\u00e9n\u00e8s, Gilles Verdez et Benjamin Castaldi d\u00e9zinguent Matthieu Delormeau - Flashmode Magazine | Magazine de mode et style de vie Num\u00e9ro un en Tunisie et au Maghreb\",\"isPartOf\":{\"@id\":\"https:\/\/flashmode.tn\/magazine\/#website\"},\"primaryImageOfPage\":{\"@id\":\"https:\/\/flashmode.tn\/magazine\/people-pierre-menes-gilles-verdez-et-benjamin-castaldi-dezinguent-matthieu-delormeau\/#primaryimage\"},\"image\":{\"@id\":\"https:\/\/flashmode.tn\/magazine\/people-pierre-menes-gilles-verdez-et-benjamin-castaldi-dezinguent-matthieu-delormeau\/#primaryimage\"},\"thumbnailUrl\":\"https:\/\/i0.wp.com\/flashmode.tn\/magazine\/wp-content\/uploads\/2017\/09\/people-pierre-menes-gilles-verdez-et-benjamin-castaldi-dezinguent-matthieu-delormeau.png?fit=600%2C450&ssl=1\",\"datePublished\":\"2017-09-14T20:25:02+00:00\",\"author\":{\"@id\":\"https:\/\/flashmode.tn\/magazine\/#\/schema\/person\/ebeaf8414935b60ba8817ab0babd7fbe\"},\"description\":\"Pierre M\u00e9n\u00e8s, Gilles Verdez et Benjamin Castaldi d\u00e9zinguent Matthieu Delormeau VID\u00c9O - Ce jeudi 14 septembre, Cyril Hanouna a officialis\u00e9 le retour de\",\"breadcrumb\":{\"@id\":\"https:\/\/flashmode.tn\/magazine\/people-pierre-menes-gilles-verdez-et-benjamin-castaldi-dezinguent-matthieu-delormeau\/#breadcrumb\"},\"inLanguage\":\"fr-FR\",\"potentialAction\":[{\"@type\":\"ReadAction\",\"target\":[\"https:\/\/flashmode.tn\/magazine\/people-pierre-menes-gilles-verdez-et-benjamin-castaldi-dezinguent-matthieu-delormeau\/\"]}]},{\"@type\":\"ImageObject\",\"inLanguage\":\"fr-FR\",\"@id\":\"https:\/\/flashmode.tn\/magazine\/people-pierre-menes-gilles-verdez-et-benjamin-castaldi-dezinguent-matthieu-delormeau\/#primaryimage\",\"url\":\"https:\/\/i0.wp.com\/flashmode.tn\/magazine\/wp-content\/uploads\/2017\/09\/people-pierre-menes-gilles-verdez-et-benjamin-castaldi-dezinguent-matthieu-delormeau.png?fit=600%2C450&ssl=1\",\"contentUrl\":\"https:\/\/i0.wp.com\/flashmode.tn\/magazine\/wp-content\/uploads\/2017\/09\/people-pierre-menes-gilles-verdez-et-benjamin-castaldi-dezinguent-matthieu-delormeau.png?fit=600%2C450&ssl=1\",\"width\":600,\"height\":450},{\"@type\":\"BreadcrumbList\",\"@id\":\"https:\/\/flashmode.tn\/magazine\/people-pierre-menes-gilles-verdez-et-benjamin-castaldi-dezinguent-matthieu-delormeau\/#breadcrumb\",\"itemListElement\":[{\"@type\":\"ListItem\",\"position\":1,\"name\":\"Accueil\",\"item\":\"https:\/\/flashmode.tn\/magazine\/\"},{\"@type\":\"ListItem\",\"position\":2,\"name\":\"People : Pierre M\u00e9n\u00e8s, Gilles Verdez et Benjamin Castaldi d\u00e9zinguent Matthieu Delormeau\"}]},{\"@type\":\"WebSite\",\"@id\":\"https:\/\/flashmode.tn\/magazine\/#website\",\"url\":\"https:\/\/flashmode.tn\/magazine\/\",\"name\":\"Flashmode Magazine | Magazine de mode et style de vie Num\u00e9ro un en Tunisie et au Maghreb\",\"description\":\"Magazine de mode et style de vie Num\u00e9ro un en Tunisie et au Maghreb, cr\u00e9\u00e9 pour les hommes et les femmes : conseils beaut\u00e9, mode femme, mode homme, recettes de cuisine, c\u00e9l\u00e9brit\u00e9s et people, mannequins et top modeles\",\"potentialAction\":[{\"@type\":\"SearchAction\",\"target\":{\"@type\":\"EntryPoint\",\"urlTemplate\":\"https:\/\/flashmode.tn\/magazine\/?s={search_term_string}\"},\"query-input\":{\"@type\":\"PropertyValueSpecification\",\"valueRequired\":true,\"valueName\":\"search_term_string\"}}],\"inLanguage\":\"fr-FR\"},{\"@type\":\"Person\",\"@id\":\"https:\/\/flashmode.tn\/magazine\/#\/schema\/person\/ebeaf8414935b60ba8817ab0babd7fbe\",\"name\":\"Nora D.\",\"image\":{\"@type\":\"ImageObject\",\"inLanguage\":\"fr-FR\",\"@id\":\"https:\/\/flashmode.tn\/magazine\/#\/schema\/person\/image\/\",\"url\":\"https:\/\/secure.gravatar.com\/avatar\/a51d897ddf0a2216affe16e03a39790850922d1b5b29f147f35db7ccb8861eab?s=96&d=mm&r=g\",\"contentUrl\":\"https:\/\/secure.gravatar.com\/avatar\/a51d897ddf0a2216affe16e03a39790850922d1b5b29f147f35db7ccb8861eab?s=96&d=mm&r=g\",\"caption\":\"Nora D.\"},\"url\":\"https:\/\/flashmode.tn\/magazine\/author\/nora-damak\/\"}]}<\/script>\n<!-- \/ Yoast SEO Premium plugin. -->","yoast_head_json":{"title":"People : Pierre M\u00e9n\u00e8s, Gilles Verdez et Benjamin Castaldi d\u00e9zinguent Matthieu Delormeau - Flashmode Magazine | Magazine de mode et style de vie Num\u00e9ro un en Tunisie et au Maghreb","description":"Pierre M\u00e9n\u00e8s, Gilles Verdez et Benjamin Castaldi d\u00e9zinguent Matthieu Delormeau VID\u00c9O - Ce jeudi 14 septembre, Cyril Hanouna a officialis\u00e9 le retour de","robots":{"index":"index","follow":"follow","max-snippet":"max-snippet:-1","max-image-preview":"max-image-preview:large","max-video-preview":"max-video-preview:-1"},"canonical":"https:\/\/flashmode.tn\/magazine\/people-pierre-menes-gilles-verdez-et-benjamin-castaldi-dezinguent-matthieu-delormeau\/","og_locale":"fr_FR","og_type":"article","og_title":"People : Pierre M\u00e9n\u00e8s, Gilles Verdez et Benjamin Castaldi d\u00e9zinguent Matthieu Delormeau - Flashmode Magazine | Magazine de mode et style de vie Num\u00e9ro un en Tunisie et au Maghreb","og_description":"Pierre M\u00e9n\u00e8s, Gilles Verdez et Benjamin Castaldi d\u00e9zinguent Matthieu Delormeau VID\u00c9O - Ce jeudi 14 septembre, Cyril Hanouna a officialis\u00e9 le retour de","og_url":"https:\/\/flashmode.tn\/magazine\/people-pierre-menes-gilles-verdez-et-benjamin-castaldi-dezinguent-matthieu-delormeau\/","og_site_name":"Flashmode Magazine | Magazine de mode et style de vie Num\u00e9ro un en Tunisie et au Maghreb","article_publisher":"https:\/\/www.facebook.com\/flashmode.magazine\/","article_published_time":"2017-09-14T20:25:02+00:00","og_image":[{"width":600,"height":450,"url":"https:\/\/i0.wp.com\/flashmode.tn\/magazine\/wp-content\/uploads\/2017\/09\/people-pierre-menes-gilles-verdez-et-benjamin-castaldi-dezinguent-matthieu-delormeau.png?fit=600%2C450&ssl=1","type":"image\/png"}],"author":"Nora D.","twitter_card":"summary_large_image","twitter_creator":"@agenceflashmode","twitter_site":"@agenceflashmode","twitter_misc":{"\u00c9crit par":"Nora D.","Dur\u00e9e de lecture estim\u00e9e":"3 minutes"},"schema":{"@context":"https:\/\/schema.org","@graph":[{"@type":"WebPage","@id":"https:\/\/flashmode.tn\/magazine\/people-pierre-menes-gilles-verdez-et-benjamin-castaldi-dezinguent-matthieu-delormeau\/","url":"https:\/\/flashmode.tn\/magazine\/people-pierre-menes-gilles-verdez-et-benjamin-castaldi-dezinguent-matthieu-delormeau\/","name":"People : Pierre M\u00e9n\u00e8s, Gilles Verdez et Benjamin Castaldi d\u00e9zinguent Matthieu Delormeau - Flashmode Magazine | Magazine de mode et style de vie Num\u00e9ro un en Tunisie et au Maghreb","isPartOf":{"@id":"https:\/\/flashmode.tn\/magazine\/#website"},"primaryImageOfPage":{"@id":"https:\/\/flashmode.tn\/magazine\/people-pierre-menes-gilles-verdez-et-benjamin-castaldi-dezinguent-matthieu-delormeau\/#primaryimage"},"image":{"@id":"https:\/\/flashmode.tn\/magazine\/people-pierre-menes-gilles-verdez-et-benjamin-castaldi-dezinguent-matthieu-delormeau\/#primaryimage"},"thumbnailUrl":"https:\/\/i0.wp.com\/flashmode.tn\/magazine\/wp-content\/uploads\/2017\/09\/people-pierre-menes-gilles-verdez-et-benjamin-castaldi-dezinguent-matthieu-delormeau.png?fit=600%2C450&ssl=1","datePublished":"2017-09-14T20:25:02+00:00","author":{"@id":"https:\/\/flashmode.tn\/magazine\/#\/schema\/person\/ebeaf8414935b60ba8817ab0babd7fbe"},"description":"Pierre M\u00e9n\u00e8s, Gilles Verdez et Benjamin Castaldi d\u00e9zinguent Matthieu Delormeau VID\u00c9O - Ce jeudi 14 septembre, Cyril Hanouna a officialis\u00e9 le retour de","breadcrumb":{"@id":"https:\/\/flashmode.tn\/magazine\/people-pierre-menes-gilles-verdez-et-benjamin-castaldi-dezinguent-matthieu-delormeau\/#breadcrumb"},"inLanguage":"fr-FR","potentialAction":[{"@type":"ReadAction","target":["https:\/\/flashmode.tn\/magazine\/people-pierre-menes-gilles-verdez-et-benjamin-castaldi-dezinguent-matthieu-delormeau\/"]}]},{"@type":"ImageObject","inLanguage":"fr-FR","@id":"https:\/\/flashmode.tn\/magazine\/people-pierre-menes-gilles-verdez-et-benjamin-castaldi-dezinguent-matthieu-delormeau\/#primaryimage","url":"https:\/\/i0.wp.com\/flashmode.tn\/magazine\/wp-content\/uploads\/2017\/09\/people-pierre-menes-gilles-verdez-et-benjamin-castaldi-dezinguent-matthieu-delormeau.png?fit=600%2C450&ssl=1","contentUrl":"https:\/\/i0.wp.com\/flashmode.tn\/magazine\/wp-content\/uploads\/2017\/09\/people-pierre-menes-gilles-verdez-et-benjamin-castaldi-dezinguent-matthieu-delormeau.png?fit=600%2C450&ssl=1","width":600,"height":450},{"@type":"BreadcrumbList","@id":"https:\/\/flashmode.tn\/magazine\/people-pierre-menes-gilles-verdez-et-benjamin-castaldi-dezinguent-matthieu-delormeau\/#breadcrumb","itemListElement":[{"@type":"ListItem","position":1,"name":"Accueil","item":"https:\/\/flashmode.tn\/magazine\/"},{"@type":"ListItem","position":2,"name":"People : Pierre M\u00e9n\u00e8s, Gilles Verdez et Benjamin Castaldi d\u00e9zinguent Matthieu Delormeau"}]},{"@type":"WebSite","@id":"https:\/\/flashmode.tn\/magazine\/#website","url":"https:\/\/flashmode.tn\/magazine\/","name":"Flashmode Magazine | Magazine de mode et style de vie Num\u00e9ro un en Tunisie et au Maghreb","description":"Magazine de mode et style de vie Num\u00e9ro un en Tunisie et au Maghreb, cr\u00e9\u00e9 pour les hommes et les femmes : conseils beaut\u00e9, mode femme, mode homme, recettes de cuisine, c\u00e9l\u00e9brit\u00e9s et people, mannequins et top modeles","potentialAction":[{"@type":"SearchAction","target":{"@type":"EntryPoint","urlTemplate":"https:\/\/flashmode.tn\/magazine\/?s={search_term_string}"},"query-input":{"@type":"PropertyValueSpecification","valueRequired":true,"valueName":"search_term_string"}}],"inLanguage":"fr-FR"},{"@type":"Person","@id":"https:\/\/flashmode.tn\/magazine\/#\/schema\/person\/ebeaf8414935b60ba8817ab0babd7fbe","name":"Nora D.","image":{"@type":"ImageObject","inLanguage":"fr-FR","@id":"https:\/\/flashmode.tn\/magazine\/#\/schema\/person\/image\/","url":"https:\/\/secure.gravatar.com\/avatar\/a51d897ddf0a2216affe16e03a39790850922d1b5b29f147f35db7ccb8861eab?s=96&d=mm&r=g","contentUrl":"https:\/\/secure.gravatar.com\/avatar\/a51d897ddf0a2216affe16e03a39790850922d1b5b29f147f35db7ccb8861eab?s=96&d=mm&r=g","caption":"Nora D."},"url":"https:\/\/flashmode.tn\/magazine\/author\/nora-damak\/"}]}},"jetpack_publicize_connections":[],"jetpack_featured_media_url":"https:\/\/i0.wp.com\/flashmode.tn\/magazine\/wp-content\/uploads\/2017\/09\/people-pierre-menes-gilles-verdez-et-benjamin-castaldi-dezinguent-matthieu-delormeau.png?fit=600%2C450&ssl=1","jetpack_shortlink":"https:\/\/wp.me\/p8BPGr-1FQ","jetpack_sharing_enabled":true,"_links":{"self":[{"href":"https:\/\/flashmode.tn\/magazine\/wp-json\/wp\/v2\/posts\/6438","targetHints":{"allow":["GET"]}}],"collection":[{"href":"https:\/\/flashmode.tn\/magazine\/wp-json\/wp\/v2\/posts"}],"about":[{"href":"https:\/\/flashmode.tn\/magazine\/wp-json\/wp\/v2\/types\/post"}],"author":[{"embeddable":true,"href":"https:\/\/flashmode.tn\/magazine\/wp-json\/wp\/v2\/users\/2"}],"replies":[{"embeddable":true,"href":"https:\/\/flashmode.tn\/magazine\/wp-json\/wp\/v2\/comments?post=6438"}],"version-history":[{"count":0,"href":"https:\/\/flashmode.tn\/magazine\/wp-json\/wp\/v2\/posts\/6438\/revisions"}],"wp:featuredmedia":[{"embeddable":true,"href":"https:\/\/flashmode.tn\/magazine\/wp-json\/wp\/v2\/media\/6439"}],"wp:attachment":[{"href":"https:\/\/flashmode.tn\/magazine\/wp-json\/wp\/v2\/media?parent=6438"}],"wp:term":[{"taxonomy":"category","embeddable":true,"href":"https:\/\/flashmode.tn\/magazine\/wp-json\/wp\/v2\/categories?post=6438"},{"taxonomy":"post_tag","embeddable":true,"href":"https:\/\/flashmode.tn\/magazine\/wp-json\/wp\/v2\/tags?post=6438"}],"curies":[{"name":"wp","href":"https:\/\/api.w.org\/{rel}","templated":true}]}}