{"id":64711,"date":"2022-01-22T17:09:19","date_gmt":"2022-01-22T16:09:19","guid":{"rendered":"https:\/\/flashmode.tn\/magazine\/?p=64711"},"modified":"2022-01-22T17:09:19","modified_gmt":"2022-01-22T16:09:19","slug":"quelle-photo-de-couverture-facebook","status":"publish","type":"post","link":"https:\/\/flashmode.tn\/magazine\/quelle-photo-de-couverture-facebook\/","title":{"rendered":"Quelle photo de couverture Facebook ?"},"content":{"rendered":"<p><b>  En r\u00e9sum\u00e9 : ce qu&rsquo;il faut retenir pour une bonne  <b>   photo de couverture Facebook  <\/b> <\/b> <\/p>\n<ul>\n<li>   La   <b>    photo   <\/b>   doit repr\u00e9senter au mieux l&rsquo;entreprise.  <\/li>\n<li>   Elle doit \u00eatre visible dans tous les formats d&rsquo;affichage.  <\/li>\n<li>   Elle doit contenir aussi peu de texte que possible.  <\/li>\n<li>   Elle ne doit pas contrevenir au droit d&rsquo;auteur.  <\/li>\n<\/ul>\n<p>Comment supprimer photos de couverture ? Appuyez sur <b>Photos<\/b>, puis s\u00e9lectionnez l&rsquo;album <b>Photos<\/b> de profil. Appuyez sur la <b>photo<\/b> que vous voulez <b>supprimer<\/b>. Appuyez sur Plus d&rsquo;options, puis sur Modifier la <b>photo<\/b>. Appuyez sur <b>Supprimer<\/b>.<\/p>\n<p>or Comment personnaliser la photo de couverture sur Facebook ? <b>  En haut \u00e0 droite de  <b>   Facebook  <\/b>  , appuyez sur . <\/b> <\/p>\n<ol>\n<li>   Appuyez sur Pages, puis acc\u00e9dez \u00e0 votre Page.  <\/li>\n<li>   Appuyez sur en bas \u00e0 droite de votre   <b>    photo de couverture   <\/b>   .  <\/li>\n<li>   Choisissez une   <b>    photo   <\/b>   dans l&rsquo;un de vos albums. &#8230;  <\/li>\n<li>   Faites glisser votre   <b>    photo   <\/b>   vers le haut ou vers le bas pour la repositionner et appuyez sur Utiliser.  <\/li>\n<\/ol>\n<p>Comment modifier la confidentialit\u00e9 de la photo de couverture ? Quand vous \u00eates sur votre profil, cliquez dans u201c<b>Photos<\/b>u201d, rendez-vous dans l&rsquo;onglet u201cAlbumsu201d, cliquez sur l&rsquo;album que vous voulez garder priv\u00e9. Cliquez sur u201c<b>Modifier<\/b>u201d, vous aurez un menu d\u00e9roulant avec l&rsquo;option u201c<b>Confidentialit\u00e9<\/b>u201d.<\/p>\n<div id=\"ez-toc-container\" class=\"ez-toc-v2_0_81 counter-hierarchy ez-toc-counter ez-toc-grey ez-toc-container-direction\">\n<div class=\"ez-toc-title-container\">\n<p class=\"ez-toc-title\" style=\"cursor:inherit\">Contenus de la page<\/p>\n<span class=\"ez-toc-title-toggle\"><a href=\"#\" class=\"ez-toc-pull-right ez-toc-btn ez-toc-btn-xs ez-toc-btn-default ez-toc-toggle\" aria-label=\"Toggle Table of Content\"><span class=\"ez-toc-js-icon-con\"><span class=\"\"><span class=\"eztoc-hide\" style=\"display:none;\">Toggle<\/span><span class=\"ez-toc-icon-toggle-span\"><svg style=\"fill: #999;color:#999\" xmlns=\"http:\/\/www.w3.org\/2000\/svg\" class=\"list-377408\" width=\"20px\" height=\"20px\" viewBox=\"0 0 24 24\" fill=\"none\"><path d=\"M6 6H4v2h2V6zm14 0H8v2h12V6zM4 11h2v2H4v-2zm16 0H8v2h12v-2zM4 16h2v2H4v-2zm16 0H8v2h12v-2z\" fill=\"currentColor\"><\/path><\/svg><svg style=\"fill: #999;color:#999\" class=\"arrow-unsorted-368013\" xmlns=\"http:\/\/www.w3.org\/2000\/svg\" width=\"10px\" height=\"10px\" viewBox=\"0 0 24 24\" version=\"1.2\" baseProfile=\"tiny\"><path d=\"M18.2 9.3l-6.2-6.3-6.2 6.3c-.2.2-.3.4-.3.7s.1.5.3.7c.2.2.4.3.7.3h11c.3 0 .5-.1.7-.3.2-.2.3-.5.3-.7s-.1-.5-.3-.7zM5.8 14.7l6.2 6.3 6.2-6.3c.2-.2.3-.5.3-.7s-.1-.5-.3-.7c-.2-.2-.4-.3-.7-.3h-11c-.3 0-.5.1-.7.3-.2.2-.3.5-.3.7s.1.5.3.7z\"\/><\/svg><\/span><\/span><\/span><\/a><\/span><\/div>\n<nav><ul class='ez-toc-list ez-toc-list-level-1 ' ><li class='ez-toc-page-1 ez-toc-heading-level-2'><a class=\"ez-toc-link ez-toc-heading-1\" href=\"https:\/\/flashmode.tn\/magazine\/quelle-photo-de-couverture-facebook\/#Cest_quoi_photo_de_couverture\" >C&rsquo;est quoi photo de couverture ?<\/a><\/li><li class='ez-toc-page-1 ez-toc-heading-level-2'><a class=\"ez-toc-link ez-toc-heading-2\" href=\"https:\/\/flashmode.tn\/magazine\/quelle-photo-de-couverture-facebook\/#Comment_faire_une_photo_de_couverture_Facebook\" >Comment faire une photo de couverture Facebook ?<\/a><\/li><li class='ez-toc-page-1 ez-toc-heading-level-2'><a class=\"ez-toc-link ez-toc-heading-3\" href=\"https:\/\/flashmode.tn\/magazine\/quelle-photo-de-couverture-facebook\/#Comment_faire_une_photo_de_couverture_YouTube\" >Comment faire une photo de couverture YouTube ?<\/a><\/li><li class='ez-toc-page-1 ez-toc-heading-level-2'><a class=\"ez-toc-link ez-toc-heading-4\" href=\"https:\/\/flashmode.tn\/magazine\/quelle-photo-de-couverture-facebook\/#Comment_Designe-t-on_les_bannieres_publicitaires_sur_le_Web\" >Comment D\u00e9signe-t-on les banni\u00e8res publicitaires sur le Web ?<\/a><ul class='ez-toc-list-level-3' ><li class='ez-toc-heading-level-3'><a class=\"ez-toc-link ez-toc-heading-5\" href=\"https:\/\/flashmode.tn\/magazine\/quelle-photo-de-couverture-facebook\/#Comment_faire_une_banniere_Youtube_avec_Canva\" >Comment faire une banni\u00e8re Youtube avec Canva ?<\/a><\/li><\/ul><\/li><li class='ez-toc-page-1 ez-toc-heading-level-2'><a class=\"ez-toc-link ez-toc-heading-6\" href=\"https:\/\/flashmode.tn\/magazine\/quelle-photo-de-couverture-facebook\/#Ou_sont_les_filtres_sur_Facebook\" >O\u00f9 sont les filtres sur Facebook ?<\/a><\/li><\/ul><\/nav><\/div>\n<h2><span class=\"ez-toc-section\" id=\"Cest_quoi_photo_de_couverture\"><\/span>C&rsquo;est quoi photo de couverture ?<span class=\"ez-toc-section-end\"><\/span><\/h2>\n<p>L&rsquo;<b>image de couverture<\/b> est l&rsquo;<b>image<\/b> cr\u00e9\u00e9e et choisie par un annonceur pour illustrer sa page de marque dans le mode de pr\u00e9sentation timeline ou journal rendu obligatoire pour les pages de marques . L&rsquo;<b>image de couverture<\/b> (cover <b>photo<\/b>) mesure 851 sur 315 pixels.<\/p>\n<p>Qu&rsquo;est-ce qu&rsquo;une banni\u00e8re Facebook ? La <b>banni\u00e8re Facebook<\/b> aussi appel\u00e9 photo de couverture ou image de couverture <b>est<\/b> sans doute un des piliers le plus utilis\u00e9 du r\u00e9seau social en France et partout dans le monde. Cette image de 851\u00d7315 pixels <b>est<\/b> pr\u00e9sente sur nos profils personnels mais aussi sur les pages ainsi que sur les groupes.<\/p>\n<p>Comment faire une photo de couverture ? La taille habituelle d&rsquo;une <b>photo de couverture<\/b> Facebook est de 820 x 312 pixels sur un ordinateur de bureau. Sur un appareil mobile, la taille standard est de 640 x 360 pixels. N&rsquo;oubliez pas que Facebook \u00e9tirera la <b>photo<\/b> pour l&rsquo;adapter \u00e0 ses dimensions si elles ne sont pas d\u00e9j\u00e0 \u00e0 la bonne taille.<\/p>\n<p>Pourquoi une photo de couverture ? <b>Pourquoi<\/b> changer sa <b>photo de couverture<\/b> ? &#8230; De nombreuses \u00e9tudes ont d\u00e9montr\u00e9 que le contenu visuel permet d&rsquo;obtenir bien plus d&rsquo;attention et d&rsquo;engagements de la part des internautes qu&rsquo;un simple contenu textuel, c&rsquo;est donc tout l&rsquo;int\u00e9r\u00eat de la <b>photo de couverture<\/b> !<\/p>\n<h2><span class=\"ez-toc-section\" id=\"Comment_faire_une_photo_de_couverture_Facebook\"><\/span>Comment faire une photo de couverture Facebook ?<span class=\"ez-toc-section-end\"><\/span><\/h2>\n<p><b>  Les bonnes pratiques pour  <b>   cr\u00e9er  <\/b>  une vid\u00e9o de  <b>   couverture  <\/b>  attractive  <\/b> <\/p>\n<ol>\n<li>   le format de votre vid\u00e9o de   <b>    couverture   <\/b>   doit \u00eatre au moins de 820 x 312 pixels, tout en sachant qu&rsquo;une vid\u00e9o de 820 x 462 pixels donne des r\u00e9sultats optimaux au niveau de son affichage.  <\/li>\n<li>   Votre vid\u00e9o doit durer entre 20 secondes et 90 secondes.  <\/li>\n<\/ol>\n<p>Comment creer une page de couverture sur Facebook ? Cliquez sur l&rsquo;onglet Mise en page &gt; Taille de page &gt; Autres tailles de page, personnalisez sa dimension de 851 pixels de large sur 315 pixels de hauteur.<\/p>\n<p>Qu&rsquo;est-ce qu&rsquo;une banni\u00e8re sur internet ?<\/p>\n<p>\u00c9l\u00e9ment <b>web<\/b> cliquable, statique ou anim\u00e9, contenant un message publicitaire et dirigeant le plus souvent l&rsquo;internaute vers un site \u00e0 vocation commerciale.<\/p>\n<p>Quelle taille pour photo profil Facebook ? Quelles sont les dimensions de la <b>photo<\/b> de <b>profil<\/b> et de la <b>photo<\/b> de couverture de ma Page <b>Facebook<\/b> ? La <b>photo<\/b> de <b>profil<\/b> de votre Page : S&rsquo;affiche \u00e0 170 x 170 pixels sur un ordinateur, \u00e0 128 x 128 pixels sur un smartphone et \u00e0 36 x 36 pixels sur la plupart des mobiles classiques.<\/p>\n<h2><span class=\"ez-toc-section\" id=\"Comment_faire_une_photo_de_couverture_YouTube\"><\/span>Comment faire une photo de couverture YouTube ?<span class=\"ez-toc-section-end\"><\/span><\/h2>\n<p><b>  Modifiez votre banni\u00e8re \u00e0 l&rsquo;aide de l&rsquo;application  <b>   YouTube  <\/b>  pour Android. <\/b> <\/p>\n<ol>\n<li>   Appuyez sur votre   <b>    photo   <\/b>   de profil .  <\/li>\n<li>   Appuyez sur Votre cha\u00eene.  <\/li>\n<li>   Appuyez sur MODIFIER LA CHA\u00ceNE, puis appuyez sur la droite de l&rsquo;   <b>    image   <\/b>   de votre banni\u00e8re.  <\/li>\n<li>   Vous pouvez   <b>    prendre une photo   <\/b>   ou importer une   <b>    image   <\/b>   .  <\/li>\n<li>   Cliquez sur ENREGISTRER.  <\/li>\n<\/ol>\n<p>Comment mettre une vid\u00e9o sur la photo de couverture Facebook ?<\/p>\n<p><b>Comment ajouter une vid\u00e9o<\/b> de <b>couverture<\/b> \u00e0 ma page <b>Facebook<\/b> ? Survolez votre <b>couverture<\/b> en haut \u00e0 gauche et s\u00e9lectionnez \u00ab Importer une photo\/<b>vid\u00e9o<\/b> \u00bb pour importer une <b>vid\u00e9o<\/b> depuis votre ordinateur, ou s\u00e9lectionnez \u00ab Choisir parmi les <b>vid\u00e9os<\/b> \u00bb pour utiliser une <b>vid\u00e9o<\/b> que vous avez d\u00e9j\u00e0 import\u00e9e sur votre Page.<\/p>\n<p>Comment cr\u00e9er un filtre sur Facebook ? Tout d&rsquo;abord, ouvrez l&rsquo;application et s\u00e9lectionnez \u00ab\u00a0Photo\u00a0\u00bb en haut de l&rsquo;\u00e9cran. Ensuite, choisissez la ou les photo(s) que vous voulez modifier et partager. Cliquez sur \u00ab\u00a0Ok\u00a0\u00bb en haut \u00e0 droite quand vous avez s\u00e9lectionn\u00e9 les photos. Ajoutez un <b>filtre<\/b> en faisant glisser votre doigt vers la gauche sur l&rsquo;image.<\/p>\n<p>Pourquoi faire une banni\u00e8re ? La <b>banni\u00e8re<\/b> publicitaire contextuelle est un encart qui appara\u00eet sur la page internet d&rsquo;une soci\u00e9t\u00e9. Elle a pour but de mettre en avant un produit ou une fonctionnalit\u00e9 du produit sur une page donn\u00e9e. &#8230; Les <b>banni\u00e8res<\/b> ou display offrent une grande libert\u00e9 de cr\u00e9ation, un co\u00fbt faible et permettent un ciblage contextuel.<\/p>\n<h2><span class=\"ez-toc-section\" id=\"Comment_Designe-t-on_les_bannieres_publicitaires_sur_le_Web\"><\/span>Comment D\u00e9signe-t-on les banni\u00e8res publicitaires sur le Web ?<span class=\"ez-toc-section-end\"><\/span><\/h2>\n<p>Vous souhaitez que vos <b>bannieres<\/b> soient diffus\u00e9es sur d&rsquo;autres sites Internet que le votre. Il necessite l&rsquo;appel \u00e0 des entreprises sp\u00e9cialis\u00e9es dans la diffusion des campagnes <b>publicitaires<\/b> en ligne. On les appelle les r\u00e9gies <b>publicitaires<\/b> (GoogleAds par exemple, pas bdesign-<b>web<\/b>!).<\/p>\n<p>Comment cr\u00e9er une banni\u00e8re de pub ? <b>  <b>   Comment  <\/b>  cr\u00e9er un design de  <b>   banni\u00e8re publicitaire  <\/b>  efficace ? <\/b> <b>  \u2014 <\/b> <\/p>\n<ol>\n<li>   Utilisez les formats de   <b>    banni\u00e8re   <\/b>   standards. &#8230;  <\/li>\n<li>   Positionnez votre   <b>    banni\u00e8re publicitaire   <\/b>   correctement. &#8230;  <\/li>\n<li>   Maintenez la hi\u00e9rarchie. &#8230;  <\/li>\n<li>   Restez simple. &#8230;  <\/li>\n<li>   Utilisez les boutons de mani\u00e8re appropri\u00e9e. &#8230;  <\/li>\n<li>   Cr\u00e9ez un cadre clairement d\u00e9fini. &#8230;  <\/li>\n<li>   Rendez votre texte imm\u00e9diatement lisible.  <\/li>\n<\/ol>\n<p>Comment faire pour mettre des photos sur Youtube ?<\/p>\n<p><b>  Cr\u00e9er un post <\/b> <\/p>\n<ol>\n<li>   Connectez-vous \u00e0   <b>    YouTube   <\/b>   .  <\/li>\n<li>   En haut de la page, s\u00e9lectionnez Cr\u00e9er. Cr\u00e9er un post.  <\/li>\n<li>   Dans la zone situ\u00e9e en haut de la page : Saisissez un message pour cr\u00e9er un post contenant du texte, ou ajoutez du texte \u00e0 un post contenant une image, un GIF ou une vid\u00e9o. &#8230;  <\/li>\n<li>   S\u00e9lectionnez Publier.  <\/li>\n<\/ol>\n<p>Comment mettre une photo de couverture sur une vid\u00e9o ? Survolez la <b>vid\u00e9o<\/b> dans le gestionnaire de m\u00e9dias. Cliquez sur Ajouter une <b>photo de couverture<\/b> . S\u00e9lectionnez une <b>image<\/b>. Cliquez sur Appliquer.<\/p>\n<h3><span class=\"ez-toc-section\" id=\"Comment_faire_une_banniere_Youtube_avec_Canva\"><\/span>Comment faire une banni\u00e8re Youtube avec Canva ?<span class=\"ez-toc-section-end\"><\/span><\/h3>\n<p><iframe style=\"width: 640px; height: 460px;\" src=\"https:\/\/youtube.com\/embed\/s8xoDR3ow2Q\" width=\"630\" height=\"455\" frameborder=\"0\" allowfullscreen=\"allowfullscreen\" data-original-w=\"720\" data-original-h=\"520\"><\/iframe><\/p>\n<p>Comment mettre une vid\u00e9o en photo de couverture ? Rendez-vous sur votre profil de page, cliquez sur l&rsquo;ic\u00f4ne en forme de cam\u00e9ra (en haut \u00e0 gauche de votre <b>photo de couverture<\/b>) et choisissez &lsquo;choose from <b>videos<\/b>&lsquo; pour une <b>vid\u00e9o<\/b> d\u00e9j\u00e0 pr\u00e9sente dans votre m\u00e9diath\u00e8que Facebook ou &lsquo;importer une <b>photo<\/b>\/<b>vid\u00e9o<\/b>&lsquo; pour une nouvelle <b>vid\u00e9o<\/b>.<\/p>\n<p>Comment mettre une vid\u00e9o en photo de profil Facebook 2021 ?<\/p>\n<p>Aller sur votre propre page et cliquer sur votre <b>photo<\/b> actuelle de <b>profil<\/b> (il y a marqu\u00e9 \u00ab Modifier \u00bb sur l&rsquo;<b>image<\/b>). 3. Appuyer sur \u00ab Prendre une nouvelle <b>vid\u00e9o<\/b> de <b>profil<\/b> \u00bb pour l&rsquo;enregistrer en direct ou \u00ab S\u00e9lectionner une <b>vid\u00e9o<\/b> de <b>profil<\/b> \u00bb si la <b>vid\u00e9o<\/b> est d\u00e9j\u00e0 enregistr\u00e9e sur l&rsquo;appareil Android.<\/p>\n<p>Comment mettre une photo de couverture sur une vid\u00e9o YouTube ? Appuyez sur Votre cha\u00eene. Appuyez sur MODIFIER LA CHA\u00ceNE, puis appuyez sur la droite de l&rsquo;<b>image<\/b> de votre banni\u00e8re. Vous pouvez prendre une <b>photo<\/b> ou importer une <b>image<\/b>. Cliquez sur ENREGISTRER.<\/p>\n<h2><span class=\"ez-toc-section\" id=\"Ou_sont_les_filtres_sur_Facebook\"><\/span>O\u00f9 sont les filtres sur Facebook ?<span class=\"ez-toc-section-end\"><\/span><\/h2>\n<p>Des <b>filtres<\/b> interactifs sur <b>Facebook<\/b><\/p>\n<p> D\u00e8s cette semaine sur Android et iOS, appuyez sur l&rsquo;ic\u00f4ne de l&rsquo;appareil photo \u2013 ou swipez vers la droite \u2013 pour acc\u00e9der \u00e0 l&rsquo;appareil photo et ajouter des masques, des d\u00e9cors ou des <b>filtres<\/b> \u00e0 vos photos.<\/p>\n<p>Comment activer filtre Facebook ?<\/p>\n<p>Appuyez sur l&rsquo;ic\u00f4ne qui ressemble \u00e0 une \u00e9toile.<\/p>\n<p> En le faisant, vous pourrez s\u00e9lectionner les masques et les autocollants. De la m\u00eame fa\u00e7on que pour choisir un <b>filtre<\/b>, balayez les options qui s&rsquo;afficheront pour ajouter des effets anim\u00e9s ou porter un masque amusant \u00e0 votre arri\u00e8re-plan.<\/p>\n<p>Comment utiliser filtre Facebook ? Une fois que vous avez t\u00e9l\u00e9charg\u00e9 une vid\u00e9o ou une photo, appuyez sur le bouton des effets en bas \u00e0 gauche. Un menu s&rsquo;affiche avec un <b>filtre<\/b> en bas. Faites glisser vers la gauche pour obtenir d&rsquo;autres effets de <b>filtre Facebook<\/b>. Si vous appuyez sur un effet, il sera appliqu\u00e9 \u00e0 votre photo ou image.<\/p>\n","protected":false},"excerpt":{"rendered":"<p>En r\u00e9sum\u00e9 : ce qu&rsquo;il faut retenir pour une bonne photo de couverture Facebook La photo doit repr\u00e9senter au mieux l&rsquo;entreprise. Elle doit \u00eatre visible dans tous les formats d&rsquo;affichage. Elle doit contenir aussi peu de texte que possible. Elle ne doit pas contrevenir au droit d&rsquo;auteur. Comment supprimer photos de couverture ? Appuyez sur [&hellip;]<\/p>\n","protected":false},"author":5,"featured_media":0,"comment_status":"open","ping_status":"open","sticky":false,"template":"","format":"standard","meta":{"tdm_status":"","tdm_grid_status":"","_jetpack_memberships_contains_paid_content":false,"footnotes":"","jetpack_publicize_message":"","jetpack_publicize_feature_enabled":true,"jetpack_social_post_already_shared":true,"jetpack_social_options":{"image_generator_settings":{"template":"highway","default_image_id":0,"font":"","enabled":false},"version":2}},"categories":[80],"tags":[],"class_list":["post-64711","post","type-post","status-publish","format-standard","hentry","category-lifestyle"],"yoast_head":"<!-- This site is optimized with the Yoast SEO Premium plugin v25.0 (Yoast SEO v25.0) - https:\/\/yoast.com\/wordpress\/plugins\/seo\/ -->\n<title>Quelle photo de couverture Facebook ?<\/title>\n<meta name=\"description\" content=\"En r\u00e9sum\u00e9 : ce qu&#039;il faut retenir pour une bonne photo de couverture Facebook La photo doit repr\u00e9senter au mieux l&#039;entreprise. Elle doit \u00eatre visible dans tous les formats d&#039;affichage. Elle doit contenir aussi peu de texte que possible. Elle ne doit pas contrevenir au droit d&#039;auteur.\" \/>\n<meta name=\"robots\" content=\"index, follow, max-snippet:-1, max-image-preview:large, max-video-preview:-1\" \/>\n<link rel=\"canonical\" href=\"https:\/\/flashmode.tn\/magazine\/quelle-photo-de-couverture-facebook\/\" \/>\n<meta property=\"og:locale\" content=\"fr_FR\" \/>\n<meta property=\"og:type\" content=\"article\" \/>\n<meta property=\"og:title\" content=\"Quelle photo de couverture Facebook ? - Flashmode Magazine | Magazine de mode et style de vie Num\u00e9ro un en Tunisie et au Maghreb\" \/>\n<meta property=\"og:description\" content=\"En r\u00e9sum\u00e9 : ce qu&#039;il faut retenir pour une bonne photo de couverture Facebook La photo doit repr\u00e9senter au mieux l&#039;entreprise. Elle doit \u00eatre visible dans tous les formats d&#039;affichage. Elle doit contenir aussi peu de texte que possible. Elle ne doit pas contrevenir au droit d&#039;auteur.\" \/>\n<meta property=\"og:url\" content=\"https:\/\/flashmode.tn\/magazine\/quelle-photo-de-couverture-facebook\/\" \/>\n<meta property=\"og:site_name\" content=\"Flashmode Magazine | Magazine de mode et style de vie Num\u00e9ro un en Tunisie et au Maghreb\" \/>\n<meta property=\"article:publisher\" content=\"https:\/\/www.facebook.com\/flashmode.magazine\/\" \/>\n<meta property=\"article:published_time\" content=\"2022-01-22T16:09:19+00:00\" \/>\n<meta name=\"author\" content=\"PeopleLife\" \/>\n<meta name=\"twitter:card\" content=\"summary_large_image\" \/>\n<meta name=\"twitter:creator\" content=\"@agenceflashmode\" \/>\n<meta name=\"twitter:site\" content=\"@agenceflashmode\" \/>\n<meta name=\"twitter:label1\" content=\"\u00c9crit par\" \/>\n\t<meta name=\"twitter:data1\" content=\"PeopleLife\" \/>\n\t<meta name=\"twitter:label2\" content=\"Dur\u00e9e de lecture estim\u00e9e\" \/>\n\t<meta name=\"twitter:data2\" content=\"7 minutes\" \/>\n<script type=\"application\/ld+json\" class=\"yoast-schema-graph\">{\"@context\":\"https:\/\/schema.org\",\"@graph\":[{\"@type\":\"WebPage\",\"@id\":\"https:\/\/flashmode.tn\/magazine\/quelle-photo-de-couverture-facebook\/\",\"url\":\"https:\/\/flashmode.tn\/magazine\/quelle-photo-de-couverture-facebook\/\",\"name\":\"Quelle photo de couverture Facebook ?\",\"isPartOf\":{\"@id\":\"https:\/\/flashmode.tn\/magazine\/#website\"},\"datePublished\":\"2022-01-22T16:09:19+00:00\",\"author\":{\"@id\":\"https:\/\/flashmode.tn\/magazine\/#\/schema\/person\/6815bd30337e8756d5357219766efcc3\"},\"description\":\"En r\u00e9sum\u00e9 : ce qu'il faut retenir pour une bonne photo de couverture Facebook La photo doit repr\u00e9senter au mieux l'entreprise. Elle doit \u00eatre visible dans tous les formats d'affichage. Elle doit contenir aussi peu de texte que possible. Elle ne doit pas contrevenir au droit d'auteur.\",\"breadcrumb\":{\"@id\":\"https:\/\/flashmode.tn\/magazine\/quelle-photo-de-couverture-facebook\/#breadcrumb\"},\"inLanguage\":\"fr-FR\",\"potentialAction\":[{\"@type\":\"ReadAction\",\"target\":[\"https:\/\/flashmode.tn\/magazine\/quelle-photo-de-couverture-facebook\/\"]}]},{\"@type\":\"BreadcrumbList\",\"@id\":\"https:\/\/flashmode.tn\/magazine\/quelle-photo-de-couverture-facebook\/#breadcrumb\",\"itemListElement\":[{\"@type\":\"ListItem\",\"position\":1,\"name\":\"Accueil\",\"item\":\"https:\/\/flashmode.tn\/magazine\/\"},{\"@type\":\"ListItem\",\"position\":2,\"name\":\"Quelle photo de couverture Facebook ?\"}]},{\"@type\":\"WebSite\",\"@id\":\"https:\/\/flashmode.tn\/magazine\/#website\",\"url\":\"https:\/\/flashmode.tn\/magazine\/\",\"name\":\"Flashmode Magazine | Magazine de mode et style de vie Num\u00e9ro un en Tunisie et au Maghreb\",\"description\":\"Magazine de mode et style de vie Num\u00e9ro un en Tunisie et au Maghreb, cr\u00e9\u00e9 pour les hommes et les femmes : conseils beaut\u00e9, mode femme, mode homme, recettes de cuisine, c\u00e9l\u00e9brit\u00e9s et people, mannequins et top modeles\",\"potentialAction\":[{\"@type\":\"SearchAction\",\"target\":{\"@type\":\"EntryPoint\",\"urlTemplate\":\"https:\/\/flashmode.tn\/magazine\/?s={search_term_string}\"},\"query-input\":{\"@type\":\"PropertyValueSpecification\",\"valueRequired\":true,\"valueName\":\"search_term_string\"}}],\"inLanguage\":\"fr-FR\"},{\"@type\":\"Person\",\"@id\":\"https:\/\/flashmode.tn\/magazine\/#\/schema\/person\/6815bd30337e8756d5357219766efcc3\",\"name\":\"PeopleLife\",\"image\":{\"@type\":\"ImageObject\",\"inLanguage\":\"fr-FR\",\"@id\":\"https:\/\/flashmode.tn\/magazine\/#\/schema\/person\/image\/\",\"url\":\"https:\/\/secure.gravatar.com\/avatar\/8098f49196034391d93ae20d939ad33b14f6b745c986049ad803a54f4113e18c?s=96&d=mm&r=g\",\"contentUrl\":\"https:\/\/secure.gravatar.com\/avatar\/8098f49196034391d93ae20d939ad33b14f6b745c986049ad803a54f4113e18c?s=96&d=mm&r=g\",\"caption\":\"PeopleLife\"},\"url\":\"https:\/\/flashmode.tn\/magazine\/author\/peoplelife\/\"}]}<\/script>\n<!-- \/ Yoast SEO Premium plugin. -->","yoast_head_json":{"title":"Quelle photo de couverture Facebook ?","description":"En r\u00e9sum\u00e9 : ce qu'il faut retenir pour une bonne photo de couverture Facebook La photo doit repr\u00e9senter au mieux l'entreprise. Elle doit \u00eatre visible dans tous les formats d'affichage. Elle doit contenir aussi peu de texte que possible. Elle ne doit pas contrevenir au droit d'auteur.","robots":{"index":"index","follow":"follow","max-snippet":"max-snippet:-1","max-image-preview":"max-image-preview:large","max-video-preview":"max-video-preview:-1"},"canonical":"https:\/\/flashmode.tn\/magazine\/quelle-photo-de-couverture-facebook\/","og_locale":"fr_FR","og_type":"article","og_title":"Quelle photo de couverture Facebook ? - Flashmode Magazine | Magazine de mode et style de vie Num\u00e9ro un en Tunisie et au Maghreb","og_description":"En r\u00e9sum\u00e9 : ce qu'il faut retenir pour une bonne photo de couverture Facebook La photo doit repr\u00e9senter au mieux l'entreprise. Elle doit \u00eatre visible dans tous les formats d'affichage. Elle doit contenir aussi peu de texte que possible. Elle ne doit pas contrevenir au droit d'auteur.","og_url":"https:\/\/flashmode.tn\/magazine\/quelle-photo-de-couverture-facebook\/","og_site_name":"Flashmode Magazine | Magazine de mode et style de vie Num\u00e9ro un en Tunisie et au Maghreb","article_publisher":"https:\/\/www.facebook.com\/flashmode.magazine\/","article_published_time":"2022-01-22T16:09:19+00:00","author":"PeopleLife","twitter_card":"summary_large_image","twitter_creator":"@agenceflashmode","twitter_site":"@agenceflashmode","twitter_misc":{"\u00c9crit par":"PeopleLife","Dur\u00e9e de lecture estim\u00e9e":"7 minutes"},"schema":{"@context":"https:\/\/schema.org","@graph":[{"@type":"WebPage","@id":"https:\/\/flashmode.tn\/magazine\/quelle-photo-de-couverture-facebook\/","url":"https:\/\/flashmode.tn\/magazine\/quelle-photo-de-couverture-facebook\/","name":"Quelle photo de couverture Facebook ?","isPartOf":{"@id":"https:\/\/flashmode.tn\/magazine\/#website"},"datePublished":"2022-01-22T16:09:19+00:00","author":{"@id":"https:\/\/flashmode.tn\/magazine\/#\/schema\/person\/6815bd30337e8756d5357219766efcc3"},"description":"En r\u00e9sum\u00e9 : ce qu'il faut retenir pour une bonne photo de couverture Facebook La photo doit repr\u00e9senter au mieux l'entreprise. Elle doit \u00eatre visible dans tous les formats d'affichage. Elle doit contenir aussi peu de texte que possible. Elle ne doit pas contrevenir au droit d'auteur.","breadcrumb":{"@id":"https:\/\/flashmode.tn\/magazine\/quelle-photo-de-couverture-facebook\/#breadcrumb"},"inLanguage":"fr-FR","potentialAction":[{"@type":"ReadAction","target":["https:\/\/flashmode.tn\/magazine\/quelle-photo-de-couverture-facebook\/"]}]},{"@type":"BreadcrumbList","@id":"https:\/\/flashmode.tn\/magazine\/quelle-photo-de-couverture-facebook\/#breadcrumb","itemListElement":[{"@type":"ListItem","position":1,"name":"Accueil","item":"https:\/\/flashmode.tn\/magazine\/"},{"@type":"ListItem","position":2,"name":"Quelle photo de couverture Facebook ?"}]},{"@type":"WebSite","@id":"https:\/\/flashmode.tn\/magazine\/#website","url":"https:\/\/flashmode.tn\/magazine\/","name":"Flashmode Magazine | Magazine de mode et style de vie Num\u00e9ro un en Tunisie et au Maghreb","description":"Magazine de mode et style de vie Num\u00e9ro un en Tunisie et au Maghreb, cr\u00e9\u00e9 pour les hommes et les femmes : conseils beaut\u00e9, mode femme, mode homme, recettes de cuisine, c\u00e9l\u00e9brit\u00e9s et people, mannequins et top modeles","potentialAction":[{"@type":"SearchAction","target":{"@type":"EntryPoint","urlTemplate":"https:\/\/flashmode.tn\/magazine\/?s={search_term_string}"},"query-input":{"@type":"PropertyValueSpecification","valueRequired":true,"valueName":"search_term_string"}}],"inLanguage":"fr-FR"},{"@type":"Person","@id":"https:\/\/flashmode.tn\/magazine\/#\/schema\/person\/6815bd30337e8756d5357219766efcc3","name":"PeopleLife","image":{"@type":"ImageObject","inLanguage":"fr-FR","@id":"https:\/\/flashmode.tn\/magazine\/#\/schema\/person\/image\/","url":"https:\/\/secure.gravatar.com\/avatar\/8098f49196034391d93ae20d939ad33b14f6b745c986049ad803a54f4113e18c?s=96&d=mm&r=g","contentUrl":"https:\/\/secure.gravatar.com\/avatar\/8098f49196034391d93ae20d939ad33b14f6b745c986049ad803a54f4113e18c?s=96&d=mm&r=g","caption":"PeopleLife"},"url":"https:\/\/flashmode.tn\/magazine\/author\/peoplelife\/"}]}},"jetpack_publicize_connections":[],"jetpack_featured_media_url":"","jetpack_shortlink":"https:\/\/wp.me\/p8BPGr-gPJ","jetpack_sharing_enabled":true,"_links":{"self":[{"href":"https:\/\/flashmode.tn\/magazine\/wp-json\/wp\/v2\/posts\/64711","targetHints":{"allow":["GET"]}}],"collection":[{"href":"https:\/\/flashmode.tn\/magazine\/wp-json\/wp\/v2\/posts"}],"about":[{"href":"https:\/\/flashmode.tn\/magazine\/wp-json\/wp\/v2\/types\/post"}],"author":[{"embeddable":true,"href":"https:\/\/flashmode.tn\/magazine\/wp-json\/wp\/v2\/users\/5"}],"replies":[{"embeddable":true,"href":"https:\/\/flashmode.tn\/magazine\/wp-json\/wp\/v2\/comments?post=64711"}],"version-history":[{"count":0,"href":"https:\/\/flashmode.tn\/magazine\/wp-json\/wp\/v2\/posts\/64711\/revisions"}],"wp:attachment":[{"href":"https:\/\/flashmode.tn\/magazine\/wp-json\/wp\/v2\/media?parent=64711"}],"wp:term":[{"taxonomy":"category","embeddable":true,"href":"https:\/\/flashmode.tn\/magazine\/wp-json\/wp\/v2\/categories?post=64711"},{"taxonomy":"post_tag","embeddable":true,"href":"https:\/\/flashmode.tn\/magazine\/wp-json\/wp\/v2\/tags?post=64711"}],"curies":[{"name":"wp","href":"https:\/\/api.w.org\/{rel}","templated":true}]}}