{"id":65642,"date":"2022-01-26T04:16:22","date_gmt":"2022-01-26T03:16:22","guid":{"rendered":"https:\/\/flashmode.tn\/magazine\/?p=65642"},"modified":"2022-01-26T04:16:22","modified_gmt":"2022-01-26T03:16:22","slug":"quel-jour-est-la-saint-lana","status":"publish","type":"post","link":"https:\/\/flashmode.tn\/magazine\/quel-jour-est-la-saint-lana\/","title":{"rendered":"Quel jour est la Saint Lana ?"},"content":{"rendered":"<p><b>Sainte Lana<\/b> et date de f\u00eate<\/p>\n<p> Les <b>Lana<\/b> sont c\u00e9l\u00e9br\u00e9es le 18 ao\u00fbt, jour de la <b>Sainte<\/b>-H\u00e9l\u00e8ne, imp\u00e9ratrice et m\u00e8re de l&#8217;empereur Constantin.<\/p>\n<p>Quelle est la signification du pr\u00e9nom Clara ? <b>Signification<\/b> : Le <b>pr\u00e9nom Clara est<\/b> un d\u00e9riv\u00e9 du terme latin \u00ab\u00a0clarus\u00a0\u00bb qui signifie \u00ab\u00a0brillant\u00a0\u00bb ou \u00ab\u00a0glorieux\u00a0\u00bb. Histoire : <b>Clara<\/b> constitue l&rsquo;une des variantes possibles du <b>pr\u00e9nom<\/b> Claire.<\/p>\n<p>or Quelle est l&rsquo;origine du pr\u00e9nom Louna ? Histoire : L&rsquo;histoire du <b>pr\u00e9nom Louna est<\/b> charg\u00e9e de myst\u00e8re. On consid\u00e8re g\u00e9n\u00e9ralement qu&rsquo;il <b>est<\/b> une variante du <b>pr\u00e9nom<\/b> Luna, la d\u00e9esse romaine de la Lune. Cependant, d&rsquo;autres sources affirment qu&rsquo;il s&rsquo;agirait plut\u00f4t d&rsquo;un d\u00e9riv\u00e9 de Luana, un <b>pr\u00e9nom<\/b> hawa\u00efen pouvant se traduire par \u00ab\u00a0exalt\u00e9e\u00a0\u00bb ou \u00ab\u00a0heureuse\u00a0\u00bb.<\/p>\n<p>Quel est le caract\u00e8re des Clara ? Tr\u00e8s \u00e9prises de justice, la douceur les envahit d\u00e8s qu&rsquo;il s&rsquo;agit des malheureux, des opprim\u00e9s, des faibles. Elles r\u00e9v\u00e8lent alors d&rsquo;ardentes qualit\u00e9s de compassion et de d\u00e9vouement. Les <b>Clara<\/b> ont une personnalit\u00e9 rac\u00e9e, volontaire et exigeante.<\/p>\n<div id=\"ez-toc-container\" class=\"ez-toc-v2_0_81 counter-hierarchy ez-toc-counter ez-toc-grey ez-toc-container-direction\">\n<div class=\"ez-toc-title-container\">\n<p class=\"ez-toc-title\" style=\"cursor:inherit\">Contenus de la page<\/p>\n<span class=\"ez-toc-title-toggle\"><a href=\"#\" class=\"ez-toc-pull-right ez-toc-btn ez-toc-btn-xs ez-toc-btn-default ez-toc-toggle\" aria-label=\"Toggle Table of Content\"><span class=\"ez-toc-js-icon-con\"><span class=\"\"><span class=\"eztoc-hide\" style=\"display:none;\">Toggle<\/span><span class=\"ez-toc-icon-toggle-span\"><svg style=\"fill: #999;color:#999\" xmlns=\"http:\/\/www.w3.org\/2000\/svg\" class=\"list-377408\" width=\"20px\" height=\"20px\" viewBox=\"0 0 24 24\" fill=\"none\"><path d=\"M6 6H4v2h2V6zm14 0H8v2h12V6zM4 11h2v2H4v-2zm16 0H8v2h12v-2zM4 16h2v2H4v-2zm16 0H8v2h12v-2z\" fill=\"currentColor\"><\/path><\/svg><svg style=\"fill: #999;color:#999\" class=\"arrow-unsorted-368013\" xmlns=\"http:\/\/www.w3.org\/2000\/svg\" width=\"10px\" height=\"10px\" viewBox=\"0 0 24 24\" version=\"1.2\" baseProfile=\"tiny\"><path d=\"M18.2 9.3l-6.2-6.3-6.2 6.3c-.2.2-.3.4-.3.7s.1.5.3.7c.2.2.4.3.7.3h11c.3 0 .5-.1.7-.3.2-.2.3-.5.3-.7s-.1-.5-.3-.7zM5.8 14.7l6.2 6.3 6.2-6.3c.2-.2.3-.5.3-.7s-.1-.5-.3-.7c-.2-.2-.4-.3-.7-.3h-11c-.3 0-.5.1-.7.3-.2.2-.3.5-.3.7s.1.5.3.7z\"\/><\/svg><\/span><\/span><\/span><\/a><\/span><\/div>\n<nav><ul class='ez-toc-list ez-toc-list-level-1 ' ><li class='ez-toc-page-1 ez-toc-heading-level-2'><a class=\"ez-toc-link ez-toc-heading-1\" href=\"https:\/\/flashmode.tn\/magazine\/quel-jour-est-la-saint-lana\/#Quel_jour_fete_on_les_Clara\" >Quel jour f\u00eate on les Clara ?<\/a><\/li><li class='ez-toc-page-1 ez-toc-heading-level-2'><a class=\"ez-toc-link ez-toc-heading-2\" href=\"https:\/\/flashmode.tn\/magazine\/quel-jour-est-la-saint-lana\/#Comment_ecrire_Louna\" >Comment \u00e9crire Louna ?<\/a><\/li><li class='ez-toc-page-1 ez-toc-heading-level-2'><a class=\"ez-toc-link ez-toc-heading-3\" href=\"https:\/\/flashmode.tn\/magazine\/quel-jour-est-la-saint-lana\/#Quel_jour_est_la_St_Arthur\" >Quel jour est la St Arthur ?<\/a><\/li><li class='ez-toc-page-1 ez-toc-heading-level-2'><a class=\"ez-toc-link ez-toc-heading-4\" href=\"https:\/\/flashmode.tn\/magazine\/quel-jour-est-la-saint-lana\/#Quelle_est_la_signification_de_Marie\" >Quelle est la signification de Marie ?<\/a><ul class='ez-toc-list-level-3' ><li class='ez-toc-heading-level-3'><a class=\"ez-toc-link ez-toc-heading-5\" href=\"https:\/\/flashmode.tn\/magazine\/quel-jour-est-la-saint-lana\/#Quelle_est_la_date_de_la_fete_dEnzo\" >Quelle est la date de la f\u00eate d&rsquo;Enzo ?<\/a><\/li><\/ul><\/li><\/ul><\/nav><\/div>\n<h2><span class=\"ez-toc-section\" id=\"Quel_jour_fete_on_les_Clara\"><\/span>Quel jour f\u00eate on les Clara ?<span class=\"ez-toc-section-end\"><\/span><\/h2>\n<p><b>Clara<\/b> est un pr\u00e9nom f\u00e9minin qui se <b>f\u00eate<\/b> le 11 ao\u00fbt. Pr\u00e9nom d\u00e9riv\u00e9 de Claire, du latin clarus, <b>clara<\/b>, clarum, claire.<\/p>\n<p>Quel est le saint patron de Clara ? On honore les <b>Clara<\/b> le 11 ao\u00fbt, jour de la mort de sainte Claire. S\u00e9duite par la pauvret\u00e9 pr\u00f4n\u00e9e par <b>saint<\/b> Fran\u00e7ois d&rsquo;Assise au XIIIe si\u00e8cle, sainte Claire a vite adopt\u00e9 ce mode de vie.<\/p>\n<p>Quelle est l&rsquo;origine du pr\u00e9nom Luna ? <b>Origine<\/b> et <b>signification du pr\u00e9nom Luna<\/b><\/p>\n<p> <b>Histoire<\/b> : En latin, le <b>pr\u00e9nom Luna<\/b> signifie \u00ab\u00a0celle qui se rapporte \u00e0 <b>la<\/b> lune\u00a0\u00bb, mais certains affirment que ce <b>pr\u00e9nom<\/b> a une autre <b>origine<\/b> hawa\u00efenne qui signifie \u00ab\u00a0heureuse\u00a0\u00bb.<\/p>\n<p>Comment sont les Louna ? Les <b>Louna sont<\/b> des personnes particuli\u00e8rement timides et discr\u00e8tes mais cela ne les emp\u00eachent pas d&rsquo;\u00eatre des femmes affirm\u00e9es et d\u00e9termin\u00e9es. Elles aiment le naturel et la simplicit\u00e9, c&rsquo;<b>est<\/b> d&rsquo;ailleurs ce qui fait leur charme.<\/p>\n<h2><span class=\"ez-toc-section\" id=\"Comment_ecrire_Louna\"><\/span>Comment \u00e9crire Louna ?<span class=\"ez-toc-section-end\"><\/span><\/h2>\n<p><b>Luna<\/b> correspond moins \u00e0 notre langue, je trouve. Je pr\u00e9f\u00e8re <b>Louna<\/b>, plus transparent et plus logique phon\u00e9tiquement.<\/p>\n<p>Qui sont les Clara ? Elle n&rsquo;est pas tr\u00e8s attach\u00e9e aux traditions et aime construire ses propres lois, sa propre logique, au-del\u00e0 des pr\u00e9jug\u00e9s ou des valeurs pr\u00e9\u00e9tablies par la soci\u00e9t\u00e9. L&rsquo;esprit d&rsquo;ind\u00e9pendance de <b>Clara<\/b> est tr\u00e8s d\u00e9velopp\u00e9.<\/p>\n<p>Quelle est la signification du pr\u00e9nom Pauline ?<\/p>\n<p><b>Signification<\/b> : Le <b>pr\u00e9nom Pauline<\/b> vient du latin \u00ab\u00a0Paulus\u00a0\u00bb. Cela signifie \u00ab\u00a0petit\u00a0\u00bb, voire \u00ab\u00a0faible\u00a0\u00bb. Histoire : <b>Pauline est<\/b> un d\u00e9riv\u00e9 du <b>pr\u00e9nom<\/b> Paule (on les f\u00eate le m\u00eame jour). Sainte Paule <b>est<\/b> n\u00e9e \u00e0 Rome au IVe si\u00e8cle.<\/p>\n<p>Quelle est la signification du pr\u00e9nom Justine ? <b>Signification<\/b> : Le <b>pr\u00e9nom Justine est<\/b> d\u00e9riv\u00e9 du terme latin \u00ab\u00a0justus\u00a0\u00bb signifiant \u00ab\u00a0qui respecte le droit\u00a0\u00bb. Histoire : En France, le <b>pr\u00e9nom Justine<\/b> fait r\u00e9f\u00e9rence \u00e0 <b>Justine<\/b> Bezzoli, une moniale b\u00e9n\u00e9dictine italienne du XIIIe si\u00e8cle consid\u00e9r\u00e9e comme bienheureuse par l&rsquo;Eglise catholique.<\/p>\n<h2><span class=\"ez-toc-section\" id=\"Quel_jour_est_la_St_Arthur\"><\/span>Quel jour est la St Arthur ?<span class=\"ez-toc-section-end\"><\/span><\/h2>\n<p><b>Arthur<\/b> est un pr\u00e9nom masculin. Il est <b>f\u00eat\u00e9<\/b> le 15 novembre.<\/p>\n<p>Quand est la f\u00eate des Manon ?<\/p>\n<p>Pr\u00e9nom. <b>Manon est<\/b> un pr\u00e9nom f\u00e9minin d\u00e9riv\u00e9 de Marie, et de Miryam, lui-m\u00eame pr\u00e9nom d&rsquo;origine h\u00e9bra\u00efque. <b>F\u00eate<\/b> principale le 15 ao\u00fbt ou localement le 7 avril, le 9 ao\u00fbt ou le 26 ao\u00fbt.<\/p>\n<p>Quelle est l&rsquo;origine du pr\u00e9nom Emma ? <b>Origine<\/b> et <b>signification du pr\u00e9nom Emma<\/b><\/p>\n<p> <b>Signification<\/b> : <b>Emma<\/b> vient du <b>pr\u00e9nom<\/b> \u00a0\u00bb Immanouel \u00a0\u00bb ou \u00a0\u00bb imanu-el \u00a0\u00bb qui signifie \u00a0\u00bb Dieu avec nous \u00ab\u00a0. Etonnamment, on lui connait \u00e9galement des racines germaniques, \u00a0\u00bb ermin \u00a0\u00bb signifiant alors \u00a0\u00bb toute puissance \u00a0\u00bb ou encore \u00a0\u00bb maison \u00ab\u00a0.<\/p>\n<p>Quelle est la signification de Thomas ? <b>Signification<\/b> : <b>Thomas est<\/b> issu de l&rsquo;aram\u00e9en \u00a0\u00bb Te&rsquo;oma \u00a0\u00bb qui signifie \u00a0\u00bb Jumeau \u00ab\u00a0. Histoire : Saint-<b>Thomas est<\/b> un des douze ap\u00f4tres de J\u00e9sus-Christ qui partit \u00e9vang\u00e9liser l&rsquo;Inde. Il <b>est<\/b> connu pour son doute sur la r\u00e9surrection du Christ.<\/p>\n<h2><span class=\"ez-toc-section\" id=\"Quelle_est_la_signification_de_Marie\"><\/span>Quelle est la signification de Marie ?<span class=\"ez-toc-section-end\"><\/span><\/h2>\n<p><b>Signification<\/b> : <b>Marie<\/b> d\u00e9rive de l&rsquo;h\u00e9breu \u00ab\u00a0Myriam\u00a0\u00bb, signifiant \u00ab\u00a0goutte de mer\u00a0\u00bb, et de l&rsquo;\u00e9gyptien \u00ab\u00a0merit\u00a0\u00bb, qui signifie \u00ab\u00a0aim\u00e9e\u00a0\u00bb. Histoire : <b>Marie<\/b> fut un <b>pr\u00e9nom<\/b> tr\u00e8s r\u00e9pandu \u00e0 l&rsquo;\u00e9poque de J\u00e9sus-Christ. &#8230; Il <b>est<\/b> un des <b>pr\u00e9noms<\/b> les plus employ\u00e9s, et ce dans de nombreux pays et langues.<\/p>\n<p>Comment son les Luna ? La caract\u00e9ristique principale des <b>Luna<\/b> est la timidit\u00e9. Elles peuvent m\u00eame se montrer un peu introverties et <b>sont<\/b> tr\u00e8s discr\u00e8tes. Cependant, elles <b>sont<\/b> tr\u00e8s sociables et n&rsquo;ont aucun mal \u00e0 se faire des amis.<\/p>\n<p>Comment on \u00e9crit Luna ?<\/p>\n<p>Nom commun <\/p>\n<table>\n<tbody>\n<tr>\n<th>     Singulier    <\/th>\n<th>     Pluriel    <\/th>\n<\/tr>\n<tr>\n<td>     <b>      luna     <\/b>     \u02c8lu.na    <\/td>\n<td>     lune \u02c8lu.ne    <\/td>\n<\/tr>\n<\/tbody>\n<\/table>\n<p>Quel est le signe astrologique de Luna ? Probablement la moins surprenante de la liste, <b>Luna est<\/b> une Verseau typique!<\/p>\n<h3><span class=\"ez-toc-section\" id=\"Quelle_est_la_date_de_la_fete_dEnzo\"><\/span>Quelle est la date de la f\u00eate d&rsquo;Enzo ?<span class=\"ez-toc-section-end\"><\/span><\/h3>\n<p>Le pr\u00e9nom <b>Enzo<\/b> se <b>f\u00eate<\/b> le 13 juillet .<\/p>\n<p>Quand tombe la Saint Louna ? On f\u00eate les <b>Louna<\/b> le 15 mars. On honore \u00e0 cette occasion <b>saint<\/b> Lunaire (ou L\u00e9nor), \u00e9v\u00eaque en Bretagne qui v\u00e9cut au VIe si\u00e8cle.<\/p>\n<h2><\/h2>\n","protected":false},"excerpt":{"rendered":"<p>Sainte Lana et date de f\u00eate Les Lana sont c\u00e9l\u00e9br\u00e9es le 18 ao\u00fbt, jour de la Sainte-H\u00e9l\u00e8ne, imp\u00e9ratrice et m\u00e8re de l&#8217;empereur Constantin. Quelle est la signification du pr\u00e9nom Clara ? Signification : Le pr\u00e9nom Clara est un d\u00e9riv\u00e9 du terme latin \u00ab\u00a0clarus\u00a0\u00bb qui signifie \u00ab\u00a0brillant\u00a0\u00bb ou \u00ab\u00a0glorieux\u00a0\u00bb. Histoire : Clara constitue l&rsquo;une des variantes [&hellip;]<\/p>\n","protected":false},"author":5,"featured_media":0,"comment_status":"open","ping_status":"open","sticky":false,"template":"","format":"standard","meta":{"tdm_status":"","tdm_grid_status":"","_jetpack_memberships_contains_paid_content":false,"footnotes":"","jetpack_publicize_message":"","jetpack_publicize_feature_enabled":true,"jetpack_social_post_already_shared":true,"jetpack_social_options":{"image_generator_settings":{"template":"highway","default_image_id":0,"font":"","enabled":false},"version":2}},"categories":[80],"tags":[],"class_list":["post-65642","post","type-post","status-publish","format-standard","hentry","category-lifestyle"],"yoast_head":"<!-- This site is optimized with the Yoast SEO Premium plugin v25.0 (Yoast SEO v25.0) - https:\/\/yoast.com\/wordpress\/plugins\/seo\/ -->\n<title>Quel jour est la Saint Lana ?<\/title>\n<meta name=\"description\" content=\"Sainte Lana et date de f\u00eate Les Lana sont c\u00e9l\u00e9br\u00e9es le 18 ao\u00fbt, jour de la Sainte-H\u00e9l\u00e8ne, imp\u00e9ratrice et m\u00e8re de l&#039;empereur Constantin.\" \/>\n<meta name=\"robots\" content=\"index, follow, max-snippet:-1, max-image-preview:large, max-video-preview:-1\" \/>\n<link rel=\"canonical\" href=\"https:\/\/flashmode.tn\/magazine\/quel-jour-est-la-saint-lana\/\" \/>\n<meta property=\"og:locale\" content=\"fr_FR\" \/>\n<meta property=\"og:type\" content=\"article\" \/>\n<meta property=\"og:title\" content=\"Quel jour est la Saint Lana ? - Flashmode Magazine | Magazine de mode et style de vie Num\u00e9ro un en Tunisie et au Maghreb\" \/>\n<meta property=\"og:description\" content=\"Sainte Lana et date de f\u00eate Les Lana sont c\u00e9l\u00e9br\u00e9es le 18 ao\u00fbt, jour de la Sainte-H\u00e9l\u00e8ne, imp\u00e9ratrice et m\u00e8re de l&#039;empereur Constantin.\" \/>\n<meta property=\"og:url\" content=\"https:\/\/flashmode.tn\/magazine\/quel-jour-est-la-saint-lana\/\" \/>\n<meta property=\"og:site_name\" content=\"Flashmode Magazine | Magazine de mode et style de vie Num\u00e9ro un en Tunisie et au Maghreb\" \/>\n<meta property=\"article:publisher\" content=\"https:\/\/www.facebook.com\/flashmode.magazine\/\" \/>\n<meta property=\"article:published_time\" content=\"2022-01-26T03:16:22+00:00\" \/>\n<meta name=\"author\" content=\"PeopleLife\" \/>\n<meta name=\"twitter:card\" content=\"summary_large_image\" \/>\n<meta name=\"twitter:creator\" content=\"@agenceflashmode\" \/>\n<meta name=\"twitter:site\" content=\"@agenceflashmode\" \/>\n<meta name=\"twitter:label1\" content=\"\u00c9crit par\" \/>\n\t<meta name=\"twitter:data1\" content=\"PeopleLife\" \/>\n\t<meta name=\"twitter:label2\" content=\"Dur\u00e9e de lecture estim\u00e9e\" \/>\n\t<meta name=\"twitter:data2\" content=\"4 minutes\" \/>\n<script type=\"application\/ld+json\" class=\"yoast-schema-graph\">{\"@context\":\"https:\/\/schema.org\",\"@graph\":[{\"@type\":\"WebPage\",\"@id\":\"https:\/\/flashmode.tn\/magazine\/quel-jour-est-la-saint-lana\/\",\"url\":\"https:\/\/flashmode.tn\/magazine\/quel-jour-est-la-saint-lana\/\",\"name\":\"Quel jour est la Saint Lana ?\",\"isPartOf\":{\"@id\":\"https:\/\/flashmode.tn\/magazine\/#website\"},\"datePublished\":\"2022-01-26T03:16:22+00:00\",\"author\":{\"@id\":\"https:\/\/flashmode.tn\/magazine\/#\/schema\/person\/6815bd30337e8756d5357219766efcc3\"},\"description\":\"Sainte Lana et date de f\u00eate Les Lana sont c\u00e9l\u00e9br\u00e9es le 18 ao\u00fbt, jour de la Sainte-H\u00e9l\u00e8ne, imp\u00e9ratrice et m\u00e8re de l'empereur Constantin.\",\"breadcrumb\":{\"@id\":\"https:\/\/flashmode.tn\/magazine\/quel-jour-est-la-saint-lana\/#breadcrumb\"},\"inLanguage\":\"fr-FR\",\"potentialAction\":[{\"@type\":\"ReadAction\",\"target\":[\"https:\/\/flashmode.tn\/magazine\/quel-jour-est-la-saint-lana\/\"]}]},{\"@type\":\"BreadcrumbList\",\"@id\":\"https:\/\/flashmode.tn\/magazine\/quel-jour-est-la-saint-lana\/#breadcrumb\",\"itemListElement\":[{\"@type\":\"ListItem\",\"position\":1,\"name\":\"Accueil\",\"item\":\"https:\/\/flashmode.tn\/magazine\/\"},{\"@type\":\"ListItem\",\"position\":2,\"name\":\"Quel jour est la Saint Lana ?\"}]},{\"@type\":\"WebSite\",\"@id\":\"https:\/\/flashmode.tn\/magazine\/#website\",\"url\":\"https:\/\/flashmode.tn\/magazine\/\",\"name\":\"Flashmode Magazine | Magazine de mode et style de vie Num\u00e9ro un en Tunisie et au Maghreb\",\"description\":\"Magazine de mode et style de vie Num\u00e9ro un en Tunisie et au Maghreb, cr\u00e9\u00e9 pour les hommes et les femmes : conseils beaut\u00e9, mode femme, mode homme, recettes de cuisine, c\u00e9l\u00e9brit\u00e9s et people, mannequins et top modeles\",\"potentialAction\":[{\"@type\":\"SearchAction\",\"target\":{\"@type\":\"EntryPoint\",\"urlTemplate\":\"https:\/\/flashmode.tn\/magazine\/?s={search_term_string}\"},\"query-input\":{\"@type\":\"PropertyValueSpecification\",\"valueRequired\":true,\"valueName\":\"search_term_string\"}}],\"inLanguage\":\"fr-FR\"},{\"@type\":\"Person\",\"@id\":\"https:\/\/flashmode.tn\/magazine\/#\/schema\/person\/6815bd30337e8756d5357219766efcc3\",\"name\":\"PeopleLife\",\"image\":{\"@type\":\"ImageObject\",\"inLanguage\":\"fr-FR\",\"@id\":\"https:\/\/flashmode.tn\/magazine\/#\/schema\/person\/image\/\",\"url\":\"https:\/\/secure.gravatar.com\/avatar\/8098f49196034391d93ae20d939ad33b14f6b745c986049ad803a54f4113e18c?s=96&d=mm&r=g\",\"contentUrl\":\"https:\/\/secure.gravatar.com\/avatar\/8098f49196034391d93ae20d939ad33b14f6b745c986049ad803a54f4113e18c?s=96&d=mm&r=g\",\"caption\":\"PeopleLife\"},\"url\":\"https:\/\/flashmode.tn\/magazine\/author\/peoplelife\/\"}]}<\/script>\n<!-- \/ Yoast SEO Premium plugin. -->","yoast_head_json":{"title":"Quel jour est la Saint Lana ?","description":"Sainte Lana et date de f\u00eate Les Lana sont c\u00e9l\u00e9br\u00e9es le 18 ao\u00fbt, jour de la Sainte-H\u00e9l\u00e8ne, imp\u00e9ratrice et m\u00e8re de l'empereur Constantin.","robots":{"index":"index","follow":"follow","max-snippet":"max-snippet:-1","max-image-preview":"max-image-preview:large","max-video-preview":"max-video-preview:-1"},"canonical":"https:\/\/flashmode.tn\/magazine\/quel-jour-est-la-saint-lana\/","og_locale":"fr_FR","og_type":"article","og_title":"Quel jour est la Saint Lana ? - Flashmode Magazine | Magazine de mode et style de vie Num\u00e9ro un en Tunisie et au Maghreb","og_description":"Sainte Lana et date de f\u00eate Les Lana sont c\u00e9l\u00e9br\u00e9es le 18 ao\u00fbt, jour de la Sainte-H\u00e9l\u00e8ne, imp\u00e9ratrice et m\u00e8re de l'empereur Constantin.","og_url":"https:\/\/flashmode.tn\/magazine\/quel-jour-est-la-saint-lana\/","og_site_name":"Flashmode Magazine | Magazine de mode et style de vie Num\u00e9ro un en Tunisie et au Maghreb","article_publisher":"https:\/\/www.facebook.com\/flashmode.magazine\/","article_published_time":"2022-01-26T03:16:22+00:00","author":"PeopleLife","twitter_card":"summary_large_image","twitter_creator":"@agenceflashmode","twitter_site":"@agenceflashmode","twitter_misc":{"\u00c9crit par":"PeopleLife","Dur\u00e9e de lecture estim\u00e9e":"4 minutes"},"schema":{"@context":"https:\/\/schema.org","@graph":[{"@type":"WebPage","@id":"https:\/\/flashmode.tn\/magazine\/quel-jour-est-la-saint-lana\/","url":"https:\/\/flashmode.tn\/magazine\/quel-jour-est-la-saint-lana\/","name":"Quel jour est la Saint Lana ?","isPartOf":{"@id":"https:\/\/flashmode.tn\/magazine\/#website"},"datePublished":"2022-01-26T03:16:22+00:00","author":{"@id":"https:\/\/flashmode.tn\/magazine\/#\/schema\/person\/6815bd30337e8756d5357219766efcc3"},"description":"Sainte Lana et date de f\u00eate Les Lana sont c\u00e9l\u00e9br\u00e9es le 18 ao\u00fbt, jour de la Sainte-H\u00e9l\u00e8ne, imp\u00e9ratrice et m\u00e8re de l'empereur Constantin.","breadcrumb":{"@id":"https:\/\/flashmode.tn\/magazine\/quel-jour-est-la-saint-lana\/#breadcrumb"},"inLanguage":"fr-FR","potentialAction":[{"@type":"ReadAction","target":["https:\/\/flashmode.tn\/magazine\/quel-jour-est-la-saint-lana\/"]}]},{"@type":"BreadcrumbList","@id":"https:\/\/flashmode.tn\/magazine\/quel-jour-est-la-saint-lana\/#breadcrumb","itemListElement":[{"@type":"ListItem","position":1,"name":"Accueil","item":"https:\/\/flashmode.tn\/magazine\/"},{"@type":"ListItem","position":2,"name":"Quel jour est la Saint Lana ?"}]},{"@type":"WebSite","@id":"https:\/\/flashmode.tn\/magazine\/#website","url":"https:\/\/flashmode.tn\/magazine\/","name":"Flashmode Magazine | Magazine de mode et style de vie Num\u00e9ro un en Tunisie et au Maghreb","description":"Magazine de mode et style de vie Num\u00e9ro un en Tunisie et au Maghreb, cr\u00e9\u00e9 pour les hommes et les femmes : conseils beaut\u00e9, mode femme, mode homme, recettes de cuisine, c\u00e9l\u00e9brit\u00e9s et people, mannequins et top modeles","potentialAction":[{"@type":"SearchAction","target":{"@type":"EntryPoint","urlTemplate":"https:\/\/flashmode.tn\/magazine\/?s={search_term_string}"},"query-input":{"@type":"PropertyValueSpecification","valueRequired":true,"valueName":"search_term_string"}}],"inLanguage":"fr-FR"},{"@type":"Person","@id":"https:\/\/flashmode.tn\/magazine\/#\/schema\/person\/6815bd30337e8756d5357219766efcc3","name":"PeopleLife","image":{"@type":"ImageObject","inLanguage":"fr-FR","@id":"https:\/\/flashmode.tn\/magazine\/#\/schema\/person\/image\/","url":"https:\/\/secure.gravatar.com\/avatar\/8098f49196034391d93ae20d939ad33b14f6b745c986049ad803a54f4113e18c?s=96&d=mm&r=g","contentUrl":"https:\/\/secure.gravatar.com\/avatar\/8098f49196034391d93ae20d939ad33b14f6b745c986049ad803a54f4113e18c?s=96&d=mm&r=g","caption":"PeopleLife"},"url":"https:\/\/flashmode.tn\/magazine\/author\/peoplelife\/"}]}},"jetpack_publicize_connections":[],"jetpack_featured_media_url":"","jetpack_shortlink":"https:\/\/wp.me\/p8BPGr-h4K","jetpack_sharing_enabled":true,"_links":{"self":[{"href":"https:\/\/flashmode.tn\/magazine\/wp-json\/wp\/v2\/posts\/65642","targetHints":{"allow":["GET"]}}],"collection":[{"href":"https:\/\/flashmode.tn\/magazine\/wp-json\/wp\/v2\/posts"}],"about":[{"href":"https:\/\/flashmode.tn\/magazine\/wp-json\/wp\/v2\/types\/post"}],"author":[{"embeddable":true,"href":"https:\/\/flashmode.tn\/magazine\/wp-json\/wp\/v2\/users\/5"}],"replies":[{"embeddable":true,"href":"https:\/\/flashmode.tn\/magazine\/wp-json\/wp\/v2\/comments?post=65642"}],"version-history":[{"count":0,"href":"https:\/\/flashmode.tn\/magazine\/wp-json\/wp\/v2\/posts\/65642\/revisions"}],"wp:attachment":[{"href":"https:\/\/flashmode.tn\/magazine\/wp-json\/wp\/v2\/media?parent=65642"}],"wp:term":[{"taxonomy":"category","embeddable":true,"href":"https:\/\/flashmode.tn\/magazine\/wp-json\/wp\/v2\/categories?post=65642"},{"taxonomy":"post_tag","embeddable":true,"href":"https:\/\/flashmode.tn\/magazine\/wp-json\/wp\/v2\/tags?post=65642"}],"curies":[{"name":"wp","href":"https:\/\/api.w.org\/{rel}","templated":true}]}}