{"id":66162,"date":"2022-01-26T09:27:15","date_gmt":"2022-01-26T08:27:15","guid":{"rendered":"https:\/\/flashmode.tn\/magazine\/?p=66162"},"modified":"2022-01-26T09:27:15","modified_gmt":"2022-01-26T08:27:15","slug":"quel-est-le-decalage-horaire-entre-la-metropole-et-la-reunion","status":"publish","type":"post","link":"https:\/\/flashmode.tn\/magazine\/quel-est-le-decalage-horaire-entre-la-metropole-et-la-reunion\/","title":{"rendered":"Quel est le d\u00e9calage horaire entre la m\u00e9tropole et la R\u00e9union ?"},"content":{"rendered":"<p>Le <b>d\u00e9calage horaire<\/b> \u00e0 La <b>R\u00e9union<\/b><\/p>\n<p> Paris et Saint-Denis de la <b>R\u00e9union sont<\/b> respectivement situ\u00e9s sur le fuseau <b>horaire<\/b> UTC+1 et UTC+4. Ainsi, l&rsquo;\u00eele de la <b>R\u00e9union est<\/b> \u00e0 l&rsquo;avance de 3 heures sur la France. Lorsqu&rsquo;il <b>est<\/b> 12:00 \u00e0 Paris, il <b>est<\/b> 15:00 \u00e0 Saint-Denis.<\/p>\n<p>Quelle heure il est \u00e0 la R\u00e9union s&rsquo;il vous pla\u00eet ? Heure et d\u00e9calage horaire dans les principales villes de La R\u00e9union <\/p>\n<table>\n<tbody>\n<tr>\n<th>     Temps universel coordonn\u00e9    <\/th>\n<th>     <b>      Heure     <\/b>     actuelle    <\/th>\n<th>     Grandes villes dans ce fuseau horaire    <\/th>\n<\/tr>\n<tr>\n<td>     UTC+04:00    <\/td>\n<td>     4:00:05 AM Mercredi 12 janvier 2022    <\/td>\n<td>     <b>      Heure     <\/b>     \u00e0 Saint-Denis     <b>      Heure     <\/b>     \u00e0 Saint-Paul     <b>      Heure     <\/b>     \u00e0 Saint-Pierre     <b>      Heure     <\/b>     \u00e0 Le Tampon     <b>      Heure     <\/b>     \u00e0 Saint-Andr\u00e9    <\/td>\n<\/tr>\n<\/tbody>\n<\/table>\n<p>or Quel d\u00e9calage horaire ? D\u00e9nominations alphab\u00e9tiques <\/p>\n<table>\n<tbody>\n<tr>\n<th>     fuseau     <b>      horaire     <\/b>    <\/th>\n<th>     lettre    <\/th>\n<th>     <b>      d\u00e9calage     <\/b>    <\/th>\n<\/tr>\n<tr>\n<td>     UTC-10    <\/td>\n<td>     W    <\/td>\n<td>     02:00    <\/td>\n<\/tr>\n<tr>\n<td>     UTC-9:30    <\/td>\n<td>     Vu2020    <\/td>\n<td>     02:30    <\/td>\n<\/tr>\n<tr>\n<td>     UTC-9    <\/td>\n<td>     V    <\/td>\n<td>     03:00    <\/td>\n<\/tr>\n<tr>\n<td>     UTC-8    <\/td>\n<td>     U    <\/td>\n<td>     04:00    <\/td>\n<\/tr>\n<\/tbody>\n<\/table>\n<p>Quand d\u00e9calage horaire France ? Le changement d&rsquo;<b>heure<\/b> aura lieu dans la nuit du samedi 30 au dimanche 31 octobre 2021. C&rsquo;est \u00e0 3h du matin qu&rsquo;il faudra reculer nos montres : il sera alors, de nouveau, 2h. Nous gagnons donc une <b>heure<\/b> de sommeil&#8230; et nous perdons une <b>heure<\/b> de jour en soir\u00e9e, jusqu&rsquo;au mois de mars.<\/p>\n<div id=\"ez-toc-container\" class=\"ez-toc-v2_0_81 counter-hierarchy ez-toc-counter ez-toc-grey ez-toc-container-direction\">\n<div class=\"ez-toc-title-container\">\n<p class=\"ez-toc-title\" style=\"cursor:inherit\">Contenus de la page<\/p>\n<span class=\"ez-toc-title-toggle\"><a href=\"#\" class=\"ez-toc-pull-right ez-toc-btn ez-toc-btn-xs ez-toc-btn-default ez-toc-toggle\" aria-label=\"Toggle Table of Content\"><span class=\"ez-toc-js-icon-con\"><span class=\"\"><span class=\"eztoc-hide\" style=\"display:none;\">Toggle<\/span><span class=\"ez-toc-icon-toggle-span\"><svg style=\"fill: #999;color:#999\" xmlns=\"http:\/\/www.w3.org\/2000\/svg\" class=\"list-377408\" width=\"20px\" height=\"20px\" viewBox=\"0 0 24 24\" fill=\"none\"><path d=\"M6 6H4v2h2V6zm14 0H8v2h12V6zM4 11h2v2H4v-2zm16 0H8v2h12v-2zM4 16h2v2H4v-2zm16 0H8v2h12v-2z\" fill=\"currentColor\"><\/path><\/svg><svg style=\"fill: #999;color:#999\" class=\"arrow-unsorted-368013\" xmlns=\"http:\/\/www.w3.org\/2000\/svg\" width=\"10px\" height=\"10px\" viewBox=\"0 0 24 24\" version=\"1.2\" baseProfile=\"tiny\"><path d=\"M18.2 9.3l-6.2-6.3-6.2 6.3c-.2.2-.3.4-.3.7s.1.5.3.7c.2.2.4.3.7.3h11c.3 0 .5-.1.7-.3.2-.2.3-.5.3-.7s-.1-.5-.3-.7zM5.8 14.7l6.2 6.3 6.2-6.3c.2-.2.3-.5.3-.7s-.1-.5-.3-.7c-.2-.2-.4-.3-.7-.3h-11c-.3 0-.5.1-.7.3-.2.2-.3.5-.3.7s.1.5.3.7z\"\/><\/svg><\/span><\/span><\/span><\/a><\/span><\/div>\n<nav><ul class='ez-toc-list ez-toc-list-level-1 ' ><li class='ez-toc-page-1 ez-toc-heading-level-2'><a class=\"ez-toc-link ez-toc-heading-1\" href=\"https:\/\/flashmode.tn\/magazine\/quel-est-le-decalage-horaire-entre-la-metropole-et-la-reunion\/#Quel_pays_a_12h_de_decalage_horaire_avec_la_France\" >Quel pays \u00e0 12h de d\u00e9calage horaire avec la France ?<\/a><\/li><li class='ez-toc-page-1 ez-toc-heading-level-2'><a class=\"ez-toc-link ez-toc-heading-2\" href=\"https:\/\/flashmode.tn\/magazine\/quel-est-le-decalage-horaire-entre-la-metropole-et-la-reunion\/#Quel_est_le_pays_avec_le_plus_de_decalage_horaire\" >Quel est le pays avec le plus de d\u00e9calage horaire ?<\/a><\/li><li class='ez-toc-page-1 ez-toc-heading-level-2'><a class=\"ez-toc-link ez-toc-heading-3\" href=\"https:\/\/flashmode.tn\/magazine\/quel-est-le-decalage-horaire-entre-la-metropole-et-la-reunion\/#Quel_est_le_pays_le_plus_avance_dans_le_temps\" >Quel est le pays le plus avanc\u00e9 dans le temps ?<\/a><\/li><li class='ez-toc-page-1 ez-toc-heading-level-2'><a class=\"ez-toc-link ez-toc-heading-4\" href=\"https:\/\/flashmode.tn\/magazine\/quel-est-le-decalage-horaire-entre-la-metropole-et-la-reunion\/#Quelle_est_lheure_normale\" >Quelle est l&rsquo;heure normale ?<\/a><ul class='ez-toc-list-level-3' ><li class='ez-toc-heading-level-3'><a class=\"ez-toc-link ez-toc-heading-5\" href=\"https:\/\/flashmode.tn\/magazine\/quel-est-le-decalage-horaire-entre-la-metropole-et-la-reunion\/#Quelle_est_la_saison_des_pluies_a_la_Reunion\" >Quelle est la saison des pluies \u00e0 la R\u00e9union ?<\/a><\/li><\/ul><\/li><li class='ez-toc-page-1 ez-toc-heading-level-2'><a class=\"ez-toc-link ez-toc-heading-6\" href=\"https:\/\/flashmode.tn\/magazine\/quel-est-le-decalage-horaire-entre-la-metropole-et-la-reunion\/#Quel_est_le_pays_le_plus_avance_en_technologie_au_monde\" >Quel est le pays le plus avanc\u00e9 en technologie au monde ?<\/a><\/li><\/ul><\/nav><\/div>\n<h2><span class=\"ez-toc-section\" id=\"Quel_pays_a_12h_de_decalage_horaire_avec_la_France\"><\/span>Quel pays \u00e0 12h de d\u00e9calage horaire avec la France ?<span class=\"ez-toc-section-end\"><\/span><\/h2>\n<p>Nouvelle-Z\u00e9lande (hors \u00eeles Chatham).<\/p>\n<p>Pourquoi la R\u00e9union ne change pas d&rsquo;heure ? L&rsquo;heure r\u00e9unionnaise<\/p>\n<p> Situ\u00e9 \u00e0 20\u00b053\u2032 de latitude sud et \u00e0 55\u00b031\u2032 de longitude est, La <b>R\u00e9union<\/b> r\u00e8gle son horloge sur GMT+4, c&rsquo;est-\u00e0-dire quatre heures de <b>plus<\/b> que l&rsquo;heure du m\u00e9ridien de Greenwich. L&rsquo;heure <b>ne change pas<\/b> entre les villes de La <b>R\u00e9union<\/b>, ni en \u00e9t\u00e9 ni en hiver. &#8230; Exemple : 9h \u00e0 Paris, 12h \u00e0 La <b>R\u00e9union<\/b> (+3h).<\/p>\n<p>Quel est le maximum d&rsquo;heures de d\u00e9calage ? Le <b>d\u00e9calage horaire maximum<\/b> qu&rsquo;une personne peut exp\u00e9rimenter <b>est<\/b> de 12 heures. Si la diff\u00e9rence entre deux endroits <b>est<\/b> plus que 12 fuseaux <b>horaires<\/b>, il faut soustraire ce chiffre de 24 pour obtenir le nombre r\u00e9el d&rsquo;heures de <b>d\u00e9calage horaire<\/b> ressenti.<\/p>\n<p>Quel est le plus grand d\u00e9calage horaire avec la France ? Exemple pour Rio de Janeiro : le fuseau <b>horaire<\/b> de la <b>France est<\/b> GMT + 1, celui de Rio de Janeiro <b>est<\/b> GMT &#8211; 3, ce qui donne une diff\u00e9rence de &#8211; 4 heures de <b>d\u00e9calage<\/b> entre les deux lieux. Quand il <b>est<\/b> midi <b>\u00e0 Paris<\/b>, il <b>est<\/b> donc 8 heures du matin <b>\u00e0<\/b> Rio.<\/p>\n<h2><span class=\"ez-toc-section\" id=\"Quel_est_le_pays_avec_le_plus_de_decalage_horaire\"><\/span>Quel est le pays avec le plus de d\u00e9calage horaire ?<span class=\"ez-toc-section-end\"><\/span><\/h2>\n<p>La Russie <b>est<\/b> le <b>plus<\/b> grand <b>pays<\/b> du monde, et c&rsquo;<b>est<\/b> donc le <b>pays<\/b> qui a le <b>plus<\/b> de fuseaux <b>horaires<\/b> contigus <b>au<\/b> monde (des fuseaux <b>horaires<\/b> successifs qui se touchent, sans territoires). La Russie s&rsquo;\u00e9tend de l&rsquo;Europe de l&rsquo;<b>Est<\/b> \u00e0 l&rsquo;Asie du Nord-<b>Est<\/b> et il y a donc 11 fuseaux <b>horaires<\/b> diff\u00e9rents allant de UTC-2 \u00e0 UTC-12.<\/p>\n<p>Quelle heure Est-il en m\u00e9tropole ? Heure et d\u00e9calage horaire dans les principales villes de France <\/p>\n<table>\n<tbody>\n<tr>\n<th>     Temps universel coordonn\u00e9    <\/th>\n<th>     <b>      Heure     <\/b>     actuelle    <\/th>\n<th>     Grandes villes dans ce fuseau horaire    <\/th>\n<\/tr>\n<tr>\n<td>     UTC+01:00    <\/td>\n<td>     1:00:05 AM Mardi 11 janvier 2022    <\/td>\n<td>     <b>      Heure     <\/b>     \u00e0 Paris     <b>      Heure     <\/b>     \u00e0 Marseille     <b>      Heure     <\/b>     \u00e0 Lyon     <b>      Heure     <\/b>     \u00e0 Toulouse     <b>      Heure     <\/b>     \u00e0 Nice    <\/td>\n<\/tr>\n<\/tbody>\n<\/table>\n<p>Quand aller \u00e0 l&rsquo;\u00eele de La R\u00e9union ?<\/p>\n<p>La saison chaude avec des nombreuses pr\u00e9cipitations va de novembre \u00e0 avril. On choisit la saison s\u00e8che pour <b>partir<\/b> \u00e0 la <b>R\u00e9union<\/b>, et plus particuli\u00e8rement le printemps, c&rsquo;est-\u00e0-dire les mois d&rsquo;octobre et de novembre, o\u00f9 le climat est propice \u00e0 la visite et o\u00f9 la v\u00e9g\u00e9tation est de surcro\u00eet magnifique.<\/p>\n<p>Quel pays \u00e0 3h de d\u00e9calage avec la France ? Sous-rubriques <\/p>\n<table>\n<tbody>\n<tr>\n<th>     <b>      Pays     <\/b>     \u2193    <\/th>\n<th>     Ville    <\/th>\n<th>     <b>      D\u00e9calage     <\/b>    <\/th>\n<\/tr>\n<tr>\n<td>     Ethiopie    <\/td>\n<td>     Addis Ababa    <\/td>\n<td>     UTC+     <b>      3h     <\/b>    <\/td>\n<\/tr>\n<tr>\n<td>     Finlande    <\/td>\n<td>     Helsinki    <\/td>\n<td>     UTC+2h    <\/td>\n<\/tr>\n<tr>\n<td>     <b>      France     <\/b>    <\/td>\n<td>     <b>      Paris     <\/b>    <\/td>\n<td>     UTC+1h    <\/td>\n<\/tr>\n<tr>\n<td>     Gabon    <\/td>\n<td>     Libreville    <\/td>\n<td>     UTC+1h    <\/td>\n<\/tr>\n<\/tbody>\n<\/table>\n<h2><span class=\"ez-toc-section\" id=\"Quel_est_le_pays_le_plus_avance_dans_le_temps\"><\/span>Quel est le pays le plus avanc\u00e9 dans le temps ?<span class=\"ez-toc-section-end\"><\/span><\/h2>\n<p>Selon un rapport r\u00e9cent publi\u00e9 dans le cadre du programme des Nations Unies pour le d\u00e9veloppement (PNUD), la Finlande se place en t\u00eate, avant les Etats-Unis, comme le <b>pays<\/b> technologiquement le <b>plus avanc\u00e9<\/b> au monde.<\/p>\n<p>Quelle heure \u00e0 Kiribati ?<\/p>\n<p>Heure et d\u00e9calage horaire dans les principales villes de Kiribati <\/p>\n<table>\n<tbody>\n<tr>\n<th>     Temps universel coordonn\u00e9    <\/th>\n<th>     <b>      Heure     <\/b>     actuelle    <\/th>\n<th>     Grandes villes dans ce fuseau horaire    <\/th>\n<\/tr>\n<tr>\n<td>     UTC+12:00    <\/td>\n<td>     12:00:05 PM Samedi 1 janvier 2022    <\/td>\n<td>     <b>      Heure     <\/b>     \u00e0 Tarawa     <b>      Heure     <\/b>     \u00e0 Betio Village     <b>      Heure     <\/b>     \u00e0 Bikenibeu Village     <b>      Heure     <\/b>     \u00e0 Teaoraereke Village     <b>      Heure     <\/b>     \u00e0 Bairiki Village    <\/td>\n<\/tr>\n<\/tbody>\n<\/table>\n<p>Quelle heure Est-il \u00e0 Kiribati ? D\u00e9calages horaires actuels aux \u00eeles <b>Kiribati<\/b><\/p>\n<p> Quand <b>il est<\/b> 12:00 en France, <b>il est<\/b> 23:00 dans cette zone.<\/p>\n<p>Quel pays \u00e0 6 heures de d\u00e9calage avec la France ? <b>  <b>   \u00c0  <\/b>  moins de  <b>   6 heures de d\u00e9calage  <\/b>  horaire  <b>   avec la France  <\/b>  , il existe une multitude d&rsquo;endroits exceptionnels qui r\u00e9pondront  <b>   \u00e0  <\/b>  vos envies de d\u00e9couvertes. <\/b> <\/p>\n<ul>\n<li>   Am\u00e9rique du Nord. Am\u00e9rique Latine. Bhoutan. Canada. Kirghizie.  <\/li>\n<li>   <b>    6h   <\/b>   maximum.  <\/li>\n<\/ul>\n<h2><span class=\"ez-toc-section\" id=\"Quelle_est_lheure_normale\"><\/span>Quelle est l&rsquo;heure normale ?<span class=\"ez-toc-section-end\"><\/span><\/h2>\n<p><b>EST<\/b> (<b>Heure Normale<\/b> De L&rsquo;<b>Est<\/b> Nord-Am\u00e9ricain) <b>est<\/b> l&rsquo;un des noms bien connus du fuseau horaire UTC-5 qui <b>est<\/b> 5h. derri\u00e8re derri\u00e8re UTC (Temps universel coordonn\u00e9). Le d\u00e9calage temporel par rapport \u00e0 l&rsquo;<b>heure<\/b> UTC peut s&rsquo;\u00e9crire -05:00.<\/p>\n<p>Quel d\u00e9calage horaire avec le soleil ? En France, en hiver il y a un <b>d\u00e9calage<\/b> d&rsquo;environ une <b>heure<\/b> entre l&rsquo;<b>heure<\/b> l\u00e9gale et l&rsquo;<b>heure<\/b> du lever du <b>soleil<\/b> (voir ci-apr\u00e8s dans l&rsquo;article). En \u00e9t\u00e9 on avance d&rsquo;une <b>heure<\/b> de plus, soit environ de deux heures par rapport <b>au soleil<\/b>.<\/p>\n<p>Quand Change-t-on d&rsquo;heure en 2021 ?<\/p>\n<p>Le passage \u00e0 l&rsquo;<b>heure<\/b> d&rsquo;hiver se d\u00e9roulera dans la nuit du samedi 30 octobre au dimanche 31 octobre <b>2021<\/b>. La montre doit \u00eatre recul\u00e9e d&rsquo;une <b>heure<\/b> : \u00e0 3 heures du matin, il sera alors 2 heures. Il faudra donc enlever 60 minutes \u00e0 l&rsquo;<b>heure<\/b> l\u00e9gale.<\/p>\n<p>Quand partir \u00e0 La R\u00e9union moins cher ? La saison s\u00e8che, de mai \u00e0 d\u00e9but novembre, repr\u00e9sente le meilleur moment pour voyager. Certains mois peu fr\u00e9quent\u00e9s sont donc tr\u00e8s int\u00e9ressants pour s\u00e9journer \u00e0 la <b>R\u00e9union<\/b>. &#8230; Pendant ces mois, les billets et les h\u00f4tels sont <b>moins chers<\/b>, la fr\u00e9quentation est plut\u00f4t faible et le climat n&rsquo;est <b>pas<\/b> humide.<\/p>\n<h3><span class=\"ez-toc-section\" id=\"Quelle_est_la_saison_des_pluies_a_la_Reunion\"><\/span>Quelle est la saison des pluies \u00e0 la R\u00e9union ?<span class=\"ez-toc-section-end\"><\/span><\/h3>\n<p>L&rsquo;influence du relief <b>est<\/b> tout aussi fondamentale que les effets de l&rsquo;insularit\u00e9. Il existe deux <b>saisons<\/b> marqu\u00e9es \u00e0 La <b>R\u00e9union<\/b> : la <b>saison des pluies<\/b> qui peut \u00eatre d\u00e9finie entre janvier et mars et la <b>saison<\/b> s\u00e8che, plus longue, qui d\u00e9bute au mois de mai pour s&rsquo;achever au mois de novembre.<\/p>\n<p>Quel pays \u00e0 4h de d\u00e9calage avec la France ? Nord malgache, Ankarana et l&rsquo;\u00eele au l\u00e9muriens.<\/p>\n<p>Quel pays \u00e0 4h de d\u00e9calage horaire avec la France ?<\/p>\n<p>Exemple pour Rio de Janeiro : le fuseau <b>horaire<\/b> de la <b>France<\/b> est GMT + 1, celui de Rio de Janeiro est GMT &#8211; 3, ce qui donne une diff\u00e9rence de &#8211; 4 heures de <b>d\u00e9calage<\/b> entre les deux lieux.<\/p>\n<p>Comment se calcule le d\u00e9calage horaire ? <b>  <b>   Calcul  <\/b>  des  <b>   fuseaux horaires  <\/b> <\/b> <\/p>\n<ol>\n<li>   180\u00b0 m\u00e9ridiens Ouest (\u00e9volue n\u00e9gativement) et 180 m\u00e9ridiens Est (qui \u00e9voluent positivement). Et 12   <b>    fuseaux horaires   <\/b>   de part et d&rsquo;autres du m\u00e9ridien de Greenwich.  <\/li>\n<li>   Quand on va vers l&rsquo;Ouest on soustrait une   <b>    heure   <\/b>   (-1h) et quand on va vers l&rsquo;Est on additionne une   <b>    heure   <\/b>   (+1h).  <\/li>\n<\/ol>\n<h2><span class=\"ez-toc-section\" id=\"Quel_est_le_pays_le_plus_avance_en_technologie_au_monde\"><\/span>Quel est le pays le plus avanc\u00e9 en technologie au monde ?<span class=\"ez-toc-section-end\"><\/span><\/h2>\n<p>Bien install\u00e9e sur son tr\u00f4ne depuis onze ans, la Suisse reste la championne incontest\u00e9e de l&rsquo;innovation sur <b>plus<\/b> de 130 <b>pays<\/b> analys\u00e9s. Le podium, lui, reste inchang\u00e9 depuis trois ans avec la Su\u00e8de et les \u00c9tats-Unis en bonne place.<\/p>\n<p>Quel est le pays le plus avanc\u00e9 dans la technologie ?<\/p>\n<p>Indice mondial de l&rsquo;innovation 2021 : les investissements dans l&rsquo;innovation se portent bien malgr\u00e9 la pand\u00e9mie de COVID-19; la Suisse, la Su\u00e8de, les \u00c9tats-Unis d&rsquo;Am\u00e9rique, le Royaume-Uni et la R\u00e9publique de Cor\u00e9e <b>sont<\/b> en t\u00eate; la Chine se rapproche du top 10.<\/p>\n<p>Quel est le pays le plus d\u00e9velopp\u00e9 en informatique ? La Chine d\u00e9passe les \u00c9tats-Unis en nombre de superordinateurs. Le Sunway TaihuLight devient le syst\u00e8me <b>informatique<\/b> le <b>plus<\/b> puissant au monde. La Chine peut se targuer d&rsquo;un double record.<\/p>\n","protected":false},"excerpt":{"rendered":"<p>Le d\u00e9calage horaire \u00e0 La R\u00e9union Paris et Saint-Denis de la R\u00e9union sont respectivement situ\u00e9s sur le fuseau horaire UTC+1 et UTC+4. Ainsi, l&rsquo;\u00eele de la R\u00e9union est \u00e0 l&rsquo;avance de 3 heures sur la France. Lorsqu&rsquo;il est 12:00 \u00e0 Paris, il est 15:00 \u00e0 Saint-Denis. Quelle heure il est \u00e0 la R\u00e9union s&rsquo;il vous [&hellip;]<\/p>\n","protected":false},"author":5,"featured_media":0,"comment_status":"open","ping_status":"open","sticky":false,"template":"","format":"standard","meta":{"tdm_status":"","tdm_grid_status":"","_jetpack_memberships_contains_paid_content":false,"footnotes":"","jetpack_publicize_message":"","jetpack_publicize_feature_enabled":true,"jetpack_social_post_already_shared":true,"jetpack_social_options":{"image_generator_settings":{"template":"highway","default_image_id":0,"font":"","enabled":false},"version":2}},"categories":[80],"tags":[],"class_list":["post-66162","post","type-post","status-publish","format-standard","hentry","category-lifestyle"],"yoast_head":"<!-- This site is optimized with the Yoast SEO Premium plugin v25.0 (Yoast SEO v25.0) - https:\/\/yoast.com\/wordpress\/plugins\/seo\/ -->\n<title>Quel est le d\u00e9calage horaire entre la m\u00e9tropole et la R\u00e9union ?<\/title>\n<meta name=\"description\" content=\"Le d\u00e9calage horaire \u00e0 La R\u00e9union Paris et Saint-Denis de la R\u00e9union sont respectivement situ\u00e9s sur le fuseau horaire UTC+1 et UTC+4. Ainsi, l&#039;\u00eele de la R\u00e9union est \u00e0 l&#039;avance de 3 heures sur la France. Lorsqu&#039;il est 12:00 \u00e0 Paris, il est 15:00 \u00e0 Saint-Denis.\" \/>\n<meta name=\"robots\" content=\"index, follow, max-snippet:-1, max-image-preview:large, max-video-preview:-1\" \/>\n<link rel=\"canonical\" href=\"https:\/\/flashmode.tn\/magazine\/quel-est-le-decalage-horaire-entre-la-metropole-et-la-reunion\/\" \/>\n<meta property=\"og:locale\" content=\"fr_FR\" \/>\n<meta property=\"og:type\" content=\"article\" \/>\n<meta property=\"og:title\" content=\"Quel est le d\u00e9calage horaire entre la m\u00e9tropole et la R\u00e9union ? - Flashmode Magazine | Magazine de mode et style de vie Num\u00e9ro un en Tunisie et au Maghreb\" \/>\n<meta property=\"og:description\" content=\"Le d\u00e9calage horaire \u00e0 La R\u00e9union Paris et Saint-Denis de la R\u00e9union sont respectivement situ\u00e9s sur le fuseau horaire UTC+1 et UTC+4. Ainsi, l&#039;\u00eele de la R\u00e9union est \u00e0 l&#039;avance de 3 heures sur la France. Lorsqu&#039;il est 12:00 \u00e0 Paris, il est 15:00 \u00e0 Saint-Denis.\" \/>\n<meta property=\"og:url\" content=\"https:\/\/flashmode.tn\/magazine\/quel-est-le-decalage-horaire-entre-la-metropole-et-la-reunion\/\" \/>\n<meta property=\"og:site_name\" content=\"Flashmode Magazine | Magazine de mode et style de vie Num\u00e9ro un en Tunisie et au Maghreb\" \/>\n<meta property=\"article:publisher\" content=\"https:\/\/www.facebook.com\/flashmode.magazine\/\" \/>\n<meta property=\"article:published_time\" content=\"2022-01-26T08:27:15+00:00\" \/>\n<meta name=\"author\" content=\"PeopleLife\" \/>\n<meta name=\"twitter:card\" content=\"summary_large_image\" \/>\n<meta name=\"twitter:creator\" content=\"@agenceflashmode\" \/>\n<meta name=\"twitter:site\" content=\"@agenceflashmode\" \/>\n<meta name=\"twitter:label1\" content=\"\u00c9crit par\" \/>\n\t<meta name=\"twitter:data1\" content=\"PeopleLife\" \/>\n\t<meta name=\"twitter:label2\" content=\"Dur\u00e9e de lecture estim\u00e9e\" \/>\n\t<meta name=\"twitter:data2\" content=\"6 minutes\" \/>\n<script type=\"application\/ld+json\" class=\"yoast-schema-graph\">{\"@context\":\"https:\/\/schema.org\",\"@graph\":[{\"@type\":\"WebPage\",\"@id\":\"https:\/\/flashmode.tn\/magazine\/quel-est-le-decalage-horaire-entre-la-metropole-et-la-reunion\/\",\"url\":\"https:\/\/flashmode.tn\/magazine\/quel-est-le-decalage-horaire-entre-la-metropole-et-la-reunion\/\",\"name\":\"Quel est le d\u00e9calage horaire entre la m\u00e9tropole et la R\u00e9union ?\",\"isPartOf\":{\"@id\":\"https:\/\/flashmode.tn\/magazine\/#website\"},\"datePublished\":\"2022-01-26T08:27:15+00:00\",\"author\":{\"@id\":\"https:\/\/flashmode.tn\/magazine\/#\/schema\/person\/6815bd30337e8756d5357219766efcc3\"},\"description\":\"Le d\u00e9calage horaire \u00e0 La R\u00e9union Paris et Saint-Denis de la R\u00e9union sont respectivement situ\u00e9s sur le fuseau horaire UTC+1 et UTC+4. Ainsi, l'\u00eele de la R\u00e9union est \u00e0 l'avance de 3 heures sur la France. Lorsqu'il est 12:00 \u00e0 Paris, il est 15:00 \u00e0 Saint-Denis.\",\"breadcrumb\":{\"@id\":\"https:\/\/flashmode.tn\/magazine\/quel-est-le-decalage-horaire-entre-la-metropole-et-la-reunion\/#breadcrumb\"},\"inLanguage\":\"fr-FR\",\"potentialAction\":[{\"@type\":\"ReadAction\",\"target\":[\"https:\/\/flashmode.tn\/magazine\/quel-est-le-decalage-horaire-entre-la-metropole-et-la-reunion\/\"]}]},{\"@type\":\"BreadcrumbList\",\"@id\":\"https:\/\/flashmode.tn\/magazine\/quel-est-le-decalage-horaire-entre-la-metropole-et-la-reunion\/#breadcrumb\",\"itemListElement\":[{\"@type\":\"ListItem\",\"position\":1,\"name\":\"Accueil\",\"item\":\"https:\/\/flashmode.tn\/magazine\/\"},{\"@type\":\"ListItem\",\"position\":2,\"name\":\"Quel est le d\u00e9calage horaire entre la m\u00e9tropole et la R\u00e9union ?\"}]},{\"@type\":\"WebSite\",\"@id\":\"https:\/\/flashmode.tn\/magazine\/#website\",\"url\":\"https:\/\/flashmode.tn\/magazine\/\",\"name\":\"Flashmode Magazine | Magazine de mode et style de vie Num\u00e9ro un en Tunisie et au Maghreb\",\"description\":\"Magazine de mode et style de vie Num\u00e9ro un en Tunisie et au Maghreb, cr\u00e9\u00e9 pour les hommes et les femmes : conseils beaut\u00e9, mode femme, mode homme, recettes de cuisine, c\u00e9l\u00e9brit\u00e9s et people, mannequins et top modeles\",\"potentialAction\":[{\"@type\":\"SearchAction\",\"target\":{\"@type\":\"EntryPoint\",\"urlTemplate\":\"https:\/\/flashmode.tn\/magazine\/?s={search_term_string}\"},\"query-input\":{\"@type\":\"PropertyValueSpecification\",\"valueRequired\":true,\"valueName\":\"search_term_string\"}}],\"inLanguage\":\"fr-FR\"},{\"@type\":\"Person\",\"@id\":\"https:\/\/flashmode.tn\/magazine\/#\/schema\/person\/6815bd30337e8756d5357219766efcc3\",\"name\":\"PeopleLife\",\"image\":{\"@type\":\"ImageObject\",\"inLanguage\":\"fr-FR\",\"@id\":\"https:\/\/flashmode.tn\/magazine\/#\/schema\/person\/image\/\",\"url\":\"https:\/\/secure.gravatar.com\/avatar\/8098f49196034391d93ae20d939ad33b14f6b745c986049ad803a54f4113e18c?s=96&d=mm&r=g\",\"contentUrl\":\"https:\/\/secure.gravatar.com\/avatar\/8098f49196034391d93ae20d939ad33b14f6b745c986049ad803a54f4113e18c?s=96&d=mm&r=g\",\"caption\":\"PeopleLife\"},\"url\":\"https:\/\/flashmode.tn\/magazine\/author\/peoplelife\/\"}]}<\/script>\n<!-- \/ Yoast SEO Premium plugin. -->","yoast_head_json":{"title":"Quel est le d\u00e9calage horaire entre la m\u00e9tropole et la R\u00e9union ?","description":"Le d\u00e9calage horaire \u00e0 La R\u00e9union Paris et Saint-Denis de la R\u00e9union sont respectivement situ\u00e9s sur le fuseau horaire UTC+1 et UTC+4. Ainsi, l'\u00eele de la R\u00e9union est \u00e0 l'avance de 3 heures sur la France. Lorsqu'il est 12:00 \u00e0 Paris, il est 15:00 \u00e0 Saint-Denis.","robots":{"index":"index","follow":"follow","max-snippet":"max-snippet:-1","max-image-preview":"max-image-preview:large","max-video-preview":"max-video-preview:-1"},"canonical":"https:\/\/flashmode.tn\/magazine\/quel-est-le-decalage-horaire-entre-la-metropole-et-la-reunion\/","og_locale":"fr_FR","og_type":"article","og_title":"Quel est le d\u00e9calage horaire entre la m\u00e9tropole et la R\u00e9union ? - Flashmode Magazine | Magazine de mode et style de vie Num\u00e9ro un en Tunisie et au Maghreb","og_description":"Le d\u00e9calage horaire \u00e0 La R\u00e9union Paris et Saint-Denis de la R\u00e9union sont respectivement situ\u00e9s sur le fuseau horaire UTC+1 et UTC+4. Ainsi, l'\u00eele de la R\u00e9union est \u00e0 l'avance de 3 heures sur la France. Lorsqu'il est 12:00 \u00e0 Paris, il est 15:00 \u00e0 Saint-Denis.","og_url":"https:\/\/flashmode.tn\/magazine\/quel-est-le-decalage-horaire-entre-la-metropole-et-la-reunion\/","og_site_name":"Flashmode Magazine | Magazine de mode et style de vie Num\u00e9ro un en Tunisie et au Maghreb","article_publisher":"https:\/\/www.facebook.com\/flashmode.magazine\/","article_published_time":"2022-01-26T08:27:15+00:00","author":"PeopleLife","twitter_card":"summary_large_image","twitter_creator":"@agenceflashmode","twitter_site":"@agenceflashmode","twitter_misc":{"\u00c9crit par":"PeopleLife","Dur\u00e9e de lecture estim\u00e9e":"6 minutes"},"schema":{"@context":"https:\/\/schema.org","@graph":[{"@type":"WebPage","@id":"https:\/\/flashmode.tn\/magazine\/quel-est-le-decalage-horaire-entre-la-metropole-et-la-reunion\/","url":"https:\/\/flashmode.tn\/magazine\/quel-est-le-decalage-horaire-entre-la-metropole-et-la-reunion\/","name":"Quel est le d\u00e9calage horaire entre la m\u00e9tropole et la R\u00e9union ?","isPartOf":{"@id":"https:\/\/flashmode.tn\/magazine\/#website"},"datePublished":"2022-01-26T08:27:15+00:00","author":{"@id":"https:\/\/flashmode.tn\/magazine\/#\/schema\/person\/6815bd30337e8756d5357219766efcc3"},"description":"Le d\u00e9calage horaire \u00e0 La R\u00e9union Paris et Saint-Denis de la R\u00e9union sont respectivement situ\u00e9s sur le fuseau horaire UTC+1 et UTC+4. Ainsi, l'\u00eele de la R\u00e9union est \u00e0 l'avance de 3 heures sur la France. Lorsqu'il est 12:00 \u00e0 Paris, il est 15:00 \u00e0 Saint-Denis.","breadcrumb":{"@id":"https:\/\/flashmode.tn\/magazine\/quel-est-le-decalage-horaire-entre-la-metropole-et-la-reunion\/#breadcrumb"},"inLanguage":"fr-FR","potentialAction":[{"@type":"ReadAction","target":["https:\/\/flashmode.tn\/magazine\/quel-est-le-decalage-horaire-entre-la-metropole-et-la-reunion\/"]}]},{"@type":"BreadcrumbList","@id":"https:\/\/flashmode.tn\/magazine\/quel-est-le-decalage-horaire-entre-la-metropole-et-la-reunion\/#breadcrumb","itemListElement":[{"@type":"ListItem","position":1,"name":"Accueil","item":"https:\/\/flashmode.tn\/magazine\/"},{"@type":"ListItem","position":2,"name":"Quel est le d\u00e9calage horaire entre la m\u00e9tropole et la R\u00e9union ?"}]},{"@type":"WebSite","@id":"https:\/\/flashmode.tn\/magazine\/#website","url":"https:\/\/flashmode.tn\/magazine\/","name":"Flashmode Magazine | Magazine de mode et style de vie Num\u00e9ro un en Tunisie et au Maghreb","description":"Magazine de mode et style de vie Num\u00e9ro un en Tunisie et au Maghreb, cr\u00e9\u00e9 pour les hommes et les femmes : conseils beaut\u00e9, mode femme, mode homme, recettes de cuisine, c\u00e9l\u00e9brit\u00e9s et people, mannequins et top modeles","potentialAction":[{"@type":"SearchAction","target":{"@type":"EntryPoint","urlTemplate":"https:\/\/flashmode.tn\/magazine\/?s={search_term_string}"},"query-input":{"@type":"PropertyValueSpecification","valueRequired":true,"valueName":"search_term_string"}}],"inLanguage":"fr-FR"},{"@type":"Person","@id":"https:\/\/flashmode.tn\/magazine\/#\/schema\/person\/6815bd30337e8756d5357219766efcc3","name":"PeopleLife","image":{"@type":"ImageObject","inLanguage":"fr-FR","@id":"https:\/\/flashmode.tn\/magazine\/#\/schema\/person\/image\/","url":"https:\/\/secure.gravatar.com\/avatar\/8098f49196034391d93ae20d939ad33b14f6b745c986049ad803a54f4113e18c?s=96&d=mm&r=g","contentUrl":"https:\/\/secure.gravatar.com\/avatar\/8098f49196034391d93ae20d939ad33b14f6b745c986049ad803a54f4113e18c?s=96&d=mm&r=g","caption":"PeopleLife"},"url":"https:\/\/flashmode.tn\/magazine\/author\/peoplelife\/"}]}},"jetpack_publicize_connections":[],"jetpack_featured_media_url":"","jetpack_shortlink":"https:\/\/wp.me\/p8BPGr-hd8","jetpack_sharing_enabled":true,"_links":{"self":[{"href":"https:\/\/flashmode.tn\/magazine\/wp-json\/wp\/v2\/posts\/66162","targetHints":{"allow":["GET"]}}],"collection":[{"href":"https:\/\/flashmode.tn\/magazine\/wp-json\/wp\/v2\/posts"}],"about":[{"href":"https:\/\/flashmode.tn\/magazine\/wp-json\/wp\/v2\/types\/post"}],"author":[{"embeddable":true,"href":"https:\/\/flashmode.tn\/magazine\/wp-json\/wp\/v2\/users\/5"}],"replies":[{"embeddable":true,"href":"https:\/\/flashmode.tn\/magazine\/wp-json\/wp\/v2\/comments?post=66162"}],"version-history":[{"count":0,"href":"https:\/\/flashmode.tn\/magazine\/wp-json\/wp\/v2\/posts\/66162\/revisions"}],"wp:attachment":[{"href":"https:\/\/flashmode.tn\/magazine\/wp-json\/wp\/v2\/media?parent=66162"}],"wp:term":[{"taxonomy":"category","embeddable":true,"href":"https:\/\/flashmode.tn\/magazine\/wp-json\/wp\/v2\/categories?post=66162"},{"taxonomy":"post_tag","embeddable":true,"href":"https:\/\/flashmode.tn\/magazine\/wp-json\/wp\/v2\/tags?post=66162"}],"curies":[{"name":"wp","href":"https:\/\/api.w.org\/{rel}","templated":true}]}}