{"id":66163,"date":"2022-01-15T01:12:24","date_gmt":"2022-01-15T00:12:24","guid":{"rendered":"https:\/\/flashmode.tn\/magazine\/quelle-heure-97490\/"},"modified":"2022-01-15T01:12:24","modified_gmt":"2022-01-15T00:12:24","slug":"quelle-heure-97490","status":"publish","type":"post","link":"https:\/\/flashmode.tn\/magazine\/quelle-heure-97490\/","title":{"rendered":"Quelle heure 97490 ?"},"content":{"rendered":"<p>Quand il est 12:00 en France, il est 15:00 dans \u00e0 Saint-Denis.<\/p>\n<p>Pourquoi on ne change pas d&rsquo;heure \u00e0 La R\u00e9union ? L&rsquo;<b>heure<\/b> r\u00e9unionnaise<\/p>\n<p> Situ\u00e9 \u00e0 20\u00b053\u2032 de latitude sud et \u00e0 55\u00b031\u2032 de longitude est, La <b>R\u00e9union<\/b> r\u00e8gle son horloge sur GMT+4, c&rsquo;est-\u00e0-dire quatre heures de plus que l&rsquo;<b>heure<\/b> du m\u00e9ridien de Greenwich. L&rsquo;<b>heure ne change pas<\/b> entre les villes de La <b>R\u00e9union<\/b>, ni en \u00e9t\u00e9 ni en hiver. &#8230; Exemple : 9h \u00e0 Paris, 12h \u00e0 La <b>R\u00e9union<\/b> (+3h).<\/p>\n<p>or Quelle heure Est-il en m\u00e9tropole ? Heure et d\u00e9calage horaire dans les principales villes de France <\/p>\n<table>\n<tbody>\n<tr>\n<th>     Temps universel coordonn\u00e9    <\/th>\n<th>     <b>      Heure     <\/b>     actuelle    <\/th>\n<th>     Grandes villes dans ce fuseau horaire    <\/th>\n<\/tr>\n<tr>\n<td>     UTC+01:00    <\/td>\n<td>     1:00:05 AM Mardi 11 janvier 2022    <\/td>\n<td>     <b>      Heure     <\/b>     \u00e0 Paris     <b>      Heure     <\/b>     \u00e0 Marseille     <b>      Heure     <\/b>     \u00e0 Lyon     <b>      Heure     <\/b>     \u00e0 Toulouse     <b>      Heure     <\/b>     \u00e0 Nice    <\/td>\n<\/tr>\n<\/tbody>\n<\/table>\n<p>Quand aller \u00e0 l&rsquo;\u00eele de La R\u00e9union ? La p\u00e9riode id\u00e9ale pour visiter ? Sans h\u00e9siter, partez pendant la saison s\u00e8che, durant les mois de Septembre, Octobre et Novembre o\u00f9 le climat est id\u00e9al pour d\u00e9couvrir les magnifiques paysages verdoyants.<\/p>\n<div id=\"ez-toc-container\" class=\"ez-toc-v2_0_81 counter-hierarchy ez-toc-counter ez-toc-grey ez-toc-container-direction\">\n<div class=\"ez-toc-title-container\">\n<p class=\"ez-toc-title\" style=\"cursor:inherit\">Contenus de la page<\/p>\n<span class=\"ez-toc-title-toggle\"><a href=\"#\" class=\"ez-toc-pull-right ez-toc-btn ez-toc-btn-xs ez-toc-btn-default ez-toc-toggle\" aria-label=\"Toggle Table of Content\"><span class=\"ez-toc-js-icon-con\"><span class=\"\"><span class=\"eztoc-hide\" style=\"display:none;\">Toggle<\/span><span class=\"ez-toc-icon-toggle-span\"><svg style=\"fill: #999;color:#999\" xmlns=\"http:\/\/www.w3.org\/2000\/svg\" class=\"list-377408\" width=\"20px\" height=\"20px\" viewBox=\"0 0 24 24\" fill=\"none\"><path d=\"M6 6H4v2h2V6zm14 0H8v2h12V6zM4 11h2v2H4v-2zm16 0H8v2h12v-2zM4 16h2v2H4v-2zm16 0H8v2h12v-2z\" fill=\"currentColor\"><\/path><\/svg><svg style=\"fill: #999;color:#999\" class=\"arrow-unsorted-368013\" xmlns=\"http:\/\/www.w3.org\/2000\/svg\" width=\"10px\" height=\"10px\" viewBox=\"0 0 24 24\" version=\"1.2\" baseProfile=\"tiny\"><path d=\"M18.2 9.3l-6.2-6.3-6.2 6.3c-.2.2-.3.4-.3.7s.1.5.3.7c.2.2.4.3.7.3h11c.3 0 .5-.1.7-.3.2-.2.3-.5.3-.7s-.1-.5-.3-.7zM5.8 14.7l6.2 6.3 6.2-6.3c.2-.2.3-.5.3-.7s-.1-.5-.3-.7c-.2-.2-.4-.3-.7-.3h-11c-.3 0-.5.1-.7.3-.2.2-.3.5-.3.7s.1.5.3.7z\"\/><\/svg><\/span><\/span><\/span><\/a><\/span><\/div>\n<nav><ul class='ez-toc-list ez-toc-list-level-1 ' ><li class='ez-toc-page-1 ez-toc-heading-level-2'><a class=\"ez-toc-link ez-toc-heading-1\" href=\"https:\/\/flashmode.tn\/magazine\/quelle-heure-97490\/#Quel_pays_a_12h_de_decalage_horaire_avec_la_France\" >Quel pays \u00e0 12h de d\u00e9calage horaire avec la France ?<\/a><\/li><li class='ez-toc-page-1 ez-toc-heading-level-2'><a class=\"ez-toc-link ez-toc-heading-2\" href=\"https:\/\/flashmode.tn\/magazine\/quelle-heure-97490\/#Quand_partir_a_La_Reunion_moins_cher\" >Quand partir \u00e0 La R\u00e9union moins cher ?<\/a><\/li><li class='ez-toc-page-1 ez-toc-heading-level-2'><a class=\"ez-toc-link ez-toc-heading-3\" href=\"https:\/\/flashmode.tn\/magazine\/quelle-heure-97490\/#Quel_est_le_pays_avec_le_plus_de_decalage_horaire\" >Quel est le pays avec le plus de d\u00e9calage horaire ?<\/a><\/li><li class='ez-toc-page-1 ez-toc-heading-level-2'><a class=\"ez-toc-link ez-toc-heading-4\" href=\"https:\/\/flashmode.tn\/magazine\/quelle-heure-97490\/#Pourquoi_ne_pas_garder_lheure_du_soleil\" >Pourquoi ne pas garder l&rsquo;heure du soleil ?<\/a><ul class='ez-toc-list-level-3' ><li class='ez-toc-heading-level-3'><a class=\"ez-toc-link ez-toc-heading-5\" href=\"https:\/\/flashmode.tn\/magazine\/quelle-heure-97490\/#Quand_on_change_dheure_2022\" >Quand on change d&rsquo;heure 2022 ?<\/a><\/li><\/ul><\/li><\/ul><\/nav><\/div>\n<h2><span class=\"ez-toc-section\" id=\"Quel_pays_a_12h_de_decalage_horaire_avec_la_France\"><\/span>Quel pays \u00e0 12h de d\u00e9calage horaire avec la France ?<span class=\"ez-toc-section-end\"><\/span><\/h2>\n<p>Nouvelle-Z\u00e9lande (hors \u00eeles Chatham).<\/p>\n<p>Quelle est l&rsquo;heure normale ? <b>EST<\/b> (<b>Heure Normale<\/b> De L&rsquo;<b>Est<\/b> Nord-Am\u00e9ricain) <b>est<\/b> l&rsquo;un des noms bien connus du fuseau horaire UTC-5 qui <b>est<\/b> 5h. derri\u00e8re derri\u00e8re UTC (Temps universel coordonn\u00e9). Le d\u00e9calage temporel par rapport \u00e0 l&rsquo;<b>heure<\/b> UTC peut s&rsquo;\u00e9crire -05:00.<\/p>\n<p>Quel d\u00e9calage horaire avec le soleil ? En France, en hiver il y a un <b>d\u00e9calage<\/b> d&rsquo;environ une <b>heure<\/b> entre l&rsquo;<b>heure<\/b> l\u00e9gale et l&rsquo;<b>heure<\/b> du lever du <b>soleil<\/b> (voir ci-apr\u00e8s dans l&rsquo;article). En \u00e9t\u00e9 on avance d&rsquo;une <b>heure<\/b> de plus, soit environ de deux heures par rapport <b>au soleil<\/b>.<\/p>\n<p>Quand Change-t-on d&rsquo;heure en 2021 ? Le passage \u00e0 l&rsquo;<b>heure<\/b> d&rsquo;hiver se d\u00e9roulera dans la nuit du samedi 30 octobre au dimanche 31 octobre <b>2021<\/b>. La montre doit \u00eatre recul\u00e9e d&rsquo;une <b>heure<\/b> : \u00e0 3 heures du matin, il sera alors 2 heures. Il faudra donc enlever 60 minutes \u00e0 l&rsquo;<b>heure<\/b> l\u00e9gale.<\/p>\n<h2><span class=\"ez-toc-section\" id=\"Quand_partir_a_La_Reunion_moins_cher\"><\/span>Quand partir \u00e0 La R\u00e9union moins cher ?<span class=\"ez-toc-section-end\"><\/span><\/h2>\n<p>La saison s\u00e8che, de mai \u00e0 d\u00e9but novembre, repr\u00e9sente le meilleur moment pour voyager. Certains mois peu fr\u00e9quent\u00e9s sont donc tr\u00e8s int\u00e9ressants pour s\u00e9journer \u00e0 la <b>R\u00e9union<\/b>. &#8230; Pendant ces mois, les billets et les h\u00f4tels sont <b>moins chers<\/b>, la fr\u00e9quentation est plut\u00f4t faible et le climat n&rsquo;est <b>pas<\/b> humide.<\/p>\n<p>Quelle est la saison des pluies \u00e0 la R\u00e9union ? L&rsquo;influence du relief <b>est<\/b> tout aussi fondamentale que les effets de l&rsquo;insularit\u00e9. Il existe deux <b>saisons<\/b> marqu\u00e9es \u00e0 La <b>R\u00e9union<\/b> : la <b>saison des pluies<\/b> qui peut \u00eatre d\u00e9finie entre janvier et mars et la <b>saison<\/b> s\u00e8che, plus longue, qui d\u00e9bute au mois de mai pour s&rsquo;achever au mois de novembre.<\/p>\n<p>Quel est le maximum d&rsquo;heures de d\u00e9calage ?<\/p>\n<p>Le <b>d\u00e9calage horaire maximum<\/b> qu&rsquo;une personne peut exp\u00e9rimenter <b>est<\/b> de 12 heures. Si la diff\u00e9rence entre deux endroits <b>est<\/b> plus que 12 fuseaux <b>horaires<\/b>, il faut soustraire ce chiffre de 24 pour obtenir le nombre r\u00e9el d&rsquo;heures de <b>d\u00e9calage horaire<\/b> ressenti.<\/p>\n<p>Quel est le plus grand d\u00e9calage horaire avec la France ? Exemple pour Rio de Janeiro : le fuseau <b>horaire<\/b> de la <b>France est<\/b> GMT + 1, celui de Rio de Janeiro <b>est<\/b> GMT &#8211; 3, ce qui donne une diff\u00e9rence de &#8211; 4 heures de <b>d\u00e9calage<\/b> entre les deux lieux. Quand il <b>est<\/b> midi <b>\u00e0 Paris<\/b>, il <b>est<\/b> donc 8 heures du matin <b>\u00e0<\/b> Rio.<\/p>\n<h2><span class=\"ez-toc-section\" id=\"Quel_est_le_pays_avec_le_plus_de_decalage_horaire\"><\/span>Quel est le pays avec le plus de d\u00e9calage horaire ?<span class=\"ez-toc-section-end\"><\/span><\/h2>\n<p>La Russie <b>est<\/b> le <b>plus<\/b> grand <b>pays<\/b> du monde, et c&rsquo;<b>est<\/b> donc le <b>pays<\/b> qui a le <b>plus<\/b> de fuseaux <b>horaires<\/b> contigus <b>au<\/b> monde (des fuseaux <b>horaires<\/b> successifs qui se touchent, sans territoires). La Russie s&rsquo;\u00e9tend de l&rsquo;Europe de l&rsquo;<b>Est<\/b> \u00e0 l&rsquo;Asie du Nord-<b>Est<\/b> et il y a donc 11 fuseaux <b>horaires<\/b> diff\u00e9rents allant de UTC-2 \u00e0 UTC-12.<\/p>\n<p>Quelle est la bonne heure Hiver ou \u00e9t\u00e9 ?<\/p>\n<p>En France, l&rsquo;<b>heure<\/b> d&rsquo;<b>\u00e9t\u00e9<\/b> correspond \u00e0 deux heures d&rsquo;avance sur l&rsquo;<b>heure<\/b> solaire, ce qui \u00ab\u00a0n&rsquo;<b>est<\/b> pas une <b>bonne<\/b> id\u00e9e\u00a0\u00bb. Des sp\u00e9cialistes des rythmes biologiques recommandent de rester \u00e0 l&rsquo;<b>heure<\/b> d&rsquo;<b>hiver<\/b>.<\/p>\n<p>Qu&rsquo;est-ce que l&rsquo;heure vraie ? L&rsquo;<b>heure<\/b> \u00ab\u00a0<b>vraie<\/b>\u00a0\u00bb (aussi appel\u00e9e \u00ab\u00a0<b>heure<\/b> solaire\u00a0\u00bb) <b>est<\/b> d\u00e9finie g\u00e9om\u00e9triquement de la fa\u00e7on suivante: il <b>est<\/b> midi <b>vrai<\/b> (=12h00) lorsque le soleil <b>est<\/b> exactement situ\u00e9 dans le plan m\u00e9ridien du lieu consid\u00e9r\u00e9. &#8230; A midi <b>vrai<\/b> le soleil atteint sa hauteur maximale pour la journ\u00e9e consid\u00e9r\u00e9e.<\/p>\n<p>Quelle est l&rsquo;heure normale \u00c9t\u00e9 ou hiver ? L&rsquo;<b>heure<\/b> d&rsquo;<b>hiver<\/b> correspond \u00e0 l&rsquo;<b>heure<\/b> \u00ab\u00a0<b>normale<\/b>\u00a0\u00bb de la France, mais elle reste en d\u00e9calage d&rsquo;une <b>heure<\/b> par rapport \u00e0 l&rsquo;<b>heure<\/b> GMT (Greenwich mean time). En d&rsquo;autres termes, l&rsquo;<b>heure<\/b> d&rsquo;<b>hiver<\/b> en France ne correspond pas \u00e0 l&rsquo;<b>heure<\/b> de son fuseau horaire g\u00e9ographique. Et c&rsquo;<b>est<\/b> pour cette raison que l&rsquo;on parle de \u00ab\u00a0GMT+1\u00a0\u00bb.<\/p>\n<h2><span class=\"ez-toc-section\" id=\"Pourquoi_ne_pas_garder_lheure_du_soleil\"><\/span>Pourquoi ne pas garder l&rsquo;heure du soleil ?<span class=\"ez-toc-section-end\"><\/span><\/h2>\n<p>Les sp\u00e9cialistes estiment que c&rsquo;est mauvais pour notre sant\u00e9, que cela repr\u00e9sente un trop gros d\u00e9calage entre notre rythme biologique et notre rythme de vie. L&rsquo;avantage bien entendu, c&rsquo;est de profiter de longues soir\u00e9es d&rsquo;\u00e9t\u00e9 avant que la nuit <b>ne<\/b> tombe\u2026<\/p>\n<p>Quelle est la vraie heure Hiver ou \u00e9t\u00e9 ? L&rsquo;<b>heure<\/b> l\u00e9gale <b>est<\/b> ainsi avanc\u00e9e d&rsquo;une <b>heure<\/b> par rapport \u00e0 son fuseau de r\u00e9f\u00e9rence. Depuis plus de 70 ans, la situation n&rsquo;a pas chang\u00e9, si ce n&rsquo;<b>est<\/b> qu&rsquo;en adoptant un horaire d&rsquo;<b>\u00e9t\u00e9<\/b> en 1975, la France a choisi d&rsquo;accentuer encore le d\u00e9calage en <b>\u00e9t\u00e9<\/b>.<\/p>\n<p>Pourquoi Paris n&rsquo;est plus \u00e0 l&rsquo;heure solaire ?<\/p>\n<p>Il y a 100 ans, apr\u00e8s presque 30 ans de r\u00e9sistance, la France abandonnait l&rsquo;<b>heure<\/b> de <b>Paris<\/b> pour se mettre \u00e0 celle de Greenwich&#8230; sans pour autant l&rsquo;indiquer explicitement dans le texte de loi. Le compte rendu de la Conf\u00e9rence internationale du m\u00e9ridien qui se tint en octobre 1884 \u00e0 Washington.<\/p>\n<p>Est-ce La derni\u00e8re fois que lon change d&rsquo;heure ? Mais ce <b>changement d&rsquo;heure est<\/b> pourtant amen\u00e9 \u00e0 dispara\u00eetre. Alors que sa suppression a \u00e9t\u00e9 approuv\u00e9e par le Parlement Europ\u00e9en en 2019, celle-ci devait \u00eatre effective en 2021. &#8230; Le <b>dernier changement d&rsquo;heure<\/b> et donc passage \u00e0 l&rsquo;<b>heure<\/b> d&rsquo;\u00e9t\u00e9, <b>est<\/b> lui fix\u00e9 au 27 mars 2022.<\/p>\n<h3><span class=\"ez-toc-section\" id=\"Quand_on_change_dheure_2022\"><\/span>Quand on change d&rsquo;heure 2022 ?<span class=\"ez-toc-section-end\"><\/span><\/h3>\n<p>En <b>2022<\/b>, le passage a l&rsquo;<b>heure<\/b> d&rsquo;\u00e9t\u00e9 aura lieu dans la nuit du dimanche 27 mars <b>2022<\/b> \u00e0 2h du matin. Le passage \u00e0 l&rsquo;<b>heure<\/b> d&rsquo;hiver aura lieu dans la nuit du dimanche 30 octobre <b>2022<\/b> \u00e0 3h du matin.<\/p>\n<p>Quelle heure Avons-nous avant 1976 ? France <\/p>\n<table>\n<tbody>\n<tr>\n<th>     Ann\u00e9e    <\/th>\n<th>     Passage \u00e0 l&rsquo;     <b>      heure     <\/b>     d&rsquo;\u00e9t\u00e9    <\/th>\n<th>     Passage \u00e0 l&rsquo;     <b>      heure     <\/b>     d&rsquo;hiver    <\/th>\n<\/tr>\n<tr>\n<td>    <\/td>\n<td>     1 h CET \u00e0 2 h CEST    <\/td>\n<td>     1 h CEST \u00e0 0 h CET    <\/td>\n<\/tr>\n<tr>\n<td>     <b>      1976     <\/b>    <\/td>\n<td>     28 mars    <\/td>\n<td>     26 septembre    <\/td>\n<\/tr>\n<tr>\n<td>    <\/td>\n<td>     2 h CET \u00e0 3 h CEST    <\/td>\n<td>     3 h CEST \u00e0 2 h CET    <\/td>\n<\/tr>\n<tr>\n<td>     1977    <\/td>\n<td>     3 avril    <\/td>\n<td>     25 septembre    <\/td>\n<\/tr>\n<\/tbody>\n<\/table>\n<h2><\/h2>\n","protected":false},"excerpt":{"rendered":"<p>Quand il est 12:00 en France, il est 15:00 dans \u00e0 Saint-Denis. Pourquoi on ne change pas d&rsquo;heure \u00e0 La R\u00e9union ? L&rsquo;heure r\u00e9unionnaise Situ\u00e9 \u00e0 20\u00b053\u2032 de latitude sud et \u00e0 55\u00b031\u2032 de longitude est, La R\u00e9union r\u00e8gle son horloge sur GMT+4, c&rsquo;est-\u00e0-dire quatre heures de plus que l&rsquo;heure du m\u00e9ridien de Greenwich. L&rsquo;heure [&hellip;]<\/p>\n","protected":false},"author":5,"featured_media":0,"comment_status":"open","ping_status":"open","sticky":false,"template":"","format":"standard","meta":{"tdm_status":"","tdm_grid_status":"","_jetpack_memberships_contains_paid_content":false,"footnotes":"","jetpack_publicize_message":"","jetpack_publicize_feature_enabled":true,"jetpack_social_post_already_shared":false,"jetpack_social_options":{"image_generator_settings":{"template":"highway","default_image_id":0,"font":"","enabled":false},"version":2}},"categories":[80],"tags":[],"class_list":["post-66163","post","type-post","status-publish","format-standard","hentry","category-lifestyle"],"yoast_head":"<!-- This site is optimized with the Yoast SEO Premium plugin v25.0 (Yoast SEO v25.0) - https:\/\/yoast.com\/wordpress\/plugins\/seo\/ -->\n<title>Quelle heure 97490 ?<\/title>\n<meta name=\"description\" content=\"Quand il est 12:00 en France, il est 15:00 dans \u00e0 Saint-Denis.\" \/>\n<meta name=\"robots\" content=\"index, follow, max-snippet:-1, max-image-preview:large, max-video-preview:-1\" \/>\n<link rel=\"canonical\" href=\"https:\/\/flashmode.tn\/magazine\/quelle-heure-97490\/\" \/>\n<meta property=\"og:locale\" content=\"fr_FR\" \/>\n<meta property=\"og:type\" content=\"article\" \/>\n<meta property=\"og:title\" content=\"Quelle heure 97490 ? - Flashmode Magazine | Magazine de mode et style de vie Num\u00e9ro un en Tunisie et au Maghreb\" \/>\n<meta property=\"og:description\" content=\"Quand il est 12:00 en France, il est 15:00 dans \u00e0 Saint-Denis.\" \/>\n<meta property=\"og:url\" content=\"https:\/\/flashmode.tn\/magazine\/quelle-heure-97490\/\" \/>\n<meta property=\"og:site_name\" content=\"Flashmode Magazine | Magazine de mode et style de vie Num\u00e9ro un en Tunisie et au Maghreb\" \/>\n<meta property=\"article:publisher\" content=\"https:\/\/www.facebook.com\/flashmode.magazine\/\" \/>\n<meta property=\"article:published_time\" content=\"2022-01-15T00:12:24+00:00\" \/>\n<meta name=\"author\" content=\"PeopleLife\" \/>\n<meta name=\"twitter:card\" content=\"summary_large_image\" \/>\n<meta name=\"twitter:creator\" content=\"@agenceflashmode\" \/>\n<meta name=\"twitter:site\" content=\"@agenceflashmode\" \/>\n<meta name=\"twitter:label1\" content=\"\u00c9crit par\" \/>\n\t<meta name=\"twitter:data1\" content=\"PeopleLife\" \/>\n\t<meta name=\"twitter:label2\" content=\"Dur\u00e9e de lecture estim\u00e9e\" \/>\n\t<meta name=\"twitter:data2\" content=\"5 minutes\" \/>\n<script type=\"application\/ld+json\" class=\"yoast-schema-graph\">{\"@context\":\"https:\/\/schema.org\",\"@graph\":[{\"@type\":\"WebPage\",\"@id\":\"https:\/\/flashmode.tn\/magazine\/quelle-heure-97490\/\",\"url\":\"https:\/\/flashmode.tn\/magazine\/quelle-heure-97490\/\",\"name\":\"Quelle heure 97490 ?\",\"isPartOf\":{\"@id\":\"https:\/\/flashmode.tn\/magazine\/#website\"},\"datePublished\":\"2022-01-15T00:12:24+00:00\",\"author\":{\"@id\":\"https:\/\/flashmode.tn\/magazine\/#\/schema\/person\/6815bd30337e8756d5357219766efcc3\"},\"description\":\"Quand il est 12:00 en France, il est 15:00 dans \u00e0 Saint-Denis.\",\"breadcrumb\":{\"@id\":\"https:\/\/flashmode.tn\/magazine\/quelle-heure-97490\/#breadcrumb\"},\"inLanguage\":\"fr-FR\",\"potentialAction\":[{\"@type\":\"ReadAction\",\"target\":[\"https:\/\/flashmode.tn\/magazine\/quelle-heure-97490\/\"]}]},{\"@type\":\"BreadcrumbList\",\"@id\":\"https:\/\/flashmode.tn\/magazine\/quelle-heure-97490\/#breadcrumb\",\"itemListElement\":[{\"@type\":\"ListItem\",\"position\":1,\"name\":\"Accueil\",\"item\":\"https:\/\/flashmode.tn\/magazine\/\"},{\"@type\":\"ListItem\",\"position\":2,\"name\":\"Quelle heure 97490 ?\"}]},{\"@type\":\"WebSite\",\"@id\":\"https:\/\/flashmode.tn\/magazine\/#website\",\"url\":\"https:\/\/flashmode.tn\/magazine\/\",\"name\":\"Flashmode Magazine | Magazine de mode et style de vie Num\u00e9ro un en Tunisie et au Maghreb\",\"description\":\"Magazine de mode et style de vie Num\u00e9ro un en Tunisie et au Maghreb, cr\u00e9\u00e9 pour les hommes et les femmes : conseils beaut\u00e9, mode femme, mode homme, recettes de cuisine, c\u00e9l\u00e9brit\u00e9s et people, mannequins et top modeles\",\"potentialAction\":[{\"@type\":\"SearchAction\",\"target\":{\"@type\":\"EntryPoint\",\"urlTemplate\":\"https:\/\/flashmode.tn\/magazine\/?s={search_term_string}\"},\"query-input\":{\"@type\":\"PropertyValueSpecification\",\"valueRequired\":true,\"valueName\":\"search_term_string\"}}],\"inLanguage\":\"fr-FR\"},{\"@type\":\"Person\",\"@id\":\"https:\/\/flashmode.tn\/magazine\/#\/schema\/person\/6815bd30337e8756d5357219766efcc3\",\"name\":\"PeopleLife\",\"image\":{\"@type\":\"ImageObject\",\"inLanguage\":\"fr-FR\",\"@id\":\"https:\/\/flashmode.tn\/magazine\/#\/schema\/person\/image\/\",\"url\":\"https:\/\/secure.gravatar.com\/avatar\/8098f49196034391d93ae20d939ad33b14f6b745c986049ad803a54f4113e18c?s=96&d=mm&r=g\",\"contentUrl\":\"https:\/\/secure.gravatar.com\/avatar\/8098f49196034391d93ae20d939ad33b14f6b745c986049ad803a54f4113e18c?s=96&d=mm&r=g\",\"caption\":\"PeopleLife\"},\"url\":\"https:\/\/flashmode.tn\/magazine\/author\/peoplelife\/\"}]}<\/script>\n<!-- \/ Yoast SEO Premium plugin. -->","yoast_head_json":{"title":"Quelle heure 97490 ?","description":"Quand il est 12:00 en France, il est 15:00 dans \u00e0 Saint-Denis.","robots":{"index":"index","follow":"follow","max-snippet":"max-snippet:-1","max-image-preview":"max-image-preview:large","max-video-preview":"max-video-preview:-1"},"canonical":"https:\/\/flashmode.tn\/magazine\/quelle-heure-97490\/","og_locale":"fr_FR","og_type":"article","og_title":"Quelle heure 97490 ? - Flashmode Magazine | Magazine de mode et style de vie Num\u00e9ro un en Tunisie et au Maghreb","og_description":"Quand il est 12:00 en France, il est 15:00 dans \u00e0 Saint-Denis.","og_url":"https:\/\/flashmode.tn\/magazine\/quelle-heure-97490\/","og_site_name":"Flashmode Magazine | Magazine de mode et style de vie Num\u00e9ro un en Tunisie et au Maghreb","article_publisher":"https:\/\/www.facebook.com\/flashmode.magazine\/","article_published_time":"2022-01-15T00:12:24+00:00","author":"PeopleLife","twitter_card":"summary_large_image","twitter_creator":"@agenceflashmode","twitter_site":"@agenceflashmode","twitter_misc":{"\u00c9crit par":"PeopleLife","Dur\u00e9e de lecture estim\u00e9e":"5 minutes"},"schema":{"@context":"https:\/\/schema.org","@graph":[{"@type":"WebPage","@id":"https:\/\/flashmode.tn\/magazine\/quelle-heure-97490\/","url":"https:\/\/flashmode.tn\/magazine\/quelle-heure-97490\/","name":"Quelle heure 97490 ?","isPartOf":{"@id":"https:\/\/flashmode.tn\/magazine\/#website"},"datePublished":"2022-01-15T00:12:24+00:00","author":{"@id":"https:\/\/flashmode.tn\/magazine\/#\/schema\/person\/6815bd30337e8756d5357219766efcc3"},"description":"Quand il est 12:00 en France, il est 15:00 dans \u00e0 Saint-Denis.","breadcrumb":{"@id":"https:\/\/flashmode.tn\/magazine\/quelle-heure-97490\/#breadcrumb"},"inLanguage":"fr-FR","potentialAction":[{"@type":"ReadAction","target":["https:\/\/flashmode.tn\/magazine\/quelle-heure-97490\/"]}]},{"@type":"BreadcrumbList","@id":"https:\/\/flashmode.tn\/magazine\/quelle-heure-97490\/#breadcrumb","itemListElement":[{"@type":"ListItem","position":1,"name":"Accueil","item":"https:\/\/flashmode.tn\/magazine\/"},{"@type":"ListItem","position":2,"name":"Quelle heure 97490 ?"}]},{"@type":"WebSite","@id":"https:\/\/flashmode.tn\/magazine\/#website","url":"https:\/\/flashmode.tn\/magazine\/","name":"Flashmode Magazine | Magazine de mode et style de vie Num\u00e9ro un en Tunisie et au Maghreb","description":"Magazine de mode et style de vie Num\u00e9ro un en Tunisie et au Maghreb, cr\u00e9\u00e9 pour les hommes et les femmes : conseils beaut\u00e9, mode femme, mode homme, recettes de cuisine, c\u00e9l\u00e9brit\u00e9s et people, mannequins et top modeles","potentialAction":[{"@type":"SearchAction","target":{"@type":"EntryPoint","urlTemplate":"https:\/\/flashmode.tn\/magazine\/?s={search_term_string}"},"query-input":{"@type":"PropertyValueSpecification","valueRequired":true,"valueName":"search_term_string"}}],"inLanguage":"fr-FR"},{"@type":"Person","@id":"https:\/\/flashmode.tn\/magazine\/#\/schema\/person\/6815bd30337e8756d5357219766efcc3","name":"PeopleLife","image":{"@type":"ImageObject","inLanguage":"fr-FR","@id":"https:\/\/flashmode.tn\/magazine\/#\/schema\/person\/image\/","url":"https:\/\/secure.gravatar.com\/avatar\/8098f49196034391d93ae20d939ad33b14f6b745c986049ad803a54f4113e18c?s=96&d=mm&r=g","contentUrl":"https:\/\/secure.gravatar.com\/avatar\/8098f49196034391d93ae20d939ad33b14f6b745c986049ad803a54f4113e18c?s=96&d=mm&r=g","caption":"PeopleLife"},"url":"https:\/\/flashmode.tn\/magazine\/author\/peoplelife\/"}]}},"jetpack_publicize_connections":[],"jetpack_featured_media_url":"","jetpack_shortlink":"https:\/\/wp.me\/p8BPGr-hd9","jetpack_sharing_enabled":true,"_links":{"self":[{"href":"https:\/\/flashmode.tn\/magazine\/wp-json\/wp\/v2\/posts\/66163","targetHints":{"allow":["GET"]}}],"collection":[{"href":"https:\/\/flashmode.tn\/magazine\/wp-json\/wp\/v2\/posts"}],"about":[{"href":"https:\/\/flashmode.tn\/magazine\/wp-json\/wp\/v2\/types\/post"}],"author":[{"embeddable":true,"href":"https:\/\/flashmode.tn\/magazine\/wp-json\/wp\/v2\/users\/5"}],"replies":[{"embeddable":true,"href":"https:\/\/flashmode.tn\/magazine\/wp-json\/wp\/v2\/comments?post=66163"}],"version-history":[{"count":0,"href":"https:\/\/flashmode.tn\/magazine\/wp-json\/wp\/v2\/posts\/66163\/revisions"}],"wp:attachment":[{"href":"https:\/\/flashmode.tn\/magazine\/wp-json\/wp\/v2\/media?parent=66163"}],"wp:term":[{"taxonomy":"category","embeddable":true,"href":"https:\/\/flashmode.tn\/magazine\/wp-json\/wp\/v2\/categories?post=66163"},{"taxonomy":"post_tag","embeddable":true,"href":"https:\/\/flashmode.tn\/magazine\/wp-json\/wp\/v2\/tags?post=66163"}],"curies":[{"name":"wp","href":"https:\/\/api.w.org\/{rel}","templated":true}]}}