{"id":66277,"date":"2022-01-25T16:33:24","date_gmt":"2022-01-25T15:33:24","guid":{"rendered":"https:\/\/flashmode.tn\/magazine\/?p=66277"},"modified":"2022-01-25T16:33:24","modified_gmt":"2022-01-25T15:33:24","slug":"est-ce-que-la-frange-rajeunit","status":"publish","type":"post","link":"https:\/\/flashmode.tn\/magazine\/est-ce-que-la-frange-rajeunit\/","title":{"rendered":"Est-ce que la frange rajeunit ?"},"content":{"rendered":"<p>La <b>frange est<\/b> une v\u00e9ritable cure de rajeunissement. Non seulement elle masque les petites rides sur le front, mais elle d\u00e9tourne \u00e9galement le regard des petites imperfections, notamment sur le cou et le menton. Elle peut \u00eatre courte, longue, oblique ou droite, tout d\u00e9pend de la forme du visage.<\/p>\n<p>Comment savoir si on a une t\u00eate \u00e0 frange ? L&rsquo;id\u00e9al est de choisir une <b>frange<\/b> qui se coiffe sur le c\u00f4t\u00e9 pour \u00e9viter l&rsquo;effet trop rectiligne d&rsquo;une <b>frange<\/b> droite. Mieux vaut opter pour une <b>frange<\/b> longue. Une d\u00e9limitation juste en dessous du sourcil donnera l&rsquo;impression que votre visage est plus petit. Evitez surtout les <b>franges<\/b> courtes!<\/p>\n<p>or Est-ce que la frange vieillit ? La <b>frange<\/b>. Les rides font leurs apparitions sur votre front, ceci <b>est<\/b> normal, c&rsquo;<b>est<\/b> la nature. Vous souhaitez tout naturellement les cacher \u00e0 l&rsquo;aide d&rsquo;une <b>frange<\/b>, certes, mais ne choisissez pas une <b>frange<\/b> trop carr\u00e9 ou trop lourde qui rendrait votre visage plus s\u00e9v\u00e8re.<\/p>\n<p>Quelle frange apr\u00e8s 50 ans ? <b>Apr\u00e8s 50 ans<\/b>, \u00e9vitez les coupes structur\u00e9es<\/p>\n<p> Les carr\u00e9s boules, les <b>franges<\/b> droites, les carr\u00e9s plongeants et autres coupes de cheveux tr\u00e8s structur\u00e9es sont d\u00e9conseill\u00e9es pass\u00e9 la cinquantaine. Leur c\u00f4t\u00e9 graphique aura tendance <b>\u00e0<\/b> durcir les traits.<\/p>\n<div id=\"ez-toc-container\" class=\"ez-toc-v2_0_81 counter-hierarchy ez-toc-counter ez-toc-grey ez-toc-container-direction\">\n<div class=\"ez-toc-title-container\">\n<p class=\"ez-toc-title\" style=\"cursor:inherit\">Contenus de la page<\/p>\n<span class=\"ez-toc-title-toggle\"><a href=\"#\" class=\"ez-toc-pull-right ez-toc-btn ez-toc-btn-xs ez-toc-btn-default ez-toc-toggle\" aria-label=\"Toggle Table of Content\"><span class=\"ez-toc-js-icon-con\"><span class=\"\"><span class=\"eztoc-hide\" style=\"display:none;\">Toggle<\/span><span class=\"ez-toc-icon-toggle-span\"><svg style=\"fill: #999;color:#999\" xmlns=\"http:\/\/www.w3.org\/2000\/svg\" class=\"list-377408\" width=\"20px\" height=\"20px\" viewBox=\"0 0 24 24\" fill=\"none\"><path d=\"M6 6H4v2h2V6zm14 0H8v2h12V6zM4 11h2v2H4v-2zm16 0H8v2h12v-2zM4 16h2v2H4v-2zm16 0H8v2h12v-2z\" fill=\"currentColor\"><\/path><\/svg><svg style=\"fill: #999;color:#999\" class=\"arrow-unsorted-368013\" xmlns=\"http:\/\/www.w3.org\/2000\/svg\" width=\"10px\" height=\"10px\" viewBox=\"0 0 24 24\" version=\"1.2\" baseProfile=\"tiny\"><path d=\"M18.2 9.3l-6.2-6.3-6.2 6.3c-.2.2-.3.4-.3.7s.1.5.3.7c.2.2.4.3.7.3h11c.3 0 .5-.1.7-.3.2-.2.3-.5.3-.7s-.1-.5-.3-.7zM5.8 14.7l6.2 6.3 6.2-6.3c.2-.2.3-.5.3-.7s-.1-.5-.3-.7c-.2-.2-.4-.3-.7-.3h-11c-.3 0-.5.1-.7.3-.2.2-.3.5-.3.7s.1.5.3.7z\"\/><\/svg><\/span><\/span><\/span><\/a><\/span><\/div>\n<nav><ul class='ez-toc-list ez-toc-list-level-1 ' ><li class='ez-toc-page-1 ez-toc-heading-level-2'><a class=\"ez-toc-link ez-toc-heading-1\" href=\"https:\/\/flashmode.tn\/magazine\/est-ce-que-la-frange-rajeunit\/#Quelle_frange_a_50_ans\" >Quelle frange \u00e0 50 ans ?<\/a><\/li><li class='ez-toc-page-1 ez-toc-heading-level-2'><a class=\"ez-toc-link ez-toc-heading-2\" href=\"https:\/\/flashmode.tn\/magazine\/est-ce-que-la-frange-rajeunit\/#Qui_peut_porter_une_frange\" >Qui peut porter une frange ?<\/a><\/li><li class='ez-toc-page-1 ez-toc-heading-level-2'><a class=\"ez-toc-link ez-toc-heading-3\" href=\"https:\/\/flashmode.tn\/magazine\/est-ce-que-la-frange-rajeunit\/#Comment_savoir_la_coupe_de_cheveux_qui_nous_va_le_mieux\" >Comment savoir la coupe de cheveux qui nous va le mieux ?<\/a><\/li><li class='ez-toc-page-1 ez-toc-heading-level-2'><a class=\"ez-toc-link ez-toc-heading-4\" href=\"https:\/\/flashmode.tn\/magazine\/est-ce-que-la-frange-rajeunit\/#Comment_rattraper_une_frange\" >Comment rattraper une frange ?<\/a><ul class='ez-toc-list-level-3' ><li class='ez-toc-heading-level-3'><a class=\"ez-toc-link ez-toc-heading-5\" href=\"https:\/\/flashmode.tn\/magazine\/est-ce-que-la-frange-rajeunit\/#Comment_faire_une_frange_rideau_Soi-meme\" >Comment faire une frange rideau Soi-m\u00eame ?<\/a><\/li><\/ul><\/li><\/ul><\/nav><\/div>\n<h2><span class=\"ez-toc-section\" id=\"Quelle_frange_a_50_ans\"><\/span>Quelle frange \u00e0 50 ans ?<span class=\"ez-toc-section-end\"><\/span><\/h2>\n<p>La <b>frange<\/b> peut encore se porter apr\u00e8s <b>50 ans<\/b>. Elle peut se faire asym\u00e9trique et se caler sur le c\u00f4t\u00e9 du visage, \u00e0 l&rsquo;image de Nathalie Baye. Mais elle peut tout aussi bien \u00eatre un peu courte et effil\u00e9e, pour \u00e9viter une <b>frange<\/b> trop raide et droite. Cela d\u00e9pend aussi de la forme de votre visage.<\/p>\n<p>Comment savoir si une frange m&rsquo;irait bien ? Une <b>frange<\/b> l\u00e9g\u00e8re, effil\u00e9e et \u00e9bouriff\u00e9e convient mieux \u00e0 celles qui ont un front plus long ainsi <b>qu<\/b>&lsquo;\u00e0 toutes celles qui souhaitent accentuer leurs traits de visage. &#8230; La <b>frange<\/b> droite <b>est<\/b> conseill\u00e9e \u00e0 celles qui ont un front plus long ou une forme de visage ovale pour \u00e9viter d&rsquo;alourdir les traits du visage.<\/p>\n<p>Comment savoir si une frange rideau me va ? <b>Si<\/b> vous avez le visage rond, vous pouvez envisager la <b>frange rideau<\/b>. <b>Si<\/b> vous la choisissez courte et effil\u00e9e, elle vous permettra d&rsquo;allonger votre visage, rajeuni par vos joues pleines. <b>Si<\/b> vous avez un grand front, la <b>frange rideau<\/b> repr\u00e9sente une excellente id\u00e9e pour subtilement le cacher.<\/p>\n<p>Quel visage pour une frange ? &#8211; La <b>frange pour<\/b> un <b>visage<\/b> rond est plut\u00f4t courte et d\u00e9grad\u00e9e <b>pour<\/b> vous permettre d&rsquo;allonger votre <b>visage<\/b>. &#8211; Si vous avez un <b>visage<\/b> carr\u00e9, mieux vaut opter <b>pour une frange<\/b> longue qui permettra d&rsquo;adoucir vos traits et <b>de<\/b> casser l&rsquo;effet carr\u00e9. &#8211; Celles qui ont un <b>visage<\/b> ovale on <b>de de<\/b> la chance !<\/p>\n<h2><span class=\"ez-toc-section\" id=\"Qui_peut_porter_une_frange\"><\/span>Qui peut porter une frange ?<span class=\"ez-toc-section-end\"><\/span><\/h2>\n<p>&#8211; Celles <b>qui<\/b> ont un visage ovale on de de la chance ! C&rsquo;est la forme de visage <b>qui peut<\/b> \u00e0 peu pr\u00e8s tout se permettre en mati\u00e8re de <b>frange<\/b>. Longue, courte, \u00e9paisse ou fine, ce sera selon vos go\u00fbts et votre humeur ! &#8211; Pour les visages longs, il est conseill\u00e9 de choisir une <b>frange<\/b> sur le c\u00f4t\u00e9 et longue.<\/p>\n<p>Comment porter la frange avec des lunettes ? <b>Frange<\/b> et <b>lunettes<\/b>: Une <b>frange<\/b> de c\u00f4t\u00e9 en biais est id\u00e9ale pour les femmes qui portent des <b>lunettes<\/b>. Par contre, la <b>frange<\/b> droite est d\u00e9conseill\u00e9e car en plus des <b>lunettes<\/b>, elle couvre une grande partie du visage, ce qui lui donne un aspect massif.<\/p>\n<p>Quelle frange avec des cheveux boucl\u00e9s ?<\/p>\n<p>En g\u00e9n\u00e9ral, <b>les cheveux<\/b> boucl\u00e9s et souples pr\u00e9f\u00e8reront une <b>frange<\/b> longue et un peu sur le c\u00f4t\u00e9 ou une <b>frange<\/b> m\u00e8che, plus simple <b>\u00e0<\/b> porter. Elle est id\u00e9ale lorsqu&rsquo;elle est d\u00e9grad\u00e9e ou effil\u00e9e et se porte sur le c\u00f4t\u00e9, elle permet <b>de<\/b> donner un c\u00f4t\u00e9 structur\u00e9 tout en conservant l&rsquo;aspect sauvage <b>de<\/b> vos <b>cheveux<\/b> boucl\u00e9s.<\/p>\n<p>Comment porter les cheveux longs apr\u00e8s 50 ans ? Astuce : pour des <b>cheveux longs apr\u00e8s 50 ans<\/b>, renforcez vos <b>cheveux \u00e0<\/b> l&rsquo;aide de produits <b>\u00e0<\/b> base de k\u00e9ratine. De plus, appliquez un soin une <b>\u00e0<\/b> deux fois par semaine, utilisez des produits coiffants qui donneront <b>\u00e0<\/b> vos <b>cheveux<\/b> plus de brillance et de la mousse ou un spray volume pour plus de mati\u00e8re.<\/p>\n<h2><span class=\"ez-toc-section\" id=\"Comment_savoir_la_coupe_de_cheveux_qui_nous_va_le_mieux\"><\/span>Comment savoir la coupe de cheveux qui nous va le mieux ?<span class=\"ez-toc-section-end\"><\/span><\/h2>\n<p>Le point d&rsquo;intersection des deux lignes d\u00e9tient le secret : <b>si<\/b> la distance entre le lobe de l&rsquo;oreille et le menton est inf\u00e9rieure \u00e0 5,5 centim\u00e8tres, foncez chez le coiffeur et faites-vous <b>couper<\/b> les <b>cheveux<\/b> sans h\u00e9siter. <b>Si<\/b> elle est sup\u00e9rieure \u00e0 5,5 centim\u00e8tres, une <b>coupe<\/b> longue sera plus \u00e0 votre avantage.<\/p>\n<p>Quelle frange pour un visage rond ?<\/p>\n<p>Optez plut\u00f4t <b>pour<\/b> une <b>frange<\/b> courte, juste au-dessus des sourcils, ou une <b>frange<\/b> sur le c\u00f4t\u00e9 qui balaie le front et descend sur les joues. C\u00f4t\u00e9 coiffures, privil\u00e9giez celles avec un certain volume, de belles ondulations, comme des carr\u00e9s mi-longs effil\u00e9s ou encore un chignon haut perch\u00e9.<\/p>\n<p>Quel carr\u00e9 \u00e0 50 ans ? <b>  <b>   Quel carr\u00e9  <\/b>  adopter apr\u00e8s  <b>   50 ans  <\/b>  ? <\/b> <\/p>\n<ul>\n<li>   Le   <b>    carr\u00e9   <\/b>   plongeant. Si, comme Brigitte Macron, vous avez un peu le menton en avant, la version plongeante du   <b>    carr\u00e9   <\/b>   est faite pour vous. &#8230;  <\/li>\n<li>   Le   <b>    carr\u00e9   <\/b>   flou. &#8230;  <\/li>\n<li>   Le   <b>    carr\u00e9   <\/b>   \u00ab\u00a0frang\u00e9\u00a0\u00bb &#8230;  <\/li>\n<li>   Le court \u00e0 la Louise Brooks. &#8230;  <\/li>\n<li>   La version cheveux blancs.  <\/li>\n<\/ul>\n<p>Quelles sont les diff\u00e9rentes franges ? <b>  10  <b>   types de Frange  <\/b> <\/b> <\/p>\n<ol>\n<li>   La   <b>    frange   <\/b>   courte. Du courage il en faut une bonne dose pour oser les coupes courtes. &#8230;  <\/li>\n<li>   La   <b>    frange   <\/b>   Bardot. &#8230;  <\/li>\n<li>   La   <b>    frange   <\/b>   Birkin. &#8230;  <\/li>\n<li>   La   <b>    frange   <\/b>   de c\u00f4t\u00e9 &#8230;  <\/li>\n<li>   La   <b>    frange   <\/b>   longue. &#8230;  <\/li>\n<li>   La   <b>    frange   <\/b>   boucl\u00e9e. &#8230;  <\/li>\n<li>   La   <b>    frange   <\/b>   afro. &#8230;  <\/li>\n<li>   La   <b>    frange   <\/b>   asym\u00e9trique.  <\/li>\n<\/ol>\n<h2><span class=\"ez-toc-section\" id=\"Comment_rattraper_une_frange\"><\/span>Comment rattraper une frange ?<span class=\"ez-toc-section-end\"><\/span><\/h2>\n<p>Il suffit de prendre une m\u00e8che plac\u00e9e sur le sommet du cr\u00e2ne, juste derri\u00e8re votre <b>frange<\/b> et de la rabattre sur cette derni\u00e8re. Pour faire tenir cette coiffure, peignez vos cheveux sur le c\u00f4t\u00e9 puis placez la fameuse m\u00e8che derri\u00e8re l&rsquo;oreille. Vous pouvez fixer le tout avec une petite barrette.<\/p>\n<p>Comment se coiffer quand on a une frange ? Un half-bun ! Le demi-chignon perch\u00e9 qui n&rsquo;en finit plus de nous charmer. Adapt\u00e9 aussi bien aux cheveux longs qu&rsquo;aux carr\u00e9s, il d\u00e9gagera joliment votre visage tout en mettant votre <b>frange<\/b> en valeur. Un must !<\/p>\n<p>Comment faire tenir sa frange rideau ?<\/p>\n<p>Munissez-vous d&rsquo;une brosse ronde et mettez votre <b>frange<\/b> dessus, puis tournez-la tout en faisant souffler votre s\u00e8che-cheveux vers le bas. Pensez \u00e0 utiliser un embout concentrateur (ou buse) afin que l&rsquo;air soit bien dirig\u00e9 sur votre <b>frange<\/b>.<\/p>\n<p>Comment se coiffer avec une frange rideau ? Pour <b>coiffer<\/b> la <b>frange<\/b>, on peut la s\u00e9cher <b>avec<\/b> une brosse ronde et un s\u00e8che cheveux. Il faut faire en sorte qu&rsquo;elle soit l\u00e9g\u00e8rement bomb\u00e9e, pour \u00e9viter qu&rsquo;elle ne soit trop en contact <b>avec<\/b> le front. On \u00e9vite le fer \u00e0 liss\u00e9 pour ne pas avoir l&rsquo;effet <b>frange<\/b> baguette qui ne fait pas du tout naturel.<\/p>\n<h3><span class=\"ez-toc-section\" id=\"Comment_faire_une_frange_rideau_Soi-meme\"><\/span>Comment faire une frange rideau Soi-m\u00eame ?<span class=\"ez-toc-section-end\"><\/span><\/h3>\n<p><iframe style=\"width: 640px; height: 460px;\" src=\"https:\/\/youtube.com\/embed\/ain04mYQbHQ\" width=\"630\" height=\"455\" frameborder=\"0\" allowfullscreen=\"allowfullscreen\" data-original-w=\"720\" data-original-h=\"520\"><\/iframe><\/p>\n<p>Quelle type de frange pour visage rond ? Optez plut\u00f4t <b>pour<\/b> une <b>frange<\/b> courte, juste au-dessus des sourcils, ou une <b>frange<\/b> sur le c\u00f4t\u00e9 qui balaie le front et descend sur les joues. C\u00f4t\u00e9 coiffures, privil\u00e9giez celles avec un certain volume, de belles ondulations, comme des carr\u00e9s mi-longs effil\u00e9s ou encore un chignon haut perch\u00e9.<\/p>\n<p>Quelle frange en 2020 ?<\/p>\n<p><b>Frange<\/b> effil\u00e9e : la grande coiffure tendance<\/p>\n<p> C&rsquo;est l&rsquo;une des coupes de cheveux les plus populaires en <b>2020<\/b>. La <b>frange<\/b> effil\u00e9e est facile \u00e0 r\u00e9aliser, et elle rajeunit la personne qui la porte. Vous pouvez adopter la coupe avec <b>frange<\/b> effil\u00e9e aussi bien avec les cheveux longs qu&rsquo;avec des cheveux courts.<\/p>\n<p>Quelle frange faire quand on a un petit front ? La <b>frange<\/b> parfaite pour un <b>petit front<\/b> doit donner l&rsquo;illusion que le <b>front<\/b> est plus grand, qu&rsquo;il est en harmonie avec le reste du <b>visage<\/b>. Pour ce tour de passe-passe, rien de tel qu&rsquo;une <b>frange<\/b> \u00e9paisse et large qui part de tr\u00e8s haut et descend jusqu&rsquo;en dessous des sourcils.<\/p>\n<h2><\/h2>\n","protected":false},"excerpt":{"rendered":"<p>La frange est une v\u00e9ritable cure de rajeunissement. Non seulement elle masque les petites rides sur le front, mais elle d\u00e9tourne \u00e9galement le regard des petites imperfections, notamment sur le cou et le menton. Elle peut \u00eatre courte, longue, oblique ou droite, tout d\u00e9pend de la forme du visage. Comment savoir si on a une [&hellip;]<\/p>\n","protected":false},"author":5,"featured_media":0,"comment_status":"open","ping_status":"open","sticky":false,"template":"","format":"standard","meta":{"tdm_status":"","tdm_grid_status":"","_jetpack_memberships_contains_paid_content":false,"footnotes":"","jetpack_publicize_message":"","jetpack_publicize_feature_enabled":true,"jetpack_social_post_already_shared":true,"jetpack_social_options":{"image_generator_settings":{"template":"highway","default_image_id":0,"font":"","enabled":false},"version":2}},"categories":[80],"tags":[],"class_list":["post-66277","post","type-post","status-publish","format-standard","hentry","category-lifestyle"],"yoast_head":"<!-- This site is optimized with the Yoast SEO Premium plugin v25.0 (Yoast SEO v25.0) - https:\/\/yoast.com\/wordpress\/plugins\/seo\/ -->\n<title>Est-ce que la frange rajeunit ?<\/title>\n<meta name=\"description\" content=\"La frange est une v\u00e9ritable cure de rajeunissement. Non seulement elle masque les petites rides sur le front, mais elle d\u00e9tourne \u00e9galement le regard des petites imperfections, notamment sur le cou et le menton. Elle peut \u00eatre courte, longue, oblique ou droite, tout d\u00e9pend de la forme du visage.\" \/>\n<meta name=\"robots\" content=\"index, follow, max-snippet:-1, max-image-preview:large, max-video-preview:-1\" \/>\n<link rel=\"canonical\" href=\"https:\/\/flashmode.tn\/magazine\/est-ce-que-la-frange-rajeunit\/\" \/>\n<meta property=\"og:locale\" content=\"fr_FR\" \/>\n<meta property=\"og:type\" content=\"article\" \/>\n<meta property=\"og:title\" content=\"Est-ce que la frange rajeunit ? - Flashmode Magazine | Magazine de mode et style de vie Num\u00e9ro un en Tunisie et au Maghreb\" \/>\n<meta property=\"og:description\" content=\"La frange est une v\u00e9ritable cure de rajeunissement. Non seulement elle masque les petites rides sur le front, mais elle d\u00e9tourne \u00e9galement le regard des petites imperfections, notamment sur le cou et le menton. Elle peut \u00eatre courte, longue, oblique ou droite, tout d\u00e9pend de la forme du visage.\" \/>\n<meta property=\"og:url\" content=\"https:\/\/flashmode.tn\/magazine\/est-ce-que-la-frange-rajeunit\/\" \/>\n<meta property=\"og:site_name\" content=\"Flashmode Magazine | Magazine de mode et style de vie Num\u00e9ro un en Tunisie et au Maghreb\" \/>\n<meta property=\"article:publisher\" content=\"https:\/\/www.facebook.com\/flashmode.magazine\/\" \/>\n<meta property=\"article:published_time\" content=\"2022-01-25T15:33:24+00:00\" \/>\n<meta name=\"author\" content=\"PeopleLife\" \/>\n<meta name=\"twitter:card\" content=\"summary_large_image\" \/>\n<meta name=\"twitter:creator\" content=\"@agenceflashmode\" \/>\n<meta name=\"twitter:site\" content=\"@agenceflashmode\" \/>\n<meta name=\"twitter:label1\" content=\"\u00c9crit par\" \/>\n\t<meta name=\"twitter:data1\" content=\"PeopleLife\" \/>\n\t<meta name=\"twitter:label2\" content=\"Dur\u00e9e de lecture estim\u00e9e\" \/>\n\t<meta name=\"twitter:data2\" content=\"7 minutes\" \/>\n<script type=\"application\/ld+json\" class=\"yoast-schema-graph\">{\"@context\":\"https:\/\/schema.org\",\"@graph\":[{\"@type\":\"WebPage\",\"@id\":\"https:\/\/flashmode.tn\/magazine\/est-ce-que-la-frange-rajeunit\/\",\"url\":\"https:\/\/flashmode.tn\/magazine\/est-ce-que-la-frange-rajeunit\/\",\"name\":\"Est-ce que la frange rajeunit ?\",\"isPartOf\":{\"@id\":\"https:\/\/flashmode.tn\/magazine\/#website\"},\"datePublished\":\"2022-01-25T15:33:24+00:00\",\"author\":{\"@id\":\"https:\/\/flashmode.tn\/magazine\/#\/schema\/person\/6815bd30337e8756d5357219766efcc3\"},\"description\":\"La frange est une v\u00e9ritable cure de rajeunissement. Non seulement elle masque les petites rides sur le front, mais elle d\u00e9tourne \u00e9galement le regard des petites imperfections, notamment sur le cou et le menton. Elle peut \u00eatre courte, longue, oblique ou droite, tout d\u00e9pend de la forme du visage.\",\"breadcrumb\":{\"@id\":\"https:\/\/flashmode.tn\/magazine\/est-ce-que-la-frange-rajeunit\/#breadcrumb\"},\"inLanguage\":\"fr-FR\",\"potentialAction\":[{\"@type\":\"ReadAction\",\"target\":[\"https:\/\/flashmode.tn\/magazine\/est-ce-que-la-frange-rajeunit\/\"]}]},{\"@type\":\"BreadcrumbList\",\"@id\":\"https:\/\/flashmode.tn\/magazine\/est-ce-que-la-frange-rajeunit\/#breadcrumb\",\"itemListElement\":[{\"@type\":\"ListItem\",\"position\":1,\"name\":\"Accueil\",\"item\":\"https:\/\/flashmode.tn\/magazine\/\"},{\"@type\":\"ListItem\",\"position\":2,\"name\":\"Est-ce que la frange rajeunit ?\"}]},{\"@type\":\"WebSite\",\"@id\":\"https:\/\/flashmode.tn\/magazine\/#website\",\"url\":\"https:\/\/flashmode.tn\/magazine\/\",\"name\":\"Flashmode Magazine | Magazine de mode et style de vie Num\u00e9ro un en Tunisie et au Maghreb\",\"description\":\"Magazine de mode et style de vie Num\u00e9ro un en Tunisie et au Maghreb, cr\u00e9\u00e9 pour les hommes et les femmes : conseils beaut\u00e9, mode femme, mode homme, recettes de cuisine, c\u00e9l\u00e9brit\u00e9s et people, mannequins et top modeles\",\"potentialAction\":[{\"@type\":\"SearchAction\",\"target\":{\"@type\":\"EntryPoint\",\"urlTemplate\":\"https:\/\/flashmode.tn\/magazine\/?s={search_term_string}\"},\"query-input\":{\"@type\":\"PropertyValueSpecification\",\"valueRequired\":true,\"valueName\":\"search_term_string\"}}],\"inLanguage\":\"fr-FR\"},{\"@type\":\"Person\",\"@id\":\"https:\/\/flashmode.tn\/magazine\/#\/schema\/person\/6815bd30337e8756d5357219766efcc3\",\"name\":\"PeopleLife\",\"image\":{\"@type\":\"ImageObject\",\"inLanguage\":\"fr-FR\",\"@id\":\"https:\/\/flashmode.tn\/magazine\/#\/schema\/person\/image\/\",\"url\":\"https:\/\/secure.gravatar.com\/avatar\/8098f49196034391d93ae20d939ad33b14f6b745c986049ad803a54f4113e18c?s=96&d=mm&r=g\",\"contentUrl\":\"https:\/\/secure.gravatar.com\/avatar\/8098f49196034391d93ae20d939ad33b14f6b745c986049ad803a54f4113e18c?s=96&d=mm&r=g\",\"caption\":\"PeopleLife\"},\"url\":\"https:\/\/flashmode.tn\/magazine\/author\/peoplelife\/\"}]}<\/script>\n<!-- \/ Yoast SEO Premium plugin. -->","yoast_head_json":{"title":"Est-ce que la frange rajeunit ?","description":"La frange est une v\u00e9ritable cure de rajeunissement. Non seulement elle masque les petites rides sur le front, mais elle d\u00e9tourne \u00e9galement le regard des petites imperfections, notamment sur le cou et le menton. Elle peut \u00eatre courte, longue, oblique ou droite, tout d\u00e9pend de la forme du visage.","robots":{"index":"index","follow":"follow","max-snippet":"max-snippet:-1","max-image-preview":"max-image-preview:large","max-video-preview":"max-video-preview:-1"},"canonical":"https:\/\/flashmode.tn\/magazine\/est-ce-que-la-frange-rajeunit\/","og_locale":"fr_FR","og_type":"article","og_title":"Est-ce que la frange rajeunit ? - Flashmode Magazine | Magazine de mode et style de vie Num\u00e9ro un en Tunisie et au Maghreb","og_description":"La frange est une v\u00e9ritable cure de rajeunissement. Non seulement elle masque les petites rides sur le front, mais elle d\u00e9tourne \u00e9galement le regard des petites imperfections, notamment sur le cou et le menton. Elle peut \u00eatre courte, longue, oblique ou droite, tout d\u00e9pend de la forme du visage.","og_url":"https:\/\/flashmode.tn\/magazine\/est-ce-que-la-frange-rajeunit\/","og_site_name":"Flashmode Magazine | Magazine de mode et style de vie Num\u00e9ro un en Tunisie et au Maghreb","article_publisher":"https:\/\/www.facebook.com\/flashmode.magazine\/","article_published_time":"2022-01-25T15:33:24+00:00","author":"PeopleLife","twitter_card":"summary_large_image","twitter_creator":"@agenceflashmode","twitter_site":"@agenceflashmode","twitter_misc":{"\u00c9crit par":"PeopleLife","Dur\u00e9e de lecture estim\u00e9e":"7 minutes"},"schema":{"@context":"https:\/\/schema.org","@graph":[{"@type":"WebPage","@id":"https:\/\/flashmode.tn\/magazine\/est-ce-que-la-frange-rajeunit\/","url":"https:\/\/flashmode.tn\/magazine\/est-ce-que-la-frange-rajeunit\/","name":"Est-ce que la frange rajeunit ?","isPartOf":{"@id":"https:\/\/flashmode.tn\/magazine\/#website"},"datePublished":"2022-01-25T15:33:24+00:00","author":{"@id":"https:\/\/flashmode.tn\/magazine\/#\/schema\/person\/6815bd30337e8756d5357219766efcc3"},"description":"La frange est une v\u00e9ritable cure de rajeunissement. Non seulement elle masque les petites rides sur le front, mais elle d\u00e9tourne \u00e9galement le regard des petites imperfections, notamment sur le cou et le menton. Elle peut \u00eatre courte, longue, oblique ou droite, tout d\u00e9pend de la forme du visage.","breadcrumb":{"@id":"https:\/\/flashmode.tn\/magazine\/est-ce-que-la-frange-rajeunit\/#breadcrumb"},"inLanguage":"fr-FR","potentialAction":[{"@type":"ReadAction","target":["https:\/\/flashmode.tn\/magazine\/est-ce-que-la-frange-rajeunit\/"]}]},{"@type":"BreadcrumbList","@id":"https:\/\/flashmode.tn\/magazine\/est-ce-que-la-frange-rajeunit\/#breadcrumb","itemListElement":[{"@type":"ListItem","position":1,"name":"Accueil","item":"https:\/\/flashmode.tn\/magazine\/"},{"@type":"ListItem","position":2,"name":"Est-ce que la frange rajeunit ?"}]},{"@type":"WebSite","@id":"https:\/\/flashmode.tn\/magazine\/#website","url":"https:\/\/flashmode.tn\/magazine\/","name":"Flashmode Magazine | Magazine de mode et style de vie Num\u00e9ro un en Tunisie et au Maghreb","description":"Magazine de mode et style de vie Num\u00e9ro un en Tunisie et au Maghreb, cr\u00e9\u00e9 pour les hommes et les femmes : conseils beaut\u00e9, mode femme, mode homme, recettes de cuisine, c\u00e9l\u00e9brit\u00e9s et people, mannequins et top modeles","potentialAction":[{"@type":"SearchAction","target":{"@type":"EntryPoint","urlTemplate":"https:\/\/flashmode.tn\/magazine\/?s={search_term_string}"},"query-input":{"@type":"PropertyValueSpecification","valueRequired":true,"valueName":"search_term_string"}}],"inLanguage":"fr-FR"},{"@type":"Person","@id":"https:\/\/flashmode.tn\/magazine\/#\/schema\/person\/6815bd30337e8756d5357219766efcc3","name":"PeopleLife","image":{"@type":"ImageObject","inLanguage":"fr-FR","@id":"https:\/\/flashmode.tn\/magazine\/#\/schema\/person\/image\/","url":"https:\/\/secure.gravatar.com\/avatar\/8098f49196034391d93ae20d939ad33b14f6b745c986049ad803a54f4113e18c?s=96&d=mm&r=g","contentUrl":"https:\/\/secure.gravatar.com\/avatar\/8098f49196034391d93ae20d939ad33b14f6b745c986049ad803a54f4113e18c?s=96&d=mm&r=g","caption":"PeopleLife"},"url":"https:\/\/flashmode.tn\/magazine\/author\/peoplelife\/"}]}},"jetpack_publicize_connections":[],"jetpack_featured_media_url":"","jetpack_shortlink":"https:\/\/wp.me\/p8BPGr-heZ","jetpack_sharing_enabled":true,"_links":{"self":[{"href":"https:\/\/flashmode.tn\/magazine\/wp-json\/wp\/v2\/posts\/66277","targetHints":{"allow":["GET"]}}],"collection":[{"href":"https:\/\/flashmode.tn\/magazine\/wp-json\/wp\/v2\/posts"}],"about":[{"href":"https:\/\/flashmode.tn\/magazine\/wp-json\/wp\/v2\/types\/post"}],"author":[{"embeddable":true,"href":"https:\/\/flashmode.tn\/magazine\/wp-json\/wp\/v2\/users\/5"}],"replies":[{"embeddable":true,"href":"https:\/\/flashmode.tn\/magazine\/wp-json\/wp\/v2\/comments?post=66277"}],"version-history":[{"count":0,"href":"https:\/\/flashmode.tn\/magazine\/wp-json\/wp\/v2\/posts\/66277\/revisions"}],"wp:attachment":[{"href":"https:\/\/flashmode.tn\/magazine\/wp-json\/wp\/v2\/media?parent=66277"}],"wp:term":[{"taxonomy":"category","embeddable":true,"href":"https:\/\/flashmode.tn\/magazine\/wp-json\/wp\/v2\/categories?post=66277"},{"taxonomy":"post_tag","embeddable":true,"href":"https:\/\/flashmode.tn\/magazine\/wp-json\/wp\/v2\/tags?post=66277"}],"curies":[{"name":"wp","href":"https:\/\/api.w.org\/{rel}","templated":true}]}}