{"id":6763,"date":"2017-09-27T04:15:34","date_gmt":"2017-09-27T02:15:34","guid":{"rendered":"http:\/\/flashmode.tn\/magazine\/people\/actu\/people-tom-welling-revient-pour-la-premiere-fois-dans-une-serie-tv-depuis-la-fin-de-smallville\/"},"modified":"2017-09-27T04:15:34","modified_gmt":"2017-09-27T02:15:34","slug":"people-tom-welling-revient-pour-la-premiere-fois-dans-une-serie-tv-depuis-la-fin-de-smallville","status":"publish","type":"post","link":"https:\/\/flashmode.tn\/magazine\/people-tom-welling-revient-pour-la-premiere-fois-dans-une-serie-tv-depuis-la-fin-de-smallville\/","title":{"rendered":"People : Tom Welling revient pour la premi\u00e8re fois dans une s\u00e9rie TV depuis la fin de Smallville"},"content":{"rendered":"<h2>Tom Welling revient pour la premi\u00e8re fois dans une s\u00e9rie TV depuis la fin de Smallville <\/h2>\n<p><img data-recalc-dims=\"1\" decoding=\"async\" src=\"https:\/\/i0.wp.com\/flashmode.tn\/magazine\/wp-content\/uploads\/2017\/09\/people-tom-welling-revient-pour-la-premiere-fois-dans-une-serie-tv-depuis-la-fin-de-smallville.png?w=696\" \/><\/p>\n<p>A 40 ans et apr\u00e8s une pause de six ann\u00e9es du petit \u00e9cran, Tom Welling le h\u00e9ros de Smallville revient dans la s\u00e9rie Lucifer.<\/p>\n<div>\n<p>Cela faisait plus de six ans qu&rsquo;il n&rsquo;\u00e9tait pas apparu dans une s\u00e9rie Tv mais <strong>Tom Welling<\/strong> (qui jouait donc Clark Kent\/Superman dans <i>Smallville<\/i> de 2001 \u00e0 2011) revient sur le petit \u00e9cran dans la s\u00e9rie <i>Lucifer (<\/i>diffus\u00e9e sur Cstar depuis el 10 septembre<i>)<\/i> jou\u00e9 \u00a0par <strong>Tom Ellis<\/strong> depuis trois saisons. Il apparaitra donc au d\u00e9but de la troisi\u00e8me saison dans le r\u00f4le un peu sombre du Lieutenant Marcus Pierce et sera tout aussi charmeur que Lucifer mais avec un s\u00e9rieux penchant pour un sens de la justice assez \u00e9trange et aussi pour Chloe Decker (<strong>Lauren German<\/strong>). Il va ainsi perturber le lien romantique qui commen\u00e7ait \u00e0 se pr\u00e9ciser entre Lucifer et Chloe. Cette troisi\u00e8me saison qui d\u00e9butera sur la chaine am\u00e9ricaine <strong>Fox<\/strong> le 2 octobre. \u00a0\u00bb <i>Mon personnage risque de semer le trouble dans l&rsquo;univers de Lucifer<\/i> \u00a0\u00bb promet Tom Welling ravi de revenir dans un r\u00f4le qui n&rsquo;a pas que de bonnes intentions. Depuis 2011 il \u00e9tait aussi apparu dans les films <i>Parkland<\/i> et <i>Un Choix<\/i>.<\/p>\n<p>        <!-- smart emplacement:native --><\/p>\n<p>\t\t<!-- smart emplacement:partners -->\n\t\t<\/div>\n","protected":false},"excerpt":{"rendered":"<p>Tom Welling revient pour la premi\u00e8re fois dans une s\u00e9rie TV depuis la fin de Smallville A 40 ans et apr\u00e8s une pause de six ann\u00e9es du petit \u00e9cran, Tom Welling le h\u00e9ros de Smallville revient dans la s\u00e9rie Lucifer. Cela faisait plus de six ans qu&rsquo;il n&rsquo;\u00e9tait pas apparu dans une s\u00e9rie Tv mais [&hellip;]<\/p>\n","protected":false},"author":2,"featured_media":6764,"comment_status":"open","ping_status":"open","sticky":false,"template":"","format":"standard","meta":{"tdm_status":"","tdm_grid_status":"","_jetpack_memberships_contains_paid_content":false,"footnotes":"","jetpack_publicize_message":"","jetpack_publicize_feature_enabled":true,"jetpack_social_post_already_shared":true,"jetpack_social_options":{"image_generator_settings":{"template":"highway","default_image_id":0,"font":"","enabled":false},"version":2}},"categories":[956],"tags":[],"class_list":["post-6763","post","type-post","status-publish","format-standard","has-post-thumbnail","hentry","category-actu"],"yoast_head":"<!-- This site is optimized with the Yoast SEO Premium plugin v25.0 (Yoast SEO v25.0) - https:\/\/yoast.com\/wordpress\/plugins\/seo\/ -->\n<title>People : Tom Welling revient pour la premi\u00e8re fois dans une s\u00e9rie TV depuis la fin de Smallville - Flashmode Magazine | Magazine de mode et style de vie Num\u00e9ro un en Tunisie et au Maghreb<\/title>\n<meta name=\"description\" content=\"Tom Welling revient pour la premi\u00e8re fois dans une s\u00e9rie TV depuis la fin de Smallville A 40 ans et apr\u00e8s une pause de six ann\u00e9es du petit \u00e9cran, Tom\" \/>\n<meta name=\"robots\" content=\"index, follow, max-snippet:-1, max-image-preview:large, max-video-preview:-1\" \/>\n<link rel=\"canonical\" href=\"https:\/\/flashmode.tn\/magazine\/people-tom-welling-revient-pour-la-premiere-fois-dans-une-serie-tv-depuis-la-fin-de-smallville\/\" \/>\n<meta property=\"og:locale\" content=\"fr_FR\" \/>\n<meta property=\"og:type\" content=\"article\" \/>\n<meta property=\"og:title\" content=\"People : Tom Welling revient pour la premi\u00e8re fois dans une s\u00e9rie TV depuis la fin de Smallville - Flashmode Magazine | Magazine de mode et style de vie Num\u00e9ro un en Tunisie et au Maghreb\" \/>\n<meta property=\"og:description\" content=\"Tom Welling revient pour la premi\u00e8re fois dans une s\u00e9rie TV depuis la fin de Smallville A 40 ans et apr\u00e8s une pause de six ann\u00e9es du petit \u00e9cran, Tom\" \/>\n<meta property=\"og:url\" content=\"https:\/\/flashmode.tn\/magazine\/people-tom-welling-revient-pour-la-premiere-fois-dans-une-serie-tv-depuis-la-fin-de-smallville\/\" \/>\n<meta property=\"og:site_name\" content=\"Flashmode Magazine | Magazine de mode et style de vie Num\u00e9ro un en Tunisie et au Maghreb\" \/>\n<meta property=\"article:publisher\" content=\"https:\/\/www.facebook.com\/flashmode.magazine\/\" \/>\n<meta property=\"article:published_time\" content=\"2017-09-27T02:15:34+00:00\" \/>\n<meta property=\"og:image\" content=\"https:\/\/i0.wp.com\/flashmode.tn\/magazine\/wp-content\/uploads\/2017\/09\/people-tom-welling-revient-pour-la-premiere-fois-dans-une-serie-tv-depuis-la-fin-de-smallville.png?fit=473%2C355&ssl=1\" \/>\n\t<meta property=\"og:image:width\" content=\"473\" \/>\n\t<meta property=\"og:image:height\" content=\"355\" \/>\n\t<meta property=\"og:image:type\" content=\"image\/png\" \/>\n<meta name=\"author\" content=\"Nora D.\" \/>\n<meta name=\"twitter:card\" content=\"summary_large_image\" \/>\n<meta name=\"twitter:creator\" content=\"@agenceflashmode\" \/>\n<meta name=\"twitter:site\" content=\"@agenceflashmode\" \/>\n<meta name=\"twitter:label1\" content=\"\u00c9crit par\" \/>\n\t<meta name=\"twitter:data1\" content=\"Nora D.\" \/>\n\t<meta name=\"twitter:label2\" content=\"Dur\u00e9e de lecture estim\u00e9e\" \/>\n\t<meta name=\"twitter:data2\" content=\"1 minute\" \/>\n<script type=\"application\/ld+json\" class=\"yoast-schema-graph\">{\"@context\":\"https:\/\/schema.org\",\"@graph\":[{\"@type\":\"WebPage\",\"@id\":\"https:\/\/flashmode.tn\/magazine\/people-tom-welling-revient-pour-la-premiere-fois-dans-une-serie-tv-depuis-la-fin-de-smallville\/\",\"url\":\"https:\/\/flashmode.tn\/magazine\/people-tom-welling-revient-pour-la-premiere-fois-dans-une-serie-tv-depuis-la-fin-de-smallville\/\",\"name\":\"People : Tom Welling revient pour la premi\u00e8re fois dans une s\u00e9rie TV depuis la fin de Smallville - Flashmode Magazine | Magazine de mode et style de vie Num\u00e9ro un en Tunisie et au Maghreb\",\"isPartOf\":{\"@id\":\"https:\/\/flashmode.tn\/magazine\/#website\"},\"primaryImageOfPage\":{\"@id\":\"https:\/\/flashmode.tn\/magazine\/people-tom-welling-revient-pour-la-premiere-fois-dans-une-serie-tv-depuis-la-fin-de-smallville\/#primaryimage\"},\"image\":{\"@id\":\"https:\/\/flashmode.tn\/magazine\/people-tom-welling-revient-pour-la-premiere-fois-dans-une-serie-tv-depuis-la-fin-de-smallville\/#primaryimage\"},\"thumbnailUrl\":\"https:\/\/i0.wp.com\/flashmode.tn\/magazine\/wp-content\/uploads\/2017\/09\/people-tom-welling-revient-pour-la-premiere-fois-dans-une-serie-tv-depuis-la-fin-de-smallville.png?fit=473%2C355&ssl=1\",\"datePublished\":\"2017-09-27T02:15:34+00:00\",\"author\":{\"@id\":\"https:\/\/flashmode.tn\/magazine\/#\/schema\/person\/ebeaf8414935b60ba8817ab0babd7fbe\"},\"description\":\"Tom Welling revient pour la premi\u00e8re fois dans une s\u00e9rie TV depuis la fin de Smallville A 40 ans et apr\u00e8s une pause de six ann\u00e9es du petit \u00e9cran, Tom\",\"breadcrumb\":{\"@id\":\"https:\/\/flashmode.tn\/magazine\/people-tom-welling-revient-pour-la-premiere-fois-dans-une-serie-tv-depuis-la-fin-de-smallville\/#breadcrumb\"},\"inLanguage\":\"fr-FR\",\"potentialAction\":[{\"@type\":\"ReadAction\",\"target\":[\"https:\/\/flashmode.tn\/magazine\/people-tom-welling-revient-pour-la-premiere-fois-dans-une-serie-tv-depuis-la-fin-de-smallville\/\"]}]},{\"@type\":\"ImageObject\",\"inLanguage\":\"fr-FR\",\"@id\":\"https:\/\/flashmode.tn\/magazine\/people-tom-welling-revient-pour-la-premiere-fois-dans-une-serie-tv-depuis-la-fin-de-smallville\/#primaryimage\",\"url\":\"https:\/\/i0.wp.com\/flashmode.tn\/magazine\/wp-content\/uploads\/2017\/09\/people-tom-welling-revient-pour-la-premiere-fois-dans-une-serie-tv-depuis-la-fin-de-smallville.png?fit=473%2C355&ssl=1\",\"contentUrl\":\"https:\/\/i0.wp.com\/flashmode.tn\/magazine\/wp-content\/uploads\/2017\/09\/people-tom-welling-revient-pour-la-premiere-fois-dans-une-serie-tv-depuis-la-fin-de-smallville.png?fit=473%2C355&ssl=1\",\"width\":473,\"height\":355},{\"@type\":\"BreadcrumbList\",\"@id\":\"https:\/\/flashmode.tn\/magazine\/people-tom-welling-revient-pour-la-premiere-fois-dans-une-serie-tv-depuis-la-fin-de-smallville\/#breadcrumb\",\"itemListElement\":[{\"@type\":\"ListItem\",\"position\":1,\"name\":\"Accueil\",\"item\":\"https:\/\/flashmode.tn\/magazine\/\"},{\"@type\":\"ListItem\",\"position\":2,\"name\":\"People : Tom Welling revient pour la premi\u00e8re fois dans une s\u00e9rie TV depuis la fin de Smallville\"}]},{\"@type\":\"WebSite\",\"@id\":\"https:\/\/flashmode.tn\/magazine\/#website\",\"url\":\"https:\/\/flashmode.tn\/magazine\/\",\"name\":\"Flashmode Magazine | Magazine de mode et style de vie Num\u00e9ro un en Tunisie et au Maghreb\",\"description\":\"Magazine de mode et style de vie Num\u00e9ro un en Tunisie et au Maghreb, cr\u00e9\u00e9 pour les hommes et les femmes : conseils beaut\u00e9, mode femme, mode homme, recettes de cuisine, c\u00e9l\u00e9brit\u00e9s et people, mannequins et top modeles\",\"potentialAction\":[{\"@type\":\"SearchAction\",\"target\":{\"@type\":\"EntryPoint\",\"urlTemplate\":\"https:\/\/flashmode.tn\/magazine\/?s={search_term_string}\"},\"query-input\":{\"@type\":\"PropertyValueSpecification\",\"valueRequired\":true,\"valueName\":\"search_term_string\"}}],\"inLanguage\":\"fr-FR\"},{\"@type\":\"Person\",\"@id\":\"https:\/\/flashmode.tn\/magazine\/#\/schema\/person\/ebeaf8414935b60ba8817ab0babd7fbe\",\"name\":\"Nora D.\",\"image\":{\"@type\":\"ImageObject\",\"inLanguage\":\"fr-FR\",\"@id\":\"https:\/\/flashmode.tn\/magazine\/#\/schema\/person\/image\/\",\"url\":\"https:\/\/secure.gravatar.com\/avatar\/a51d897ddf0a2216affe16e03a39790850922d1b5b29f147f35db7ccb8861eab?s=96&d=mm&r=g\",\"contentUrl\":\"https:\/\/secure.gravatar.com\/avatar\/a51d897ddf0a2216affe16e03a39790850922d1b5b29f147f35db7ccb8861eab?s=96&d=mm&r=g\",\"caption\":\"Nora D.\"},\"url\":\"https:\/\/flashmode.tn\/magazine\/author\/nora-damak\/\"}]}<\/script>\n<!-- \/ Yoast SEO Premium plugin. -->","yoast_head_json":{"title":"People : Tom Welling revient pour la premi\u00e8re fois dans une s\u00e9rie TV depuis la fin de Smallville - Flashmode Magazine | Magazine de mode et style de vie Num\u00e9ro un en Tunisie et au Maghreb","description":"Tom Welling revient pour la premi\u00e8re fois dans une s\u00e9rie TV depuis la fin de Smallville A 40 ans et apr\u00e8s une pause de six ann\u00e9es du petit \u00e9cran, Tom","robots":{"index":"index","follow":"follow","max-snippet":"max-snippet:-1","max-image-preview":"max-image-preview:large","max-video-preview":"max-video-preview:-1"},"canonical":"https:\/\/flashmode.tn\/magazine\/people-tom-welling-revient-pour-la-premiere-fois-dans-une-serie-tv-depuis-la-fin-de-smallville\/","og_locale":"fr_FR","og_type":"article","og_title":"People : Tom Welling revient pour la premi\u00e8re fois dans une s\u00e9rie TV depuis la fin de Smallville - Flashmode Magazine | Magazine de mode et style de vie Num\u00e9ro un en Tunisie et au Maghreb","og_description":"Tom Welling revient pour la premi\u00e8re fois dans une s\u00e9rie TV depuis la fin de Smallville A 40 ans et apr\u00e8s une pause de six ann\u00e9es du petit \u00e9cran, Tom","og_url":"https:\/\/flashmode.tn\/magazine\/people-tom-welling-revient-pour-la-premiere-fois-dans-une-serie-tv-depuis-la-fin-de-smallville\/","og_site_name":"Flashmode Magazine | Magazine de mode et style de vie Num\u00e9ro un en Tunisie et au Maghreb","article_publisher":"https:\/\/www.facebook.com\/flashmode.magazine\/","article_published_time":"2017-09-27T02:15:34+00:00","og_image":[{"width":473,"height":355,"url":"https:\/\/i0.wp.com\/flashmode.tn\/magazine\/wp-content\/uploads\/2017\/09\/people-tom-welling-revient-pour-la-premiere-fois-dans-une-serie-tv-depuis-la-fin-de-smallville.png?fit=473%2C355&ssl=1","type":"image\/png"}],"author":"Nora D.","twitter_card":"summary_large_image","twitter_creator":"@agenceflashmode","twitter_site":"@agenceflashmode","twitter_misc":{"\u00c9crit par":"Nora D.","Dur\u00e9e de lecture estim\u00e9e":"1 minute"},"schema":{"@context":"https:\/\/schema.org","@graph":[{"@type":"WebPage","@id":"https:\/\/flashmode.tn\/magazine\/people-tom-welling-revient-pour-la-premiere-fois-dans-une-serie-tv-depuis-la-fin-de-smallville\/","url":"https:\/\/flashmode.tn\/magazine\/people-tom-welling-revient-pour-la-premiere-fois-dans-une-serie-tv-depuis-la-fin-de-smallville\/","name":"People : Tom Welling revient pour la premi\u00e8re fois dans une s\u00e9rie TV depuis la fin de Smallville - Flashmode Magazine | Magazine de mode et style de vie Num\u00e9ro un en Tunisie et au Maghreb","isPartOf":{"@id":"https:\/\/flashmode.tn\/magazine\/#website"},"primaryImageOfPage":{"@id":"https:\/\/flashmode.tn\/magazine\/people-tom-welling-revient-pour-la-premiere-fois-dans-une-serie-tv-depuis-la-fin-de-smallville\/#primaryimage"},"image":{"@id":"https:\/\/flashmode.tn\/magazine\/people-tom-welling-revient-pour-la-premiere-fois-dans-une-serie-tv-depuis-la-fin-de-smallville\/#primaryimage"},"thumbnailUrl":"https:\/\/i0.wp.com\/flashmode.tn\/magazine\/wp-content\/uploads\/2017\/09\/people-tom-welling-revient-pour-la-premiere-fois-dans-une-serie-tv-depuis-la-fin-de-smallville.png?fit=473%2C355&ssl=1","datePublished":"2017-09-27T02:15:34+00:00","author":{"@id":"https:\/\/flashmode.tn\/magazine\/#\/schema\/person\/ebeaf8414935b60ba8817ab0babd7fbe"},"description":"Tom Welling revient pour la premi\u00e8re fois dans une s\u00e9rie TV depuis la fin de Smallville A 40 ans et apr\u00e8s une pause de six ann\u00e9es du petit \u00e9cran, Tom","breadcrumb":{"@id":"https:\/\/flashmode.tn\/magazine\/people-tom-welling-revient-pour-la-premiere-fois-dans-une-serie-tv-depuis-la-fin-de-smallville\/#breadcrumb"},"inLanguage":"fr-FR","potentialAction":[{"@type":"ReadAction","target":["https:\/\/flashmode.tn\/magazine\/people-tom-welling-revient-pour-la-premiere-fois-dans-une-serie-tv-depuis-la-fin-de-smallville\/"]}]},{"@type":"ImageObject","inLanguage":"fr-FR","@id":"https:\/\/flashmode.tn\/magazine\/people-tom-welling-revient-pour-la-premiere-fois-dans-une-serie-tv-depuis-la-fin-de-smallville\/#primaryimage","url":"https:\/\/i0.wp.com\/flashmode.tn\/magazine\/wp-content\/uploads\/2017\/09\/people-tom-welling-revient-pour-la-premiere-fois-dans-une-serie-tv-depuis-la-fin-de-smallville.png?fit=473%2C355&ssl=1","contentUrl":"https:\/\/i0.wp.com\/flashmode.tn\/magazine\/wp-content\/uploads\/2017\/09\/people-tom-welling-revient-pour-la-premiere-fois-dans-une-serie-tv-depuis-la-fin-de-smallville.png?fit=473%2C355&ssl=1","width":473,"height":355},{"@type":"BreadcrumbList","@id":"https:\/\/flashmode.tn\/magazine\/people-tom-welling-revient-pour-la-premiere-fois-dans-une-serie-tv-depuis-la-fin-de-smallville\/#breadcrumb","itemListElement":[{"@type":"ListItem","position":1,"name":"Accueil","item":"https:\/\/flashmode.tn\/magazine\/"},{"@type":"ListItem","position":2,"name":"People : Tom Welling revient pour la premi\u00e8re fois dans une s\u00e9rie TV depuis la fin de Smallville"}]},{"@type":"WebSite","@id":"https:\/\/flashmode.tn\/magazine\/#website","url":"https:\/\/flashmode.tn\/magazine\/","name":"Flashmode Magazine | Magazine de mode et style de vie Num\u00e9ro un en Tunisie et au Maghreb","description":"Magazine de mode et style de vie Num\u00e9ro un en Tunisie et au Maghreb, cr\u00e9\u00e9 pour les hommes et les femmes : conseils beaut\u00e9, mode femme, mode homme, recettes de cuisine, c\u00e9l\u00e9brit\u00e9s et people, mannequins et top modeles","potentialAction":[{"@type":"SearchAction","target":{"@type":"EntryPoint","urlTemplate":"https:\/\/flashmode.tn\/magazine\/?s={search_term_string}"},"query-input":{"@type":"PropertyValueSpecification","valueRequired":true,"valueName":"search_term_string"}}],"inLanguage":"fr-FR"},{"@type":"Person","@id":"https:\/\/flashmode.tn\/magazine\/#\/schema\/person\/ebeaf8414935b60ba8817ab0babd7fbe","name":"Nora D.","image":{"@type":"ImageObject","inLanguage":"fr-FR","@id":"https:\/\/flashmode.tn\/magazine\/#\/schema\/person\/image\/","url":"https:\/\/secure.gravatar.com\/avatar\/a51d897ddf0a2216affe16e03a39790850922d1b5b29f147f35db7ccb8861eab?s=96&d=mm&r=g","contentUrl":"https:\/\/secure.gravatar.com\/avatar\/a51d897ddf0a2216affe16e03a39790850922d1b5b29f147f35db7ccb8861eab?s=96&d=mm&r=g","caption":"Nora D."},"url":"https:\/\/flashmode.tn\/magazine\/author\/nora-damak\/"}]}},"jetpack_publicize_connections":[],"jetpack_featured_media_url":"https:\/\/i0.wp.com\/flashmode.tn\/magazine\/wp-content\/uploads\/2017\/09\/people-tom-welling-revient-pour-la-premiere-fois-dans-une-serie-tv-depuis-la-fin-de-smallville.png?fit=473%2C355&ssl=1","jetpack_shortlink":"https:\/\/wp.me\/p8BPGr-1L5","jetpack_sharing_enabled":true,"_links":{"self":[{"href":"https:\/\/flashmode.tn\/magazine\/wp-json\/wp\/v2\/posts\/6763","targetHints":{"allow":["GET"]}}],"collection":[{"href":"https:\/\/flashmode.tn\/magazine\/wp-json\/wp\/v2\/posts"}],"about":[{"href":"https:\/\/flashmode.tn\/magazine\/wp-json\/wp\/v2\/types\/post"}],"author":[{"embeddable":true,"href":"https:\/\/flashmode.tn\/magazine\/wp-json\/wp\/v2\/users\/2"}],"replies":[{"embeddable":true,"href":"https:\/\/flashmode.tn\/magazine\/wp-json\/wp\/v2\/comments?post=6763"}],"version-history":[{"count":0,"href":"https:\/\/flashmode.tn\/magazine\/wp-json\/wp\/v2\/posts\/6763\/revisions"}],"wp:featuredmedia":[{"embeddable":true,"href":"https:\/\/flashmode.tn\/magazine\/wp-json\/wp\/v2\/media\/6764"}],"wp:attachment":[{"href":"https:\/\/flashmode.tn\/magazine\/wp-json\/wp\/v2\/media?parent=6763"}],"wp:term":[{"taxonomy":"category","embeddable":true,"href":"https:\/\/flashmode.tn\/magazine\/wp-json\/wp\/v2\/categories?post=6763"},{"taxonomy":"post_tag","embeddable":true,"href":"https:\/\/flashmode.tn\/magazine\/wp-json\/wp\/v2\/tags?post=6763"}],"curies":[{"name":"wp","href":"https:\/\/api.w.org\/{rel}","templated":true}]}}