{"id":67658,"date":"2022-01-20T08:01:54","date_gmt":"2022-01-20T07:01:54","guid":{"rendered":"https:\/\/flashmode.tn\/magazine\/?p=67658"},"modified":"2022-01-20T08:01:54","modified_gmt":"2022-01-20T07:01:54","slug":"comment-secrit-il-fera","status":"publish","type":"post","link":"https:\/\/flashmode.tn\/magazine\/comment-secrit-il-fera\/","title":{"rendered":"Comment s&rsquo;\u00e9crit Il fera ?"},"content":{"rendered":"<p><b>Il<\/b> faut \u00e9crire : On se demande s&rsquo;<b>il fera<\/b> l&rsquo;affaire. Devant \u00ab <b>il<\/b> \u00bb, le \u00ab i \u00bb de \u00ab si \u00bb est obligatoirement remplac\u00e9 par une apostrophe : <b>il<\/b> faut donc \u00e9crire \u00ab s&rsquo;<b>il fera<\/b> l&rsquo;affaire \u00bb et non \u00ab si <b>il fera<\/b> l&rsquo;affaire \u00bb.<\/p>\n<p>O\u00f9 et ou exemple ? _ On \u00e9crit ou quand on peut le remplacer par ou bien. <b>exemple<\/b> : Posez-le sur la table ou la chaise = posez-le sur la table ou bien sur la chaise. _ On \u00e9crit o\u00f9 quand il indique le lieu ou le temps.<\/p>\n<p>or Comment conjuguer le verbe faire \u00e0 l&rsquo;imp\u00e9ratif ? <\/p>\n<ol>\n<li>   Conditionnel. Pr\u00e9sent. je ferais. tu ferais. il ferait. nous ferions. vous feriez. ils feraient. Pass\u00e9 j&rsquo;aurais fait. &#8230;  <\/li>\n<li>   <b>    Imp\u00e9ratif   <\/b>   . Pr\u00e9sent. fais. faisons. faites. Pass\u00e9 aie fait. ayons fait. ayez fait.  <\/li>\n<li>   Infinitif. Pr\u00e9sent.   <b>    faire   <\/b>   . Pass\u00e9 avoir fait.  <\/li>\n<li>   Participe. Pr\u00e9sent. faisant. Pass\u00e9 fait. ayant fait.  <\/li>\n<li>   G\u00e9rondif. Pr\u00e9sent. en faisant. Pass\u00e9 en ayant fait.  <\/li>\n<\/ol>\n<p>Comment conjuguer le verbe faire au subjonctif pr\u00e9sent ? <\/p>\n<ol>\n<li>   fasses. fasse. fais. Je ne sais pas.  <\/li>\n<li>   fasses. fais. fasse. Je ne sais pas.  <\/li>\n<li>   fassiez. faites. faisions. Je ne sais pas.  <\/li>\n<li>   fasses. fasse. faisais. Je ne sais pas.  <\/li>\n<li>   font. fasse. fassent. Je ne sais pas.  <\/li>\n<li>   faisons. faisions. fassions. Je ne sais pas.  <\/li>\n<li>   fasse. fais. fait. Je ne sais pas.  <\/li>\n<li>   fasses. fassent. fasse. Je ne sais pas.  <\/li>\n<\/ol>\n<div id=\"ez-toc-container\" class=\"ez-toc-v2_0_81 counter-hierarchy ez-toc-counter ez-toc-grey ez-toc-container-direction\">\n<div class=\"ez-toc-title-container\">\n<p class=\"ez-toc-title\" style=\"cursor:inherit\">Contenus de la page<\/p>\n<span class=\"ez-toc-title-toggle\"><a href=\"#\" class=\"ez-toc-pull-right ez-toc-btn ez-toc-btn-xs ez-toc-btn-default ez-toc-toggle\" aria-label=\"Toggle Table of Content\"><span class=\"ez-toc-js-icon-con\"><span class=\"\"><span class=\"eztoc-hide\" style=\"display:none;\">Toggle<\/span><span class=\"ez-toc-icon-toggle-span\"><svg style=\"fill: #999;color:#999\" xmlns=\"http:\/\/www.w3.org\/2000\/svg\" class=\"list-377408\" width=\"20px\" height=\"20px\" viewBox=\"0 0 24 24\" fill=\"none\"><path d=\"M6 6H4v2h2V6zm14 0H8v2h12V6zM4 11h2v2H4v-2zm16 0H8v2h12v-2zM4 16h2v2H4v-2zm16 0H8v2h12v-2z\" fill=\"currentColor\"><\/path><\/svg><svg style=\"fill: #999;color:#999\" class=\"arrow-unsorted-368013\" xmlns=\"http:\/\/www.w3.org\/2000\/svg\" width=\"10px\" height=\"10px\" viewBox=\"0 0 24 24\" version=\"1.2\" baseProfile=\"tiny\"><path d=\"M18.2 9.3l-6.2-6.3-6.2 6.3c-.2.2-.3.4-.3.7s.1.5.3.7c.2.2.4.3.7.3h11c.3 0 .5-.1.7-.3.2-.2.3-.5.3-.7s-.1-.5-.3-.7zM5.8 14.7l6.2 6.3 6.2-6.3c.2-.2.3-.5.3-.7s-.1-.5-.3-.7c-.2-.2-.4-.3-.7-.3h-11c-.3 0-.5.1-.7.3-.2.2-.3.5-.3.7s.1.5.3.7z\"\/><\/svg><\/span><\/span><\/span><\/a><\/span><\/div>\n<nav><ul class='ez-toc-list ez-toc-list-level-1 ' ><li class='ez-toc-page-1 ez-toc-heading-level-2'><a class=\"ez-toc-link ez-toc-heading-1\" href=\"https:\/\/flashmode.tn\/magazine\/comment-secrit-il-fera\/#Comment_ecrire_que_tu_as_fait\" >Comment ecrire que tu as fait ?<\/a><\/li><li class='ez-toc-page-1 ez-toc-heading-level-2'><a class=\"ez-toc-link ez-toc-heading-2\" href=\"https:\/\/flashmode.tn\/magazine\/comment-secrit-il-fera\/#Comment_on_conjugue_le_verbe_faire_a_limparfait\" >Comment on conjugue le verbe faire \u00e0 l&rsquo;imparfait ?<\/a><\/li><li class='ez-toc-page-1 ez-toc-heading-level-2'><a class=\"ez-toc-link ez-toc-heading-3\" href=\"https:\/\/flashmode.tn\/magazine\/comment-secrit-il-fera\/#Quelle_Groupe_verbe_faire\" >Quelle Groupe verbe faire ?<\/a><\/li><li class='ez-toc-page-1 ez-toc-heading-level-2'><a class=\"ez-toc-link ez-toc-heading-4\" href=\"https:\/\/flashmode.tn\/magazine\/comment-secrit-il-fera\/#Comment_ecrire_tout_a_fait\" >Comment \u00e9crire tout \u00e0 fait ?<\/a><ul class='ez-toc-list-level-3' ><li class='ez-toc-heading-level-3'><a class=\"ez-toc-link ez-toc-heading-5\" href=\"https:\/\/flashmode.tn\/magazine\/comment-secrit-il-fera\/#Ou_et_ou_regle\" >O\u00f9 et ou r\u00e8gle ?<\/a><\/li><\/ul><\/li><\/ul><\/nav><\/div>\n<h2><span class=\"ez-toc-section\" id=\"Comment_ecrire_que_tu_as_fait\"><\/span>Comment ecrire que tu as fait ?<span class=\"ez-toc-section-end\"><\/span><\/h2>\n<p>\u00ab\u00a0<b>Faire<\/b>\u00a0\u00bb est un verbe du troisi\u00e8me groupe qui se conjugue avec l&rsquo;auxiliaire avoir. \u00ab\u00a0<b>Tu as fait<\/b>\u00a0\u00bb est conjugu\u00e9 au pass\u00e9 compos\u00e9. La r\u00e8gle de conjugaison est d&rsquo;<b>\u00e9crire fait<\/b> avec un \u00ab\u00a0<b>t<\/b>\u00a0\u00bb \u00e0 la fin et jamais un \u00ab\u00a0s\u00a0\u00bb. Il faut se baser sur la r\u00e8gle du participe pass\u00e9 qui pose l&rsquo;orthographe \u00ab\u00a0<b>fait<\/b>\u00ab\u00a0.<\/p>\n<p>O\u00f9 et ou dans une m\u00eame phrase ? *On \u00e9crit &lsquo;o\u00f9&rsquo; avec un accent grave quand il indique le lieu comme dans la <b>phrase<\/b> 1 . -Exemple : -La maison o\u00f9 j&rsquo;habite est spacieuse . &lsquo;ou bien&rsquo; comme dans la <b>phrase<\/b> 2. -Exemple : -On va au th\u00e9\u00e2tre ou au cin\u00e9ma ?<\/p>\n<p>O\u00f9 et ou dans la m\u00eame phrase ? Exemple : Tu veux manger maintenant ou plus tard ? (on peut dire \u00ab tu veux manger maintenant ou bien plus tard \u00bb). R\u00e8gle 2 : On \u00e9crit \u00ab o\u00f9 \u00bb avec un accent pour parler d&rsquo;un lieu ou une situation g\u00e9ographique. Exemple : O\u00f9 veux-tu aller ? (on ne peut pas dire \u00ab ou bien veux-tu aller \u00bb).<\/p>\n<p>O\u00f9 et ou dans une phrase ? Exemple : ce soir, nous pourrions aller au cin\u00e9ma ou au th\u00e9\u00e2tre &gt; ce soir, nous pourrions aller au cin\u00e9ma ou bien au th\u00e9\u00e2tre. Le terme &lsquo;o\u00f9&rsquo; est un pronom relatif, employ\u00e9 comme un compl\u00e9ment adverbial, souvent de temps ou de lieu. Exemple : la ville o\u00f9 nous vivons est agr\u00e9able.<\/p>\n<h2><span class=\"ez-toc-section\" id=\"Comment_on_conjugue_le_verbe_faire_a_limparfait\"><\/span>Comment on conjugue le verbe faire \u00e0 l&rsquo;imparfait ?<span class=\"ez-toc-section-end\"><\/span><\/h2>\n<p>Indicatif <b>imparfait<\/b> : je faisais, tu faisais, il\/elle\/on faisait, nous faisions, vous faisiez, ils\/elles\/eux faisaient.<\/p>\n<p>Comment se conjugue le verbe faire au pass\u00e9 simple ? Au <b>pass\u00e9 simple<\/b>, <b>faire se conjugue<\/b> avec la base f- et des terminaisons en i . Cela donne <b>je<\/b> fis , tu fis , il fit ( elle fit , on fit ), nous f\u00eemes , <b>vous<\/b> f\u00eetes , elles firent ( ils firent ). On ne met un accent circonflexe que lorsque le sujet est nous ou <b>vous<\/b> .<\/p>\n<p>Comment conjuguer un verbe au Plus-que-parfait ?<\/p>\n<p>Le <b>plus-que-parfait<\/b> est form\u00e9 de l&rsquo;auxiliaire avoir ou \u00eatre \u00e0 l&rsquo;imparfait + le participe pass\u00e9 du verbe \u00e0 <b>conjuguer<\/b>. Ex : Il avait couru, tu \u00e9tais n\u00e9e, nous avions v\u00e9cu, elle avait chant\u00e9\u2026<\/p>\n<p>Comment \u00e9crire faire au pass\u00e9 simple ? Au <b>pass\u00e9 simple<\/b>, <b>faire<\/b> se conjugue avec la base f- et des terminaisons en i . Cela donne je fis , tu fis , il fit ( elle fit , on fit ), nous f\u00eemes , vous f\u00eetes , elles firent ( ils firent ). On ne met un accent circonflexe que lorsque le sujet est nous ou vous .<\/p>\n<h2><span class=\"ez-toc-section\" id=\"Quelle_Groupe_verbe_faire\"><\/span>Quelle Groupe verbe faire ?<span class=\"ez-toc-section-end\"><\/span><\/h2>\n<p><b>Verbe<\/b> du troisi\u00e8me <b>groupe<\/b> se conjuguant avec Avoir.<\/p>\n<p>Quel est le temps de nous faisions ?<\/p>\n<p>Conjugaison invers\u00e9e pour faisons <\/p>\n<table>\n<tbody>\n<tr>\n<th>     Verbe \u00e0 l&rsquo;infinitif    <\/th>\n<th>     Conjugaison du verbe    <\/th>\n<th>     <b>      Temps     <\/b>     du verbe conjugu\u00e9    <\/th>\n<\/tr>\n<tr>\n<td>     faire    <\/td>\n<td>     <b>      nous faisons     <\/b>    <\/td>\n<td>     Indicatif pr\u00e9sent    <\/td>\n<\/tr>\n<tr>\n<td>     faire    <\/td>\n<td>     <b>      faisons     <\/b>    <\/td>\n<td>     Imp\u00e9ratif pr\u00e9sent    <\/td>\n<\/tr>\n<\/tbody>\n<\/table>\n<p>Comment Ecrire fais attention ? je ne sais pas ce que Wiktionnaire dit, mais \u00ab\u00a0<b>Fais attention<\/b>\u00a0\u00bb \u00e0 l&rsquo;imp\u00e9ratif est la seule expression grammaticalement correcte. Comme tu l&rsquo;as dit, l&rsquo;imp\u00e9ratif de \u00ab\u00a0<b>faire<\/b>\u00a0\u00bb \u00e0 la deuxi\u00e8me personne est \u00ab\u00a0<b>fais<\/b>\u00ab\u00a0, pas \u00ab\u00a0<b>fait<\/b>\u00ab\u00a0.<\/p>\n<p>Comment Ecrire c&rsquo;est toi qui choisi ? French translation: <b>c&rsquo;est<\/b> nous <b>qui<\/b> choisissons, donc <b>choisis<\/b><\/p>\n<p> <b>C&rsquo;est toi qui choisis<\/b> ? <b>C&rsquo;est toi qui choisit<\/b> ?<\/p>\n<h2><span class=\"ez-toc-section\" id=\"Comment_ecrire_tout_a_fait\"><\/span>Comment \u00e9crire tout \u00e0 fait ?<span class=\"ez-toc-section-end\"><\/span><\/h2>\n<p><b>tout \u00e0 fait<\/b> adv. Compl\u00e8tement, enti\u00e8rement.<\/p>\n<p>Comment savoir si c&rsquo;est ou ou ou ? \u00ab\u00a0Ou\u00a0\u00bb (sans accent) est conjonction de coordination. Il ne faut pas le confondre avec \u00ab\u00a0o\u00f9\u00a0\u00bb (avec accent) qui est adverbe ou pronom. On \u00e9crit toujours \u00ab\u00a0ou\u00a0\u00bb (sans accent) quand il peut \u00eatre remplac\u00e9 par \u00ab\u00a0ou bien\u00a0\u00bb.<\/p>\n<p>Quelle est la diff\u00e9rence entre ou ou ?<\/p>\n<p><b>Diff\u00e9rence<\/b> entre ou et o\u00f9<\/p>\n<p> O\u00f9 pr\u00e9cise un lieu. Il ne peut pas \u00eatre remplac\u00e9 par ou bien. En terme de grammaire, ou est une conjonction de coordination. O\u00f9 peut \u00e0 la fois \u00eatre un pronom interrogatif ou un pronom relatif.<\/p>\n<p>Ou avec accent ou pas ? \u00ab ou \u00bb et \u00ab o\u00f9 \u00bb, pour ne plus les confondre<\/p>\n<p> Adressez-vous \u00e0 Paul ou \u00e0 Clara. = Adressez-vous \u00e0 Paul ou bien \u00e0 Clara. Dans le cas contraire, \u00ab o\u00f9 \u00bb prend un <b>accent<\/b> grave, qu&rsquo;il s&rsquo;agisse de marquer le lieu ou le temps : La r\u00e9gion o\u00f9 j&rsquo;ai grandi, le jour o\u00f9 le peuple s&rsquo;est r\u00e9volt\u00e9, etc.<\/p>\n<h3><span class=\"ez-toc-section\" id=\"Ou_et_ou_regle\"><\/span>O\u00f9 et ou r\u00e8gle ?<span class=\"ez-toc-section-end\"><\/span><\/h3>\n<p>Il faut \u00e9crire : Le service o\u00f9 je me suis rendu n&rsquo;a pas pu me renseigner. Rempla\u00e7ons \u00ab ou \u00bb par \u00ab ou bien \u00bb : \u00ab Le service ou bien je me suis rendu\u2026 \u00bb Cela ne veut rien dire. On n&rsquo;\u00e9crit donc pas \u00ab ou \u00bb mais \u00ab o\u00f9 \u00bb avec accent.<\/p>\n<p>Comment savoir utiliser ses O\u00d9 CES ? <b>Ses<\/b> est un adjectif possessif ADJECTIFS POSSESSIFS, qui marque l&rsquo;appartenance. Il aime <b>ses<\/b> chiens. <b>Ces<\/b> est un adjectif d\u00e9monstratif ADJECTIFS DEMONSTRATIFS, qui sert \u00e0 designer quelqu&rsquo;un ou quelque chose. Tu as vu <b>ces<\/b> gens ?<\/p>\n<p>Qui et que dans une phrase ?<\/p>\n<p><b>Qui<\/b> remplace un nom sujet. Exemple : Il attend son ami <b>qui<\/b> rentre de Toulouse. Que remplace un mot compl\u00e9ment d&rsquo;objet direct. Exemple : Voici le reportage que je regarde en ce moment.<\/p>\n<h2><\/h2>\n","protected":false},"excerpt":{"rendered":"<p>Il faut \u00e9crire : On se demande s&rsquo;il fera l&rsquo;affaire. Devant \u00ab il \u00bb, le \u00ab i \u00bb de \u00ab si \u00bb est obligatoirement remplac\u00e9 par une apostrophe : il faut donc \u00e9crire \u00ab s&rsquo;il fera l&rsquo;affaire \u00bb et non \u00ab si il fera l&rsquo;affaire \u00bb. O\u00f9 et ou exemple ? _ On \u00e9crit ou [&hellip;]<\/p>\n","protected":false},"author":5,"featured_media":0,"comment_status":"open","ping_status":"open","sticky":false,"template":"","format":"standard","meta":{"tdm_status":"","tdm_grid_status":"","_jetpack_memberships_contains_paid_content":false,"footnotes":"","jetpack_publicize_message":"","jetpack_publicize_feature_enabled":true,"jetpack_social_post_already_shared":true,"jetpack_social_options":{"image_generator_settings":{"template":"highway","default_image_id":0,"font":"","enabled":false},"version":2}},"categories":[80],"tags":[],"class_list":["post-67658","post","type-post","status-publish","format-standard","hentry","category-lifestyle"],"yoast_head":"<!-- This site is optimized with the Yoast SEO Premium plugin v25.0 (Yoast SEO v25.0) - https:\/\/yoast.com\/wordpress\/plugins\/seo\/ -->\n<title>Comment s&#039;\u00e9crit Il fera ?<\/title>\n<meta name=\"description\" content=\"Il faut \u00e9crire : On se demande s&#039;il fera l&#039;affaire. Devant \u00ab il \u00bb, le \u00ab i \u00bb de \u00ab si \u00bb est obligatoirement remplac\u00e9 par une apostrophe : il faut donc \u00e9crire \u00ab s&#039;il fera l&#039;affaire \u00bb et non \u00ab si il fera l&#039;affaire \u00bb.\" \/>\n<meta name=\"robots\" content=\"index, follow, max-snippet:-1, max-image-preview:large, max-video-preview:-1\" \/>\n<link rel=\"canonical\" href=\"https:\/\/flashmode.tn\/magazine\/comment-secrit-il-fera\/\" \/>\n<meta property=\"og:locale\" content=\"fr_FR\" \/>\n<meta property=\"og:type\" content=\"article\" \/>\n<meta property=\"og:title\" content=\"Comment s&#039;\u00e9crit Il fera ? - Flashmode Magazine | Magazine de mode et style de vie Num\u00e9ro un en Tunisie et au Maghreb\" \/>\n<meta property=\"og:description\" content=\"Il faut \u00e9crire : On se demande s&#039;il fera l&#039;affaire. Devant \u00ab il \u00bb, le \u00ab i \u00bb de \u00ab si \u00bb est obligatoirement remplac\u00e9 par une apostrophe : il faut donc \u00e9crire \u00ab s&#039;il fera l&#039;affaire \u00bb et non \u00ab si il fera l&#039;affaire \u00bb.\" \/>\n<meta property=\"og:url\" content=\"https:\/\/flashmode.tn\/magazine\/comment-secrit-il-fera\/\" \/>\n<meta property=\"og:site_name\" content=\"Flashmode Magazine | Magazine de mode et style de vie Num\u00e9ro un en Tunisie et au Maghreb\" \/>\n<meta property=\"article:publisher\" content=\"https:\/\/www.facebook.com\/flashmode.magazine\/\" \/>\n<meta property=\"article:published_time\" content=\"2022-01-20T07:01:54+00:00\" \/>\n<meta name=\"author\" content=\"PeopleLife\" \/>\n<meta name=\"twitter:card\" content=\"summary_large_image\" \/>\n<meta name=\"twitter:creator\" content=\"@agenceflashmode\" \/>\n<meta name=\"twitter:site\" content=\"@agenceflashmode\" \/>\n<meta name=\"twitter:label1\" content=\"\u00c9crit par\" \/>\n\t<meta name=\"twitter:data1\" content=\"PeopleLife\" \/>\n\t<meta name=\"twitter:label2\" content=\"Dur\u00e9e de lecture estim\u00e9e\" \/>\n\t<meta name=\"twitter:data2\" content=\"5 minutes\" \/>\n<script type=\"application\/ld+json\" class=\"yoast-schema-graph\">{\"@context\":\"https:\/\/schema.org\",\"@graph\":[{\"@type\":\"WebPage\",\"@id\":\"https:\/\/flashmode.tn\/magazine\/comment-secrit-il-fera\/\",\"url\":\"https:\/\/flashmode.tn\/magazine\/comment-secrit-il-fera\/\",\"name\":\"Comment s'\u00e9crit Il fera ?\",\"isPartOf\":{\"@id\":\"https:\/\/flashmode.tn\/magazine\/#website\"},\"datePublished\":\"2022-01-20T07:01:54+00:00\",\"author\":{\"@id\":\"https:\/\/flashmode.tn\/magazine\/#\/schema\/person\/6815bd30337e8756d5357219766efcc3\"},\"description\":\"Il faut \u00e9crire : On se demande s'il fera l'affaire. Devant \u00ab il \u00bb, le \u00ab i \u00bb de \u00ab si \u00bb est obligatoirement remplac\u00e9 par une apostrophe : il faut donc \u00e9crire \u00ab s'il fera l'affaire \u00bb et non \u00ab si il fera l'affaire \u00bb.\",\"breadcrumb\":{\"@id\":\"https:\/\/flashmode.tn\/magazine\/comment-secrit-il-fera\/#breadcrumb\"},\"inLanguage\":\"fr-FR\",\"potentialAction\":[{\"@type\":\"ReadAction\",\"target\":[\"https:\/\/flashmode.tn\/magazine\/comment-secrit-il-fera\/\"]}]},{\"@type\":\"BreadcrumbList\",\"@id\":\"https:\/\/flashmode.tn\/magazine\/comment-secrit-il-fera\/#breadcrumb\",\"itemListElement\":[{\"@type\":\"ListItem\",\"position\":1,\"name\":\"Accueil\",\"item\":\"https:\/\/flashmode.tn\/magazine\/\"},{\"@type\":\"ListItem\",\"position\":2,\"name\":\"Comment s&rsquo;\u00e9crit Il fera ?\"}]},{\"@type\":\"WebSite\",\"@id\":\"https:\/\/flashmode.tn\/magazine\/#website\",\"url\":\"https:\/\/flashmode.tn\/magazine\/\",\"name\":\"Flashmode Magazine | Magazine de mode et style de vie Num\u00e9ro un en Tunisie et au Maghreb\",\"description\":\"Magazine de mode et style de vie Num\u00e9ro un en Tunisie et au Maghreb, cr\u00e9\u00e9 pour les hommes et les femmes : conseils beaut\u00e9, mode femme, mode homme, recettes de cuisine, c\u00e9l\u00e9brit\u00e9s et people, mannequins et top modeles\",\"potentialAction\":[{\"@type\":\"SearchAction\",\"target\":{\"@type\":\"EntryPoint\",\"urlTemplate\":\"https:\/\/flashmode.tn\/magazine\/?s={search_term_string}\"},\"query-input\":{\"@type\":\"PropertyValueSpecification\",\"valueRequired\":true,\"valueName\":\"search_term_string\"}}],\"inLanguage\":\"fr-FR\"},{\"@type\":\"Person\",\"@id\":\"https:\/\/flashmode.tn\/magazine\/#\/schema\/person\/6815bd30337e8756d5357219766efcc3\",\"name\":\"PeopleLife\",\"image\":{\"@type\":\"ImageObject\",\"inLanguage\":\"fr-FR\",\"@id\":\"https:\/\/flashmode.tn\/magazine\/#\/schema\/person\/image\/\",\"url\":\"https:\/\/secure.gravatar.com\/avatar\/8098f49196034391d93ae20d939ad33b14f6b745c986049ad803a54f4113e18c?s=96&d=mm&r=g\",\"contentUrl\":\"https:\/\/secure.gravatar.com\/avatar\/8098f49196034391d93ae20d939ad33b14f6b745c986049ad803a54f4113e18c?s=96&d=mm&r=g\",\"caption\":\"PeopleLife\"},\"url\":\"https:\/\/flashmode.tn\/magazine\/author\/peoplelife\/\"}]}<\/script>\n<!-- \/ Yoast SEO Premium plugin. -->","yoast_head_json":{"title":"Comment s'\u00e9crit Il fera ?","description":"Il faut \u00e9crire : On se demande s'il fera l'affaire. Devant \u00ab il \u00bb, le \u00ab i \u00bb de \u00ab si \u00bb est obligatoirement remplac\u00e9 par une apostrophe : il faut donc \u00e9crire \u00ab s'il fera l'affaire \u00bb et non \u00ab si il fera l'affaire \u00bb.","robots":{"index":"index","follow":"follow","max-snippet":"max-snippet:-1","max-image-preview":"max-image-preview:large","max-video-preview":"max-video-preview:-1"},"canonical":"https:\/\/flashmode.tn\/magazine\/comment-secrit-il-fera\/","og_locale":"fr_FR","og_type":"article","og_title":"Comment s'\u00e9crit Il fera ? - Flashmode Magazine | Magazine de mode et style de vie Num\u00e9ro un en Tunisie et au Maghreb","og_description":"Il faut \u00e9crire : On se demande s'il fera l'affaire. Devant \u00ab il \u00bb, le \u00ab i \u00bb de \u00ab si \u00bb est obligatoirement remplac\u00e9 par une apostrophe : il faut donc \u00e9crire \u00ab s'il fera l'affaire \u00bb et non \u00ab si il fera l'affaire \u00bb.","og_url":"https:\/\/flashmode.tn\/magazine\/comment-secrit-il-fera\/","og_site_name":"Flashmode Magazine | Magazine de mode et style de vie Num\u00e9ro un en Tunisie et au Maghreb","article_publisher":"https:\/\/www.facebook.com\/flashmode.magazine\/","article_published_time":"2022-01-20T07:01:54+00:00","author":"PeopleLife","twitter_card":"summary_large_image","twitter_creator":"@agenceflashmode","twitter_site":"@agenceflashmode","twitter_misc":{"\u00c9crit par":"PeopleLife","Dur\u00e9e de lecture estim\u00e9e":"5 minutes"},"schema":{"@context":"https:\/\/schema.org","@graph":[{"@type":"WebPage","@id":"https:\/\/flashmode.tn\/magazine\/comment-secrit-il-fera\/","url":"https:\/\/flashmode.tn\/magazine\/comment-secrit-il-fera\/","name":"Comment s'\u00e9crit Il fera ?","isPartOf":{"@id":"https:\/\/flashmode.tn\/magazine\/#website"},"datePublished":"2022-01-20T07:01:54+00:00","author":{"@id":"https:\/\/flashmode.tn\/magazine\/#\/schema\/person\/6815bd30337e8756d5357219766efcc3"},"description":"Il faut \u00e9crire : On se demande s'il fera l'affaire. Devant \u00ab il \u00bb, le \u00ab i \u00bb de \u00ab si \u00bb est obligatoirement remplac\u00e9 par une apostrophe : il faut donc \u00e9crire \u00ab s'il fera l'affaire \u00bb et non \u00ab si il fera l'affaire \u00bb.","breadcrumb":{"@id":"https:\/\/flashmode.tn\/magazine\/comment-secrit-il-fera\/#breadcrumb"},"inLanguage":"fr-FR","potentialAction":[{"@type":"ReadAction","target":["https:\/\/flashmode.tn\/magazine\/comment-secrit-il-fera\/"]}]},{"@type":"BreadcrumbList","@id":"https:\/\/flashmode.tn\/magazine\/comment-secrit-il-fera\/#breadcrumb","itemListElement":[{"@type":"ListItem","position":1,"name":"Accueil","item":"https:\/\/flashmode.tn\/magazine\/"},{"@type":"ListItem","position":2,"name":"Comment s&rsquo;\u00e9crit Il fera ?"}]},{"@type":"WebSite","@id":"https:\/\/flashmode.tn\/magazine\/#website","url":"https:\/\/flashmode.tn\/magazine\/","name":"Flashmode Magazine | Magazine de mode et style de vie Num\u00e9ro un en Tunisie et au Maghreb","description":"Magazine de mode et style de vie Num\u00e9ro un en Tunisie et au Maghreb, cr\u00e9\u00e9 pour les hommes et les femmes : conseils beaut\u00e9, mode femme, mode homme, recettes de cuisine, c\u00e9l\u00e9brit\u00e9s et people, mannequins et top modeles","potentialAction":[{"@type":"SearchAction","target":{"@type":"EntryPoint","urlTemplate":"https:\/\/flashmode.tn\/magazine\/?s={search_term_string}"},"query-input":{"@type":"PropertyValueSpecification","valueRequired":true,"valueName":"search_term_string"}}],"inLanguage":"fr-FR"},{"@type":"Person","@id":"https:\/\/flashmode.tn\/magazine\/#\/schema\/person\/6815bd30337e8756d5357219766efcc3","name":"PeopleLife","image":{"@type":"ImageObject","inLanguage":"fr-FR","@id":"https:\/\/flashmode.tn\/magazine\/#\/schema\/person\/image\/","url":"https:\/\/secure.gravatar.com\/avatar\/8098f49196034391d93ae20d939ad33b14f6b745c986049ad803a54f4113e18c?s=96&d=mm&r=g","contentUrl":"https:\/\/secure.gravatar.com\/avatar\/8098f49196034391d93ae20d939ad33b14f6b745c986049ad803a54f4113e18c?s=96&d=mm&r=g","caption":"PeopleLife"},"url":"https:\/\/flashmode.tn\/magazine\/author\/peoplelife\/"}]}},"jetpack_publicize_connections":[],"jetpack_featured_media_url":"","jetpack_shortlink":"https:\/\/wp.me\/p8BPGr-hBg","jetpack_sharing_enabled":true,"_links":{"self":[{"href":"https:\/\/flashmode.tn\/magazine\/wp-json\/wp\/v2\/posts\/67658","targetHints":{"allow":["GET"]}}],"collection":[{"href":"https:\/\/flashmode.tn\/magazine\/wp-json\/wp\/v2\/posts"}],"about":[{"href":"https:\/\/flashmode.tn\/magazine\/wp-json\/wp\/v2\/types\/post"}],"author":[{"embeddable":true,"href":"https:\/\/flashmode.tn\/magazine\/wp-json\/wp\/v2\/users\/5"}],"replies":[{"embeddable":true,"href":"https:\/\/flashmode.tn\/magazine\/wp-json\/wp\/v2\/comments?post=67658"}],"version-history":[{"count":0,"href":"https:\/\/flashmode.tn\/magazine\/wp-json\/wp\/v2\/posts\/67658\/revisions"}],"wp:attachment":[{"href":"https:\/\/flashmode.tn\/magazine\/wp-json\/wp\/v2\/media?parent=67658"}],"wp:term":[{"taxonomy":"category","embeddable":true,"href":"https:\/\/flashmode.tn\/magazine\/wp-json\/wp\/v2\/categories?post=67658"},{"taxonomy":"post_tag","embeddable":true,"href":"https:\/\/flashmode.tn\/magazine\/wp-json\/wp\/v2\/tags?post=67658"}],"curies":[{"name":"wp","href":"https:\/\/api.w.org\/{rel}","templated":true}]}}