{"id":68669,"date":"2022-01-25T12:53:39","date_gmt":"2022-01-25T11:53:39","guid":{"rendered":"https:\/\/flashmode.tn\/magazine\/?p=68669"},"modified":"2022-01-25T12:53:39","modified_gmt":"2022-01-25T11:53:39","slug":"comment-appelle-t-on-un-homme-suisse","status":"publish","type":"post","link":"https:\/\/flashmode.tn\/magazine\/comment-appelle-t-on-un-homme-suisse\/","title":{"rendered":"Comment Appelle-t-on un homme suisse ?"},"content":{"rendered":"<p>Le gentil\u00e9 (le nom des habitants) de la <b>Suisse<\/b> est : <b>Suisse<\/b> \/ Suissesse. au masculin : un <b>Suisse<\/b>, des <b>Suisses<\/b> ; au f\u00e9minin : une Suissesse, des Suissesses.<\/p>\n<p>Comment s&rsquo;appelle les gens qui habitent en Mauritanie ? Le gentil\u00e9 (le nom des <b>habitants<\/b>) de la <b>Mauritanie<\/b> est : <b>Mauritanien<\/b>. Par exemple : Les <b>Mauritaniens<\/b> se sont impos\u00e9s 2 \u00e0 0.<\/p>\n<p>or Comment s&rsquo;appel les habitant du monde ? On utilise en effet le substantif \u00ab terrien \u00bb pour parler d&rsquo;un <b>habitant<\/b> de la plan\u00e8te Terre, comme l&rsquo;indique le Centre national de ressources textuelles et lexicales (CNRTL) http:\/\/www.cnrtl.fr\/definition\/terrien .<\/p>\n<p>Comment s&rsquo;appelle les habitants des pays du monde ? Le gentil\u00e9 (ou d\u00e9monyme \/ nom de peuple), est le nom donn\u00e9 aux <b>habitants<\/b> d&rsquo;un lieu g\u00e9ographique \u2013 ville, <b>pays<\/b>, continent, plan\u00e8te, etc.<\/p>\n<div id=\"ez-toc-container\" class=\"ez-toc-v2_0_81 counter-hierarchy ez-toc-counter ez-toc-grey ez-toc-container-direction\">\n<div class=\"ez-toc-title-container\">\n<p class=\"ez-toc-title\" style=\"cursor:inherit\">Contenus de la page<\/p>\n<span class=\"ez-toc-title-toggle\"><a href=\"#\" class=\"ez-toc-pull-right ez-toc-btn ez-toc-btn-xs ez-toc-btn-default ez-toc-toggle\" aria-label=\"Toggle Table of Content\"><span class=\"ez-toc-js-icon-con\"><span class=\"\"><span class=\"eztoc-hide\" style=\"display:none;\">Toggle<\/span><span class=\"ez-toc-icon-toggle-span\"><svg style=\"fill: #999;color:#999\" xmlns=\"http:\/\/www.w3.org\/2000\/svg\" class=\"list-377408\" width=\"20px\" height=\"20px\" viewBox=\"0 0 24 24\" fill=\"none\"><path d=\"M6 6H4v2h2V6zm14 0H8v2h12V6zM4 11h2v2H4v-2zm16 0H8v2h12v-2zM4 16h2v2H4v-2zm16 0H8v2h12v-2z\" fill=\"currentColor\"><\/path><\/svg><svg style=\"fill: #999;color:#999\" class=\"arrow-unsorted-368013\" xmlns=\"http:\/\/www.w3.org\/2000\/svg\" width=\"10px\" height=\"10px\" viewBox=\"0 0 24 24\" version=\"1.2\" baseProfile=\"tiny\"><path d=\"M18.2 9.3l-6.2-6.3-6.2 6.3c-.2.2-.3.4-.3.7s.1.5.3.7c.2.2.4.3.7.3h11c.3 0 .5-.1.7-.3.2-.2.3-.5.3-.7s-.1-.5-.3-.7zM5.8 14.7l6.2 6.3 6.2-6.3c.2-.2.3-.5.3-.7s-.1-.5-.3-.7c-.2-.2-.4-.3-.7-.3h-11c-.3 0-.5.1-.7.3-.2.2-.3.5-.3.7s.1.5.3.7z\"\/><\/svg><\/span><\/span><\/span><\/a><\/span><\/div>\n<nav><ul class='ez-toc-list ez-toc-list-level-1 ' ><li class='ez-toc-page-1 ez-toc-heading-level-2'><a class=\"ez-toc-link ez-toc-heading-1\" href=\"https:\/\/flashmode.tn\/magazine\/comment-appelle-t-on-un-homme-suisse\/#Comment_Appelle-t-on_les_gens_qui_habitent_en_Fes\" >Comment Appelle-t-on les gens qui habitent en F\u00e8s ?<\/a><\/li><li class='ez-toc-page-1 ez-toc-heading-level-2'><a class=\"ez-toc-link ez-toc-heading-2\" href=\"https:\/\/flashmode.tn\/magazine\/comment-appelle-t-on-un-homme-suisse\/#Comment_on_appelle_les_habitants_du_Kosovo\" >Comment on appelle les habitants du Kosovo ?<\/a><\/li><li class='ez-toc-page-1 ez-toc-heading-level-2'><a class=\"ez-toc-link ez-toc-heading-3\" href=\"https:\/\/flashmode.tn\/magazine\/comment-appelle-t-on-un-homme-suisse\/#Comment_sappelle_notre_pays\" >Comment s&rsquo;appelle notre pays ?<\/a><\/li><li class='ez-toc-page-1 ez-toc-heading-level-2'><a class=\"ez-toc-link ez-toc-heading-4\" href=\"https:\/\/flashmode.tn\/magazine\/comment-appelle-t-on-un-homme-suisse\/#Comment_Appelle-t-on_lAllemagne\" >Comment Appelle-t-on l&rsquo;Allemagne ?<\/a><ul class='ez-toc-list-level-3' ><li class='ez-toc-heading-level-3'><a class=\"ez-toc-link ez-toc-heading-5\" href=\"https:\/\/flashmode.tn\/magazine\/comment-appelle-t-on-un-homme-suisse\/#Quelle_est_la_difference_entre_lAlbanie_et_le_Kosovo\" >Quelle est la diff\u00e9rence entre l&rsquo;Albanie et le Kosovo ?<\/a><\/li><\/ul><\/li><\/ul><\/nav><\/div>\n<h2><span class=\"ez-toc-section\" id=\"Comment_Appelle-t-on_les_gens_qui_habitent_en_Fes\"><\/span>Comment Appelle-t-on les gens qui habitent en F\u00e8s ?<span class=\"ez-toc-section-end\"><\/span><\/h2>\n<p>Les <b>habitants<\/b> de <b>F\u00e8s<\/b> sont appel\u00e9s \u00ab Fassis \u00bb. \u00c0 noter toutefois <b>que<\/b> ce terme d\u00e9signe \u00e9galement au Maroc une population plus large, celle des descendants des familles anciennes de <b>F\u00e8s<\/b> ayant quitt\u00e9 la ville au cours du XX <sup>e<\/sup> si\u00e8cle pour s&rsquo;installer vers l&rsquo;axe Casablanca-Rabat.<\/p>\n<p>Comment Appelle-t-on les gens qui habitent en Angleterre ? Les habitants du Royaume-Uni sont des Britanniques. C&rsquo;est bien s\u00fbr une appellation g\u00e9n\u00e9rique <b>qui<\/b> vient du toponyme Grande-Bretagne. Il n&rsquo;existe aucun gentil\u00e9 propre au Royaume-Uni.<\/p>\n<p>Comment Appelle-t-on les gens qui vivent en Allemagne ? 3.3 Noms d&rsquo;habitants adjectif sustantiv\u00e9 <\/p>\n<table>\n<tbody>\n<tr>\n<th>     Nom du pays    <\/th>\n<th>     Nom de l&rsquo;habitant    <\/th>\n<th>     Adjectif    <\/th>\n<\/tr>\n<tr>\n<td>     \u00b0Deutschland (l&rsquo;     <b>      Allemagne     <\/b>     )    <\/td>\n<td>     Der \u00b0Deutsche Ein \u00b0Deutscher    <\/td>\n<td>     \u00b0deutsch    <\/td>\n<\/tr>\n<\/tbody>\n<\/table>\n<p>Comment Appelle-t-on les habitants du ville ? Les <b>habitants<\/b> des <b>villes<\/b> s&rsquo;appellent les citadins. On parle aussi parfois d&rsquo;urbains. Pour trouver le gentil\u00e9 d&rsquo;une <b>ville<\/b> en particulier, consultez le site Gentilix.<\/p>\n<h2><span class=\"ez-toc-section\" id=\"Comment_on_appelle_les_habitants_du_Kosovo\"><\/span>Comment on appelle les habitants du Kosovo ?<span class=\"ez-toc-section-end\"><\/span><\/h2>\n<p>Les Albanais du <b>Kosovo<\/b> se d\u00e9signent comme Kosovars, appellation rejet\u00e9e par les Serbes et par les autres communaut\u00e9s vivant au <b>Kosovo<\/b> (Rom, Turcs, etc.)<\/p>\n<p>Comment on appelle les habitants de la ville ? CITADIN, INE, subst.<\/p>\n<p>Comment on appelle les habitants des villes ?<\/p>\n<p>Les <b>habitants des villes<\/b> s&rsquo;<b>appellent<\/b> les citadins. On parle aussi parfois d&rsquo;urbains. Pour trouver le gentil\u00e9 d&rsquo;une <b>ville<\/b> en particulier, consultez le site Gentilix.<\/p>\n<p>Comment Appelle-t-on les habitants des pays africains ? Noms d&rsquo;habitants et nationalit\u00e9s <\/p>\n<table>\n<tbody>\n<tr>\n<th>     -ain    <\/th>\n<th>     -ais    <\/th>\n<th>     -asque    <\/th>\n<\/tr>\n<tr>\n<td>     <b>      Africain     <\/b>    <\/td>\n<td>     Maltais    <\/td>\n<td>     Mon\u00e9gasque    <\/td>\n<\/tr>\n<\/tbody>\n<\/table>\n<h2><span class=\"ez-toc-section\" id=\"Comment_sappelle_notre_pays\"><\/span>Comment s&rsquo;appelle notre pays ?<span class=\"ez-toc-section-end\"><\/span><\/h2>\n<p>Le nom France vient des Francs.<\/p>\n<p> Il conquit la Gaule au d\u00e9but du 6<sup>e<\/sup> si\u00e8cle et fit de Paris sa capitale. Il fonda la dynastie des M\u00e9rovingiens.<\/p>\n<p>Comment appel T-ON les gens de Oujda ?<\/p>\n<p><b>  Oujda <\/b> a \u00e9t\u00e9 fond\u00e9e par le chef berb\u00e8re z\u00e9n\u00e8te Ziri Ibn Attia, vers 994. <br \/> &#8230; <br \/> <b>  Oujda <\/b> . <\/p>\n<table>\n<tbody>\n<tr>\n<th>     Administration    <\/th>\n<\/tr>\n<tr>\n<td>     Gentil\u00e9    <\/td>\n<td>     Oujdi, Oujdia    <\/td>\n<\/tr>\n<tr>\n<td>     Population    <\/td>\n<td>     572 187 hab. (2020)    <\/td>\n<\/tr>\n<tr>\n<td>     Densit\u00e9    <\/td>\n<td>     6 170 hab.\/km     <sup>      2     <\/sup>    <\/td>\n<\/tr>\n<tr>\n<td>     G\u00e9ographie    <\/td>\n<\/tr>\n<\/tbody>\n<\/table>\n<p>Comment on appelle les gens d&rsquo;Oujda ? Les <b>habitants de Oujda<\/b> s&rsquo;appellent Wajdi, Wajdia.<\/p>\n<p>Comment Appelle-t-on un habitant de Mekn\u00e8s ? La ville de <b>Mekn\u00e8s<\/b> tire son nom de la tribu amazighe Meknassa. Les membres de cette tribu sont appel\u00e9s les Imknassen au pluriel, Ameknas au singulier.<\/p>\n<h2><span class=\"ez-toc-section\" id=\"Comment_Appelle-t-on_lAllemagne\"><\/span>Comment Appelle-t-on l&rsquo;Allemagne ?<span class=\"ez-toc-section-end\"><\/span><\/h2>\n<p>Les origines du nom <b>Allemagne<\/b>, Deutschland, Germany &#8211; l&rsquo;<b>Allemagne<\/b> pour les enfants. Les Anglais appellent l&rsquo;<b>Allemagne<\/b> Germany. Pourquoi ? Les Romains appel\u00e8rent Germania les territoires situ\u00e9s au Nord des Alpes.<\/p>\n<p>Comment s&rsquo;appelait l&rsquo;Allemagne avant ? L&rsquo;<b>Allemagne<\/b> s&rsquo;appelle alors la Germanie et n&rsquo;est pas un \u00c9tat \u00e0 part enti\u00e8re. Lors de la division de l&rsquo;Empire romain en 496, les peuples germaniques s&rsquo;installent sur des territoires appartenant autrefois \u00e0 l&#8217;empire romain d&rsquo;occident . Ils forment de nombreux royaumes dont l&rsquo;existence fut courte.<\/p>\n<p>Quel est le nom officiel de l&rsquo;Allemagne ?<\/p>\n<p><b>Allemagne<\/b> en <b>allemand<\/b> Deutschland R\u00e9publique f\u00e9d\u00e9rale d&rsquo;<b>Allemagne<\/b> &#8211; LAROUSSE.<\/p>\n<p>Comment Appelle-t-on quiz ? Le <b>quiz<\/b> est le principe de nombreux jeux de soci\u00e9t\u00e9 ou de jeux radiophoniques ou t\u00e9l\u00e9vis\u00e9s. &#8230; Lorsqu&rsquo;il ne s&rsquo;agit pas d&rsquo;un jeu, on parle plut\u00f4t de \u00ab questionnaire \u00bb ou de \u00ab <b>test<\/b> \u00bb que de <b>quiz<\/b>.<\/p>\n<h3><span class=\"ez-toc-section\" id=\"Quelle_est_la_difference_entre_lAlbanie_et_le_Kosovo\"><\/span>Quelle est la diff\u00e9rence entre l&rsquo;Albanie et le Kosovo ?<span class=\"ez-toc-section-end\"><\/span><\/h3>\n<p>Pour les Serbes, le <b>Kosovo<\/b> et la Metohija <b>sont<\/b> toujours deux r\u00e9gions de Serbie du Sud, et le terme \u00abKosovci\u00bb d\u00e9signe une appartenance r\u00e9gionale. Les <b>Albanais<\/b> estiment au contraire que le <b>Kosovo est<\/b> un pays. Cependant, le terme \u00ab<b>Kosovar<\/b>\u00bb deviendra-t-il la mani\u00e8re commune de d\u00e9signer ses habitants?<\/p>\n<p>Pourquoi le Kosovo ne fait pas partie de l&rsquo;Albanie ? Sa d\u00e9claration d&rsquo;ind\u00e9pendance le 17 f\u00e9vrier 2008, avec Pristina comme capitale, est contest\u00e9e par la Serbie pour qui il s&rsquo;agit d&rsquo;une province autonome, et n&rsquo;est reconnue ni par l&rsquo;Organisation des Nations unies, ni par l&rsquo;Union europ\u00e9enne.<\/p>\n<p>Pourquoi les Albanais sont au Kosovo ?<\/p>\n<p>Plusieurs familles <b>albanaises<\/b> s&rsquo;installent au <b>Kosovo<\/b>, sous l&rsquo;occupation ottomane par des vizirs et haut dignitaires ottomans pour repeupler les villes et villages abandonn\u00e9s par les Serbes qui ont fui vers le nord pour \u00e9viter de se convertir \u00e0 l&rsquo;Islam.<\/p>\n<h2><\/h2>\n","protected":false},"excerpt":{"rendered":"<p>Le gentil\u00e9 (le nom des habitants) de la Suisse est : Suisse \/ Suissesse. au masculin : un Suisse, des Suisses ; au f\u00e9minin : une Suissesse, des Suissesses. Comment s&rsquo;appelle les gens qui habitent en Mauritanie ? Le gentil\u00e9 (le nom des habitants) de la Mauritanie est : Mauritanien. Par exemple : Les Mauritaniens [&hellip;]<\/p>\n","protected":false},"author":5,"featured_media":0,"comment_status":"open","ping_status":"open","sticky":false,"template":"","format":"standard","meta":{"tdm_status":"","tdm_grid_status":"","_jetpack_memberships_contains_paid_content":false,"footnotes":"","jetpack_publicize_message":"","jetpack_publicize_feature_enabled":true,"jetpack_social_post_already_shared":true,"jetpack_social_options":{"image_generator_settings":{"template":"highway","default_image_id":0,"font":"","enabled":false},"version":2}},"categories":[80],"tags":[],"class_list":["post-68669","post","type-post","status-publish","format-standard","hentry","category-lifestyle"],"yoast_head":"<!-- This site is optimized with the Yoast SEO Premium plugin v25.0 (Yoast SEO v25.0) - https:\/\/yoast.com\/wordpress\/plugins\/seo\/ -->\n<title>Comment Appelle-t-on un homme suisse ?<\/title>\n<meta name=\"description\" content=\"Le gentil\u00e9 (le nom des habitants) de la Suisse est : Suisse \/ Suissesse. au masculin : un Suisse, des Suisses ; au f\u00e9minin : une Suissesse, des Suissesses.\" \/>\n<meta name=\"robots\" content=\"index, follow, max-snippet:-1, max-image-preview:large, max-video-preview:-1\" \/>\n<link rel=\"canonical\" href=\"https:\/\/flashmode.tn\/magazine\/comment-appelle-t-on-un-homme-suisse\/\" \/>\n<meta property=\"og:locale\" content=\"fr_FR\" \/>\n<meta property=\"og:type\" content=\"article\" \/>\n<meta property=\"og:title\" content=\"Comment Appelle-t-on un homme suisse ? - Flashmode Magazine | Magazine de mode et style de vie Num\u00e9ro un en Tunisie et au Maghreb\" \/>\n<meta property=\"og:description\" content=\"Le gentil\u00e9 (le nom des habitants) de la Suisse est : Suisse \/ Suissesse. au masculin : un Suisse, des Suisses ; au f\u00e9minin : une Suissesse, des Suissesses.\" \/>\n<meta property=\"og:url\" content=\"https:\/\/flashmode.tn\/magazine\/comment-appelle-t-on-un-homme-suisse\/\" \/>\n<meta property=\"og:site_name\" content=\"Flashmode Magazine | Magazine de mode et style de vie Num\u00e9ro un en Tunisie et au Maghreb\" \/>\n<meta property=\"article:publisher\" content=\"https:\/\/www.facebook.com\/flashmode.magazine\/\" \/>\n<meta property=\"article:published_time\" content=\"2022-01-25T11:53:39+00:00\" \/>\n<meta name=\"author\" content=\"PeopleLife\" \/>\n<meta name=\"twitter:card\" content=\"summary_large_image\" \/>\n<meta name=\"twitter:creator\" content=\"@agenceflashmode\" \/>\n<meta name=\"twitter:site\" content=\"@agenceflashmode\" \/>\n<meta name=\"twitter:label1\" content=\"\u00c9crit par\" \/>\n\t<meta name=\"twitter:data1\" content=\"PeopleLife\" \/>\n\t<meta name=\"twitter:label2\" content=\"Dur\u00e9e de lecture estim\u00e9e\" \/>\n\t<meta name=\"twitter:data2\" content=\"4 minutes\" \/>\n<script type=\"application\/ld+json\" class=\"yoast-schema-graph\">{\"@context\":\"https:\/\/schema.org\",\"@graph\":[{\"@type\":\"WebPage\",\"@id\":\"https:\/\/flashmode.tn\/magazine\/comment-appelle-t-on-un-homme-suisse\/\",\"url\":\"https:\/\/flashmode.tn\/magazine\/comment-appelle-t-on-un-homme-suisse\/\",\"name\":\"Comment Appelle-t-on un homme suisse ?\",\"isPartOf\":{\"@id\":\"https:\/\/flashmode.tn\/magazine\/#website\"},\"datePublished\":\"2022-01-25T11:53:39+00:00\",\"author\":{\"@id\":\"https:\/\/flashmode.tn\/magazine\/#\/schema\/person\/6815bd30337e8756d5357219766efcc3\"},\"description\":\"Le gentil\u00e9 (le nom des habitants) de la Suisse est : Suisse \/ Suissesse. au masculin : un Suisse, des Suisses ; au f\u00e9minin : une Suissesse, des Suissesses.\",\"breadcrumb\":{\"@id\":\"https:\/\/flashmode.tn\/magazine\/comment-appelle-t-on-un-homme-suisse\/#breadcrumb\"},\"inLanguage\":\"fr-FR\",\"potentialAction\":[{\"@type\":\"ReadAction\",\"target\":[\"https:\/\/flashmode.tn\/magazine\/comment-appelle-t-on-un-homme-suisse\/\"]}]},{\"@type\":\"BreadcrumbList\",\"@id\":\"https:\/\/flashmode.tn\/magazine\/comment-appelle-t-on-un-homme-suisse\/#breadcrumb\",\"itemListElement\":[{\"@type\":\"ListItem\",\"position\":1,\"name\":\"Accueil\",\"item\":\"https:\/\/flashmode.tn\/magazine\/\"},{\"@type\":\"ListItem\",\"position\":2,\"name\":\"Comment Appelle-t-on un homme suisse ?\"}]},{\"@type\":\"WebSite\",\"@id\":\"https:\/\/flashmode.tn\/magazine\/#website\",\"url\":\"https:\/\/flashmode.tn\/magazine\/\",\"name\":\"Flashmode Magazine | Magazine de mode et style de vie Num\u00e9ro un en Tunisie et au Maghreb\",\"description\":\"Magazine de mode et style de vie Num\u00e9ro un en Tunisie et au Maghreb, cr\u00e9\u00e9 pour les hommes et les femmes : conseils beaut\u00e9, mode femme, mode homme, recettes de cuisine, c\u00e9l\u00e9brit\u00e9s et people, mannequins et top modeles\",\"potentialAction\":[{\"@type\":\"SearchAction\",\"target\":{\"@type\":\"EntryPoint\",\"urlTemplate\":\"https:\/\/flashmode.tn\/magazine\/?s={search_term_string}\"},\"query-input\":{\"@type\":\"PropertyValueSpecification\",\"valueRequired\":true,\"valueName\":\"search_term_string\"}}],\"inLanguage\":\"fr-FR\"},{\"@type\":\"Person\",\"@id\":\"https:\/\/flashmode.tn\/magazine\/#\/schema\/person\/6815bd30337e8756d5357219766efcc3\",\"name\":\"PeopleLife\",\"image\":{\"@type\":\"ImageObject\",\"inLanguage\":\"fr-FR\",\"@id\":\"https:\/\/flashmode.tn\/magazine\/#\/schema\/person\/image\/\",\"url\":\"https:\/\/secure.gravatar.com\/avatar\/8098f49196034391d93ae20d939ad33b14f6b745c986049ad803a54f4113e18c?s=96&d=mm&r=g\",\"contentUrl\":\"https:\/\/secure.gravatar.com\/avatar\/8098f49196034391d93ae20d939ad33b14f6b745c986049ad803a54f4113e18c?s=96&d=mm&r=g\",\"caption\":\"PeopleLife\"},\"url\":\"https:\/\/flashmode.tn\/magazine\/author\/peoplelife\/\"}]}<\/script>\n<!-- \/ Yoast SEO Premium plugin. -->","yoast_head_json":{"title":"Comment Appelle-t-on un homme suisse ?","description":"Le gentil\u00e9 (le nom des habitants) de la Suisse est : Suisse \/ Suissesse. au masculin : un Suisse, des Suisses ; au f\u00e9minin : une Suissesse, des Suissesses.","robots":{"index":"index","follow":"follow","max-snippet":"max-snippet:-1","max-image-preview":"max-image-preview:large","max-video-preview":"max-video-preview:-1"},"canonical":"https:\/\/flashmode.tn\/magazine\/comment-appelle-t-on-un-homme-suisse\/","og_locale":"fr_FR","og_type":"article","og_title":"Comment Appelle-t-on un homme suisse ? - Flashmode Magazine | Magazine de mode et style de vie Num\u00e9ro un en Tunisie et au Maghreb","og_description":"Le gentil\u00e9 (le nom des habitants) de la Suisse est : Suisse \/ Suissesse. au masculin : un Suisse, des Suisses ; au f\u00e9minin : une Suissesse, des Suissesses.","og_url":"https:\/\/flashmode.tn\/magazine\/comment-appelle-t-on-un-homme-suisse\/","og_site_name":"Flashmode Magazine | Magazine de mode et style de vie Num\u00e9ro un en Tunisie et au Maghreb","article_publisher":"https:\/\/www.facebook.com\/flashmode.magazine\/","article_published_time":"2022-01-25T11:53:39+00:00","author":"PeopleLife","twitter_card":"summary_large_image","twitter_creator":"@agenceflashmode","twitter_site":"@agenceflashmode","twitter_misc":{"\u00c9crit par":"PeopleLife","Dur\u00e9e de lecture estim\u00e9e":"4 minutes"},"schema":{"@context":"https:\/\/schema.org","@graph":[{"@type":"WebPage","@id":"https:\/\/flashmode.tn\/magazine\/comment-appelle-t-on-un-homme-suisse\/","url":"https:\/\/flashmode.tn\/magazine\/comment-appelle-t-on-un-homme-suisse\/","name":"Comment Appelle-t-on un homme suisse ?","isPartOf":{"@id":"https:\/\/flashmode.tn\/magazine\/#website"},"datePublished":"2022-01-25T11:53:39+00:00","author":{"@id":"https:\/\/flashmode.tn\/magazine\/#\/schema\/person\/6815bd30337e8756d5357219766efcc3"},"description":"Le gentil\u00e9 (le nom des habitants) de la Suisse est : Suisse \/ Suissesse. au masculin : un Suisse, des Suisses ; au f\u00e9minin : une Suissesse, des Suissesses.","breadcrumb":{"@id":"https:\/\/flashmode.tn\/magazine\/comment-appelle-t-on-un-homme-suisse\/#breadcrumb"},"inLanguage":"fr-FR","potentialAction":[{"@type":"ReadAction","target":["https:\/\/flashmode.tn\/magazine\/comment-appelle-t-on-un-homme-suisse\/"]}]},{"@type":"BreadcrumbList","@id":"https:\/\/flashmode.tn\/magazine\/comment-appelle-t-on-un-homme-suisse\/#breadcrumb","itemListElement":[{"@type":"ListItem","position":1,"name":"Accueil","item":"https:\/\/flashmode.tn\/magazine\/"},{"@type":"ListItem","position":2,"name":"Comment Appelle-t-on un homme suisse ?"}]},{"@type":"WebSite","@id":"https:\/\/flashmode.tn\/magazine\/#website","url":"https:\/\/flashmode.tn\/magazine\/","name":"Flashmode Magazine | Magazine de mode et style de vie Num\u00e9ro un en Tunisie et au Maghreb","description":"Magazine de mode et style de vie Num\u00e9ro un en Tunisie et au Maghreb, cr\u00e9\u00e9 pour les hommes et les femmes : conseils beaut\u00e9, mode femme, mode homme, recettes de cuisine, c\u00e9l\u00e9brit\u00e9s et people, mannequins et top modeles","potentialAction":[{"@type":"SearchAction","target":{"@type":"EntryPoint","urlTemplate":"https:\/\/flashmode.tn\/magazine\/?s={search_term_string}"},"query-input":{"@type":"PropertyValueSpecification","valueRequired":true,"valueName":"search_term_string"}}],"inLanguage":"fr-FR"},{"@type":"Person","@id":"https:\/\/flashmode.tn\/magazine\/#\/schema\/person\/6815bd30337e8756d5357219766efcc3","name":"PeopleLife","image":{"@type":"ImageObject","inLanguage":"fr-FR","@id":"https:\/\/flashmode.tn\/magazine\/#\/schema\/person\/image\/","url":"https:\/\/secure.gravatar.com\/avatar\/8098f49196034391d93ae20d939ad33b14f6b745c986049ad803a54f4113e18c?s=96&d=mm&r=g","contentUrl":"https:\/\/secure.gravatar.com\/avatar\/8098f49196034391d93ae20d939ad33b14f6b745c986049ad803a54f4113e18c?s=96&d=mm&r=g","caption":"PeopleLife"},"url":"https:\/\/flashmode.tn\/magazine\/author\/peoplelife\/"}]}},"jetpack_publicize_connections":[],"jetpack_featured_media_url":"","jetpack_shortlink":"https:\/\/wp.me\/p8BPGr-hRz","jetpack_sharing_enabled":true,"_links":{"self":[{"href":"https:\/\/flashmode.tn\/magazine\/wp-json\/wp\/v2\/posts\/68669","targetHints":{"allow":["GET"]}}],"collection":[{"href":"https:\/\/flashmode.tn\/magazine\/wp-json\/wp\/v2\/posts"}],"about":[{"href":"https:\/\/flashmode.tn\/magazine\/wp-json\/wp\/v2\/types\/post"}],"author":[{"embeddable":true,"href":"https:\/\/flashmode.tn\/magazine\/wp-json\/wp\/v2\/users\/5"}],"replies":[{"embeddable":true,"href":"https:\/\/flashmode.tn\/magazine\/wp-json\/wp\/v2\/comments?post=68669"}],"version-history":[{"count":0,"href":"https:\/\/flashmode.tn\/magazine\/wp-json\/wp\/v2\/posts\/68669\/revisions"}],"wp:attachment":[{"href":"https:\/\/flashmode.tn\/magazine\/wp-json\/wp\/v2\/media?parent=68669"}],"wp:term":[{"taxonomy":"category","embeddable":true,"href":"https:\/\/flashmode.tn\/magazine\/wp-json\/wp\/v2\/categories?post=68669"},{"taxonomy":"post_tag","embeddable":true,"href":"https:\/\/flashmode.tn\/magazine\/wp-json\/wp\/v2\/tags?post=68669"}],"curies":[{"name":"wp","href":"https:\/\/api.w.org\/{rel}","templated":true}]}}