{"id":6895,"date":"2017-10-03T23:03:30","date_gmt":"2017-10-03T21:03:30","guid":{"rendered":"http:\/\/flashmode.tn\/magazine\/sorties\/agenda\/france\/evenement-la-brigade-installe-un-comptoir-carnivore-a-oberkampf\/"},"modified":"2017-10-03T23:03:30","modified_gmt":"2017-10-03T21:03:30","slug":"evenement-la-brigade-installe-un-comptoir-carnivore-a-oberkampf","status":"publish","type":"post","link":"https:\/\/flashmode.tn\/magazine\/evenement-la-brigade-installe-un-comptoir-carnivore-a-oberkampf\/","title":{"rendered":"\u00c9v\u00e8nement : La Brigade installe un comptoir carnivore \u00e0 Oberkampf"},"content":{"rendered":"<h2>La Brigade installe un comptoir carnivore \u00e0 Oberkampf <\/h2>\n<div>\n<p id=\"p-2\">\n\t\t\t\t\t<strong>Premier food truck fran\u00e7ais sp\u00e9cialis\u00e9 dans la viande bouch\u00e8re grill\u00e9e, La Brigade s&rsquo;installe d\u00e9sormais dans le 11\u00e8me arrondissement de Paris et ouvre son Comptoir viandard. Au menu : viandes bouch\u00e8res, frites fra\u00eeches et sauces 100% fait maison.<\/strong>\n\t\t\t\t<\/p>\n<p>\t\t\t\t\t<span id=\"article-start\"\/><\/p>\n<p>La Brigade a \u00e9t\u00e9 cr\u00e9\u00e9e en 2013 par Tristan et Edouard, deux viandards inv\u00e9t\u00e9r\u00e9s, et est rapidement devenue le premier food truck fran\u00e7ais sp\u00e9cialis\u00e9 dans la viande bouch\u00e8re grill\u00e9e. Aujourd&rsquo;hui, la Brigade a d\u00e9cid\u00e9 de poser grill et barbaques dans la gourmande rue Oberkampf en ouvrant son premier\u00a0Comptoir.<\/p>\n<p><img data-recalc-dims=\"1\" decoding=\"async\" src=\"https:\/\/i0.wp.com\/flashmode.tn\/magazine\/wp-content\/uploads\/2017\/10\/evenement-la-brigade-installe-un-comptoir-carnivore-a-oberkampf.jpg?w=696\" alt=\"La Brigade d'Oberkampf\"\/><\/p>\n<p>Inspir\u00e9e par la culture de la <strong>street food,<\/strong> le Comptoir vous accueille dans un d\u00e9cor sobre et \u00e9l\u00e9gant. La rue s&rsquo;invite \u00e0 l&rsquo;int\u00e9rieur avec un espace Take Away et le restaurant s&rsquo;invite \u00e0 table avec un mobilier en bois clair sur lequel il fait bon siroter un bonne bi\u00e8re fra\u00eeche. La Brigade apporte le plus grand soin \u00e0 l&rsquo;origine de ses viandes afin de proposer des produits savoureux et de qualit\u00e9. Poulet, boeuf, canard, fran\u00e7aise, allemande ou autrichienne, la viande provient de coop\u00e9ratives de confiance.<\/p>\n<p><img data-recalc-dims=\"1\" decoding=\"async\" src=\"https:\/\/i0.wp.com\/flashmode.tn\/magazine\/wp-content\/uploads\/2017\/10\/1507064610_73_evenement-la-brigade-installe-un-comptoir-carnivore-a-oberkampf.jpg?w=696\" alt=\"La Brigade d'Oberkampf\"\/><\/p>\n<p><img data-recalc-dims=\"1\" decoding=\"async\" src=\"https:\/\/i0.wp.com\/flashmode.tn\/magazine\/wp-content\/uploads\/2017\/10\/1507064610_445_evenement-la-brigade-installe-un-comptoir-carnivore-a-oberkampf.jpg?w=696\" alt=\"La Brigade d'Oberkampf\"\/><\/p>\n<p><img data-recalc-dims=\"1\" decoding=\"async\" src=\"https:\/\/i0.wp.com\/flashmode.tn\/magazine\/wp-content\/uploads\/2017\/10\/1507064610_776_evenement-la-brigade-installe-un-comptoir-carnivore-a-oberkampf.jpg?w=696\" alt=\"La Brigade d'Oberkampf\"\/><\/p>\n<p>Aussi, chaque mois, La Brigade propose <strong>des viandes \u00ab \u00e9v\u00e9nementielles \u00bb<\/strong> comme la pluma ib\u00e9rique, ou la basse c\u00f4te Black Angus. Un must pour ceux qui souhaitent d\u00e9couvrir de nouvelles saveurs.<\/p>\n<p><span style=\"text-decoration: underline;\"><strong><em>Infos pratiques :<\/em><\/strong><\/span><br \/><em>La Brigade, comptoir carnivore<br \/><\/em>103 rue Oberkampf<br \/>75011 Paris<br \/><em>Ouvert du mardi au samedi Midi et soir\u00a0<br \/><\/em><em>Le dimanche de 19h \u00e0 22h30<br \/>Barquette \u00e0 partir de 12 euros<\/em><\/p>\n<p>\t\t\t\t<span id=\"article-end\"\/>\n\t\t\t\t<\/div>\n","protected":false},"excerpt":{"rendered":"<p>La Brigade installe un comptoir carnivore \u00e0 Oberkampf Premier food truck fran\u00e7ais sp\u00e9cialis\u00e9 dans la viande bouch\u00e8re grill\u00e9e, La Brigade s&rsquo;installe d\u00e9sormais dans le 11\u00e8me arrondissement de Paris et ouvre son Comptoir viandard. Au menu : viandes bouch\u00e8res, frites fra\u00eeches et sauces 100% fait maison. La Brigade a \u00e9t\u00e9 cr\u00e9\u00e9e en 2013 par Tristan et [&hellip;]<\/p>\n","protected":false},"author":6,"featured_media":6896,"comment_status":"open","ping_status":"open","sticky":false,"template":"","format":"standard","meta":{"tdm_status":"","tdm_grid_status":"","_jetpack_memberships_contains_paid_content":false,"footnotes":"","jetpack_publicize_message":"","jetpack_publicize_feature_enabled":true,"jetpack_social_post_already_shared":true,"jetpack_social_options":{"image_generator_settings":{"template":"highway","default_image_id":0,"font":"","enabled":false},"version":2}},"categories":[963],"tags":[],"class_list":["post-6895","post","type-post","status-publish","format-standard","has-post-thumbnail","hentry","category-france"],"yoast_head":"<!-- This site is optimized with the Yoast SEO Premium plugin v25.0 (Yoast SEO v25.0) - https:\/\/yoast.com\/wordpress\/plugins\/seo\/ -->\n<title>\u00c9v\u00e8nement : La Brigade installe un comptoir carnivore \u00e0 Oberkampf - Flashmode Magazine | Magazine de mode et style de vie Num\u00e9ro un en Tunisie et au Maghreb<\/title>\n<meta name=\"description\" content=\"La Brigade installe un comptoir carnivore \u00e0 Oberkampf Premier food truck fran\u00e7ais sp\u00e9cialis\u00e9 dans la viande bouch\u00e8re grill\u00e9e, La Brigade s&#039;installe\" \/>\n<meta name=\"robots\" content=\"index, follow, max-snippet:-1, max-image-preview:large, max-video-preview:-1\" \/>\n<link rel=\"canonical\" href=\"https:\/\/flashmode.tn\/magazine\/evenement-la-brigade-installe-un-comptoir-carnivore-a-oberkampf\/\" \/>\n<meta property=\"og:locale\" content=\"fr_FR\" \/>\n<meta property=\"og:type\" content=\"article\" \/>\n<meta property=\"og:title\" content=\"\u00c9v\u00e8nement : La Brigade installe un comptoir carnivore \u00e0 Oberkampf - Flashmode Magazine | Magazine de mode et style de vie Num\u00e9ro un en Tunisie et au Maghreb\" \/>\n<meta property=\"og:description\" content=\"La Brigade installe un comptoir carnivore \u00e0 Oberkampf Premier food truck fran\u00e7ais sp\u00e9cialis\u00e9 dans la viande bouch\u00e8re grill\u00e9e, La Brigade s&#039;installe\" \/>\n<meta property=\"og:url\" content=\"https:\/\/flashmode.tn\/magazine\/evenement-la-brigade-installe-un-comptoir-carnivore-a-oberkampf\/\" \/>\n<meta property=\"og:site_name\" content=\"Flashmode Magazine | Magazine de mode et style de vie Num\u00e9ro un en Tunisie et au Maghreb\" \/>\n<meta property=\"article:publisher\" content=\"https:\/\/www.facebook.com\/flashmode.magazine\/\" \/>\n<meta property=\"article:published_time\" content=\"2017-10-03T21:03:30+00:00\" \/>\n<meta property=\"og:image\" content=\"https:\/\/i0.wp.com\/flashmode.tn\/magazine\/wp-content\/uploads\/2017\/10\/evenement-la-brigade-installe-un-comptoir-carnivore-a-oberkampf.jpg?fit=400%2C266&ssl=1\" \/>\n\t<meta property=\"og:image:width\" content=\"400\" \/>\n\t<meta property=\"og:image:height\" content=\"266\" \/>\n\t<meta property=\"og:image:type\" content=\"image\/jpeg\" \/>\n<meta name=\"author\" content=\"EventsEditors\" \/>\n<meta name=\"twitter:card\" content=\"summary_large_image\" \/>\n<meta name=\"twitter:creator\" content=\"@agenceflashmode\" \/>\n<meta name=\"twitter:site\" content=\"@agenceflashmode\" \/>\n<meta name=\"twitter:label1\" content=\"\u00c9crit par\" \/>\n\t<meta name=\"twitter:data1\" content=\"EventsEditors\" \/>\n\t<meta name=\"twitter:label2\" content=\"Dur\u00e9e de lecture estim\u00e9e\" \/>\n\t<meta name=\"twitter:data2\" content=\"1 minute\" \/>\n<script type=\"application\/ld+json\" class=\"yoast-schema-graph\">{\"@context\":\"https:\/\/schema.org\",\"@graph\":[{\"@type\":\"WebPage\",\"@id\":\"https:\/\/flashmode.tn\/magazine\/evenement-la-brigade-installe-un-comptoir-carnivore-a-oberkampf\/\",\"url\":\"https:\/\/flashmode.tn\/magazine\/evenement-la-brigade-installe-un-comptoir-carnivore-a-oberkampf\/\",\"name\":\"\u00c9v\u00e8nement : La Brigade installe un comptoir carnivore \u00e0 Oberkampf - Flashmode Magazine | Magazine de mode et style de vie Num\u00e9ro un en Tunisie et au Maghreb\",\"isPartOf\":{\"@id\":\"https:\/\/flashmode.tn\/magazine\/#website\"},\"primaryImageOfPage\":{\"@id\":\"https:\/\/flashmode.tn\/magazine\/evenement-la-brigade-installe-un-comptoir-carnivore-a-oberkampf\/#primaryimage\"},\"image\":{\"@id\":\"https:\/\/flashmode.tn\/magazine\/evenement-la-brigade-installe-un-comptoir-carnivore-a-oberkampf\/#primaryimage\"},\"thumbnailUrl\":\"https:\/\/i0.wp.com\/flashmode.tn\/magazine\/wp-content\/uploads\/2017\/10\/evenement-la-brigade-installe-un-comptoir-carnivore-a-oberkampf.jpg?fit=400%2C266&ssl=1\",\"datePublished\":\"2017-10-03T21:03:30+00:00\",\"author\":{\"@id\":\"https:\/\/flashmode.tn\/magazine\/#\/schema\/person\/257d6780605b915a5e352977f0f6f41c\"},\"description\":\"La Brigade installe un comptoir carnivore \u00e0 Oberkampf Premier food truck fran\u00e7ais sp\u00e9cialis\u00e9 dans la viande bouch\u00e8re grill\u00e9e, La Brigade s'installe\",\"breadcrumb\":{\"@id\":\"https:\/\/flashmode.tn\/magazine\/evenement-la-brigade-installe-un-comptoir-carnivore-a-oberkampf\/#breadcrumb\"},\"inLanguage\":\"fr-FR\",\"potentialAction\":[{\"@type\":\"ReadAction\",\"target\":[\"https:\/\/flashmode.tn\/magazine\/evenement-la-brigade-installe-un-comptoir-carnivore-a-oberkampf\/\"]}]},{\"@type\":\"ImageObject\",\"inLanguage\":\"fr-FR\",\"@id\":\"https:\/\/flashmode.tn\/magazine\/evenement-la-brigade-installe-un-comptoir-carnivore-a-oberkampf\/#primaryimage\",\"url\":\"https:\/\/i0.wp.com\/flashmode.tn\/magazine\/wp-content\/uploads\/2017\/10\/evenement-la-brigade-installe-un-comptoir-carnivore-a-oberkampf.jpg?fit=400%2C266&ssl=1\",\"contentUrl\":\"https:\/\/i0.wp.com\/flashmode.tn\/magazine\/wp-content\/uploads\/2017\/10\/evenement-la-brigade-installe-un-comptoir-carnivore-a-oberkampf.jpg?fit=400%2C266&ssl=1\",\"width\":400,\"height\":266},{\"@type\":\"BreadcrumbList\",\"@id\":\"https:\/\/flashmode.tn\/magazine\/evenement-la-brigade-installe-un-comptoir-carnivore-a-oberkampf\/#breadcrumb\",\"itemListElement\":[{\"@type\":\"ListItem\",\"position\":1,\"name\":\"Accueil\",\"item\":\"https:\/\/flashmode.tn\/magazine\/\"},{\"@type\":\"ListItem\",\"position\":2,\"name\":\"\u00c9v\u00e8nement : La Brigade installe un comptoir carnivore \u00e0 Oberkampf\"}]},{\"@type\":\"WebSite\",\"@id\":\"https:\/\/flashmode.tn\/magazine\/#website\",\"url\":\"https:\/\/flashmode.tn\/magazine\/\",\"name\":\"Flashmode Magazine | Magazine de mode et style de vie Num\u00e9ro un en Tunisie et au Maghreb\",\"description\":\"Magazine de mode et style de vie Num\u00e9ro un en Tunisie et au Maghreb, cr\u00e9\u00e9 pour les hommes et les femmes : conseils beaut\u00e9, mode femme, mode homme, recettes de cuisine, c\u00e9l\u00e9brit\u00e9s et people, mannequins et top modeles\",\"potentialAction\":[{\"@type\":\"SearchAction\",\"target\":{\"@type\":\"EntryPoint\",\"urlTemplate\":\"https:\/\/flashmode.tn\/magazine\/?s={search_term_string}\"},\"query-input\":{\"@type\":\"PropertyValueSpecification\",\"valueRequired\":true,\"valueName\":\"search_term_string\"}}],\"inLanguage\":\"fr-FR\"},{\"@type\":\"Person\",\"@id\":\"https:\/\/flashmode.tn\/magazine\/#\/schema\/person\/257d6780605b915a5e352977f0f6f41c\",\"name\":\"EventsEditors\",\"image\":{\"@type\":\"ImageObject\",\"inLanguage\":\"fr-FR\",\"@id\":\"https:\/\/flashmode.tn\/magazine\/#\/schema\/person\/image\/\",\"url\":\"https:\/\/secure.gravatar.com\/avatar\/e2daedf958f66be37c9a79abe56184d85cd1baa6bba0dd8017e3f7d01555232f?s=96&d=mm&r=g\",\"contentUrl\":\"https:\/\/secure.gravatar.com\/avatar\/e2daedf958f66be37c9a79abe56184d85cd1baa6bba0dd8017e3f7d01555232f?s=96&d=mm&r=g\",\"caption\":\"EventsEditors\"},\"url\":\"https:\/\/flashmode.tn\/magazine\/author\/eventseditors\/\"}]}<\/script>\n<!-- \/ Yoast SEO Premium plugin. -->","yoast_head_json":{"title":"\u00c9v\u00e8nement : La Brigade installe un comptoir carnivore \u00e0 Oberkampf - Flashmode Magazine | Magazine de mode et style de vie Num\u00e9ro un en Tunisie et au Maghreb","description":"La Brigade installe un comptoir carnivore \u00e0 Oberkampf Premier food truck fran\u00e7ais sp\u00e9cialis\u00e9 dans la viande bouch\u00e8re grill\u00e9e, La Brigade s'installe","robots":{"index":"index","follow":"follow","max-snippet":"max-snippet:-1","max-image-preview":"max-image-preview:large","max-video-preview":"max-video-preview:-1"},"canonical":"https:\/\/flashmode.tn\/magazine\/evenement-la-brigade-installe-un-comptoir-carnivore-a-oberkampf\/","og_locale":"fr_FR","og_type":"article","og_title":"\u00c9v\u00e8nement : La Brigade installe un comptoir carnivore \u00e0 Oberkampf - Flashmode Magazine | Magazine de mode et style de vie Num\u00e9ro un en Tunisie et au Maghreb","og_description":"La Brigade installe un comptoir carnivore \u00e0 Oberkampf Premier food truck fran\u00e7ais sp\u00e9cialis\u00e9 dans la viande bouch\u00e8re grill\u00e9e, La Brigade s'installe","og_url":"https:\/\/flashmode.tn\/magazine\/evenement-la-brigade-installe-un-comptoir-carnivore-a-oberkampf\/","og_site_name":"Flashmode Magazine | Magazine de mode et style de vie Num\u00e9ro un en Tunisie et au Maghreb","article_publisher":"https:\/\/www.facebook.com\/flashmode.magazine\/","article_published_time":"2017-10-03T21:03:30+00:00","og_image":[{"width":400,"height":266,"url":"https:\/\/i0.wp.com\/flashmode.tn\/magazine\/wp-content\/uploads\/2017\/10\/evenement-la-brigade-installe-un-comptoir-carnivore-a-oberkampf.jpg?fit=400%2C266&ssl=1","type":"image\/jpeg"}],"author":"EventsEditors","twitter_card":"summary_large_image","twitter_creator":"@agenceflashmode","twitter_site":"@agenceflashmode","twitter_misc":{"\u00c9crit par":"EventsEditors","Dur\u00e9e de lecture estim\u00e9e":"1 minute"},"schema":{"@context":"https:\/\/schema.org","@graph":[{"@type":"WebPage","@id":"https:\/\/flashmode.tn\/magazine\/evenement-la-brigade-installe-un-comptoir-carnivore-a-oberkampf\/","url":"https:\/\/flashmode.tn\/magazine\/evenement-la-brigade-installe-un-comptoir-carnivore-a-oberkampf\/","name":"\u00c9v\u00e8nement : La Brigade installe un comptoir carnivore \u00e0 Oberkampf - Flashmode Magazine | Magazine de mode et style de vie Num\u00e9ro un en Tunisie et au Maghreb","isPartOf":{"@id":"https:\/\/flashmode.tn\/magazine\/#website"},"primaryImageOfPage":{"@id":"https:\/\/flashmode.tn\/magazine\/evenement-la-brigade-installe-un-comptoir-carnivore-a-oberkampf\/#primaryimage"},"image":{"@id":"https:\/\/flashmode.tn\/magazine\/evenement-la-brigade-installe-un-comptoir-carnivore-a-oberkampf\/#primaryimage"},"thumbnailUrl":"https:\/\/i0.wp.com\/flashmode.tn\/magazine\/wp-content\/uploads\/2017\/10\/evenement-la-brigade-installe-un-comptoir-carnivore-a-oberkampf.jpg?fit=400%2C266&ssl=1","datePublished":"2017-10-03T21:03:30+00:00","author":{"@id":"https:\/\/flashmode.tn\/magazine\/#\/schema\/person\/257d6780605b915a5e352977f0f6f41c"},"description":"La Brigade installe un comptoir carnivore \u00e0 Oberkampf Premier food truck fran\u00e7ais sp\u00e9cialis\u00e9 dans la viande bouch\u00e8re grill\u00e9e, La Brigade s'installe","breadcrumb":{"@id":"https:\/\/flashmode.tn\/magazine\/evenement-la-brigade-installe-un-comptoir-carnivore-a-oberkampf\/#breadcrumb"},"inLanguage":"fr-FR","potentialAction":[{"@type":"ReadAction","target":["https:\/\/flashmode.tn\/magazine\/evenement-la-brigade-installe-un-comptoir-carnivore-a-oberkampf\/"]}]},{"@type":"ImageObject","inLanguage":"fr-FR","@id":"https:\/\/flashmode.tn\/magazine\/evenement-la-brigade-installe-un-comptoir-carnivore-a-oberkampf\/#primaryimage","url":"https:\/\/i0.wp.com\/flashmode.tn\/magazine\/wp-content\/uploads\/2017\/10\/evenement-la-brigade-installe-un-comptoir-carnivore-a-oberkampf.jpg?fit=400%2C266&ssl=1","contentUrl":"https:\/\/i0.wp.com\/flashmode.tn\/magazine\/wp-content\/uploads\/2017\/10\/evenement-la-brigade-installe-un-comptoir-carnivore-a-oberkampf.jpg?fit=400%2C266&ssl=1","width":400,"height":266},{"@type":"BreadcrumbList","@id":"https:\/\/flashmode.tn\/magazine\/evenement-la-brigade-installe-un-comptoir-carnivore-a-oberkampf\/#breadcrumb","itemListElement":[{"@type":"ListItem","position":1,"name":"Accueil","item":"https:\/\/flashmode.tn\/magazine\/"},{"@type":"ListItem","position":2,"name":"\u00c9v\u00e8nement : La Brigade installe un comptoir carnivore \u00e0 Oberkampf"}]},{"@type":"WebSite","@id":"https:\/\/flashmode.tn\/magazine\/#website","url":"https:\/\/flashmode.tn\/magazine\/","name":"Flashmode Magazine | Magazine de mode et style de vie Num\u00e9ro un en Tunisie et au Maghreb","description":"Magazine de mode et style de vie Num\u00e9ro un en Tunisie et au Maghreb, cr\u00e9\u00e9 pour les hommes et les femmes : conseils beaut\u00e9, mode femme, mode homme, recettes de cuisine, c\u00e9l\u00e9brit\u00e9s et people, mannequins et top modeles","potentialAction":[{"@type":"SearchAction","target":{"@type":"EntryPoint","urlTemplate":"https:\/\/flashmode.tn\/magazine\/?s={search_term_string}"},"query-input":{"@type":"PropertyValueSpecification","valueRequired":true,"valueName":"search_term_string"}}],"inLanguage":"fr-FR"},{"@type":"Person","@id":"https:\/\/flashmode.tn\/magazine\/#\/schema\/person\/257d6780605b915a5e352977f0f6f41c","name":"EventsEditors","image":{"@type":"ImageObject","inLanguage":"fr-FR","@id":"https:\/\/flashmode.tn\/magazine\/#\/schema\/person\/image\/","url":"https:\/\/secure.gravatar.com\/avatar\/e2daedf958f66be37c9a79abe56184d85cd1baa6bba0dd8017e3f7d01555232f?s=96&d=mm&r=g","contentUrl":"https:\/\/secure.gravatar.com\/avatar\/e2daedf958f66be37c9a79abe56184d85cd1baa6bba0dd8017e3f7d01555232f?s=96&d=mm&r=g","caption":"EventsEditors"},"url":"https:\/\/flashmode.tn\/magazine\/author\/eventseditors\/"}]}},"jetpack_publicize_connections":[],"jetpack_featured_media_url":"https:\/\/i0.wp.com\/flashmode.tn\/magazine\/wp-content\/uploads\/2017\/10\/evenement-la-brigade-installe-un-comptoir-carnivore-a-oberkampf.jpg?fit=400%2C266&ssl=1","jetpack_shortlink":"https:\/\/wp.me\/p8BPGr-1Nd","jetpack_sharing_enabled":true,"_links":{"self":[{"href":"https:\/\/flashmode.tn\/magazine\/wp-json\/wp\/v2\/posts\/6895","targetHints":{"allow":["GET"]}}],"collection":[{"href":"https:\/\/flashmode.tn\/magazine\/wp-json\/wp\/v2\/posts"}],"about":[{"href":"https:\/\/flashmode.tn\/magazine\/wp-json\/wp\/v2\/types\/post"}],"author":[{"embeddable":true,"href":"https:\/\/flashmode.tn\/magazine\/wp-json\/wp\/v2\/users\/6"}],"replies":[{"embeddable":true,"href":"https:\/\/flashmode.tn\/magazine\/wp-json\/wp\/v2\/comments?post=6895"}],"version-history":[{"count":0,"href":"https:\/\/flashmode.tn\/magazine\/wp-json\/wp\/v2\/posts\/6895\/revisions"}],"wp:featuredmedia":[{"embeddable":true,"href":"https:\/\/flashmode.tn\/magazine\/wp-json\/wp\/v2\/media\/6896"}],"wp:attachment":[{"href":"https:\/\/flashmode.tn\/magazine\/wp-json\/wp\/v2\/media?parent=6895"}],"wp:term":[{"taxonomy":"category","embeddable":true,"href":"https:\/\/flashmode.tn\/magazine\/wp-json\/wp\/v2\/categories?post=6895"},{"taxonomy":"post_tag","embeddable":true,"href":"https:\/\/flashmode.tn\/magazine\/wp-json\/wp\/v2\/tags?post=6895"}],"curies":[{"name":"wp","href":"https:\/\/api.w.org\/{rel}","templated":true}]}}