{"id":70089,"date":"2022-01-22T21:26:26","date_gmt":"2022-01-22T20:26:26","guid":{"rendered":"https:\/\/flashmode.tn\/magazine\/?p=70089"},"modified":"2022-01-22T21:26:26","modified_gmt":"2022-01-22T20:26:26","slug":"est-ce-que-sebastien-est-gentil","status":"publish","type":"post","link":"https:\/\/flashmode.tn\/magazine\/est-ce-que-sebastien-est-gentil\/","title":{"rendered":"Est-ce que S\u00e9bastien est gentil ?"},"content":{"rendered":"<p><b>S\u00e9bastien est<\/b> \u00e9galement tr\u00e8s pr\u00e9venant et fiable avec ceux qu&rsquo;il aime. Toujours pr\u00e9sent et disponible pour eux, il a constamment besoin de sa famille et de ses amis. &#8230; <b>S\u00e9bastien<\/b> aime s\u00e9duire et a tendance \u00e0 papillonner !<\/p>\n<p>Quelle est la signification du pr\u00e9nom Sandrine ? Surtout attribu\u00e9 dans les ann\u00e9es 1970, il atteint son apog\u00e9e en 1975. <b>Origine<\/b> : vient du grec alexein et andros, il se traduit par \u00ab\u00a0celle qui prot\u00e8ge\u00a0\u00bb. Caract\u00e8re : ces femmes ont un fort caract\u00e8res, elles <b>sont<\/b> franches.<\/p>\n<p>or Quel est le signe astrologique de S\u00e9bastien ? <b>Sebastien est<\/b> un pr\u00e9nom masculin d&rsquo;origine grecque, dont la tendance actuelle <b>est<\/b> stable. Le <b>signe astrologique<\/b> qui lui <b>est<\/b> associ\u00e9 <b>est<\/b> Poissons.<\/p>\n<p>Quelle est la signification du pr\u00e9nom Maxime ? <b>Signification<\/b> : <b>Maxime<\/b> vient du <b>pr\u00e9nom<\/b> latin Maximus qui signifie \u00ab\u00a0le plus grand\u00a0\u00bb.<\/p>\n<div id=\"ez-toc-container\" class=\"ez-toc-v2_0_81 counter-hierarchy ez-toc-counter ez-toc-grey ez-toc-container-direction\">\n<div class=\"ez-toc-title-container\">\n<p class=\"ez-toc-title\" style=\"cursor:inherit\">Contenus de la page<\/p>\n<span class=\"ez-toc-title-toggle\"><a href=\"#\" class=\"ez-toc-pull-right ez-toc-btn ez-toc-btn-xs ez-toc-btn-default ez-toc-toggle\" aria-label=\"Toggle Table of Content\"><span class=\"ez-toc-js-icon-con\"><span class=\"\"><span class=\"eztoc-hide\" style=\"display:none;\">Toggle<\/span><span class=\"ez-toc-icon-toggle-span\"><svg style=\"fill: #999;color:#999\" xmlns=\"http:\/\/www.w3.org\/2000\/svg\" class=\"list-377408\" width=\"20px\" height=\"20px\" viewBox=\"0 0 24 24\" fill=\"none\"><path d=\"M6 6H4v2h2V6zm14 0H8v2h12V6zM4 11h2v2H4v-2zm16 0H8v2h12v-2zM4 16h2v2H4v-2zm16 0H8v2h12v-2z\" fill=\"currentColor\"><\/path><\/svg><svg style=\"fill: #999;color:#999\" class=\"arrow-unsorted-368013\" xmlns=\"http:\/\/www.w3.org\/2000\/svg\" width=\"10px\" height=\"10px\" viewBox=\"0 0 24 24\" version=\"1.2\" baseProfile=\"tiny\"><path d=\"M18.2 9.3l-6.2-6.3-6.2 6.3c-.2.2-.3.4-.3.7s.1.5.3.7c.2.2.4.3.7.3h11c.3 0 .5-.1.7-.3.2-.2.3-.5.3-.7s-.1-.5-.3-.7zM5.8 14.7l6.2 6.3 6.2-6.3c.2-.2.3-.5.3-.7s-.1-.5-.3-.7c-.2-.2-.4-.3-.7-.3h-11c-.3 0-.5.1-.7.3-.2.2-.3.5-.3.7s.1.5.3.7z\"\/><\/svg><\/span><\/span><\/span><\/a><\/span><\/div>\n<nav><ul class='ez-toc-list ez-toc-list-level-1 ' ><li class='ez-toc-page-1 ez-toc-heading-level-2'><a class=\"ez-toc-link ez-toc-heading-1\" href=\"https:\/\/flashmode.tn\/magazine\/est-ce-que-sebastien-est-gentil\/#Quelle_est_la_signification_du_prenom_Gabriel\" >Quelle est la signification du pr\u00e9nom Gabriel ?<\/a><\/li><li class='ez-toc-page-1 ez-toc-heading-level-2'><a class=\"ez-toc-link ez-toc-heading-2\" href=\"https:\/\/flashmode.tn\/magazine\/est-ce-que-sebastien-est-gentil\/#Quel_jour_la_St_maxime\" >Quel jour la St maxime ?<\/a><\/li><li class='ez-toc-page-1 ez-toc-heading-level-2'><a class=\"ez-toc-link ez-toc-heading-3\" href=\"https:\/\/flashmode.tn\/magazine\/est-ce-que-sebastien-est-gentil\/#Comment_sont_les_Gabriel_en_amour\" >Comment sont les Gabriel en amour ?<\/a><\/li><li class='ez-toc-page-1 ez-toc-heading-level-2'><a class=\"ez-toc-link ez-toc-heading-4\" href=\"https:\/\/flashmode.tn\/magazine\/est-ce-que-sebastien-est-gentil\/#Quelle_est_lorigine_du_prenom_Thierry\" >Quelle est l&rsquo;origine du pr\u00e9nom Thierry ?<\/a><ul class='ez-toc-list-level-3' ><li class='ez-toc-heading-level-3'><a class=\"ez-toc-link ez-toc-heading-5\" href=\"https:\/\/flashmode.tn\/magazine\/est-ce-que-sebastien-est-gentil\/#Quelle_fete_le_14_avril\" >Quelle f\u00eate le 14 avril ?<\/a><\/li><\/ul><\/li><\/ul><\/nav><\/div>\n<h2><span class=\"ez-toc-section\" id=\"Quelle_est_la_signification_du_prenom_Gabriel\"><\/span>Quelle est la signification du pr\u00e9nom Gabriel ?<span class=\"ez-toc-section-end\"><\/span><\/h2>\n<p><b>Signification<\/b> : <b>Gabriel est<\/b> la contraction de deux termes h\u00e9breux signifiant \u00ab\u00a0force\u00a0\u00bb et \u00ab\u00a0Dieu\u00a0\u00bb. Histoire : L&rsquo;ange <b>Gabriel est<\/b> un messager de Dieu dans la Bible et le Coran. C&rsquo;<b>est<\/b> lui, dans le Nouveau Testament, qui annonce \u00e0 Marie la naissance \u00e0 venir de J\u00e9sus.<\/p>\n<p>Comment sont les Sandrine ? <b>Sandrine<\/b> est volontaire et sinc\u00e8re, elle ne contr\u00f4le pas toujours ses \u00e9motions, mais sait se relever quand elle est \u00e0 terre et peut r\u00e9sister aux situations les plus difficiles. Ses r\u00e9actions peuvent parfois \u00eatre exag\u00e9r\u00e9es, mais, cela constitue sa d\u00e9fense, son bouclier.<\/p>\n<p>Qui est Saint Sandrine ? Elle <b>qui<\/b> v\u00e9cut tr\u00e8s pauvrement <b>est<\/b> riche en pr\u00e9noms : <b>Sandrine<\/b>, Sandra, Sandie ou encore Alexandrine. La bienheureuse <b>Sandrine<\/b>, religieuse clarisse, fonde \u00e0 Foligno un monast\u00e8re selon les exigences de pauvret\u00e9 de <b>sainte<\/b> Claire et meurt le 2 avril 1458. &#8230;<\/p>\n<p>Comment s&rsquo;\u00e9crit Sandrine ? Pr\u00e9nom f\u00e9minin<\/p>\n<p> <b>Sandrine<\/b> est le diminutif (form\u00e9 par aph\u00e9r\u00e8se) d&rsquo;Alexandrine qui est l&rsquo;un des f\u00e9minins d&rsquo;Alexandre. En grec ancien, il signifie \u00e0 la fois \u00ab le taon qui vole pas haut \u00bb et \u00ab celui qui prot\u00e8ge les dindes \u00bb.<\/p>\n<h2><span class=\"ez-toc-section\" id=\"Quel_jour_la_St_maxime\"><\/span>Quel jour la St maxime ?<span class=\"ez-toc-section-end\"><\/span><\/h2>\n<p><b>Maxime<\/b> de Rome (\u2020 260), officier converti par <b>saint<\/b> Val\u00e9rien et <b>saint<\/b> Tiburce qu&rsquo;il \u00e9tait charg\u00e9 d&rsquo;ex\u00e9cuter, mort sous la torture, martyr avec eux et <b>sainte<\/b> C\u00e9cile ; c\u00e9l\u00e9br\u00e9s le 14 avril et le 22 novembre.<\/p>\n<p>Pourquoi St maxime ? La d\u00e9nomination de <b>Sainte<\/b>&#8211;<b>Maxime<\/b> semble venir des Moines des \u00eeles de L\u00e9rins. En effet, ces eccl\u00e9siastiques auraient donn\u00e9 \u00e0 notre village en cours de construction le nom d&rsquo;un des saints de leur ordre : <b>Maxime<\/b> qui, selon la l\u00e9gende, serait la fille du Comte de Grasse, Seigneur d&rsquo;Antibes.<\/p>\n<p>Comment reconna\u00eetre une maxime ?<\/p>\n<p>Une <b>maxime<\/b> est une formule morale sous forme de pr\u00e9cepte. Elle \u00e9nonce une r\u00e8gle morale ainsi qu&rsquo;une v\u00e9rit\u00e9 g\u00e9n\u00e9rale. Fleuron de l&rsquo;esprit litt\u00e9raire l&rsquo;art de la <b>maxime<\/b> consiste \u00e0 dire beaucoup de choses en tr\u00e8s peu de mots.<\/p>\n<p>Quelle est la f\u00eate de Gabriel ? Saint <b>Gabriel est<\/b> l&rsquo;un des trois archanges. Il <b>est<\/b> honor\u00e9 le 29 septembre. Messager par excellence et souvent pr\u00e9sent dans la Bible, il fait partie des anges les plus proches de Dieu. Il annonce dans le Nouveau Testament la naissance de J\u00e9sus \u00e0 la Vierge Marie : l&rsquo;Annonciation.<\/p>\n<h2><span class=\"ez-toc-section\" id=\"Comment_sont_les_Gabriel_en_amour\"><\/span>Comment sont les Gabriel en amour ?<span class=\"ez-toc-section-end\"><\/span><\/h2>\n<p>Il aime ce qui <b>est<\/b> juste et d\u00e9teste faire du mal autour de lui. Son amoureuse doit se garder d&rsquo;\u00eatre possessive ou jalouse. Il tient \u00e0 sa libert\u00e9 plus que tout autre chose, mais quand il aime vraiment, il sait se mettre des barri\u00e8res. En r\u00e9alit\u00e9, <b>Gabriel est<\/b> romantique et croit en une destin\u00e9e amoureuse.<\/p>\n<p>Comment s&rsquo;\u00e9crit Gabriel au f\u00e9minin ?<\/p>\n<p><b>Gabrielle<\/b> est le <b>f\u00e9minin<\/b> de <b>Gabriel<\/b>. Ce dernier \u00e9tant apparu dans le Nouveau Testament, il est principalement li\u00e9 \u00e0 la naissance de Jean le Baptiste et de J\u00e9sus Christ, dont il fut l&rsquo;annonciateur. Le pr\u00e9nom <b>Gabrielle<\/b> s&rsquo;est r\u00e9pandu bien apr\u00e8s son \u00e9quivalent masculin, vers le XVIe si\u00e8cle.<\/p>\n<p>Quel est le diminutif de Sandrine ? Sandre, dont le pr\u00e9nom <b>Sandrine est<\/b> issu, <b>est<\/b> un <b>diminutif<\/b> du pr\u00e9nom Alexandre.<\/p>\n<p>Quelle est l&rsquo;origine du pr\u00e9nom Nicolas ? <b>Nicolas<\/b> (autre orthographe possible : Nycolas) <b>est<\/b> un <b>pr\u00e9nom<\/b> d&rsquo;<b>origine<\/b> grecque. Il <b>est<\/b> d\u00e9riv\u00e9 de \u00ab nik\u00ea \u00bb, qui signifie \u00ab victoire du peuple \u00bb.<\/p>\n<h2><span class=\"ez-toc-section\" id=\"Quelle_est_lorigine_du_prenom_Thierry\"><\/span>Quelle est l&rsquo;origine du pr\u00e9nom Thierry ?<span class=\"ez-toc-section-end\"><\/span><\/h2>\n<p><b>Etymologie du pr\u00e9nom Thierry<\/b><\/p>\n<p> C&rsquo;<b>est<\/b> un <b>pr\u00e9nom<\/b> d&rsquo;<b>origine<\/b> germanique. Thi\u00e9rry, ou Th\u00e9ry, <b>est<\/b> d\u00e9riv\u00e9 de \u00ab ric qu&rsquo;on traduit par \u00bb qui veut dire \u00ab gouverneur du peuple \u00bb.<\/p>\n<p>Quelle f\u00eate le 2 avril 2021 ? Il reste 273 jours avant la fin de l&rsquo;ann\u00e9e.<\/p>\n<p>Quel jour Sainte Sandrine ?<\/p>\n<p>On retrouve, parmi les pr\u00e9noms d\u00e9riv\u00e9s de <b>Sandrine<\/b>, Sendrine. En outre, leur f\u00eate a lieu le 2 avril.<\/p>\n<p>Quel saint F\u00eate-t-on le 14 avril ? le <b>14 avril<\/b>, nous f\u00eatons <b>Saint<\/b> Maxime.<\/p>\n<h3><span class=\"ez-toc-section\" id=\"Quelle_fete_le_14_avril\"><\/span>Quelle f\u00eate le 14 avril ?<span class=\"ez-toc-section-end\"><\/span><\/h3>\n<p>Le <b>14 avril<\/b> nous f\u00eatons les Maxime, Max, Maxine en l&rsquo;honneur de Saint Maxime, mort en 260. C&rsquo;est en fait trois saints et non pas un seul qui sont f\u00eat\u00e9s \u00e0 la m\u00eame date car leur histoire est li\u00e9 : Saint Val\u00e9rien, Saint Tiburce et Saint Maxime.<\/p>\n<p>Quelle f\u00eate le 2 juillet ? Le <b>2 juillet<\/b>, on c\u00e9l\u00e8bre la Saint Martinien.<\/p>\n<h2><\/h2>\n","protected":false},"excerpt":{"rendered":"<p>S\u00e9bastien est \u00e9galement tr\u00e8s pr\u00e9venant et fiable avec ceux qu&rsquo;il aime. Toujours pr\u00e9sent et disponible pour eux, il a constamment besoin de sa famille et de ses amis. &#8230; S\u00e9bastien aime s\u00e9duire et a tendance \u00e0 papillonner ! Quelle est la signification du pr\u00e9nom Sandrine ? Surtout attribu\u00e9 dans les ann\u00e9es 1970, il atteint son [&hellip;]<\/p>\n","protected":false},"author":5,"featured_media":0,"comment_status":"open","ping_status":"open","sticky":false,"template":"","format":"standard","meta":{"tdm_status":"","tdm_grid_status":"","_jetpack_memberships_contains_paid_content":false,"footnotes":"","jetpack_publicize_message":"","jetpack_publicize_feature_enabled":true,"jetpack_social_post_already_shared":true,"jetpack_social_options":{"image_generator_settings":{"template":"highway","default_image_id":0,"font":"","enabled":false},"version":2}},"categories":[80],"tags":[],"class_list":["post-70089","post","type-post","status-publish","format-standard","hentry","category-lifestyle"],"yoast_head":"<!-- This site is optimized with the Yoast SEO Premium plugin v25.0 (Yoast SEO v25.0) - https:\/\/yoast.com\/wordpress\/plugins\/seo\/ -->\n<title>Est-ce que S\u00e9bastien est gentil ?<\/title>\n<meta name=\"description\" content=\"S\u00e9bastien est \u00e9galement tr\u00e8s pr\u00e9venant et fiable avec ceux qu&#039;il aime. Toujours pr\u00e9sent et disponible pour eux, il a constamment besoin de sa famille et de ses amis. ... S\u00e9bastien aime s\u00e9duire et a tendance \u00e0 papillonner !\" \/>\n<meta name=\"robots\" content=\"index, follow, max-snippet:-1, max-image-preview:large, max-video-preview:-1\" \/>\n<link rel=\"canonical\" href=\"https:\/\/flashmode.tn\/magazine\/est-ce-que-sebastien-est-gentil\/\" \/>\n<meta property=\"og:locale\" content=\"fr_FR\" \/>\n<meta property=\"og:type\" content=\"article\" \/>\n<meta property=\"og:title\" content=\"Est-ce que S\u00e9bastien est gentil ? - Flashmode Magazine | Magazine de mode et style de vie Num\u00e9ro un en Tunisie et au Maghreb\" \/>\n<meta property=\"og:description\" content=\"S\u00e9bastien est \u00e9galement tr\u00e8s pr\u00e9venant et fiable avec ceux qu&#039;il aime. Toujours pr\u00e9sent et disponible pour eux, il a constamment besoin de sa famille et de ses amis. ... S\u00e9bastien aime s\u00e9duire et a tendance \u00e0 papillonner !\" \/>\n<meta property=\"og:url\" content=\"https:\/\/flashmode.tn\/magazine\/est-ce-que-sebastien-est-gentil\/\" \/>\n<meta property=\"og:site_name\" content=\"Flashmode Magazine | Magazine de mode et style de vie Num\u00e9ro un en Tunisie et au Maghreb\" \/>\n<meta property=\"article:publisher\" content=\"https:\/\/www.facebook.com\/flashmode.magazine\/\" \/>\n<meta property=\"article:published_time\" content=\"2022-01-22T20:26:26+00:00\" \/>\n<meta name=\"author\" content=\"PeopleLife\" \/>\n<meta name=\"twitter:card\" content=\"summary_large_image\" \/>\n<meta name=\"twitter:creator\" content=\"@agenceflashmode\" \/>\n<meta name=\"twitter:site\" content=\"@agenceflashmode\" \/>\n<meta name=\"twitter:label1\" content=\"\u00c9crit par\" \/>\n\t<meta name=\"twitter:data1\" content=\"PeopleLife\" \/>\n\t<meta name=\"twitter:label2\" content=\"Dur\u00e9e de lecture estim\u00e9e\" \/>\n\t<meta name=\"twitter:data2\" content=\"4 minutes\" \/>\n<script type=\"application\/ld+json\" class=\"yoast-schema-graph\">{\"@context\":\"https:\/\/schema.org\",\"@graph\":[{\"@type\":\"WebPage\",\"@id\":\"https:\/\/flashmode.tn\/magazine\/est-ce-que-sebastien-est-gentil\/\",\"url\":\"https:\/\/flashmode.tn\/magazine\/est-ce-que-sebastien-est-gentil\/\",\"name\":\"Est-ce que S\u00e9bastien est gentil ?\",\"isPartOf\":{\"@id\":\"https:\/\/flashmode.tn\/magazine\/#website\"},\"datePublished\":\"2022-01-22T20:26:26+00:00\",\"author\":{\"@id\":\"https:\/\/flashmode.tn\/magazine\/#\/schema\/person\/6815bd30337e8756d5357219766efcc3\"},\"description\":\"S\u00e9bastien est \u00e9galement tr\u00e8s pr\u00e9venant et fiable avec ceux qu'il aime. Toujours pr\u00e9sent et disponible pour eux, il a constamment besoin de sa famille et de ses amis. ... S\u00e9bastien aime s\u00e9duire et a tendance \u00e0 papillonner !\",\"breadcrumb\":{\"@id\":\"https:\/\/flashmode.tn\/magazine\/est-ce-que-sebastien-est-gentil\/#breadcrumb\"},\"inLanguage\":\"fr-FR\",\"potentialAction\":[{\"@type\":\"ReadAction\",\"target\":[\"https:\/\/flashmode.tn\/magazine\/est-ce-que-sebastien-est-gentil\/\"]}]},{\"@type\":\"BreadcrumbList\",\"@id\":\"https:\/\/flashmode.tn\/magazine\/est-ce-que-sebastien-est-gentil\/#breadcrumb\",\"itemListElement\":[{\"@type\":\"ListItem\",\"position\":1,\"name\":\"Accueil\",\"item\":\"https:\/\/flashmode.tn\/magazine\/\"},{\"@type\":\"ListItem\",\"position\":2,\"name\":\"Est-ce que S\u00e9bastien est gentil ?\"}]},{\"@type\":\"WebSite\",\"@id\":\"https:\/\/flashmode.tn\/magazine\/#website\",\"url\":\"https:\/\/flashmode.tn\/magazine\/\",\"name\":\"Flashmode Magazine | Magazine de mode et style de vie Num\u00e9ro un en Tunisie et au Maghreb\",\"description\":\"Magazine de mode et style de vie Num\u00e9ro un en Tunisie et au Maghreb, cr\u00e9\u00e9 pour les hommes et les femmes : conseils beaut\u00e9, mode femme, mode homme, recettes de cuisine, c\u00e9l\u00e9brit\u00e9s et people, mannequins et top modeles\",\"potentialAction\":[{\"@type\":\"SearchAction\",\"target\":{\"@type\":\"EntryPoint\",\"urlTemplate\":\"https:\/\/flashmode.tn\/magazine\/?s={search_term_string}\"},\"query-input\":{\"@type\":\"PropertyValueSpecification\",\"valueRequired\":true,\"valueName\":\"search_term_string\"}}],\"inLanguage\":\"fr-FR\"},{\"@type\":\"Person\",\"@id\":\"https:\/\/flashmode.tn\/magazine\/#\/schema\/person\/6815bd30337e8756d5357219766efcc3\",\"name\":\"PeopleLife\",\"image\":{\"@type\":\"ImageObject\",\"inLanguage\":\"fr-FR\",\"@id\":\"https:\/\/flashmode.tn\/magazine\/#\/schema\/person\/image\/\",\"url\":\"https:\/\/secure.gravatar.com\/avatar\/8098f49196034391d93ae20d939ad33b14f6b745c986049ad803a54f4113e18c?s=96&d=mm&r=g\",\"contentUrl\":\"https:\/\/secure.gravatar.com\/avatar\/8098f49196034391d93ae20d939ad33b14f6b745c986049ad803a54f4113e18c?s=96&d=mm&r=g\",\"caption\":\"PeopleLife\"},\"url\":\"https:\/\/flashmode.tn\/magazine\/author\/peoplelife\/\"}]}<\/script>\n<!-- \/ Yoast SEO Premium plugin. -->","yoast_head_json":{"title":"Est-ce que S\u00e9bastien est gentil ?","description":"S\u00e9bastien est \u00e9galement tr\u00e8s pr\u00e9venant et fiable avec ceux qu'il aime. Toujours pr\u00e9sent et disponible pour eux, il a constamment besoin de sa famille et de ses amis. ... S\u00e9bastien aime s\u00e9duire et a tendance \u00e0 papillonner !","robots":{"index":"index","follow":"follow","max-snippet":"max-snippet:-1","max-image-preview":"max-image-preview:large","max-video-preview":"max-video-preview:-1"},"canonical":"https:\/\/flashmode.tn\/magazine\/est-ce-que-sebastien-est-gentil\/","og_locale":"fr_FR","og_type":"article","og_title":"Est-ce que S\u00e9bastien est gentil ? - Flashmode Magazine | Magazine de mode et style de vie Num\u00e9ro un en Tunisie et au Maghreb","og_description":"S\u00e9bastien est \u00e9galement tr\u00e8s pr\u00e9venant et fiable avec ceux qu'il aime. Toujours pr\u00e9sent et disponible pour eux, il a constamment besoin de sa famille et de ses amis. ... S\u00e9bastien aime s\u00e9duire et a tendance \u00e0 papillonner !","og_url":"https:\/\/flashmode.tn\/magazine\/est-ce-que-sebastien-est-gentil\/","og_site_name":"Flashmode Magazine | Magazine de mode et style de vie Num\u00e9ro un en Tunisie et au Maghreb","article_publisher":"https:\/\/www.facebook.com\/flashmode.magazine\/","article_published_time":"2022-01-22T20:26:26+00:00","author":"PeopleLife","twitter_card":"summary_large_image","twitter_creator":"@agenceflashmode","twitter_site":"@agenceflashmode","twitter_misc":{"\u00c9crit par":"PeopleLife","Dur\u00e9e de lecture estim\u00e9e":"4 minutes"},"schema":{"@context":"https:\/\/schema.org","@graph":[{"@type":"WebPage","@id":"https:\/\/flashmode.tn\/magazine\/est-ce-que-sebastien-est-gentil\/","url":"https:\/\/flashmode.tn\/magazine\/est-ce-que-sebastien-est-gentil\/","name":"Est-ce que S\u00e9bastien est gentil ?","isPartOf":{"@id":"https:\/\/flashmode.tn\/magazine\/#website"},"datePublished":"2022-01-22T20:26:26+00:00","author":{"@id":"https:\/\/flashmode.tn\/magazine\/#\/schema\/person\/6815bd30337e8756d5357219766efcc3"},"description":"S\u00e9bastien est \u00e9galement tr\u00e8s pr\u00e9venant et fiable avec ceux qu'il aime. Toujours pr\u00e9sent et disponible pour eux, il a constamment besoin de sa famille et de ses amis. ... S\u00e9bastien aime s\u00e9duire et a tendance \u00e0 papillonner !","breadcrumb":{"@id":"https:\/\/flashmode.tn\/magazine\/est-ce-que-sebastien-est-gentil\/#breadcrumb"},"inLanguage":"fr-FR","potentialAction":[{"@type":"ReadAction","target":["https:\/\/flashmode.tn\/magazine\/est-ce-que-sebastien-est-gentil\/"]}]},{"@type":"BreadcrumbList","@id":"https:\/\/flashmode.tn\/magazine\/est-ce-que-sebastien-est-gentil\/#breadcrumb","itemListElement":[{"@type":"ListItem","position":1,"name":"Accueil","item":"https:\/\/flashmode.tn\/magazine\/"},{"@type":"ListItem","position":2,"name":"Est-ce que S\u00e9bastien est gentil ?"}]},{"@type":"WebSite","@id":"https:\/\/flashmode.tn\/magazine\/#website","url":"https:\/\/flashmode.tn\/magazine\/","name":"Flashmode Magazine | Magazine de mode et style de vie Num\u00e9ro un en Tunisie et au Maghreb","description":"Magazine de mode et style de vie Num\u00e9ro un en Tunisie et au Maghreb, cr\u00e9\u00e9 pour les hommes et les femmes : conseils beaut\u00e9, mode femme, mode homme, recettes de cuisine, c\u00e9l\u00e9brit\u00e9s et people, mannequins et top modeles","potentialAction":[{"@type":"SearchAction","target":{"@type":"EntryPoint","urlTemplate":"https:\/\/flashmode.tn\/magazine\/?s={search_term_string}"},"query-input":{"@type":"PropertyValueSpecification","valueRequired":true,"valueName":"search_term_string"}}],"inLanguage":"fr-FR"},{"@type":"Person","@id":"https:\/\/flashmode.tn\/magazine\/#\/schema\/person\/6815bd30337e8756d5357219766efcc3","name":"PeopleLife","image":{"@type":"ImageObject","inLanguage":"fr-FR","@id":"https:\/\/flashmode.tn\/magazine\/#\/schema\/person\/image\/","url":"https:\/\/secure.gravatar.com\/avatar\/8098f49196034391d93ae20d939ad33b14f6b745c986049ad803a54f4113e18c?s=96&d=mm&r=g","contentUrl":"https:\/\/secure.gravatar.com\/avatar\/8098f49196034391d93ae20d939ad33b14f6b745c986049ad803a54f4113e18c?s=96&d=mm&r=g","caption":"PeopleLife"},"url":"https:\/\/flashmode.tn\/magazine\/author\/peoplelife\/"}]}},"jetpack_publicize_connections":[],"jetpack_featured_media_url":"","jetpack_shortlink":"https:\/\/wp.me\/p8BPGr-iet","jetpack_sharing_enabled":true,"_links":{"self":[{"href":"https:\/\/flashmode.tn\/magazine\/wp-json\/wp\/v2\/posts\/70089","targetHints":{"allow":["GET"]}}],"collection":[{"href":"https:\/\/flashmode.tn\/magazine\/wp-json\/wp\/v2\/posts"}],"about":[{"href":"https:\/\/flashmode.tn\/magazine\/wp-json\/wp\/v2\/types\/post"}],"author":[{"embeddable":true,"href":"https:\/\/flashmode.tn\/magazine\/wp-json\/wp\/v2\/users\/5"}],"replies":[{"embeddable":true,"href":"https:\/\/flashmode.tn\/magazine\/wp-json\/wp\/v2\/comments?post=70089"}],"version-history":[{"count":0,"href":"https:\/\/flashmode.tn\/magazine\/wp-json\/wp\/v2\/posts\/70089\/revisions"}],"wp:attachment":[{"href":"https:\/\/flashmode.tn\/magazine\/wp-json\/wp\/v2\/media?parent=70089"}],"wp:term":[{"taxonomy":"category","embeddable":true,"href":"https:\/\/flashmode.tn\/magazine\/wp-json\/wp\/v2\/categories?post=70089"},{"taxonomy":"post_tag","embeddable":true,"href":"https:\/\/flashmode.tn\/magazine\/wp-json\/wp\/v2\/tags?post=70089"}],"curies":[{"name":"wp","href":"https:\/\/api.w.org\/{rel}","templated":true}]}}