{"id":70090,"date":"2022-02-16T20:24:13","date_gmt":"2022-02-16T19:24:13","guid":{"rendered":"https:\/\/flashmode.tn\/magazine\/?p=70090"},"modified":"2022-02-16T20:24:13","modified_gmt":"2022-02-16T19:24:13","slug":"comment-secrit-le-nom-yann","status":"publish","type":"post","link":"https:\/\/flashmode.tn\/magazine\/comment-secrit-le-nom-yann\/","title":{"rendered":"Comment s&rsquo;\u00e9crit le nom Yann ?"},"content":{"rendered":"<p><b>Yann<\/b> (prononciation traditionnelle \u00ab <b>Yan<\/b>-n \u00bb [j\u0251\u0303n] cf. lann) est un <b>pr\u00e9nom<\/b> breton, \u00e9quivalent au <b>pr\u00e9nom<\/b> Jean en fran\u00e7ais (voir ce <b>pr\u00e9nom<\/b>).<\/p>\n<p>Qu&rsquo;est-ce que \u00e7a veut dire Nathalie ? Signification : En latin, \u00ab\u00a0natalis\u00a0\u00bb dont d\u00e9rive le pr\u00e9nom <b>Nathalie<\/b> r\u00e9f\u00e8re au terme de naissance. Histoire : Tout comme le pr\u00e9nom No\u00ebl chez les gar\u00e7ons, le pr\u00e9nom <b>Nathalie<\/b> d\u00e9signe le jour de naissance du Christ. Pour cette raison, au Moyen \u00c2ge, ce pr\u00e9nom n&rsquo;\u00e9tait attribu\u00e9 <b>qu<\/b>&lsquo;aux enfants n\u00e9s un 25 d\u00e9cembre.<\/p>\n<p>or Comment sont les Yann ? Personnalit\u00e9\/Caract\u00e8re : <b>Yann<\/b> est une personne dynamique qui a besoin de multiplier les activit\u00e9s, car il s&rsquo;ennuie rapidement. Toutefois, son hyperactivit\u00e9 peut vite fatiguer son entourage qui n&rsquo;arrive pas \u00e0 le suivre. G\u00e9n\u00e9reux et altruiste, il n&rsquo;h\u00e9sitera pas \u00e0 s&rsquo;engager dans des causes qui lui <b>sont<\/b> ch\u00e8res.<\/p>\n<p>Quelle est l&rsquo;origine du nom Yannick ? <b>Signification<\/b> : <b>Yannick<\/b> vient du <b>pr\u00e9nom<\/b> h\u00e9breu Yehohanan qui signifie \u00ab\u00a0Dieu fait gr\u00e2ce\u00a0\u00bb. <b>Histoire<\/b> : <b>Yannick est<\/b> associ\u00e9 au <b>pr\u00e9nom<\/b> Jean, c&rsquo;<b>est<\/b> pour cette raison que l&rsquo;on c\u00e9l\u00e8bre tous les <b>Yannick<\/b> \u00e0 <b>la<\/b> Saint Jean l&rsquo;Evang\u00e9liste.<\/p>\n<div id=\"ez-toc-container\" class=\"ez-toc-v2_0_81 counter-hierarchy ez-toc-counter ez-toc-grey ez-toc-container-direction\">\n<div class=\"ez-toc-title-container\">\n<p class=\"ez-toc-title\" style=\"cursor:inherit\">Contenus de la page<\/p>\n<span class=\"ez-toc-title-toggle\"><a href=\"#\" class=\"ez-toc-pull-right ez-toc-btn ez-toc-btn-xs ez-toc-btn-default ez-toc-toggle\" aria-label=\"Toggle Table of Content\"><span class=\"ez-toc-js-icon-con\"><span class=\"\"><span class=\"eztoc-hide\" style=\"display:none;\">Toggle<\/span><span class=\"ez-toc-icon-toggle-span\"><svg style=\"fill: #999;color:#999\" xmlns=\"http:\/\/www.w3.org\/2000\/svg\" class=\"list-377408\" width=\"20px\" height=\"20px\" viewBox=\"0 0 24 24\" fill=\"none\"><path d=\"M6 6H4v2h2V6zm14 0H8v2h12V6zM4 11h2v2H4v-2zm16 0H8v2h12v-2zM4 16h2v2H4v-2zm16 0H8v2h12v-2z\" fill=\"currentColor\"><\/path><\/svg><svg style=\"fill: #999;color:#999\" class=\"arrow-unsorted-368013\" xmlns=\"http:\/\/www.w3.org\/2000\/svg\" width=\"10px\" height=\"10px\" viewBox=\"0 0 24 24\" version=\"1.2\" baseProfile=\"tiny\"><path d=\"M18.2 9.3l-6.2-6.3-6.2 6.3c-.2.2-.3.4-.3.7s.1.5.3.7c.2.2.4.3.7.3h11c.3 0 .5-.1.7-.3.2-.2.3-.5.3-.7s-.1-.5-.3-.7zM5.8 14.7l6.2 6.3 6.2-6.3c.2-.2.3-.5.3-.7s-.1-.5-.3-.7c-.2-.2-.4-.3-.7-.3h-11c-.3 0-.5.1-.7.3-.2.2-.3.5-.3.7s.1.5.3.7z\"\/><\/svg><\/span><\/span><\/span><\/a><\/span><\/div>\n<nav><ul class='ez-toc-list ez-toc-list-level-1 ' ><li class='ez-toc-page-1 ez-toc-heading-level-2'><a class=\"ez-toc-link ez-toc-heading-1\" href=\"https:\/\/flashmode.tn\/magazine\/comment-secrit-le-nom-yann\/#Comment_on_dit_Yann_en_anglais\" >Comment on dit Yann en anglais ?<\/a><\/li><li class='ez-toc-page-1 ez-toc-heading-level-2'><a class=\"ez-toc-link ez-toc-heading-2\" href=\"https:\/\/flashmode.tn\/magazine\/comment-secrit-le-nom-yann\/#Ou_avec_accent_grave\" >Ou avec accent grave ?<\/a><\/li><li class='ez-toc-page-1 ez-toc-heading-level-2'><a class=\"ez-toc-link ez-toc-heading-3\" href=\"https:\/\/flashmode.tn\/magazine\/comment-secrit-le-nom-yann\/#Comment_ecrire_Nathalie_en_arabe\" >Comment \u00e9crire Nathalie en arabe ?<\/a><\/li><li class='ez-toc-page-1 ez-toc-heading-level-2'><a class=\"ez-toc-link ez-toc-heading-4\" href=\"https:\/\/flashmode.tn\/magazine\/comment-secrit-le-nom-yann\/#Quand_accent_sur_le_ou\" >Quand accent sur le ou ?<\/a><ul class='ez-toc-list-level-3' ><li class='ez-toc-heading-level-3'><a class=\"ez-toc-link ez-toc-heading-5\" href=\"https:\/\/flashmode.tn\/magazine\/comment-secrit-le-nom-yann\/#Ou_et_ou_exemples\" >O\u00f9 et ou exemples ?<\/a><\/li><\/ul><\/li><\/ul><\/nav><\/div>\n<h2><span class=\"ez-toc-section\" id=\"Comment_on_dit_Yann_en_anglais\"><\/span>Comment on dit Yann en anglais ?<span class=\"ez-toc-section-end\"><\/span><\/h2>\n<p><b>Yann<\/b>, <b>Yann<\/b>, tu dois fuir. Jan, you must get out of here.<\/p>\n<p>Pourquoi Nathalie avec le H ? Ce pr\u00e9nom est issu du latin natalis (dies) qui signifie \u00ab le jour de la naissance \u00bb, sous-entendu celle du Christ. Si l&rsquo;on se r\u00e9f\u00e8re \u00e0 l&rsquo;\u00e9tymologie, le \u00ab <b>h<\/b> \u00bb de <b>Nathalie<\/b> est totalement superflu : on devrait \u00e9crire \u00ab <b>Natalie<\/b> \u00bb. &#8230; Au Moyen \u00c2ge, le pr\u00e9nom <b>Natalie<\/b> n&rsquo;\u00e9tait attribu\u00e9 qu&rsquo;aux enfants n\u00e9s un 25 d\u00e9cembre.<\/p>\n<p>Comment son les Nathalie ? <b>Nathalie<\/b> est volontaire et sinc\u00e8re, elle ne contr\u00f4le pas toujours ses \u00e9motions, mais sait se relever quand elle est \u00e0 terre et peut r\u00e9sister aux situations les plus difficiles. Ses r\u00e9actions peuvent parfois \u00eatre exag\u00e9r\u00e9es, mais, cela constitue sa d\u00e9fense, <b>son<\/b> bouclier.<\/p>\n<p>Qui etait St Nathalie ? Sainte <b>Nathalie<\/b> et date de f\u00eate<\/p>\n<p> Sainte <b>Nathalie<\/b> fut martyre \u00e0 Cordoue au IXe si\u00e8cle, elle est morte aux c\u00f4t\u00e9s de son mari et du moine <b>qui<\/b> les avait cach\u00e9s. Elle est honor\u00e9e le 27 juillet.<\/p>\n<h2><span class=\"ez-toc-section\" id=\"Ou_avec_accent_grave\"><\/span>Ou avec accent grave ?<span class=\"ez-toc-section-end\"><\/span><\/h2>\n<p>On \u00e9crit o\u00f9 <b>avec<\/b> un <b>accent grave<\/b> quand il s&rsquo;agit du pronom relatif ou de l&rsquo;adverbe interrogatif qui servent g\u00e9n\u00e9ralement \u00e0 l&rsquo;expression du lieu.<\/p>\n<p>Ou en fran\u00e7ais ? En <b>fran\u00e7ais<\/b>, \u00ab\u00a0ou\u00a0\u00bb et \u00ab\u00a0o\u00f9\u00a0\u00bb se prononcent de la m\u00eame fa\u00e7on. Il peut donc \u00eatre compliqu\u00e9 de l&rsquo;\u00e9crire correctement (\u00ab\u00a0o\u00f9\u00a0\u00bb, avec l&rsquo;accent OU \u00ab\u00a0ou\u00a0\u00bb, sans l&rsquo;accent !) Pour les diff\u00e9rencier, il faut savoir si le mot oppose deux choix (\u00ab\u00a0ou\u00a0\u00bb peut \u00eatre remplac\u00e9 par \u00ab\u00a0ou bien\u00a0\u00bb), ou s&rsquo;il remplace un compl\u00e9ment de lieu (\u00ab\u00a0o\u00f9\u00a0\u00bb).<\/p>\n<p>Ou cas o\u00f9 ?<\/p>\n<p>\u00ab\u00a0Au <b>cas<\/b> o\u00f9\u00a0\u00bb sert \u00e0 exprimer une \u00e9ventualit\u00e9. Cette locution soul\u00e8ve une hypoth\u00e8se. Elle peut \u00eatre employ\u00e9e seule ou introduire une proposition au conditionnel ou au subjonctif. Exemple : Prends ton sac, au <b>cas<\/b> o\u00f9.<\/p>\n<p>Quel est le masculin de Nathalie ? Natalis <b>est<\/b> de temp\u00e9rament r\u00e9serv\u00e9.<\/p>\n<h2><span class=\"ez-toc-section\" id=\"Comment_ecrire_Nathalie_en_arabe\"><\/span>Comment \u00e9crire Nathalie en arabe ?<span class=\"ez-toc-section-end\"><\/span><\/h2>\n<p>\u0644\u0627 \u0623\u0642\u0648\u0644 \u0643\u0644\u0645\u0629 \u0623\u062e\u0631\u0649\u060c \u0646\u0627\u062a\u0627\u0644\u064a.<\/p>\n<p>Quelle est la signification du pr\u00e9nom Laurent ?<\/p>\n<p><b>Signification<\/b> : Issu du latin \u00a0\u00bb laurus \u00ab\u00a0, <b>Laurent<\/b> signifie \u00a0\u00bb laurier \u00ab\u00a0. Histoire : En latin, Laurentius <b>est<\/b> \u00a0\u00bb celui qui porte le laurier \u00ab\u00a0. Il concerne les po\u00e8tes et les g\u00e9n\u00e9raux victorieux dont la t\u00eate <b>\u00e9tait<\/b> coiff\u00e9e d&rsquo;une couronne de laurier. Saint-<b>Laurent est<\/b> un martyr chr\u00e9tien du IIIe si\u00e8cle.<\/p>\n<p>Quel est le jour de la f\u00eate de Nathalie ? Le pr\u00e9nom \u00ab <b>Natalie<\/b> \u00bb <b>est<\/b> tr\u00e8s port\u00e9 en Russie, si bien que son diminutif russe \u00ab Natacha \u00bb <b>est<\/b> devenu populaire en France (ou Natasha dans d&rsquo;autres pays). <b>Nathalie<\/b> peut \u00eatre aussi un patronyme. Les <b>Nathalie sont<\/b> f\u00eat\u00e9es le 27 juillet .<\/p>\n<p>Comment est morte Sainte Nathalie ? Cet article <b>est<\/b> une \u00e9bauche concernant le catholicisme. <b>Sainte Nathalie<\/b> de Cordoue martyre en 852 fait partie des Martyrs de Cordoue. Un diacre palestinien, <b>saint<\/b> Georges, fut aussi arr\u00eat\u00e9 et tous cinq furent d\u00e9capit\u00e9s le 27 juillet 852. &#8230;<\/p>\n<h2><span class=\"ez-toc-section\" id=\"Quand_accent_sur_le_ou\"><\/span>Quand accent sur le ou ?<span class=\"ez-toc-section-end\"><\/span><\/h2>\n<p>Le \u00ab o\u00f9 \u00bb avec <b>accent<\/b> donne une indication de lieu. Par exemple : \u00ab Le march\u00e9 o\u00f9 je suis all\u00e9e \u00bb, \u00ab La plage o\u00f9 j&rsquo;aimerais me rendre. \u00bb Il peut aussi \u00eatre utilis\u00e9 pour poser une question : \u00ab O\u00f9 as-tu mis les cl\u00e9s ? \u00bb Dans ces cas-l\u00e0, il faut bien \u00e9crire l&rsquo;<b>accent<\/b>. C&rsquo;est ce qu&rsquo;on appelle un pronom relatif.<\/p>\n<p>O\u00f9 est l&rsquo;accent grave sur le clavier ? La touche ` sert pour les <b>accents<\/b> graves sur les lettres a, e, u. La touche , sert pour la c\u00e9dille sur la lettre c. La touche ^ sert pour les <b>accents<\/b> circonflexes sur les lettres a, e, u, o et i.<\/p>\n<p>Comment mettre l&rsquo;accent sur le u ?<\/p>\n<p><b>  <b>   Comment mettre un accent  <\/b>  \u00e0 une majuscule avec un raccourci clavier <\/b> <\/p>\n<ol>\n<li>   \u00c0 : Alt + 0192.  <\/li>\n<li>   \u00c9 : Alt + 0201.  <\/li>\n<li>   \u00c8 : Alt + 0200.  <\/li>\n<li>   \u00c7 : Alt + 0199.  <\/li>\n<li>   <b>    \u00d9   <\/b>   : Alt + 0217.  <\/li>\n<\/ol>\n<p>Ou en phrase ? *On \u00e9crit &lsquo;o\u00f9&rsquo; avec un accent grave quand il indique le lieu comme dans la <b>phrase<\/b> 1 . -Exemple : -La maison o\u00f9 j&rsquo;habite est spacieuse . &lsquo;ou bien&rsquo; comme dans la <b>phrase<\/b> 2. -Exemple : -On va au th\u00e9\u00e2tre ou au cin\u00e9ma ?<\/p>\n<h3><span class=\"ez-toc-section\" id=\"Ou_et_ou_exemples\"><\/span>O\u00f9 et ou exemples ?<span class=\"ez-toc-section-end\"><\/span><\/h3>\n<p>_ On \u00e9crit ou quand on peut le remplacer par ou bien. <b>exemple<\/b> : Posez-le sur la table ou la chaise = posez-le sur la table ou bien sur la chaise. _ On \u00e9crit o\u00f9 quand il indique le lieu ou le temps.<\/p>\n<p>O\u00f9 et ou r\u00e8gle ? Il faut \u00e9crire : Le service o\u00f9 je me suis rendu n&rsquo;a pas pu me renseigner. Rempla\u00e7ons \u00ab ou \u00bb par \u00ab ou bien \u00bb : \u00ab Le service ou bien je me suis rendu\u2026 \u00bb Cela ne veut rien dire. On n&rsquo;\u00e9crit donc pas \u00ab ou \u00bb mais \u00ab o\u00f9 \u00bb avec accent.<\/p>\n<h2><\/h2>\n","protected":false},"excerpt":{"rendered":"<p>Yann (prononciation traditionnelle \u00ab Yan-n \u00bb [j\u0251\u0303n] cf. lann) est un pr\u00e9nom breton, \u00e9quivalent au pr\u00e9nom Jean en fran\u00e7ais (voir ce pr\u00e9nom). Qu&rsquo;est-ce que \u00e7a veut dire Nathalie ? Signification : En latin, \u00ab\u00a0natalis\u00a0\u00bb dont d\u00e9rive le pr\u00e9nom Nathalie r\u00e9f\u00e8re au terme de naissance. Histoire : Tout comme le pr\u00e9nom No\u00ebl chez les gar\u00e7ons, le [&hellip;]<\/p>\n","protected":false},"author":5,"featured_media":0,"comment_status":"open","ping_status":"open","sticky":false,"template":"","format":"standard","meta":{"tdm_status":"","tdm_grid_status":"","_jetpack_memberships_contains_paid_content":false,"footnotes":"","jetpack_publicize_message":"","jetpack_publicize_feature_enabled":true,"jetpack_social_post_already_shared":true,"jetpack_social_options":{"image_generator_settings":{"template":"highway","default_image_id":0,"font":"","enabled":false},"version":2}},"categories":[80],"tags":[],"class_list":["post-70090","post","type-post","status-publish","format-standard","hentry","category-lifestyle"],"yoast_head":"<!-- This site is optimized with the Yoast SEO Premium plugin v25.0 (Yoast SEO v25.0) - https:\/\/yoast.com\/wordpress\/plugins\/seo\/ -->\n<title>Comment s&#039;\u00e9crit le nom Yann ?<\/title>\n<meta name=\"description\" content=\"Yann (prononciation traditionnelle \u00ab Yan-n \u00bb [j\u0251\u0303n] cf. lann) est un pr\u00e9nom breton, \u00e9quivalent au pr\u00e9nom Jean en fran\u00e7ais (voir ce pr\u00e9nom).\" \/>\n<meta name=\"robots\" content=\"index, follow, max-snippet:-1, max-image-preview:large, max-video-preview:-1\" \/>\n<link rel=\"canonical\" href=\"https:\/\/flashmode.tn\/magazine\/comment-secrit-le-nom-yann\/\" \/>\n<meta property=\"og:locale\" content=\"fr_FR\" \/>\n<meta property=\"og:type\" content=\"article\" \/>\n<meta property=\"og:title\" content=\"Comment s&#039;\u00e9crit le nom Yann ? - Flashmode Magazine | Magazine de mode et style de vie Num\u00e9ro un en Tunisie et au Maghreb\" \/>\n<meta property=\"og:description\" content=\"Yann (prononciation traditionnelle \u00ab Yan-n \u00bb [j\u0251\u0303n] cf. lann) est un pr\u00e9nom breton, \u00e9quivalent au pr\u00e9nom Jean en fran\u00e7ais (voir ce pr\u00e9nom).\" \/>\n<meta property=\"og:url\" content=\"https:\/\/flashmode.tn\/magazine\/comment-secrit-le-nom-yann\/\" \/>\n<meta property=\"og:site_name\" content=\"Flashmode Magazine | Magazine de mode et style de vie Num\u00e9ro un en Tunisie et au Maghreb\" \/>\n<meta property=\"article:publisher\" content=\"https:\/\/www.facebook.com\/flashmode.magazine\/\" \/>\n<meta property=\"article:published_time\" content=\"2022-02-16T19:24:13+00:00\" \/>\n<meta name=\"author\" content=\"PeopleLife\" \/>\n<meta name=\"twitter:card\" content=\"summary_large_image\" \/>\n<meta name=\"twitter:creator\" content=\"@agenceflashmode\" \/>\n<meta name=\"twitter:site\" content=\"@agenceflashmode\" \/>\n<meta name=\"twitter:label1\" content=\"\u00c9crit par\" \/>\n\t<meta name=\"twitter:data1\" content=\"PeopleLife\" \/>\n\t<meta name=\"twitter:label2\" content=\"Dur\u00e9e de lecture estim\u00e9e\" \/>\n\t<meta name=\"twitter:data2\" content=\"5 minutes\" \/>\n<script type=\"application\/ld+json\" class=\"yoast-schema-graph\">{\"@context\":\"https:\/\/schema.org\",\"@graph\":[{\"@type\":\"WebPage\",\"@id\":\"https:\/\/flashmode.tn\/magazine\/comment-secrit-le-nom-yann\/\",\"url\":\"https:\/\/flashmode.tn\/magazine\/comment-secrit-le-nom-yann\/\",\"name\":\"Comment s'\u00e9crit le nom Yann ?\",\"isPartOf\":{\"@id\":\"https:\/\/flashmode.tn\/magazine\/#website\"},\"datePublished\":\"2022-02-16T19:24:13+00:00\",\"author\":{\"@id\":\"https:\/\/flashmode.tn\/magazine\/#\/schema\/person\/6815bd30337e8756d5357219766efcc3\"},\"description\":\"Yann (prononciation traditionnelle \u00ab Yan-n \u00bb [j\u0251\u0303n] cf. lann) est un pr\u00e9nom breton, \u00e9quivalent au pr\u00e9nom Jean en fran\u00e7ais (voir ce pr\u00e9nom).\",\"breadcrumb\":{\"@id\":\"https:\/\/flashmode.tn\/magazine\/comment-secrit-le-nom-yann\/#breadcrumb\"},\"inLanguage\":\"fr-FR\",\"potentialAction\":[{\"@type\":\"ReadAction\",\"target\":[\"https:\/\/flashmode.tn\/magazine\/comment-secrit-le-nom-yann\/\"]}]},{\"@type\":\"BreadcrumbList\",\"@id\":\"https:\/\/flashmode.tn\/magazine\/comment-secrit-le-nom-yann\/#breadcrumb\",\"itemListElement\":[{\"@type\":\"ListItem\",\"position\":1,\"name\":\"Accueil\",\"item\":\"https:\/\/flashmode.tn\/magazine\/\"},{\"@type\":\"ListItem\",\"position\":2,\"name\":\"Comment s&rsquo;\u00e9crit le nom Yann ?\"}]},{\"@type\":\"WebSite\",\"@id\":\"https:\/\/flashmode.tn\/magazine\/#website\",\"url\":\"https:\/\/flashmode.tn\/magazine\/\",\"name\":\"Flashmode Magazine | Magazine de mode et style de vie Num\u00e9ro un en Tunisie et au Maghreb\",\"description\":\"Magazine de mode et style de vie Num\u00e9ro un en Tunisie et au Maghreb, cr\u00e9\u00e9 pour les hommes et les femmes : conseils beaut\u00e9, mode femme, mode homme, recettes de cuisine, c\u00e9l\u00e9brit\u00e9s et people, mannequins et top modeles\",\"potentialAction\":[{\"@type\":\"SearchAction\",\"target\":{\"@type\":\"EntryPoint\",\"urlTemplate\":\"https:\/\/flashmode.tn\/magazine\/?s={search_term_string}\"},\"query-input\":{\"@type\":\"PropertyValueSpecification\",\"valueRequired\":true,\"valueName\":\"search_term_string\"}}],\"inLanguage\":\"fr-FR\"},{\"@type\":\"Person\",\"@id\":\"https:\/\/flashmode.tn\/magazine\/#\/schema\/person\/6815bd30337e8756d5357219766efcc3\",\"name\":\"PeopleLife\",\"image\":{\"@type\":\"ImageObject\",\"inLanguage\":\"fr-FR\",\"@id\":\"https:\/\/flashmode.tn\/magazine\/#\/schema\/person\/image\/\",\"url\":\"https:\/\/secure.gravatar.com\/avatar\/8098f49196034391d93ae20d939ad33b14f6b745c986049ad803a54f4113e18c?s=96&d=mm&r=g\",\"contentUrl\":\"https:\/\/secure.gravatar.com\/avatar\/8098f49196034391d93ae20d939ad33b14f6b745c986049ad803a54f4113e18c?s=96&d=mm&r=g\",\"caption\":\"PeopleLife\"},\"url\":\"https:\/\/flashmode.tn\/magazine\/author\/peoplelife\/\"}]}<\/script>\n<!-- \/ Yoast SEO Premium plugin. -->","yoast_head_json":{"title":"Comment s'\u00e9crit le nom Yann ?","description":"Yann (prononciation traditionnelle \u00ab Yan-n \u00bb [j\u0251\u0303n] cf. lann) est un pr\u00e9nom breton, \u00e9quivalent au pr\u00e9nom Jean en fran\u00e7ais (voir ce pr\u00e9nom).","robots":{"index":"index","follow":"follow","max-snippet":"max-snippet:-1","max-image-preview":"max-image-preview:large","max-video-preview":"max-video-preview:-1"},"canonical":"https:\/\/flashmode.tn\/magazine\/comment-secrit-le-nom-yann\/","og_locale":"fr_FR","og_type":"article","og_title":"Comment s'\u00e9crit le nom Yann ? - Flashmode Magazine | Magazine de mode et style de vie Num\u00e9ro un en Tunisie et au Maghreb","og_description":"Yann (prononciation traditionnelle \u00ab Yan-n \u00bb [j\u0251\u0303n] cf. lann) est un pr\u00e9nom breton, \u00e9quivalent au pr\u00e9nom Jean en fran\u00e7ais (voir ce pr\u00e9nom).","og_url":"https:\/\/flashmode.tn\/magazine\/comment-secrit-le-nom-yann\/","og_site_name":"Flashmode Magazine | Magazine de mode et style de vie Num\u00e9ro un en Tunisie et au Maghreb","article_publisher":"https:\/\/www.facebook.com\/flashmode.magazine\/","article_published_time":"2022-02-16T19:24:13+00:00","author":"PeopleLife","twitter_card":"summary_large_image","twitter_creator":"@agenceflashmode","twitter_site":"@agenceflashmode","twitter_misc":{"\u00c9crit par":"PeopleLife","Dur\u00e9e de lecture estim\u00e9e":"5 minutes"},"schema":{"@context":"https:\/\/schema.org","@graph":[{"@type":"WebPage","@id":"https:\/\/flashmode.tn\/magazine\/comment-secrit-le-nom-yann\/","url":"https:\/\/flashmode.tn\/magazine\/comment-secrit-le-nom-yann\/","name":"Comment s'\u00e9crit le nom Yann ?","isPartOf":{"@id":"https:\/\/flashmode.tn\/magazine\/#website"},"datePublished":"2022-02-16T19:24:13+00:00","author":{"@id":"https:\/\/flashmode.tn\/magazine\/#\/schema\/person\/6815bd30337e8756d5357219766efcc3"},"description":"Yann (prononciation traditionnelle \u00ab Yan-n \u00bb [j\u0251\u0303n] cf. lann) est un pr\u00e9nom breton, \u00e9quivalent au pr\u00e9nom Jean en fran\u00e7ais (voir ce pr\u00e9nom).","breadcrumb":{"@id":"https:\/\/flashmode.tn\/magazine\/comment-secrit-le-nom-yann\/#breadcrumb"},"inLanguage":"fr-FR","potentialAction":[{"@type":"ReadAction","target":["https:\/\/flashmode.tn\/magazine\/comment-secrit-le-nom-yann\/"]}]},{"@type":"BreadcrumbList","@id":"https:\/\/flashmode.tn\/magazine\/comment-secrit-le-nom-yann\/#breadcrumb","itemListElement":[{"@type":"ListItem","position":1,"name":"Accueil","item":"https:\/\/flashmode.tn\/magazine\/"},{"@type":"ListItem","position":2,"name":"Comment s&rsquo;\u00e9crit le nom Yann ?"}]},{"@type":"WebSite","@id":"https:\/\/flashmode.tn\/magazine\/#website","url":"https:\/\/flashmode.tn\/magazine\/","name":"Flashmode Magazine | Magazine de mode et style de vie Num\u00e9ro un en Tunisie et au Maghreb","description":"Magazine de mode et style de vie Num\u00e9ro un en Tunisie et au Maghreb, cr\u00e9\u00e9 pour les hommes et les femmes : conseils beaut\u00e9, mode femme, mode homme, recettes de cuisine, c\u00e9l\u00e9brit\u00e9s et people, mannequins et top modeles","potentialAction":[{"@type":"SearchAction","target":{"@type":"EntryPoint","urlTemplate":"https:\/\/flashmode.tn\/magazine\/?s={search_term_string}"},"query-input":{"@type":"PropertyValueSpecification","valueRequired":true,"valueName":"search_term_string"}}],"inLanguage":"fr-FR"},{"@type":"Person","@id":"https:\/\/flashmode.tn\/magazine\/#\/schema\/person\/6815bd30337e8756d5357219766efcc3","name":"PeopleLife","image":{"@type":"ImageObject","inLanguage":"fr-FR","@id":"https:\/\/flashmode.tn\/magazine\/#\/schema\/person\/image\/","url":"https:\/\/secure.gravatar.com\/avatar\/8098f49196034391d93ae20d939ad33b14f6b745c986049ad803a54f4113e18c?s=96&d=mm&r=g","contentUrl":"https:\/\/secure.gravatar.com\/avatar\/8098f49196034391d93ae20d939ad33b14f6b745c986049ad803a54f4113e18c?s=96&d=mm&r=g","caption":"PeopleLife"},"url":"https:\/\/flashmode.tn\/magazine\/author\/peoplelife\/"}]}},"jetpack_publicize_connections":[],"jetpack_featured_media_url":"","jetpack_shortlink":"https:\/\/wp.me\/p8BPGr-ieu","jetpack_sharing_enabled":true,"_links":{"self":[{"href":"https:\/\/flashmode.tn\/magazine\/wp-json\/wp\/v2\/posts\/70090","targetHints":{"allow":["GET"]}}],"collection":[{"href":"https:\/\/flashmode.tn\/magazine\/wp-json\/wp\/v2\/posts"}],"about":[{"href":"https:\/\/flashmode.tn\/magazine\/wp-json\/wp\/v2\/types\/post"}],"author":[{"embeddable":true,"href":"https:\/\/flashmode.tn\/magazine\/wp-json\/wp\/v2\/users\/5"}],"replies":[{"embeddable":true,"href":"https:\/\/flashmode.tn\/magazine\/wp-json\/wp\/v2\/comments?post=70090"}],"version-history":[{"count":0,"href":"https:\/\/flashmode.tn\/magazine\/wp-json\/wp\/v2\/posts\/70090\/revisions"}],"wp:attachment":[{"href":"https:\/\/flashmode.tn\/magazine\/wp-json\/wp\/v2\/media?parent=70090"}],"wp:term":[{"taxonomy":"category","embeddable":true,"href":"https:\/\/flashmode.tn\/magazine\/wp-json\/wp\/v2\/categories?post=70090"},{"taxonomy":"post_tag","embeddable":true,"href":"https:\/\/flashmode.tn\/magazine\/wp-json\/wp\/v2\/tags?post=70090"}],"curies":[{"name":"wp","href":"https:\/\/api.w.org\/{rel}","templated":true}]}}