{"id":77768,"date":"2022-04-21T14:36:26","date_gmt":"2022-04-21T12:36:26","guid":{"rendered":"https:\/\/flashmode.tn\/magazine\/?p=77768"},"modified":"2022-04-21T14:36:26","modified_gmt":"2022-04-21T12:36:26","slug":"puis-je-manger-des-oeufs-apres-la-date-3","status":"publish","type":"post","link":"https:\/\/flashmode.tn\/magazine\/puis-je-manger-des-oeufs-apres-la-date-3\/","title":{"rendered":"Puis-je manger des \u0153ufs apr\u00e8s la date ?"},"content":{"rendered":"<p>S&rsquo;il tombe au fond, on peut le <b>manger<\/b>. \u00bb Verdict : l&rsquo;<b>u0153uf<\/b>, qui a d\u00e9pass\u00e9 sa DCR d&rsquo;un mois et qui a \u00e9t\u00e9 conserv\u00e9 dans un placard, reste \u00e0 la surface. \u00ab Il ne faut pas le <b>manger<\/b>. \u00bb Le m\u00eame <b>u0153uf<\/b>, conserv\u00e9 dans un r\u00e9frig\u00e9rateur, tombe \u00e0 pic au fond du verre.<\/p>\n<p>Or Quel risque de manger des \u0153ufs p\u00e9rim\u00e9s ? Consommer un <b>u0153uf p\u00e9rim\u00e9<\/b><\/p>\n<p> Naus\u00e9es, vomissements, diarrh\u00e9e, un <b>u0153uf p\u00e9rim\u00e9<\/b> contient des bact\u00e9ries qui peuvent provoquer des maladies plus ou moins graves, comme l&rsquo;intoxication alimentaire. La premi\u00e8re cause d&rsquo;infection alimentaire d&rsquo;origine bact\u00e9rienne en France est la consommation d&rsquo;<b>u0153ufs p\u00e9rim\u00e9s<\/b>.<\/p>\n<p>Pourquoi un \u0153uf p\u00e9rim\u00e9 flotte ? Quand l&rsquo;<b>u0153uf<\/b> vieillit, la quantit\u00e9 d&rsquo;air augmente au fur et \u00e0 mesure que l&rsquo;humidit\u00e9 s&rsquo;\u00e9vapore. Plus l&rsquo;<b>u0153uf<\/b> est vieux, plus il a tendance \u00e0 <b>flotter<\/b>. M\u00eame \u00e0 ce stade, on peut consommer ces u0153ufs \u00ab flottants \u00bb. Ceux-ci sont encore comestibles lorsque la date de p\u00e9remption est d\u00e9pass\u00e9e.<\/p>\n<p>Ainsi Pourquoi il ne faut pas mettre les \u0153ufs au frigo ? <b>Faut<\/b>&#8211;<b>il<\/b> ou non conserver ses <b>u0153ufs<\/b> dans le r\u00e9frig\u00e9rateur<\/p>\n<p> Le risque principal provient de la salmonelle contenue dans les produits d&rsquo;origine animale et notamment dans l&rsquo;<b>u0153uf<\/b>. Lorsque la poule pond, elle enrobe l&rsquo;<b>u0153uf<\/b> d&rsquo;un film protecteur.<\/p>\n<div id=\"ez-toc-container\" class=\"ez-toc-v2_0_81 counter-hierarchy ez-toc-counter ez-toc-grey ez-toc-container-direction\">\n<div class=\"ez-toc-title-container\">\n<p class=\"ez-toc-title\" style=\"cursor:inherit\">Contenus de la page<\/p>\n<span class=\"ez-toc-title-toggle\"><a href=\"#\" class=\"ez-toc-pull-right ez-toc-btn ez-toc-btn-xs ez-toc-btn-default ez-toc-toggle\" aria-label=\"Toggle Table of Content\"><span class=\"ez-toc-js-icon-con\"><span class=\"\"><span class=\"eztoc-hide\" style=\"display:none;\">Toggle<\/span><span class=\"ez-toc-icon-toggle-span\"><svg style=\"fill: #999;color:#999\" xmlns=\"http:\/\/www.w3.org\/2000\/svg\" class=\"list-377408\" width=\"20px\" height=\"20px\" viewBox=\"0 0 24 24\" fill=\"none\"><path d=\"M6 6H4v2h2V6zm14 0H8v2h12V6zM4 11h2v2H4v-2zm16 0H8v2h12v-2zM4 16h2v2H4v-2zm16 0H8v2h12v-2z\" fill=\"currentColor\"><\/path><\/svg><svg style=\"fill: #999;color:#999\" class=\"arrow-unsorted-368013\" xmlns=\"http:\/\/www.w3.org\/2000\/svg\" width=\"10px\" height=\"10px\" viewBox=\"0 0 24 24\" version=\"1.2\" baseProfile=\"tiny\"><path d=\"M18.2 9.3l-6.2-6.3-6.2 6.3c-.2.2-.3.4-.3.7s.1.5.3.7c.2.2.4.3.7.3h11c.3 0 .5-.1.7-.3.2-.2.3-.5.3-.7s-.1-.5-.3-.7zM5.8 14.7l6.2 6.3 6.2-6.3c.2-.2.3-.5.3-.7s-.1-.5-.3-.7c-.2-.2-.4-.3-.7-.3h-11c-.3 0-.5.1-.7.3-.2.2-.3.5-.3.7s.1.5.3.7z\"\/><\/svg><\/span><\/span><\/span><\/a><\/span><\/div>\n<nav><ul class='ez-toc-list ez-toc-list-level-1 ' ><li class='ez-toc-page-1 ez-toc-heading-level-2'><a class=\"ez-toc-link ez-toc-heading-1\" href=\"https:\/\/flashmode.tn\/magazine\/puis-je-manger-des-oeufs-apres-la-date-3\/#Comment_consommer_des_oeufs_passes_de_date\" >Comment consommer des \u0153ufs pass\u00e9s de date ?<\/a><\/li><li class='ez-toc-page-1 ez-toc-heading-level-2'><a class=\"ez-toc-link ez-toc-heading-2\" href=\"https:\/\/flashmode.tn\/magazine\/puis-je-manger-des-oeufs-apres-la-date-3\/#Comment_conserver_des_oeufs_pendant_un_an\" >Comment conserver des \u0153ufs pendant un an ?<\/a><\/li><li class='ez-toc-page-1 ez-toc-heading-level-2'><a class=\"ez-toc-link ez-toc-heading-3\" href=\"https:\/\/flashmode.tn\/magazine\/puis-je-manger-des-oeufs-apres-la-date-3\/#Comment_conserver_les_oeufs_apres_achat\" >Comment conserver les \u0153ufs apr\u00e8s achat ?<\/a><\/li><li class='ez-toc-page-1 ez-toc-heading-level-2'><a class=\"ez-toc-link ez-toc-heading-4\" href=\"https:\/\/flashmode.tn\/magazine\/puis-je-manger-des-oeufs-apres-la-date-3\/#Ou_conserver_les_oeufs_quand_il_fait_chaud\" >O\u00f9 conserver les \u0153ufs quand il fait chaud ?<\/a><ul class='ez-toc-list-level-3' ><li class='ez-toc-heading-level-3'><a class=\"ez-toc-link ez-toc-heading-5\" href=\"https:\/\/flashmode.tn\/magazine\/puis-je-manger-des-oeufs-apres-la-date-3\/#Comment_conserver_les_oeufs_de_mes_poules\" >Comment conserver les \u0153ufs de mes poules ?<\/a><\/li><\/ul><\/li><li class='ez-toc-page-1 ez-toc-heading-level-2'><a class=\"ez-toc-link ez-toc-heading-6\" href=\"https:\/\/flashmode.tn\/magazine\/puis-je-manger-des-oeufs-apres-la-date-3\/#Comment_conserver_les_oeufs_cuit_dur\" >Comment conserver les \u0153ufs cuit dur ?<\/a><\/li><\/ul><\/nav><\/div>\n<h2><span class=\"ez-toc-section\" id=\"Comment_consommer_des_oeufs_passes_de_date\"><\/span>Comment consommer des \u0153ufs pass\u00e9s de date ?<span class=\"ez-toc-section-end\"><\/span><\/h2>\n<p>Plongez-le dans un r\u00e9cipient d&rsquo;eau froide et observez ce qu&rsquo;il se <b>passe<\/b> : si l&rsquo;<b>\u0153uf<\/b> reste au fond vous pouvez le manger, s&rsquo;il remonte l\u00e9g\u00e8rement il devra \u00eatre <b>consomm\u00e9<\/b> cuit en g\u00e2teau par exemple et s&rsquo;il flotte \u00e0 la surface il n&rsquo;est plus consommable.<\/p>\n<p>Comment utiliser des \u0153ufs p\u00e9rim\u00e9s ? <b>Comment<\/b> puis-je <b>utiliser des \u0153ufs<\/b> qui sont <b>p\u00e9rim\u00e9s<\/b> ? Vos <b>\u0153ufs p\u00e9rim\u00e9s<\/b> peuvent servir \u00e0 \u00eatre cuisin\u00e9s en p\u00e2tisseries apr\u00e8s avoir v\u00e9rifi\u00e9 qu&rsquo;ils ne soient pas pourris mais aussi en masques de beaut\u00e9 ou encore en atelier peinture pour occuper vos enfants !<\/p>\n<p>Comment conserver les \u0153ufs plusieurs mois ? <b>Comment conserver les \u0153ufs<\/b> le plus longtemps ? Pas de panique, vous pourrez les <b>conserver<\/b> jusqu&rsquo;\u00e0 une semaine au r\u00e9frig\u00e9rateur. Pour les garder plus longtemps, n&rsquo;\u00e9calez pas les <b>\u0153ufs<\/b> durs avant le moment de la d\u00e9gustation. Conservez-les au r\u00e9frig\u00e9rateur tels quels.<\/p>\n<p>Comment conserver des \u0153ufs plusieurs mois ? Autrefois, on gardait ses <b>\u0153ufs plusieurs mois<\/b> dans du sable, de l&rsquo;huile, de la paraffine ou du papier journal, mais aujourd&rsquo;hui, le plus efficace et le plus pratique, c&rsquo;est de les <b>conserver<\/b> dans leur bo\u00eete, \u00e0 l&rsquo;abri des chocs et des mauvaises odeurs (fromages, oignons, charcuteries), et de pr\u00e9f\u00e9rence la pointe en bas &#8211; &#8230;<\/p>\n<h2><span class=\"ez-toc-section\" id=\"Comment_conserver_des_oeufs_pendant_un_an\"><\/span>Comment conserver des \u0153ufs pendant un an ?<span class=\"ez-toc-section-end\"><\/span><\/h2>\n<p>Il vaut mieux <b>conserver<\/b> les <b>\u0153ufs<\/b> au frais et au sec, de pr\u00e9f\u00e9rence dans un emballage en carton au frigo. Ne lavez pas les <b>\u0153ufs<\/b>. Sinon, vous enlevez la couche de protection, ce qui permet aux bact\u00e9ries de p\u00e9n\u00e9trer plus facilement.<\/p>\n<p>Comment conserver les \u0153ufs pour l&rsquo;hiver ? Placez vos <b>\u0153ufs<\/b> dans les alv\u00e9oles \u00ab t\u00eate en bas \u00bb, <b>sur<\/b> la pointe. Vous limiterez les \u00e9changes gazeux avec le r\u00e9frig\u00e9rateur. La chambre <b>\u00e0<\/b> air se trouve ainsi au gros bout <b>de<\/b> l&rsquo;<b>\u0153uf<\/b>, en haut et n&rsquo;est pas compress\u00e9e. Nettoyez r\u00e9guli\u00e8rement les alv\u00e9oles <b>de<\/b> la bo\u00eete <b>\u00e0 \u0153uf de<\/b> votre r\u00e9frig\u00e9rateur.<\/p>\n<p>Comment conserver les \u0153ufs de poules et combien de temps ?<\/p>\n<p>&#8211; Les <b>\u0153ufs<\/b> se conservent 1.5 mois sans probl\u00e8me, voire 1.5 mois bien conserv\u00e9s. L&rsquo;<b>\u0153uf<\/b> est consid\u00e9r\u00e9 comme \u00ab\u00a0extra frais\u00a0\u00bb les 9 premiers <b>jours<\/b> suivant sa ponte. Astuce: Notez au crayon \u00e0 papier la date de la ponte sur la coquille. &#8211; Vous pouvez prolonger leur <b>conservation<\/b> en les congelant !<\/p>\n<p>Comment conserver des \u0153ufs cru ? Les restants de blancs et de jaunes d&rsquo;<b>\u0153ufs crus<\/b> doivent \u00eatre conserv\u00e9s dans des contenants herm\u00e9tiques et plac\u00e9s rapidement au r\u00e9frig\u00e9rateur. Pour pr\u00e9venir l&rsquo;ass\u00e8chement des jaunes, il suffit de les couvrir d&rsquo;un peu d&rsquo;eau froide que vous \u00e9goutterez avant l&rsquo;utilisation.<\/p>\n<h2><span class=\"ez-toc-section\" id=\"Comment_conserver_les_oeufs_apres_achat\"><\/span>Comment conserver les \u0153ufs apr\u00e8s achat ?<span class=\"ez-toc-section-end\"><\/span><\/h2>\n<p>La meilleure fa\u00e7on est encore de les garder \u00e0 temp\u00e9rature ambiante, sauf si l&rsquo;on vit dans un pays ou un territoire chaud. En 2013, les chercheurs britanniques du Food Test ont test\u00e9 des <b>\u0153ufs<\/b> r\u00e9frig\u00e9r\u00e9s \u00e0 6\u00b0 et d&rsquo;autres conserv\u00e9s \u00e0 temp\u00e9rature ambiante pour la salmonellose et d&rsquo;autres bact\u00e9ries.<\/p>\n<p>Quelle temp\u00e9rature pour conserver les \u0153ufs ?<\/p>\n<p>Aucune diff\u00e9rence n&rsquo;a \u00e9t\u00e9 observ\u00e9e en termes <b>de<\/b> contamination microbienne. Sur le plan gustatif et culinaire, les chefs s&rsquo;accordent \u00e0 dire que la <b>conservation<\/b> \u00e0 <b>temp\u00e9rature<\/b> ambiante est meilleure. En conclusion, un endroit frais (moins <b>de<\/b> 22\u00b0C) avec peu <b>de<\/b> variations <b>de temp\u00e9rature<\/b>, ou le r\u00e9frig\u00e9rateur.<\/p>\n<p>Quel est le temps de conservation des \u0153ufs durs ? Dur\u00e9e recommand\u00e9e de conservation des \u0153ufs <\/p>\n<table>\n<tbody>\n<tr>\n<th>     <b>      \u0152ufs     <\/b>     frais en coquille    <\/th>\n<th>     Avant la date de p\u00e9remption sur le contenant    <\/th>\n<\/tr>\n<tr>\n<td>     Restants de jaunes ou de blancs    <\/td>\n<td>     De 2 \u00e0 4 jours    <\/td>\n<\/tr>\n<tr>\n<td>     <b>      \u0152ufs     <\/b>     cuits     <b>      durs     <\/b>    <\/td>\n<td>     1 semaine    <\/td>\n<\/tr>\n<tr>\n<td>     Plats pr\u00e9par\u00e9s \u00e0 base d&rsquo;     <b>      \u0153ufs     <\/b>    <\/td>\n<td>     De 3 \u00e0 4 jours    <\/td>\n<\/tr>\n<tr>\n<td>     <b>      \u0152ufs     <\/b>     marin\u00e9s    <\/td>\n<td>     1 mois    <\/td>\n<\/tr>\n<\/tbody>\n<\/table>\n<p>O\u00f9 mettre les \u0153ufs ? \u00c9vitez les changements de temp\u00e9rature<\/p>\n<p> La meilleure solution semble donc de garder ses <b>oeufs<\/b> \u00e0 temp\u00e9rature ambiante, dans un coin de la cuisine qui ne subit pas de sautes de temp\u00e9rature et de coups de chaud (on \u00e9vite les abords du four).<\/p>\n<h2><span class=\"ez-toc-section\" id=\"Ou_conserver_les_oeufs_quand_il_fait_chaud\"><\/span>O\u00f9 conserver les \u0153ufs quand il fait chaud ?<span class=\"ez-toc-section-end\"><\/span><\/h2>\n<p>Pour \u00e9viter ces probl\u00e8mes de sant\u00e9, conservez vos <b>\u0153ufs<\/b> \u00e0 une temp\u00e9rature de 4\u00b0C et moins en les pla\u00e7ant sur la tablette centrale du r\u00e9frig\u00e9rateur (juste au dessus du tiroir \u00e0 viande) et non dans la porte.<\/p>\n<p>Comment conserver les \u0153ufs de poule frais ? Conservez-les dans une boite \u00e0 <b>\u0153ufs<\/b> en carton propre, t\u00eate en bas afin que le jaune reste bien centr\u00e9 et \u00e0 une temp\u00e9rature ambiante de 20 \u00b0C. Contrairement aux id\u00e9es re\u00e7ues, mettez-les au r\u00e9frig\u00e9rateur lorsque la temp\u00e9rature ambiante d\u00e9passe les 20 \u00b0C.<\/p>\n<p>Est-ce que les \u0153ufs se cong\u00e8lent ?<\/p>\n<p>Les <b>\u0153ufs se<\/b> conservent jusqu&rsquo;\u00e0 8 mois au cong\u00e9lateur, le blanc d&rsquo;<b>\u0153uf<\/b> jusqu&rsquo;\u00e0 10 mois. Pour ne pas les oublier dans le cong\u00e9lateur, nous vous recommandons d&rsquo;utiliser l&rsquo;application Albal<sup>\u00ae<\/sup> Foodsaver qui vous rappellera la date avant laquelle vous devrez les consommer.<\/p>\n<p>Comment conserver les \u0153ufs en hiver ? Moyen certain de <b>conserver<\/b> des <b>\u0153ufs<\/b> frais tout l&rsquo;<b>hiver<\/b><\/p>\n<p> Lorsqu&rsquo;ils sont secs d&rsquo;un c\u00f4t\u00e9, vous les retournez pour qu&rsquo;ils s\u00e8chent de l&rsquo;autre. Vous les placez, quand ils sont bien secs, dans un vase ou une bo\u00eete qui ferme bien ; vous les posez sur un lit de cendres ou de son, recouvrez d&rsquo;un pareil lit, et ainsi de suite.<\/p>\n<h3><span class=\"ez-toc-section\" id=\"Comment_conserver_les_oeufs_de_mes_poules\"><\/span>Comment conserver les \u0153ufs de mes poules ?<span class=\"ez-toc-section-end\"><\/span><\/h3>\n<p>Conservez-les dans une boite \u00e0 <b>\u0153ufs<\/b> en carton propre, t\u00eate en bas afin que le jaune reste bien centr\u00e9 et \u00e0 une temp\u00e9rature ambiante de 20 \u00b0C. Contrairement aux id\u00e9es re\u00e7ues, mettez-les au r\u00e9frig\u00e9rateur lorsque la temp\u00e9rature ambiante d\u00e9passe les 20 \u00b0C.<\/p>\n<p>O\u00f9 ranger les \u0153ufs ? Placez vos <b>\u0153ufs<\/b> dans les alv\u00e9oles \u00ab t\u00eate en bas \u00bb, sur la pointe. Vous limiterez les \u00e9changes gazeux avec le r\u00e9frig\u00e9rateur. La chambre \u00e0 air se trouve ainsi au gros bout de l&rsquo;<b>\u0153uf<\/b>, en haut et n&rsquo;est pas compress\u00e9e. Nettoyez r\u00e9guli\u00e8rement les alv\u00e9oles de la bo\u00eete \u00e0 <b>\u0153uf<\/b> de votre r\u00e9frig\u00e9rateur.<\/p>\n<p>Comment conserver des \u0153ufs hors du frigo ?<\/p>\n<p>Vous pouvez donc parfaitement garder vos <b>\u0153ufs hors<\/b> du r\u00e9frig\u00e9rateur, sans risque d&rsquo;intoxication alimentaire \u2026 Attention toutefois aux trop fortes temp\u00e9ratures. L&rsquo;<b>\u0153uf<\/b> supporte mal d&rsquo;\u00eatre conserv\u00e9 \u00e0 plus de 22\u00b0C. On \u00e9vitera donc de les placer pr\u00e8s du four et en \u00e9t\u00e9, on pr\u00e9f\u00e8rera quand m\u00eame le <b>frigo<\/b>.<\/p>\n<p>Comment savoir si un \u0153uf cuit dur est toujours bon \u00e0 manger ? D\u00e9posez votre <b>\u0153uf<\/b> dans un grand r\u00e9cipient rempli d&rsquo;eau froide. <b>Si<\/b> l&rsquo;<b>\u0153uf<\/b> tombe directement au fond du r\u00e9cipient, il <b>est<\/b> parfaitement frais. En revanche, s&rsquo;il remonte \u00e0 la surface, il ne faut surtout pas le consommer. Enfin, <b>si<\/b> votre <b>\u0153uf<\/b> stagne au milieu du r\u00e9cipient, c&rsquo;<b>est<\/b> limite, mais il <b>est<\/b> encore consommable.<\/p>\n<h2><span class=\"ez-toc-section\" id=\"Comment_conserver_les_oeufs_cuit_dur\"><\/span>Comment conserver les \u0153ufs cuit dur ?<span class=\"ez-toc-section-end\"><\/span><\/h2>\n<p>Vous aimez les <b>\u0153ufs durs<\/b> et vous en avez <b>cuit<\/b> un peu trop\u2026 Pas de panique, vous pourrez les <b>conserver<\/b> jusqu&rsquo;\u00e0 une semaine au r\u00e9frig\u00e9rateur. Pour les garder plus longtemps, n&rsquo;\u00e9calez pas les <b>\u0153ufs durs<\/b> avant le moment de la d\u00e9gustation. Conservez-les au r\u00e9frig\u00e9rateur tels quels.<\/p>\n<p>Comment conserver des \u0153ufs cuits durs ?<\/p>\n<p>Prenez un bol d&rsquo;eau froide, mettez-y les <b>\u0153ufs durs<\/b> puis mettez le tout au r\u00e9frig\u00e9rateur. Les <b>\u0153ufs durs \u00e9cal\u00e9s<\/b> peuvent se d\u00e9shydrater. Les mettre dans un bol rempli d&rsquo;eau froide au r\u00e9frig\u00e9rateur permettra de les garder bien hydrat\u00e9s, \u00e0 une temp\u00e9rature constante et au frais <sup>X<\/sup> <sup>Source<\/sup> <sup>de<\/sup> <sup>recherche<\/sup> . <\/p>\n","protected":false},"excerpt":{"rendered":"<p>S&rsquo;il tombe au fond, on peut le manger. \u00bb Verdict : l&rsquo;u0153uf, qui a d\u00e9pass\u00e9 sa DCR d&rsquo;un mois et qui a \u00e9t\u00e9 conserv\u00e9 dans un placard, reste \u00e0 la surface. \u00ab Il ne faut pas le manger. \u00bb Le m\u00eame u0153uf, conserv\u00e9 dans un r\u00e9frig\u00e9rateur, tombe \u00e0 pic au fond du verre. Or Quel [&hellip;]<\/p>\n","protected":false},"author":5,"featured_media":0,"comment_status":"open","ping_status":"open","sticky":false,"template":"","format":"standard","meta":{"tdm_status":"","tdm_grid_status":"","_jetpack_memberships_contains_paid_content":false,"footnotes":"","jetpack_publicize_message":"","jetpack_publicize_feature_enabled":true,"jetpack_social_post_already_shared":true,"jetpack_social_options":{"image_generator_settings":{"template":"highway","default_image_id":0,"font":"","enabled":false},"version":2}},"categories":[80],"tags":[],"class_list":["post-77768","post","type-post","status-publish","format-standard","hentry","category-lifestyle"],"yoast_head":"<!-- This site is optimized with the Yoast SEO Premium plugin v25.0 (Yoast SEO v25.0) - https:\/\/yoast.com\/wordpress\/plugins\/seo\/ -->\n<title>Puis-je manger des \u0153ufs apr\u00e8s la date ? - Flashmode Magazine | Magazine de mode et style de vie Num\u00e9ro un en Tunisie et au Maghreb<\/title>\n<meta name=\"description\" content=\"S&#039;il tombe au fond, on peut le manger. \u00bb Verdict : l&#039;u0153uf, qui a d\u00e9pass\u00e9 sa DCR d&#039;un mois et qui a \u00e9t\u00e9 conserv\u00e9 dans un placard, reste \u00e0 la surface. \u00ab\" \/>\n<meta name=\"robots\" content=\"index, follow, max-snippet:-1, max-image-preview:large, max-video-preview:-1\" \/>\n<link rel=\"canonical\" href=\"https:\/\/flashmode.tn\/magazine\/puis-je-manger-des-oeufs-apres-la-date-3\/\" \/>\n<meta property=\"og:locale\" content=\"fr_FR\" \/>\n<meta property=\"og:type\" content=\"article\" \/>\n<meta property=\"og:title\" content=\"Puis-je manger des \u0153ufs apr\u00e8s la date ? - Flashmode Magazine | Magazine de mode et style de vie Num\u00e9ro un en Tunisie et au Maghreb\" \/>\n<meta property=\"og:description\" content=\"S&#039;il tombe au fond, on peut le manger. \u00bb Verdict : l&#039;u0153uf, qui a d\u00e9pass\u00e9 sa DCR d&#039;un mois et qui a \u00e9t\u00e9 conserv\u00e9 dans un placard, reste \u00e0 la surface. \u00ab\" \/>\n<meta property=\"og:url\" content=\"https:\/\/flashmode.tn\/magazine\/puis-je-manger-des-oeufs-apres-la-date-3\/\" \/>\n<meta property=\"og:site_name\" content=\"Flashmode Magazine | Magazine de mode et style de vie Num\u00e9ro un en Tunisie et au Maghreb\" \/>\n<meta property=\"article:publisher\" content=\"https:\/\/www.facebook.com\/flashmode.magazine\/\" \/>\n<meta property=\"article:published_time\" content=\"2022-04-21T12:36:26+00:00\" \/>\n<meta name=\"author\" content=\"PeopleLife\" \/>\n<meta name=\"twitter:card\" content=\"summary_large_image\" \/>\n<meta name=\"twitter:creator\" content=\"@agenceflashmode\" \/>\n<meta name=\"twitter:site\" content=\"@agenceflashmode\" \/>\n<meta name=\"twitter:label1\" content=\"\u00c9crit par\" \/>\n\t<meta name=\"twitter:data1\" content=\"PeopleLife\" \/>\n\t<meta name=\"twitter:label2\" content=\"Dur\u00e9e de lecture estim\u00e9e\" \/>\n\t<meta name=\"twitter:data2\" content=\"7 minutes\" \/>\n<script type=\"application\/ld+json\" class=\"yoast-schema-graph\">{\"@context\":\"https:\/\/schema.org\",\"@graph\":[{\"@type\":\"WebPage\",\"@id\":\"https:\/\/flashmode.tn\/magazine\/puis-je-manger-des-oeufs-apres-la-date-3\/\",\"url\":\"https:\/\/flashmode.tn\/magazine\/puis-je-manger-des-oeufs-apres-la-date-3\/\",\"name\":\"Puis-je manger des \u0153ufs apr\u00e8s la date ? - Flashmode Magazine | Magazine de mode et style de vie Num\u00e9ro un en Tunisie et au Maghreb\",\"isPartOf\":{\"@id\":\"https:\/\/flashmode.tn\/magazine\/#website\"},\"datePublished\":\"2022-04-21T12:36:26+00:00\",\"author\":{\"@id\":\"https:\/\/flashmode.tn\/magazine\/#\/schema\/person\/6815bd30337e8756d5357219766efcc3\"},\"description\":\"S'il tombe au fond, on peut le manger. \u00bb Verdict : l'u0153uf, qui a d\u00e9pass\u00e9 sa DCR d'un mois et qui a \u00e9t\u00e9 conserv\u00e9 dans un placard, reste \u00e0 la surface. \u00ab\",\"breadcrumb\":{\"@id\":\"https:\/\/flashmode.tn\/magazine\/puis-je-manger-des-oeufs-apres-la-date-3\/#breadcrumb\"},\"inLanguage\":\"fr-FR\",\"potentialAction\":[{\"@type\":\"ReadAction\",\"target\":[\"https:\/\/flashmode.tn\/magazine\/puis-je-manger-des-oeufs-apres-la-date-3\/\"]}]},{\"@type\":\"BreadcrumbList\",\"@id\":\"https:\/\/flashmode.tn\/magazine\/puis-je-manger-des-oeufs-apres-la-date-3\/#breadcrumb\",\"itemListElement\":[{\"@type\":\"ListItem\",\"position\":1,\"name\":\"Accueil\",\"item\":\"https:\/\/flashmode.tn\/magazine\/\"},{\"@type\":\"ListItem\",\"position\":2,\"name\":\"Puis-je manger des \u0153ufs apr\u00e8s la date ?\"}]},{\"@type\":\"WebSite\",\"@id\":\"https:\/\/flashmode.tn\/magazine\/#website\",\"url\":\"https:\/\/flashmode.tn\/magazine\/\",\"name\":\"Flashmode Magazine | Magazine de mode et style de vie Num\u00e9ro un en Tunisie et au Maghreb\",\"description\":\"Magazine de mode et style de vie Num\u00e9ro un en Tunisie et au Maghreb, cr\u00e9\u00e9 pour les hommes et les femmes : conseils beaut\u00e9, mode femme, mode homme, recettes de cuisine, c\u00e9l\u00e9brit\u00e9s et people, mannequins et top modeles\",\"potentialAction\":[{\"@type\":\"SearchAction\",\"target\":{\"@type\":\"EntryPoint\",\"urlTemplate\":\"https:\/\/flashmode.tn\/magazine\/?s={search_term_string}\"},\"query-input\":{\"@type\":\"PropertyValueSpecification\",\"valueRequired\":true,\"valueName\":\"search_term_string\"}}],\"inLanguage\":\"fr-FR\"},{\"@type\":\"Person\",\"@id\":\"https:\/\/flashmode.tn\/magazine\/#\/schema\/person\/6815bd30337e8756d5357219766efcc3\",\"name\":\"PeopleLife\",\"image\":{\"@type\":\"ImageObject\",\"inLanguage\":\"fr-FR\",\"@id\":\"https:\/\/flashmode.tn\/magazine\/#\/schema\/person\/image\/\",\"url\":\"https:\/\/secure.gravatar.com\/avatar\/8098f49196034391d93ae20d939ad33b14f6b745c986049ad803a54f4113e18c?s=96&d=mm&r=g\",\"contentUrl\":\"https:\/\/secure.gravatar.com\/avatar\/8098f49196034391d93ae20d939ad33b14f6b745c986049ad803a54f4113e18c?s=96&d=mm&r=g\",\"caption\":\"PeopleLife\"},\"url\":\"https:\/\/flashmode.tn\/magazine\/author\/peoplelife\/\"}]}<\/script>\n<!-- \/ Yoast SEO Premium plugin. -->","yoast_head_json":{"title":"Puis-je manger des \u0153ufs apr\u00e8s la date ? - Flashmode Magazine | Magazine de mode et style de vie Num\u00e9ro un en Tunisie et au Maghreb","description":"S'il tombe au fond, on peut le manger. \u00bb Verdict : l'u0153uf, qui a d\u00e9pass\u00e9 sa DCR d'un mois et qui a \u00e9t\u00e9 conserv\u00e9 dans un placard, reste \u00e0 la surface. \u00ab","robots":{"index":"index","follow":"follow","max-snippet":"max-snippet:-1","max-image-preview":"max-image-preview:large","max-video-preview":"max-video-preview:-1"},"canonical":"https:\/\/flashmode.tn\/magazine\/puis-je-manger-des-oeufs-apres-la-date-3\/","og_locale":"fr_FR","og_type":"article","og_title":"Puis-je manger des \u0153ufs apr\u00e8s la date ? - Flashmode Magazine | Magazine de mode et style de vie Num\u00e9ro un en Tunisie et au Maghreb","og_description":"S'il tombe au fond, on peut le manger. \u00bb Verdict : l'u0153uf, qui a d\u00e9pass\u00e9 sa DCR d'un mois et qui a \u00e9t\u00e9 conserv\u00e9 dans un placard, reste \u00e0 la surface. \u00ab","og_url":"https:\/\/flashmode.tn\/magazine\/puis-je-manger-des-oeufs-apres-la-date-3\/","og_site_name":"Flashmode Magazine | Magazine de mode et style de vie Num\u00e9ro un en Tunisie et au Maghreb","article_publisher":"https:\/\/www.facebook.com\/flashmode.magazine\/","article_published_time":"2022-04-21T12:36:26+00:00","author":"PeopleLife","twitter_card":"summary_large_image","twitter_creator":"@agenceflashmode","twitter_site":"@agenceflashmode","twitter_misc":{"\u00c9crit par":"PeopleLife","Dur\u00e9e de lecture estim\u00e9e":"7 minutes"},"schema":{"@context":"https:\/\/schema.org","@graph":[{"@type":"WebPage","@id":"https:\/\/flashmode.tn\/magazine\/puis-je-manger-des-oeufs-apres-la-date-3\/","url":"https:\/\/flashmode.tn\/magazine\/puis-je-manger-des-oeufs-apres-la-date-3\/","name":"Puis-je manger des \u0153ufs apr\u00e8s la date ? - Flashmode Magazine | Magazine de mode et style de vie Num\u00e9ro un en Tunisie et au Maghreb","isPartOf":{"@id":"https:\/\/flashmode.tn\/magazine\/#website"},"datePublished":"2022-04-21T12:36:26+00:00","author":{"@id":"https:\/\/flashmode.tn\/magazine\/#\/schema\/person\/6815bd30337e8756d5357219766efcc3"},"description":"S'il tombe au fond, on peut le manger. \u00bb Verdict : l'u0153uf, qui a d\u00e9pass\u00e9 sa DCR d'un mois et qui a \u00e9t\u00e9 conserv\u00e9 dans un placard, reste \u00e0 la surface. \u00ab","breadcrumb":{"@id":"https:\/\/flashmode.tn\/magazine\/puis-je-manger-des-oeufs-apres-la-date-3\/#breadcrumb"},"inLanguage":"fr-FR","potentialAction":[{"@type":"ReadAction","target":["https:\/\/flashmode.tn\/magazine\/puis-je-manger-des-oeufs-apres-la-date-3\/"]}]},{"@type":"BreadcrumbList","@id":"https:\/\/flashmode.tn\/magazine\/puis-je-manger-des-oeufs-apres-la-date-3\/#breadcrumb","itemListElement":[{"@type":"ListItem","position":1,"name":"Accueil","item":"https:\/\/flashmode.tn\/magazine\/"},{"@type":"ListItem","position":2,"name":"Puis-je manger des \u0153ufs apr\u00e8s la date ?"}]},{"@type":"WebSite","@id":"https:\/\/flashmode.tn\/magazine\/#website","url":"https:\/\/flashmode.tn\/magazine\/","name":"Flashmode Magazine | Magazine de mode et style de vie Num\u00e9ro un en Tunisie et au Maghreb","description":"Magazine de mode et style de vie Num\u00e9ro un en Tunisie et au Maghreb, cr\u00e9\u00e9 pour les hommes et les femmes : conseils beaut\u00e9, mode femme, mode homme, recettes de cuisine, c\u00e9l\u00e9brit\u00e9s et people, mannequins et top modeles","potentialAction":[{"@type":"SearchAction","target":{"@type":"EntryPoint","urlTemplate":"https:\/\/flashmode.tn\/magazine\/?s={search_term_string}"},"query-input":{"@type":"PropertyValueSpecification","valueRequired":true,"valueName":"search_term_string"}}],"inLanguage":"fr-FR"},{"@type":"Person","@id":"https:\/\/flashmode.tn\/magazine\/#\/schema\/person\/6815bd30337e8756d5357219766efcc3","name":"PeopleLife","image":{"@type":"ImageObject","inLanguage":"fr-FR","@id":"https:\/\/flashmode.tn\/magazine\/#\/schema\/person\/image\/","url":"https:\/\/secure.gravatar.com\/avatar\/8098f49196034391d93ae20d939ad33b14f6b745c986049ad803a54f4113e18c?s=96&d=mm&r=g","contentUrl":"https:\/\/secure.gravatar.com\/avatar\/8098f49196034391d93ae20d939ad33b14f6b745c986049ad803a54f4113e18c?s=96&d=mm&r=g","caption":"PeopleLife"},"url":"https:\/\/flashmode.tn\/magazine\/author\/peoplelife\/"}]}},"jetpack_publicize_connections":[],"jetpack_featured_media_url":"","jetpack_shortlink":"https:\/\/wp.me\/p8BPGr-kek","jetpack_sharing_enabled":true,"_links":{"self":[{"href":"https:\/\/flashmode.tn\/magazine\/wp-json\/wp\/v2\/posts\/77768","targetHints":{"allow":["GET"]}}],"collection":[{"href":"https:\/\/flashmode.tn\/magazine\/wp-json\/wp\/v2\/posts"}],"about":[{"href":"https:\/\/flashmode.tn\/magazine\/wp-json\/wp\/v2\/types\/post"}],"author":[{"embeddable":true,"href":"https:\/\/flashmode.tn\/magazine\/wp-json\/wp\/v2\/users\/5"}],"replies":[{"embeddable":true,"href":"https:\/\/flashmode.tn\/magazine\/wp-json\/wp\/v2\/comments?post=77768"}],"version-history":[{"count":0,"href":"https:\/\/flashmode.tn\/magazine\/wp-json\/wp\/v2\/posts\/77768\/revisions"}],"wp:attachment":[{"href":"https:\/\/flashmode.tn\/magazine\/wp-json\/wp\/v2\/media?parent=77768"}],"wp:term":[{"taxonomy":"category","embeddable":true,"href":"https:\/\/flashmode.tn\/magazine\/wp-json\/wp\/v2\/categories?post=77768"},{"taxonomy":"post_tag","embeddable":true,"href":"https:\/\/flashmode.tn\/magazine\/wp-json\/wp\/v2\/tags?post=77768"}],"curies":[{"name":"wp","href":"https:\/\/api.w.org\/{rel}","templated":true}]}}