{"id":78416,"date":"2022-04-19T05:05:11","date_gmt":"2022-04-19T03:05:11","guid":{"rendered":"https:\/\/flashmode.tn\/magazine\/?p=78416"},"modified":"2022-04-19T05:05:11","modified_gmt":"2022-04-19T03:05:11","slug":"quelle-est-la-cause-des-pellicules","status":"publish","type":"post","link":"https:\/\/flashmode.tn\/magazine\/quelle-est-la-cause-des-pellicules\/","title":{"rendered":"Quelle est la cause des pellicules ?"},"content":{"rendered":"<p>Elles sont dues \u00e0 une desquamation excessive du cuir chevelu. Il s&rsquo;agit d&rsquo;une affection b\u00e9nigne mais inesth\u00e9tique, <b>qui<\/b> peut \u00eatre g\u00eanante pour les personnes <b>qui<\/b> en sont atteintes (soit environ une personne sur deux). Dans certains cas, les <b>pellicules<\/b> s&rsquo;accompagnent de d\u00e9mangeaisons et d&rsquo;une irritation du cuir chevelu.<\/p>\n<p>Or Qu&rsquo;est-ce qui provoque des pellicules ? Les <b>pellicules<\/b> viennent le plus souvent du pityriasis, affection engendr\u00e9e par un champignon <b>qui<\/b> colonise le cuir chevelu et perturbe son syst\u00e8me de renouvellement cellulaire. En effet, la peau du cr\u00e2ne \u00e9limine en permanence des cellules mortes pour en fabriquer de nouvelles (comme pour toutes les zones de peau).<\/p>\n<p>Comment eviter les pellicules ? <b>  <b>   Comment  <\/b>  s&rsquo;en d\u00e9barrasser ? <\/b> <\/p>\n<ol>\n<li>   Contre des   <b>    pellicules   <\/b>   s\u00e8ches, des shampoings antipelliculaires sont recommand\u00e9s. &#8230;  <\/li>\n<li>   Contre des   <b>    pellicules   <\/b>   grasses, il est pr\u00e9f\u00e9rable d&rsquo;opter pour un traitement \u00e0 base d&rsquo;antifongiques et d&rsquo;acide salicylique qui d\u00e9truisent les particules et les agglom\u00e9rats graisseux.  <\/li>\n<\/ol>\n<p>Ainsi Comment \u00e9viter les pellicules dans les cheveux ? Pensez \u00e0 les hydrater avec un soin quotidien tels qu&rsquo;un apr\u00e8s-shampooing ou une huile. Si vous avez des <b>pellicules<\/b> s\u00e8ches, vous pouvez faire un masque nourrissant une fois par semaine sur l&rsquo;ensemble des <b>cheveux<\/b>. Avoir les <b>cheveux<\/b> secs peut parfois entra\u00eener des d\u00e9mangeaisons et des <b>pellicules<\/b>.<\/p>\n<div id=\"ez-toc-container\" class=\"ez-toc-v2_0_81 counter-hierarchy ez-toc-counter ez-toc-grey ez-toc-container-direction\">\n<div class=\"ez-toc-title-container\">\n<p class=\"ez-toc-title\" style=\"cursor:inherit\">Contenus de la page<\/p>\n<span class=\"ez-toc-title-toggle\"><a href=\"#\" class=\"ez-toc-pull-right ez-toc-btn ez-toc-btn-xs ez-toc-btn-default ez-toc-toggle\" aria-label=\"Toggle Table of Content\"><span class=\"ez-toc-js-icon-con\"><span class=\"\"><span class=\"eztoc-hide\" style=\"display:none;\">Toggle<\/span><span class=\"ez-toc-icon-toggle-span\"><svg style=\"fill: #999;color:#999\" xmlns=\"http:\/\/www.w3.org\/2000\/svg\" class=\"list-377408\" width=\"20px\" height=\"20px\" viewBox=\"0 0 24 24\" fill=\"none\"><path d=\"M6 6H4v2h2V6zm14 0H8v2h12V6zM4 11h2v2H4v-2zm16 0H8v2h12v-2zM4 16h2v2H4v-2zm16 0H8v2h12v-2z\" fill=\"currentColor\"><\/path><\/svg><svg style=\"fill: #999;color:#999\" class=\"arrow-unsorted-368013\" xmlns=\"http:\/\/www.w3.org\/2000\/svg\" width=\"10px\" height=\"10px\" viewBox=\"0 0 24 24\" version=\"1.2\" baseProfile=\"tiny\"><path d=\"M18.2 9.3l-6.2-6.3-6.2 6.3c-.2.2-.3.4-.3.7s.1.5.3.7c.2.2.4.3.7.3h11c.3 0 .5-.1.7-.3.2-.2.3-.5.3-.7s-.1-.5-.3-.7zM5.8 14.7l6.2 6.3 6.2-6.3c.2-.2.3-.5.3-.7s-.1-.5-.3-.7c-.2-.2-.4-.3-.7-.3h-11c-.3 0-.5.1-.7.3-.2.2-.3.5-.3.7s.1.5.3.7z\"\/><\/svg><\/span><\/span><\/span><\/a><\/span><\/div>\n<nav><ul class='ez-toc-list ez-toc-list-level-1 ' ><li class='ez-toc-page-1 ez-toc-heading-level-2'><a class=\"ez-toc-link ez-toc-heading-1\" href=\"https:\/\/flashmode.tn\/magazine\/quelle-est-la-cause-des-pellicules\/#Quel_aliment_contre_les_pellicules\" >Quel aliment contre les pellicules ?<\/a><\/li><li class='ez-toc-page-1 ez-toc-heading-level-2'><a class=\"ez-toc-link ez-toc-heading-2\" href=\"https:\/\/flashmode.tn\/magazine\/quelle-est-la-cause-des-pellicules\/#Quelle_vitamine_contre_les_pellicules\" >Quelle vitamine contre les pellicules ?<\/a><\/li><li class='ez-toc-page-1 ez-toc-heading-level-2'><a class=\"ez-toc-link ez-toc-heading-3\" href=\"https:\/\/flashmode.tn\/magazine\/quelle-est-la-cause-des-pellicules\/#Comment_savoir_si_des_pellicules_ou_des_lentes\" >Comment savoir si des pellicules ou des lentes ?<\/a><\/li><li class='ez-toc-page-1 ez-toc-heading-level-2'><a class=\"ez-toc-link ez-toc-heading-4\" href=\"https:\/\/flashmode.tn\/magazine\/quelle-est-la-cause-des-pellicules\/#Cest_quoi_qui_attire_les_poux\" >C&rsquo;est quoi qui attire les poux ?<\/a><ul class='ez-toc-list-level-3' ><li class='ez-toc-heading-level-3'><a class=\"ez-toc-link ez-toc-heading-5\" href=\"https:\/\/flashmode.tn\/magazine\/quelle-est-la-cause-des-pellicules\/#Comment_reconnaitre_les_pellicule\" >Comment reconna\u00eetre les pellicule ?<\/a><\/li><\/ul><\/li><\/ul><\/nav><\/div>\n<h2><span class=\"ez-toc-section\" id=\"Quel_aliment_contre_les_pellicules\"><\/span>Quel aliment contre les pellicules ?<span class=\"ez-toc-section-end\"><\/span><\/h2>\n<p>Aussi \u00e9tonnant que cela puisse para\u00eetre, certains nutriments limitent la formation des <b>pellicules<\/b>. On peut miser sur trois d&rsquo;entre eux : la vitamine B6 (dans le foie, le saumon), la vitamine E (dans les noisettes, les amandes) et la vitamine A (dans les \u0153ufs, les produits laitiers).<\/p>\n<p>Est-ce que les pellicules font pousser les cheveux ? Les <b>pellicules<\/b>, qu&rsquo;elles soient s\u00e8ches ou grasses peuvent \u00eatre un sympt\u00f4me aggravant de la perte de <b>cheveux<\/b>, mais elles n&rsquo;en sont pas la cause ! Les <b>pellicules<\/b> n&#8217;emp\u00eachent pas les racines de respirer ni le <b>cheveu<\/b> de <b>pousser<\/b>.<\/p>\n<p>Comment savoir si on a des pellicules ? <b>Comment<\/b> les <b>reconna\u00eetre<\/b> ? Les <b>pellicules<\/b> s\u00e8ches se forment dans les cuirs chevelus secs. Elles ressemblent \u00e0 de petits flocons blancs qui restent, dans un premier temps, accroch\u00e9s dans le cuir chevelu, puis se d\u00e9tachent. Elles sont souvent retrouv\u00e9es dans les v\u00eatements, surtout sur les \u00e9paules.<\/p>\n<p>Quel fruit contre les pellicules ? Les <b>fruits<\/b> \u00e0 coque, en particulier les noix, sont de petits super-aliments riches en nutriments, qui apportent des prot\u00e9ines, des acides gras om\u00e9ga 3, du zinc, du s\u00e9l\u00e9nium et de la vitamine E, qui prot\u00e8ge les cheveux du soleil.<\/p>\n<h2><span class=\"ez-toc-section\" id=\"Quelle_vitamine_contre_les_pellicules\"><\/span>Quelle vitamine contre les pellicules ?<span class=\"ez-toc-section-end\"><\/span><\/h2>\n<p>Pour \u00e9viter l&rsquo;apparition de <b>pellicules<\/b>, trois nutriments sont importants : la <b>vitamine<\/b> B6, la <b>vitamine<\/b> E et la <b>vitamine<\/b> A.<\/p>\n<p>Comment savoir si on a des pellicules s\u00e8ches ou grasses ? On distingue deux types de <b>pellicules<\/b>, en fonction de leur structure et de leur adh\u00e9rence au cuir chevelu. Les <b>pellicules s\u00e8ches<\/b> sont fines et se s\u00e9parent du cuir chevelu (g\u00e9n\u00e9ralement <b>sec<\/b>), alors que les <b>pellicules grasses<\/b> adh\u00e8rent et provoquent des d\u00e9mangeaisons.<\/p>\n<p>Comment soigner les pellicules des cheveux ?<\/p>\n<p>En cas de <b>pellicules<\/b> s\u00e8ches, utiliser un shampoing antipelliculaire comportant l&rsquo;indication \u00ab <b>pellicules<\/b> s\u00e8ches \u00bb afin d&rsquo;hydrater le cuir chevelu et de ralentir la desquamation. En cas de <b>pellicules<\/b> grasses, utiliser un traitement antipelliculaire sp\u00e9cial \u00ab <b>pellicules<\/b> grasses \u00bb.<\/p>\n<p>Comment savoir si on a des poux dans les cheveux ? <b>Comment savoir si<\/b> on est infest\u00e9? Une d\u00e9mangeaison intense, une sensation de chatouillement dans les cheveux et de petites bosses rouges sur le cuir chevelu peuvent indiquer la pr\u00e9sence de <b>poux<\/b> de t\u00eate. Mais seule l&rsquo;identification de <b>poux<\/b> ou d&rsquo;oeufs (appel\u00e9s lentes) vivants permet de confirmer leur pr\u00e9sence.<\/p>\n<h2><span class=\"ez-toc-section\" id=\"Comment_savoir_si_des_pellicules_ou_des_lentes\"><\/span>Comment savoir si des pellicules ou des lentes ?<span class=\"ez-toc-section-end\"><\/span><\/h2>\n<p>Les <b>pellicules<\/b> sont de couleur blanche et tombent spontan\u00e9ment de la t\u00eate, les <b>lentes<\/b> sont plus fonc\u00e9es lorsqu&rsquo;elles sont vivantes et blanch\u00e2tres lorsqu&rsquo;elles sont vides. Elles sont fortement accroch\u00e9es au cheveu par un c\u00e9ment d\u00e9pos\u00e9 \u00e0 la ponte de l&rsquo;\u0153uf, et r\u00e9sistent au lavage et au brossage.<\/p>\n<p>O\u00f9 trouver la vitamine B2 dans les aliments ?<\/p>\n<p><b>  <b>   On trouve  <\/b>  de la  <b>   vitamine B2  <\/b>  dans les aliments comme : <\/b> <\/p>\n<ul>\n<li>   le germe de bl\u00e9,  <\/li>\n<li>   la levure de boulanger,  <\/li>\n<li>   les c\u00e9r\u00e9ales,  <\/li>\n<li>   le foie,  <\/li>\n<li>   les produits laitiers.  <\/li>\n<li>   certaines prot\u00e9ines.  <\/li>\n<\/ul>\n<p>O\u00f9 se trouve la vitamine A ? La <b>vitamine<\/b> A est utile pour la peau, la vision ou encore les d\u00e9fenses immunitaires. Elle se <b>trouve<\/b> particuli\u00e8rement dans les aliments d&rsquo;origine animale, comme le foie ou le beurre, mais \u00e9galement dans les fruits et les l\u00e9gumes color\u00e9s (melon, abricot, carotte, tomate\u2026).<\/p>\n<p>Pourquoi prendre de la vitamine B6 ? Elle intervient dans la synth\u00e8se des globules rouges et la formation de l&rsquo;h\u00e9moglobine, associ\u00e9e aux <b>vitamines<\/b> B9 et B12. Elle contribue \u00e0 r\u00e9guler l&rsquo;activit\u00e9 hormonale. La <b>vitamine B6<\/b> aide \u00e0 r\u00e9duire la fatigue. Elle contribue au fonctionnement normal du syst\u00e8me immunitaire.<\/p>\n<h2><span class=\"ez-toc-section\" id=\"Cest_quoi_qui_attire_les_poux\"><\/span>C&rsquo;est quoi qui attire les poux ?<span class=\"ez-toc-section-end\"><\/span><\/h2>\n<p>Ces petites b\u00eates n&rsquo;ont donc aucune pr\u00e9f\u00e9rence particuli\u00e8re pour les cheveux sales ou gras. Les <b>poux<\/b> sont par contre <b>attir\u00e9s<\/b> par les cheveux contentant une haute charge statique. Pour diminuer les risques de transmission, il faut donc r\u00e9duire l&rsquo;attraction statique du cheveu.<\/p>\n<p>Comment savoir s&rsquo;il a des poux ? En g\u00e9n\u00e9ral, on les <b>trouve<\/b> tr\u00e8s pr\u00e8s du cuir chevelu, pr\u00e8s de la nuque et derri\u00e8re les oreilles. Pour chercher les lentes, s\u00e9parez les cheveux en petites m\u00e8ches, et passez d&rsquo;un c\u00f4t\u00e9 de la t\u00eate \u00e0 l&rsquo;autre. Examinez attentivement la t\u00eate de votre enfant, pr\u00e8s du cuir chevelu.<\/p>\n<p>Est-ce que les poux peuvent partir tout seul ?<\/p>\n<p>Non. Il suffit d&rsquo;isoler <b>tout<\/b> ce qui a \u00e9t\u00e9 en contact avec une t\u00eate infest\u00e9e, sachant que les <b>poux<\/b> meurent entre 24h \u00e0 48h s&rsquo;ils ne sont pas nourris.<\/p>\n<p>Comment savoir si les lentes sont mortes ? Les <b>lentes sont<\/b> coll\u00e9es aux cheveux et m\u00eame <b>mortes<\/b>, elles ne tombent pas d&rsquo;elles-m\u00eames. Cependant, plus le cheveu va pousser, plus la <b>lente<\/b> va s&rsquo;\u00e9loigner du cuir chevelu. Une <b>lente<\/b> \u00e9loign\u00e9e du cuir chevelu est tr\u00e8s probablement <b>morte<\/b>. La faire claquer sous ses doigts est aussi un indicateur.<\/p>\n<h3><span class=\"ez-toc-section\" id=\"Comment_reconnaitre_les_pellicule\"><\/span>Comment reconna\u00eetre les pellicule ?<span class=\"ez-toc-section-end\"><\/span><\/h3>\n<p><b>  <b>   Comment  <\/b>  faire la diff\u00e9rence entre les  <b>   pellicules  <\/b>  et les lentes : <\/b> <\/p>\n<ol>\n<li>   Les squames pelliculaires glisseront facilement le long des cheveux.  <\/li>\n<li>   Les lentes s&rsquo;accrochent aux cheveux contrairement aux   <b>    pellicules   <\/b>   .  <\/li>\n<li>   Les   <b>    pellicules   <\/b>   peuvent se trouver au niveau du cuir chevelu et des cheveux.  <\/li>\n<li>   Les lentes ne se trouvent que sur les cheveux.  <\/li>\n<\/ol>\n<p>Quel fruit contient la vitamine B2 ? <b>  CLASSEMENT DE LA TENEUR EN  <b>   vitamine b2  <\/b>  DES  <b>   FRUITS  <\/b> <\/b> <\/p>\n<ul>\n<li>   Cacao.   <b>    Vitamine B2   <\/b>   (en mg) : 0.4.  <\/li>\n<li>   Amande.   <b>    Vitamine B2   <\/b>   (en mg) : 0.241.  <\/li>\n<li>   Ch\u00e2taigne.   <b>    Vitamine B2   <\/b>   (en mg) : 0.2.  <\/li>\n<li>   Pistache.   <b>    Vitamine B2   <\/b>   (en mg) : 0.16.  <\/li>\n<li>   Noix de cajou.   <b>    Vitamine B2   <\/b>   (en mg) : 0.16.  <\/li>\n<li>   Tamarin.   <b>    Vitamine B2   <\/b>   (en mg) : 0.152.  <\/li>\n<li>   Noix.   <b>    Vitamine B2   <\/b>   (en mg) : 0.15.  <\/li>\n<li>   Grenadelle.  <\/li>\n<\/ul>\n<p>Quels sont les sympt\u00f4mes d&rsquo;un manque de vitamine B2 ?<\/p>\n<p>Le <b>manque de vitamine B2<\/b> se traduit par des l\u00e9sions de la peau (dermite s\u00e9borrh\u00e9ique) et des muqueuses (ger\u00e7ures des l\u00e8vres et des coins de la bouche, langue rouge\u00e2tre ou noir\u00e2tre), des troubles oculaires : larmoiements, vascularisation excessive des conjonctives, hypersensibilit\u00e9 \u00e0 la lumi\u00e8re.<\/p>\n<p>O\u00f9 trouve on la vitamine B12 ? Dans les aliments, la <b>vitamine B12<\/b> se <b>trouve<\/b> principalement dans les produits d&rsquo;origine animale, notamment les abats et les crustac\u00e9s. Certains produits d&rsquo;origine v\u00e9g\u00e9tale en contiennent, comme le miso ou la spiruline, mais il n&rsquo;est pas certain que leur forme puisse \u00eatre absorb\u00e9e par l&rsquo;organisme.<\/p>\n<h2><\/h2>\n","protected":false},"excerpt":{"rendered":"<p>Elles sont dues \u00e0 une desquamation excessive du cuir chevelu. Il s&rsquo;agit d&rsquo;une affection b\u00e9nigne mais inesth\u00e9tique, qui peut \u00eatre g\u00eanante pour les personnes qui en sont atteintes (soit environ une personne sur deux). Dans certains cas, les pellicules s&rsquo;accompagnent de d\u00e9mangeaisons et d&rsquo;une irritation du cuir chevelu. Or Qu&rsquo;est-ce qui provoque des pellicules ? [&hellip;]<\/p>\n","protected":false},"author":5,"featured_media":0,"comment_status":"open","ping_status":"open","sticky":false,"template":"","format":"standard","meta":{"tdm_status":"","tdm_grid_status":"","_jetpack_memberships_contains_paid_content":false,"footnotes":"","jetpack_publicize_message":"","jetpack_publicize_feature_enabled":true,"jetpack_social_post_already_shared":true,"jetpack_social_options":{"image_generator_settings":{"template":"highway","default_image_id":0,"font":"","enabled":false},"version":2}},"categories":[80],"tags":[],"class_list":["post-78416","post","type-post","status-publish","format-standard","hentry","category-lifestyle"],"yoast_head":"<!-- This site is optimized with the Yoast SEO Premium plugin v25.0 (Yoast SEO v25.0) - https:\/\/yoast.com\/wordpress\/plugins\/seo\/ -->\n<title>Quelle est la cause des pellicules ? - Flashmode Magazine | Magazine de mode et style de vie Num\u00e9ro un en Tunisie et au Maghreb<\/title>\n<meta name=\"description\" content=\"Elles sont dues \u00e0 une desquamation excessive du cuir chevelu. Il s&#039;agit d&#039;une affection b\u00e9nigne mais inesth\u00e9tique, qui peut \u00eatre g\u00eanante pour les\" \/>\n<meta name=\"robots\" content=\"index, follow, max-snippet:-1, max-image-preview:large, max-video-preview:-1\" \/>\n<link rel=\"canonical\" href=\"https:\/\/flashmode.tn\/magazine\/quelle-est-la-cause-des-pellicules\/\" \/>\n<meta property=\"og:locale\" content=\"fr_FR\" \/>\n<meta property=\"og:type\" content=\"article\" \/>\n<meta property=\"og:title\" content=\"Quelle est la cause des pellicules ? - Flashmode Magazine | Magazine de mode et style de vie Num\u00e9ro un en Tunisie et au Maghreb\" \/>\n<meta property=\"og:description\" content=\"Elles sont dues \u00e0 une desquamation excessive du cuir chevelu. Il s&#039;agit d&#039;une affection b\u00e9nigne mais inesth\u00e9tique, qui peut \u00eatre g\u00eanante pour les\" \/>\n<meta property=\"og:url\" content=\"https:\/\/flashmode.tn\/magazine\/quelle-est-la-cause-des-pellicules\/\" \/>\n<meta property=\"og:site_name\" content=\"Flashmode Magazine | Magazine de mode et style de vie Num\u00e9ro un en Tunisie et au Maghreb\" \/>\n<meta property=\"article:publisher\" content=\"https:\/\/www.facebook.com\/flashmode.magazine\/\" \/>\n<meta property=\"article:published_time\" content=\"2022-04-19T03:05:11+00:00\" \/>\n<meta name=\"author\" content=\"PeopleLife\" \/>\n<meta name=\"twitter:card\" content=\"summary_large_image\" \/>\n<meta name=\"twitter:creator\" content=\"@agenceflashmode\" \/>\n<meta name=\"twitter:site\" content=\"@agenceflashmode\" \/>\n<meta name=\"twitter:label1\" content=\"\u00c9crit par\" \/>\n\t<meta name=\"twitter:data1\" content=\"PeopleLife\" \/>\n\t<meta name=\"twitter:label2\" content=\"Dur\u00e9e de lecture estim\u00e9e\" \/>\n\t<meta name=\"twitter:data2\" content=\"6 minutes\" \/>\n<script type=\"application\/ld+json\" class=\"yoast-schema-graph\">{\"@context\":\"https:\/\/schema.org\",\"@graph\":[{\"@type\":\"WebPage\",\"@id\":\"https:\/\/flashmode.tn\/magazine\/quelle-est-la-cause-des-pellicules\/\",\"url\":\"https:\/\/flashmode.tn\/magazine\/quelle-est-la-cause-des-pellicules\/\",\"name\":\"Quelle est la cause des pellicules ? - Flashmode Magazine | Magazine de mode et style de vie Num\u00e9ro un en Tunisie et au Maghreb\",\"isPartOf\":{\"@id\":\"https:\/\/flashmode.tn\/magazine\/#website\"},\"datePublished\":\"2022-04-19T03:05:11+00:00\",\"author\":{\"@id\":\"https:\/\/flashmode.tn\/magazine\/#\/schema\/person\/6815bd30337e8756d5357219766efcc3\"},\"description\":\"Elles sont dues \u00e0 une desquamation excessive du cuir chevelu. Il s'agit d'une affection b\u00e9nigne mais inesth\u00e9tique, qui peut \u00eatre g\u00eanante pour les\",\"breadcrumb\":{\"@id\":\"https:\/\/flashmode.tn\/magazine\/quelle-est-la-cause-des-pellicules\/#breadcrumb\"},\"inLanguage\":\"fr-FR\",\"potentialAction\":[{\"@type\":\"ReadAction\",\"target\":[\"https:\/\/flashmode.tn\/magazine\/quelle-est-la-cause-des-pellicules\/\"]}]},{\"@type\":\"BreadcrumbList\",\"@id\":\"https:\/\/flashmode.tn\/magazine\/quelle-est-la-cause-des-pellicules\/#breadcrumb\",\"itemListElement\":[{\"@type\":\"ListItem\",\"position\":1,\"name\":\"Accueil\",\"item\":\"https:\/\/flashmode.tn\/magazine\/\"},{\"@type\":\"ListItem\",\"position\":2,\"name\":\"Quelle est la cause des pellicules ?\"}]},{\"@type\":\"WebSite\",\"@id\":\"https:\/\/flashmode.tn\/magazine\/#website\",\"url\":\"https:\/\/flashmode.tn\/magazine\/\",\"name\":\"Flashmode Magazine | Magazine de mode et style de vie Num\u00e9ro un en Tunisie et au Maghreb\",\"description\":\"Magazine de mode et style de vie Num\u00e9ro un en Tunisie et au Maghreb, cr\u00e9\u00e9 pour les hommes et les femmes : conseils beaut\u00e9, mode femme, mode homme, recettes de cuisine, c\u00e9l\u00e9brit\u00e9s et people, mannequins et top modeles\",\"potentialAction\":[{\"@type\":\"SearchAction\",\"target\":{\"@type\":\"EntryPoint\",\"urlTemplate\":\"https:\/\/flashmode.tn\/magazine\/?s={search_term_string}\"},\"query-input\":{\"@type\":\"PropertyValueSpecification\",\"valueRequired\":true,\"valueName\":\"search_term_string\"}}],\"inLanguage\":\"fr-FR\"},{\"@type\":\"Person\",\"@id\":\"https:\/\/flashmode.tn\/magazine\/#\/schema\/person\/6815bd30337e8756d5357219766efcc3\",\"name\":\"PeopleLife\",\"image\":{\"@type\":\"ImageObject\",\"inLanguage\":\"fr-FR\",\"@id\":\"https:\/\/flashmode.tn\/magazine\/#\/schema\/person\/image\/\",\"url\":\"https:\/\/secure.gravatar.com\/avatar\/8098f49196034391d93ae20d939ad33b14f6b745c986049ad803a54f4113e18c?s=96&d=mm&r=g\",\"contentUrl\":\"https:\/\/secure.gravatar.com\/avatar\/8098f49196034391d93ae20d939ad33b14f6b745c986049ad803a54f4113e18c?s=96&d=mm&r=g\",\"caption\":\"PeopleLife\"},\"url\":\"https:\/\/flashmode.tn\/magazine\/author\/peoplelife\/\"}]}<\/script>\n<!-- \/ Yoast SEO Premium plugin. -->","yoast_head_json":{"title":"Quelle est la cause des pellicules ? - Flashmode Magazine | Magazine de mode et style de vie Num\u00e9ro un en Tunisie et au Maghreb","description":"Elles sont dues \u00e0 une desquamation excessive du cuir chevelu. Il s'agit d'une affection b\u00e9nigne mais inesth\u00e9tique, qui peut \u00eatre g\u00eanante pour les","robots":{"index":"index","follow":"follow","max-snippet":"max-snippet:-1","max-image-preview":"max-image-preview:large","max-video-preview":"max-video-preview:-1"},"canonical":"https:\/\/flashmode.tn\/magazine\/quelle-est-la-cause-des-pellicules\/","og_locale":"fr_FR","og_type":"article","og_title":"Quelle est la cause des pellicules ? - Flashmode Magazine | Magazine de mode et style de vie Num\u00e9ro un en Tunisie et au Maghreb","og_description":"Elles sont dues \u00e0 une desquamation excessive du cuir chevelu. Il s'agit d'une affection b\u00e9nigne mais inesth\u00e9tique, qui peut \u00eatre g\u00eanante pour les","og_url":"https:\/\/flashmode.tn\/magazine\/quelle-est-la-cause-des-pellicules\/","og_site_name":"Flashmode Magazine | Magazine de mode et style de vie Num\u00e9ro un en Tunisie et au Maghreb","article_publisher":"https:\/\/www.facebook.com\/flashmode.magazine\/","article_published_time":"2022-04-19T03:05:11+00:00","author":"PeopleLife","twitter_card":"summary_large_image","twitter_creator":"@agenceflashmode","twitter_site":"@agenceflashmode","twitter_misc":{"\u00c9crit par":"PeopleLife","Dur\u00e9e de lecture estim\u00e9e":"6 minutes"},"schema":{"@context":"https:\/\/schema.org","@graph":[{"@type":"WebPage","@id":"https:\/\/flashmode.tn\/magazine\/quelle-est-la-cause-des-pellicules\/","url":"https:\/\/flashmode.tn\/magazine\/quelle-est-la-cause-des-pellicules\/","name":"Quelle est la cause des pellicules ? - Flashmode Magazine | Magazine de mode et style de vie Num\u00e9ro un en Tunisie et au Maghreb","isPartOf":{"@id":"https:\/\/flashmode.tn\/magazine\/#website"},"datePublished":"2022-04-19T03:05:11+00:00","author":{"@id":"https:\/\/flashmode.tn\/magazine\/#\/schema\/person\/6815bd30337e8756d5357219766efcc3"},"description":"Elles sont dues \u00e0 une desquamation excessive du cuir chevelu. Il s'agit d'une affection b\u00e9nigne mais inesth\u00e9tique, qui peut \u00eatre g\u00eanante pour les","breadcrumb":{"@id":"https:\/\/flashmode.tn\/magazine\/quelle-est-la-cause-des-pellicules\/#breadcrumb"},"inLanguage":"fr-FR","potentialAction":[{"@type":"ReadAction","target":["https:\/\/flashmode.tn\/magazine\/quelle-est-la-cause-des-pellicules\/"]}]},{"@type":"BreadcrumbList","@id":"https:\/\/flashmode.tn\/magazine\/quelle-est-la-cause-des-pellicules\/#breadcrumb","itemListElement":[{"@type":"ListItem","position":1,"name":"Accueil","item":"https:\/\/flashmode.tn\/magazine\/"},{"@type":"ListItem","position":2,"name":"Quelle est la cause des pellicules ?"}]},{"@type":"WebSite","@id":"https:\/\/flashmode.tn\/magazine\/#website","url":"https:\/\/flashmode.tn\/magazine\/","name":"Flashmode Magazine | Magazine de mode et style de vie Num\u00e9ro un en Tunisie et au Maghreb","description":"Magazine de mode et style de vie Num\u00e9ro un en Tunisie et au Maghreb, cr\u00e9\u00e9 pour les hommes et les femmes : conseils beaut\u00e9, mode femme, mode homme, recettes de cuisine, c\u00e9l\u00e9brit\u00e9s et people, mannequins et top modeles","potentialAction":[{"@type":"SearchAction","target":{"@type":"EntryPoint","urlTemplate":"https:\/\/flashmode.tn\/magazine\/?s={search_term_string}"},"query-input":{"@type":"PropertyValueSpecification","valueRequired":true,"valueName":"search_term_string"}}],"inLanguage":"fr-FR"},{"@type":"Person","@id":"https:\/\/flashmode.tn\/magazine\/#\/schema\/person\/6815bd30337e8756d5357219766efcc3","name":"PeopleLife","image":{"@type":"ImageObject","inLanguage":"fr-FR","@id":"https:\/\/flashmode.tn\/magazine\/#\/schema\/person\/image\/","url":"https:\/\/secure.gravatar.com\/avatar\/8098f49196034391d93ae20d939ad33b14f6b745c986049ad803a54f4113e18c?s=96&d=mm&r=g","contentUrl":"https:\/\/secure.gravatar.com\/avatar\/8098f49196034391d93ae20d939ad33b14f6b745c986049ad803a54f4113e18c?s=96&d=mm&r=g","caption":"PeopleLife"},"url":"https:\/\/flashmode.tn\/magazine\/author\/peoplelife\/"}]}},"jetpack_publicize_connections":[],"jetpack_featured_media_url":"","jetpack_shortlink":"https:\/\/wp.me\/p8BPGr-koM","jetpack_sharing_enabled":true,"_links":{"self":[{"href":"https:\/\/flashmode.tn\/magazine\/wp-json\/wp\/v2\/posts\/78416","targetHints":{"allow":["GET"]}}],"collection":[{"href":"https:\/\/flashmode.tn\/magazine\/wp-json\/wp\/v2\/posts"}],"about":[{"href":"https:\/\/flashmode.tn\/magazine\/wp-json\/wp\/v2\/types\/post"}],"author":[{"embeddable":true,"href":"https:\/\/flashmode.tn\/magazine\/wp-json\/wp\/v2\/users\/5"}],"replies":[{"embeddable":true,"href":"https:\/\/flashmode.tn\/magazine\/wp-json\/wp\/v2\/comments?post=78416"}],"version-history":[{"count":0,"href":"https:\/\/flashmode.tn\/magazine\/wp-json\/wp\/v2\/posts\/78416\/revisions"}],"wp:attachment":[{"href":"https:\/\/flashmode.tn\/magazine\/wp-json\/wp\/v2\/media?parent=78416"}],"wp:term":[{"taxonomy":"category","embeddable":true,"href":"https:\/\/flashmode.tn\/magazine\/wp-json\/wp\/v2\/categories?post=78416"},{"taxonomy":"post_tag","embeddable":true,"href":"https:\/\/flashmode.tn\/magazine\/wp-json\/wp\/v2\/tags?post=78416"}],"curies":[{"name":"wp","href":"https:\/\/api.w.org\/{rel}","templated":true}]}}