{"id":83518,"date":"2022-04-19T16:17:04","date_gmt":"2022-04-19T14:17:04","guid":{"rendered":"https:\/\/flashmode.tn\/magazine\/?p=83518"},"modified":"2022-04-19T16:17:04","modified_gmt":"2022-04-19T14:17:04","slug":"quelle-taille-doivent-avoir-les-germes-de-pomme-de-terre-avant-de-les-planter","status":"publish","type":"post","link":"https:\/\/flashmode.tn\/magazine\/quelle-taille-doivent-avoir-les-germes-de-pomme-de-terre-avant-de-les-planter\/","title":{"rendered":"Quelle taille doivent avoir les germes de pomme de terre avant de les planter ?"},"content":{"rendered":"<p>L&rsquo;objectif sera d&rsquo;obtenir des <b>germes<\/b> trapus (2 ou 3 cm) et donc robustes.<\/p>\n<p>Or Est-il dangereux de manger des pommes de terre germ\u00e9es ? Le germe <b>est<\/b>, en effet, toxique, mais sa dangerosit\u00e9 <b>est<\/b> parfois exag\u00e9r\u00e9e. En r\u00e9alit\u00e9, c&rsquo;<b>est<\/b> la consommation importante (2 kg seraient n\u00e9cessaires pour \u00eatre nocifs) de <b>pommes de terre germ\u00e9es<\/b> qui peut avoir un impact n\u00e9faste sur votre sant\u00e9. Les sympt\u00f4mes li\u00e9s \u00e0 l&rsquo;ingestion <b>sont<\/b> des maux de t\u00eate et des vomissements.<\/p>\n<p>Comment savoir si une pomme de terre est toujours bonne ? Si la chair de votre pomme de terre <b>est<\/b> toujours ferme, vous pouvez tout \u00e0 fait la consommer. Si elle commence \u00e0 ramollir, veillez \u00e0 la consommer rapidement ! Il vous suffira de retirer les petits germes \u00e0 l&rsquo;aide d&rsquo;un couteau. Le vrai signe de d\u00e9t\u00e9rioration d&rsquo;une pomme de terre <b>est<\/b> la pr\u00e9sence de t\u00e2ches vertes.<\/p>\n<p>Ainsi Comment conserver les pommes de terre pour ne pas qu&rsquo;elle germe ? Plac\u00e9es dans un endroit frais, sec et surtout \u00e0 l&rsquo;abri de la lumi\u00e8res, les <b>pommes de terre<\/b> se conserveront plus longtemps. Aussi, \u00e9vitez de les d\u00e9poser pr\u00e8s d&rsquo;autres aliments, en particulier les oignons. Ces derniers pourraient provoquer l&rsquo;effet inverse et favoriser l&rsquo;apparition de <b>germes<\/b> sur vos <b>pommes de terre<\/b>.<\/p>\n<div id=\"ez-toc-container\" class=\"ez-toc-v2_0_81 counter-hierarchy ez-toc-counter ez-toc-grey ez-toc-container-direction\">\n<div class=\"ez-toc-title-container\">\n<p class=\"ez-toc-title\" style=\"cursor:inherit\">Contenus de la page<\/p>\n<span class=\"ez-toc-title-toggle\"><a href=\"#\" class=\"ez-toc-pull-right ez-toc-btn ez-toc-btn-xs ez-toc-btn-default ez-toc-toggle\" aria-label=\"Toggle Table of Content\"><span class=\"ez-toc-js-icon-con\"><span class=\"\"><span class=\"eztoc-hide\" style=\"display:none;\">Toggle<\/span><span class=\"ez-toc-icon-toggle-span\"><svg style=\"fill: #999;color:#999\" xmlns=\"http:\/\/www.w3.org\/2000\/svg\" class=\"list-377408\" width=\"20px\" height=\"20px\" viewBox=\"0 0 24 24\" fill=\"none\"><path d=\"M6 6H4v2h2V6zm14 0H8v2h12V6zM4 11h2v2H4v-2zm16 0H8v2h12v-2zM4 16h2v2H4v-2zm16 0H8v2h12v-2z\" fill=\"currentColor\"><\/path><\/svg><svg style=\"fill: #999;color:#999\" class=\"arrow-unsorted-368013\" xmlns=\"http:\/\/www.w3.org\/2000\/svg\" width=\"10px\" height=\"10px\" viewBox=\"0 0 24 24\" version=\"1.2\" baseProfile=\"tiny\"><path d=\"M18.2 9.3l-6.2-6.3-6.2 6.3c-.2.2-.3.4-.3.7s.1.5.3.7c.2.2.4.3.7.3h11c.3 0 .5-.1.7-.3.2-.2.3-.5.3-.7s-.1-.5-.3-.7zM5.8 14.7l6.2 6.3 6.2-6.3c.2-.2.3-.5.3-.7s-.1-.5-.3-.7c-.2-.2-.4-.3-.7-.3h-11c-.3 0-.5.1-.7.3-.2.2-.3.5-.3.7s.1.5.3.7z\"\/><\/svg><\/span><\/span><\/span><\/a><\/span><\/div>\n<nav><ul class='ez-toc-list ez-toc-list-level-1 ' ><li class='ez-toc-page-1 ez-toc-heading-level-2'><a class=\"ez-toc-link ez-toc-heading-1\" href=\"https:\/\/flashmode.tn\/magazine\/quelle-taille-doivent-avoir-les-germes-de-pomme-de-terre-avant-de-les-planter\/#Comment_planter_les_pommes_de_terre_avec_des_grands_germes\" >Comment planter les pommes de terre avec des grands germes ?<\/a><\/li><li class='ez-toc-page-1 ez-toc-heading-level-2'><a class=\"ez-toc-link ez-toc-heading-2\" href=\"https:\/\/flashmode.tn\/magazine\/quelle-taille-doivent-avoir-les-germes-de-pomme-de-terre-avant-de-les-planter\/#Quand_planter_les_pommes_de_terre_avec_la_lune_2021\" >Quand planter les pommes de terre avec la lune 2021 ?<\/a><\/li><li class='ez-toc-page-1 ez-toc-heading-level-2'><a class=\"ez-toc-link ez-toc-heading-3\" href=\"https:\/\/flashmode.tn\/magazine\/quelle-taille-doivent-avoir-les-germes-de-pomme-de-terre-avant-de-les-planter\/#Quelle_variete_de_pomme_de_terre_planter\" >Quelle vari\u00e9t\u00e9 de pomme de terre planter ?<\/a><\/li><li class='ez-toc-page-1 ez-toc-heading-level-2'><a class=\"ez-toc-link ez-toc-heading-4\" href=\"https:\/\/flashmode.tn\/magazine\/quelle-taille-doivent-avoir-les-germes-de-pomme-de-terre-avant-de-les-planter\/#Quand_planter_les_pommes_de_terre_avec_quelle_lune\" >Quand planter les pommes de terre avec quelle lune ?<\/a><ul class='ez-toc-list-level-3' ><li class='ez-toc-heading-level-3'><a class=\"ez-toc-link ez-toc-heading-5\" href=\"https:\/\/flashmode.tn\/magazine\/quelle-taille-doivent-avoir-les-germes-de-pomme-de-terre-avant-de-les-planter\/#Quand_planter_les_pommes_de_terre_avec_la_lune_en_2021\" >Quand planter les pommes de terre avec la lune en 2021 ?<\/a><\/li><\/ul><\/li><li class='ez-toc-page-1 ez-toc-heading-level-2'><a class=\"ez-toc-link ez-toc-heading-6\" href=\"https:\/\/flashmode.tn\/magazine\/quelle-taille-doivent-avoir-les-germes-de-pomme-de-terre-avant-de-les-planter\/#Quelle_plantation_en_septembre\" >Quelle plantation en septembre ?<\/a><\/li><\/ul><\/nav><\/div>\n<h2><span class=\"ez-toc-section\" id=\"Comment_planter_les_pommes_de_terre_avec_des_grands_germes\"><\/span>Comment planter les pommes de terre avec des grands germes ?<span class=\"ez-toc-section-end\"><\/span><\/h2>\n<p>Re : <b>Pommes de terre germ\u00e9es<\/b><\/p>\n<p> Bonjour, Il faut d\u00e9germer compl\u00e9tement <b>avec<\/b> les mains, tous les <b>germes<\/b> filiformes ne feront rien, coup\u00e9s ils vont pourrir. Th\u00e9oriquement il faut une pr\u00e9-germination pour obtenir des <b>germes<\/b> trapus de 1 \u00e0 2 cm de longueur, cela est obtenu dans des clayettes qui sont en pleine lumi\u00e8re.<\/p>\n<p>Comment planter des pommes de terre qui ont germ\u00e9 ? Posez le sac sur le sol, entailles vers le bas. Sur l&rsquo;autre face, donc tourn\u00e9e vers le haut, d\u00e9coupez deux poches de 10 cm de c\u00f4t\u00e9, et plantez-y les tubercules <b>germ\u00e9s<\/b>. Arrosez de temps en temps en laissant faire la nature et r\u00e9coltez lorsque le feuillage fl\u00e9trit.<\/p>\n<p>Puis-je planter des pommes de terre germ\u00e9es ? La <b>plantation des pommes de terre<\/b> n&rsquo;est rien d&rsquo;autre qu&rsquo;une sorte de bouturage qui se fait en mettant en <b>terre<\/b> les tubercules <b>germ\u00e9s<\/b>. Vous devrez surveiller la m\u00e9t\u00e9o car il faut absolument attendre que le gel ne soit plus \u00e0 craindre et que la <b>terre<\/b> se soit r\u00e9chauff\u00e9e \u00e0 10\u00b0C environ.<\/p>\n<p>Comment planter des pommes de terre sans se fatiguer ? Paillez abondamment avec ce que vous avez \u00e0 port\u00e9e de main, par exemple de la paille au printemps, du foin ou autre en \u00e9vitant cependant le bois broy\u00e9 qui est trop dense. Vous pouvez mettre beaucoup de paillage, car la <b>pomme de terre<\/b> peut le traverser facilement, une couche de 20 \u00e0 30 cm est parfaite.<\/p>\n<h2><span class=\"ez-toc-section\" id=\"Quand_planter_les_pommes_de_terre_avec_la_lune_2021\"><\/span>Quand planter les pommes de terre avec la lune 2021 ?<span class=\"ez-toc-section-end\"><\/span><\/h2>\n<p>La meilleure p\u00e9riode se situe entre la mi-mars et la mi-avril, toujours en <b>Lune<\/b> montante bien que la <b>pomme de terre<\/b> soit un l\u00e9gume-racine (qu&rsquo;on soigne en jour racine, donc en <b>Lune<\/b> descendante, lorsque les plants sont \u00e9tablis).<\/p>\n<p>Quand planter des pommes de terre qui ont germ\u00e9 ? Plantez les tubercules <b>germ\u00e9s<\/b> de mars \u00e0 avril, une fois <b>que<\/b> tout risque de gel\u00e9es est \u00e9cart\u00e9. La floraison du lilas est un bon rep\u00e8re ! On pourra les <b>planter<\/b> plus t\u00f4t en r\u00e9gion littorale ou sous tunnel plastique. Pour <b>cultiver des pommes de terre<\/b>, la pr\u00e9paration du sol est primordiale.<\/p>\n<p>Quand planter pomme de terre 2022 ?<\/p>\n<p>Tableau des dates de plantation des pommes de terre <\/p>\n<table>\n<tbody>\n<tr>\n<th>     Date    <\/th>\n<th>     <b>      Plantation     <\/b>    <\/th>\n<th>     R\u00e9gion    <\/th>\n<\/tr>\n<tr>\n<td>     15 mars     <b>      2022     <\/b>    <\/td>\n<td>     profond    <\/td>\n<td>     nord de la France    <\/td>\n<\/tr>\n<tr>\n<td>     1er mars     <b>      2022     <\/b>    <\/td>\n<td>     dans des buttes    <\/td>\n<td>     Sud (sous la loire)    <\/td>\n<\/tr>\n<\/tbody>\n<\/table>\n<p>Est-il trop tard pour planter des pommes de terre ? Non, mais vous risquez d&rsquo;avoir du mal \u00e0 trouver de jeunes plants. Ne plantez pas de <b>pommes de terre<\/b> nouvelles vendues actuellement. Les tubercules germ\u00e9s et mous doivent \u00eatre de l&rsquo;ann\u00e9e derni\u00e8re.<\/p>\n<h2><span class=\"ez-toc-section\" id=\"Quelle_variete_de_pomme_de_terre_planter\"><\/span>Quelle vari\u00e9t\u00e9 de pomme de terre planter ?<span class=\"ez-toc-section-end\"><\/span><\/h2>\n<p><b>  Potager : 10 vari\u00e9t\u00e9s de  <b>   pomme de terre  <\/b>  pour le potager <\/b> <\/p>\n<ul>\n<li>   1\/10 Vitabella. La Vitabella fait partie des vari\u00e9t\u00e9s h\u00e2tives. &#8230;  <\/li>\n<li>   2\/10 Jeannette. La Jeannette fait partie des vari\u00e9t\u00e9s h\u00e2tives. &#8230;  <\/li>\n<li>   3\/10 Osiris. Osiris fait partie des vari\u00e9t\u00e9s h\u00e2tives. &#8230;  <\/li>\n<li>   4\/10 Rouge des Flandres. &#8230;  <\/li>\n<li>   5\/10 Blanche. &#8230;  <\/li>\n<li>   6\/10 Rose de France. &#8230;  <\/li>\n<li>   7\/10 Bernadette. &#8230;  <\/li>\n<li>   8\/10 Roseval.  <\/li>\n<\/ul>\n<p>Quel l\u00e9gume planter \u00e0 c\u00f4t\u00e9 des pommes de terre ?<\/p>\n<p>Associations de l\u00e9gumes : bonnes et mauvaises <\/p>\n<table>\n<tbody>\n<tr>\n<th>     <b>      L\u00e9gume     <\/b>    <\/th>\n<th>     S&rsquo;accorde avec&#8230;    <\/th>\n<th>     N&rsquo;appr\u00e9cie pas&#8230;    <\/th>\n<\/tr>\n<tr>\n<td>     <b>      Pommes de terre     <\/b>    <\/td>\n<td>     ail, haricot, pois, f\u00e8ve, chou, ma\u00efs, laitue, oignon, p\u00e9tunia, oeillet d&rsquo;Inde, radis, potiron, courgettes    <\/td>\n<td>     <b>      pomme     <\/b>     , citrouille, tomate    <\/td>\n<\/tr>\n<tr>\n<td>     Radis    <\/td>\n<td>     f\u00e8ve, chou, chou-fleur, concombre, laitue, pois, courge, tomate    <\/td>\n<td>     vigne, hysope    <\/td>\n<\/tr>\n<\/tbody>\n<\/table>\n<p>Comment faire pour avoir de grosses pommes de terre ? <b>  <b>   Comment faire pour avoir de grosses pommes de terre  <\/b>  ? <\/b> <\/p>\n<ol>\n<li>   1 \u2013 Bien espacer les sillons. Tracez des sillons en respectant une distance de 70 cm entre les rangs. \u2026  <\/li>\n<li>   2 \u2013 Mettre le germe vers le haut. &#8230;  <\/li>\n<li>   3 \u2013 Butter et biner souvent. \u2026  <\/li>\n<li>   4 \u2013 Arroser selon le temps. \u2026  <\/li>\n<li>   5 \u2013 R\u00e9colter.  <\/li>\n<\/ol>\n<p>Comment et quand planter les pommes de terre ? Plantez les tubercules germ\u00e9s de mars \u00e0 avril, une fois que tout risque de gel\u00e9es est \u00e9cart\u00e9. La floraison du lilas est un bon rep\u00e8re ! On pourra les <b>planter<\/b> plus t\u00f4t en r\u00e9gion littorale ou sous tunnel plastique. Pour cultiver des <b>pommes de terre<\/b>, la pr\u00e9paration du sol est primordiale.<\/p>\n<h2><span class=\"ez-toc-section\" id=\"Quand_planter_les_pommes_de_terre_avec_quelle_lune\"><\/span>Quand planter les pommes de terre avec quelle lune ?<span class=\"ez-toc-section-end\"><\/span><\/h2>\n<p>En <b>lune<\/b> descendante, <b>planter<\/b> en pleine <b>terre<\/b> de mars \u00e0 mai (<b>planter<\/b> les tubercules mis \u00e0 germer en cave d\u00e8s l&rsquo;apparition des germes). Butter r\u00e9guli\u00e8rement les <b>pommes de terre<\/b> de mai \u00e0 ao\u00fbt, en <b>lune<\/b> descendante. De juin \u00e0 ao\u00fbt, r\u00e9colter selon les besoins en veillant \u00e0 ne pas laisser de tubercules en <b>terre<\/b>.<\/p>\n<p>Quand planter les pommes de terre en 2022 avec la lune ? Quelle est la date id\u00e9ale <b>pour planter<\/b> ses <b>pommes de terre<\/b> cette ann\u00e9e ? A la st Joseph le samedi 19 mars <b>2022<\/b> pendant le week-end (19 et 20 mars), au d\u00e9but du printemps.<\/p>\n<p>Quand la prochaine pleine lune 2021 ?<\/p>\n<p>Dimanche 22 ao\u00fbt : <b>Pleine Lune<\/b> en Verseau. Mardi 21 septembre : <b>Pleine Lune<\/b> en Poissons. Mercredi 20 octobre : <b>Pleine Lune<\/b> en B\u00e9lier. Vendredi 19 novembre : <b>Pleine Lune<\/b> en Taureau.<\/p>\n<p>Quelle pomme de terre planter en mars ? Les <b>pommes de terre<\/b> de vari\u00e9t\u00e9 tardive sont plant\u00e9es de fin <b>mars<\/b> \u00e0 mi-avril ; de vari\u00e9t\u00e9 pr\u00e9coce, de fin <b>mars<\/b> \u00e0 d\u00e9but mai. Sur un terrain bien ameubli, rep\u00e9rer au cordeau l&#8217;emplacement des rangs.<\/p>\n<h3><span class=\"ez-toc-section\" id=\"Quand_planter_les_pommes_de_terre_avec_la_lune_en_2021\"><\/span>Quand planter les pommes de terre avec la lune en 2021 ?<span class=\"ez-toc-section-end\"><\/span><\/h3>\n<p>Quand planter les pommes de terre en avril 2021 avec la lune ? <\/p>\n<table>\n<tbody>\n<tr>\n<th>     Date    <\/th>\n<th>     <b>      Plantation     <\/b>    <\/th>\n<th>     R\u00e9gion    <\/th>\n<\/tr>\n<tr>\n<td>     15 mars     <b>      2021     <\/b>    <\/td>\n<td>     profond    <\/td>\n<td>     nord de la France    <\/td>\n<\/tr>\n<tr>\n<td>     1er mars     <b>      2021     <\/b>    <\/td>\n<td>     dans des buttes    <\/td>\n<td>     Sud (sous la loire)    <\/td>\n<\/tr>\n<\/tbody>\n<\/table>\n<p> 7 nov. 2021<\/p>\n<p>Comment planter les pommes de terre nouvelles ? \u00e0 la houe creusez un sillon d&rsquo;une dizaine de cm de profondeur. Placez-y les plants \u00e0 20-25 cm de distance (un \u00e9cartement suffisant pour les <b>pommes de terre nouvelles<\/b>). Refermez le sillon. tous les 20-25 cm, creusez des trous individuels de 10-12 cm de profondeur.<\/p>\n<p>Est-ce que les pommes de terre ont besoin de soleil ?<\/p>\n<p>La <b>pomme de terre<\/b> craint le gel, les sols froids et tr\u00e8s humides. Elle a <b>besoin<\/b> d&rsquo;un sol l\u00e9ger, sablonneux, profond, bien drain\u00e9, fertile et d&rsquo;une exposition ensoleill\u00e9e.<\/p>\n<p>Quand planter les pommes de terre en 2022 ? Tableau des dates de plantation des pommes de terre <\/p>\n<table>\n<tbody>\n<tr>\n<th>     Date    <\/th>\n<th>     <b>      Plantation     <\/b>    <\/th>\n<th>     R\u00e9gion    <\/th>\n<\/tr>\n<tr>\n<td>     15 mars     <b>      2022     <\/b>    <\/td>\n<td>     profond    <\/td>\n<td>     nord de la France    <\/td>\n<\/tr>\n<tr>\n<td>     1er mars     <b>      2022     <\/b>    <\/td>\n<td>     dans des buttes    <\/td>\n<td>     Sud (sous la loire)    <\/td>\n<\/tr>\n<\/tbody>\n<\/table>\n<h2><span class=\"ez-toc-section\" id=\"Quelle_plantation_en_septembre\"><\/span>Quelle plantation en septembre ?<span class=\"ez-toc-section-end\"><\/span><\/h2>\n<p><b>  Voici la liste des l\u00e9gumes qu&rsquo;il est possible en planter en  <b>   septembre  <\/b>  ! <\/b> <\/p>\n<ul>\n<li>   Les l\u00e9gumes-feuilles de l&rsquo;hiver.  <\/li>\n<li>   Les salades. Il est temps de planter les derni\u00e8res salades de la saison : &#8230;  <\/li>\n<li>   Les artichauts. &#8230;  <\/li>\n<li>   Les oignons et \u00e9chalotes.  <\/li>\n<li>   Les poireaux. &#8230;  <\/li>\n<li>   Les fraisiers. &#8230;  <\/li>\n<li>   Les plantes condimentaires. &#8230;  <\/li>\n<li>   Les fleurs du jardin.  <\/li>\n<\/ul>\n<p>Quelles sont les meilleures vari\u00e9t\u00e9s de pommes de terre ?<\/p>\n<p>Les plus populaires <b>sont<\/b> la Charlotte, la Ratte, l&rsquo;Annabelle, la Belle de Fontenay, l&rsquo;Amandine, la Franceline ou la Roseval. Ces <b>vari\u00e9t\u00e9s sont<\/b> id\u00e9ales pour des daubes, des rago\u00fbts et des gratins. <\/p>\n","protected":false},"excerpt":{"rendered":"<p>L&rsquo;objectif sera d&rsquo;obtenir des germes trapus (2 ou 3 cm) et donc robustes. Or Est-il dangereux de manger des pommes de terre germ\u00e9es ? Le germe est, en effet, toxique, mais sa dangerosit\u00e9 est parfois exag\u00e9r\u00e9e. En r\u00e9alit\u00e9, c&rsquo;est la consommation importante (2 kg seraient n\u00e9cessaires pour \u00eatre nocifs) de pommes de terre germ\u00e9es qui [&hellip;]<\/p>\n","protected":false},"author":5,"featured_media":0,"comment_status":"open","ping_status":"open","sticky":false,"template":"","format":"standard","meta":{"tdm_status":"","tdm_grid_status":"","_jetpack_memberships_contains_paid_content":false,"footnotes":"","jetpack_publicize_message":"","jetpack_publicize_feature_enabled":true,"jetpack_social_post_already_shared":true,"jetpack_social_options":{"image_generator_settings":{"template":"highway","default_image_id":0,"font":"","enabled":false},"version":2}},"categories":[80],"tags":[],"class_list":["post-83518","post","type-post","status-publish","format-standard","hentry","category-lifestyle"],"yoast_head":"<!-- This site is optimized with the Yoast SEO Premium plugin v25.0 (Yoast SEO v25.0) - https:\/\/yoast.com\/wordpress\/plugins\/seo\/ -->\n<title>Quelle taille doivent avoir les germes de pomme de terre avant de les planter ? - Flashmode Magazine | Magazine de mode et style de vie Num\u00e9ro un en Tunisie et au Maghreb<\/title>\n<meta name=\"description\" content=\"L&#039;objectif sera d&#039;obtenir des germes trapus (2 ou 3 cm) et donc robustes. Or Est-il dangereux de manger des pommes de terre germ\u00e9es ? Le germe est, en\" \/>\n<meta name=\"robots\" content=\"index, follow, max-snippet:-1, max-image-preview:large, max-video-preview:-1\" \/>\n<link rel=\"canonical\" href=\"https:\/\/flashmode.tn\/magazine\/quelle-taille-doivent-avoir-les-germes-de-pomme-de-terre-avant-de-les-planter\/\" \/>\n<meta property=\"og:locale\" content=\"fr_FR\" \/>\n<meta property=\"og:type\" content=\"article\" \/>\n<meta property=\"og:title\" content=\"Quelle taille doivent avoir les germes de pomme de terre avant de les planter ? - Flashmode Magazine | Magazine de mode et style de vie Num\u00e9ro un en Tunisie et au Maghreb\" \/>\n<meta property=\"og:description\" content=\"L&#039;objectif sera d&#039;obtenir des germes trapus (2 ou 3 cm) et donc robustes. Or Est-il dangereux de manger des pommes de terre germ\u00e9es ? Le germe est, en\" \/>\n<meta property=\"og:url\" content=\"https:\/\/flashmode.tn\/magazine\/quelle-taille-doivent-avoir-les-germes-de-pomme-de-terre-avant-de-les-planter\/\" \/>\n<meta property=\"og:site_name\" content=\"Flashmode Magazine | Magazine de mode et style de vie Num\u00e9ro un en Tunisie et au Maghreb\" \/>\n<meta property=\"article:publisher\" content=\"https:\/\/www.facebook.com\/flashmode.magazine\/\" \/>\n<meta property=\"article:published_time\" content=\"2022-04-19T14:17:04+00:00\" \/>\n<meta name=\"author\" content=\"PeopleLife\" \/>\n<meta name=\"twitter:card\" content=\"summary_large_image\" \/>\n<meta name=\"twitter:creator\" content=\"@agenceflashmode\" \/>\n<meta name=\"twitter:site\" content=\"@agenceflashmode\" \/>\n<meta name=\"twitter:label1\" content=\"\u00c9crit par\" \/>\n\t<meta name=\"twitter:data1\" content=\"PeopleLife\" \/>\n\t<meta name=\"twitter:label2\" content=\"Dur\u00e9e de lecture estim\u00e9e\" \/>\n\t<meta name=\"twitter:data2\" content=\"7 minutes\" \/>\n<script type=\"application\/ld+json\" class=\"yoast-schema-graph\">{\"@context\":\"https:\/\/schema.org\",\"@graph\":[{\"@type\":\"WebPage\",\"@id\":\"https:\/\/flashmode.tn\/magazine\/quelle-taille-doivent-avoir-les-germes-de-pomme-de-terre-avant-de-les-planter\/\",\"url\":\"https:\/\/flashmode.tn\/magazine\/quelle-taille-doivent-avoir-les-germes-de-pomme-de-terre-avant-de-les-planter\/\",\"name\":\"Quelle taille doivent avoir les germes de pomme de terre avant de les planter ? - Flashmode Magazine | Magazine de mode et style de vie Num\u00e9ro un en Tunisie et au Maghreb\",\"isPartOf\":{\"@id\":\"https:\/\/flashmode.tn\/magazine\/#website\"},\"datePublished\":\"2022-04-19T14:17:04+00:00\",\"author\":{\"@id\":\"https:\/\/flashmode.tn\/magazine\/#\/schema\/person\/6815bd30337e8756d5357219766efcc3\"},\"description\":\"L'objectif sera d'obtenir des germes trapus (2 ou 3 cm) et donc robustes. Or Est-il dangereux de manger des pommes de terre germ\u00e9es ? Le germe est, en\",\"breadcrumb\":{\"@id\":\"https:\/\/flashmode.tn\/magazine\/quelle-taille-doivent-avoir-les-germes-de-pomme-de-terre-avant-de-les-planter\/#breadcrumb\"},\"inLanguage\":\"fr-FR\",\"potentialAction\":[{\"@type\":\"ReadAction\",\"target\":[\"https:\/\/flashmode.tn\/magazine\/quelle-taille-doivent-avoir-les-germes-de-pomme-de-terre-avant-de-les-planter\/\"]}]},{\"@type\":\"BreadcrumbList\",\"@id\":\"https:\/\/flashmode.tn\/magazine\/quelle-taille-doivent-avoir-les-germes-de-pomme-de-terre-avant-de-les-planter\/#breadcrumb\",\"itemListElement\":[{\"@type\":\"ListItem\",\"position\":1,\"name\":\"Accueil\",\"item\":\"https:\/\/flashmode.tn\/magazine\/\"},{\"@type\":\"ListItem\",\"position\":2,\"name\":\"Quelle taille doivent avoir les germes de pomme de terre avant de les planter ?\"}]},{\"@type\":\"WebSite\",\"@id\":\"https:\/\/flashmode.tn\/magazine\/#website\",\"url\":\"https:\/\/flashmode.tn\/magazine\/\",\"name\":\"Flashmode Magazine | Magazine de mode et style de vie Num\u00e9ro un en Tunisie et au Maghreb\",\"description\":\"Magazine de mode et style de vie Num\u00e9ro un en Tunisie et au Maghreb, cr\u00e9\u00e9 pour les hommes et les femmes : conseils beaut\u00e9, mode femme, mode homme, recettes de cuisine, c\u00e9l\u00e9brit\u00e9s et people, mannequins et top modeles\",\"potentialAction\":[{\"@type\":\"SearchAction\",\"target\":{\"@type\":\"EntryPoint\",\"urlTemplate\":\"https:\/\/flashmode.tn\/magazine\/?s={search_term_string}\"},\"query-input\":{\"@type\":\"PropertyValueSpecification\",\"valueRequired\":true,\"valueName\":\"search_term_string\"}}],\"inLanguage\":\"fr-FR\"},{\"@type\":\"Person\",\"@id\":\"https:\/\/flashmode.tn\/magazine\/#\/schema\/person\/6815bd30337e8756d5357219766efcc3\",\"name\":\"PeopleLife\",\"image\":{\"@type\":\"ImageObject\",\"inLanguage\":\"fr-FR\",\"@id\":\"https:\/\/flashmode.tn\/magazine\/#\/schema\/person\/image\/\",\"url\":\"https:\/\/secure.gravatar.com\/avatar\/8098f49196034391d93ae20d939ad33b14f6b745c986049ad803a54f4113e18c?s=96&d=mm&r=g\",\"contentUrl\":\"https:\/\/secure.gravatar.com\/avatar\/8098f49196034391d93ae20d939ad33b14f6b745c986049ad803a54f4113e18c?s=96&d=mm&r=g\",\"caption\":\"PeopleLife\"},\"url\":\"https:\/\/flashmode.tn\/magazine\/author\/peoplelife\/\"}]}<\/script>\n<!-- \/ Yoast SEO Premium plugin. -->","yoast_head_json":{"title":"Quelle taille doivent avoir les germes de pomme de terre avant de les planter ? - Flashmode Magazine | Magazine de mode et style de vie Num\u00e9ro un en Tunisie et au Maghreb","description":"L'objectif sera d'obtenir des germes trapus (2 ou 3 cm) et donc robustes. Or Est-il dangereux de manger des pommes de terre germ\u00e9es ? Le germe est, en","robots":{"index":"index","follow":"follow","max-snippet":"max-snippet:-1","max-image-preview":"max-image-preview:large","max-video-preview":"max-video-preview:-1"},"canonical":"https:\/\/flashmode.tn\/magazine\/quelle-taille-doivent-avoir-les-germes-de-pomme-de-terre-avant-de-les-planter\/","og_locale":"fr_FR","og_type":"article","og_title":"Quelle taille doivent avoir les germes de pomme de terre avant de les planter ? - Flashmode Magazine | Magazine de mode et style de vie Num\u00e9ro un en Tunisie et au Maghreb","og_description":"L'objectif sera d'obtenir des germes trapus (2 ou 3 cm) et donc robustes. Or Est-il dangereux de manger des pommes de terre germ\u00e9es ? Le germe est, en","og_url":"https:\/\/flashmode.tn\/magazine\/quelle-taille-doivent-avoir-les-germes-de-pomme-de-terre-avant-de-les-planter\/","og_site_name":"Flashmode Magazine | Magazine de mode et style de vie Num\u00e9ro un en Tunisie et au Maghreb","article_publisher":"https:\/\/www.facebook.com\/flashmode.magazine\/","article_published_time":"2022-04-19T14:17:04+00:00","author":"PeopleLife","twitter_card":"summary_large_image","twitter_creator":"@agenceflashmode","twitter_site":"@agenceflashmode","twitter_misc":{"\u00c9crit par":"PeopleLife","Dur\u00e9e de lecture estim\u00e9e":"7 minutes"},"schema":{"@context":"https:\/\/schema.org","@graph":[{"@type":"WebPage","@id":"https:\/\/flashmode.tn\/magazine\/quelle-taille-doivent-avoir-les-germes-de-pomme-de-terre-avant-de-les-planter\/","url":"https:\/\/flashmode.tn\/magazine\/quelle-taille-doivent-avoir-les-germes-de-pomme-de-terre-avant-de-les-planter\/","name":"Quelle taille doivent avoir les germes de pomme de terre avant de les planter ? - Flashmode Magazine | Magazine de mode et style de vie Num\u00e9ro un en Tunisie et au Maghreb","isPartOf":{"@id":"https:\/\/flashmode.tn\/magazine\/#website"},"datePublished":"2022-04-19T14:17:04+00:00","author":{"@id":"https:\/\/flashmode.tn\/magazine\/#\/schema\/person\/6815bd30337e8756d5357219766efcc3"},"description":"L'objectif sera d'obtenir des germes trapus (2 ou 3 cm) et donc robustes. Or Est-il dangereux de manger des pommes de terre germ\u00e9es ? Le germe est, en","breadcrumb":{"@id":"https:\/\/flashmode.tn\/magazine\/quelle-taille-doivent-avoir-les-germes-de-pomme-de-terre-avant-de-les-planter\/#breadcrumb"},"inLanguage":"fr-FR","potentialAction":[{"@type":"ReadAction","target":["https:\/\/flashmode.tn\/magazine\/quelle-taille-doivent-avoir-les-germes-de-pomme-de-terre-avant-de-les-planter\/"]}]},{"@type":"BreadcrumbList","@id":"https:\/\/flashmode.tn\/magazine\/quelle-taille-doivent-avoir-les-germes-de-pomme-de-terre-avant-de-les-planter\/#breadcrumb","itemListElement":[{"@type":"ListItem","position":1,"name":"Accueil","item":"https:\/\/flashmode.tn\/magazine\/"},{"@type":"ListItem","position":2,"name":"Quelle taille doivent avoir les germes de pomme de terre avant de les planter ?"}]},{"@type":"WebSite","@id":"https:\/\/flashmode.tn\/magazine\/#website","url":"https:\/\/flashmode.tn\/magazine\/","name":"Flashmode Magazine | Magazine de mode et style de vie Num\u00e9ro un en Tunisie et au Maghreb","description":"Magazine de mode et style de vie Num\u00e9ro un en Tunisie et au Maghreb, cr\u00e9\u00e9 pour les hommes et les femmes : conseils beaut\u00e9, mode femme, mode homme, recettes de cuisine, c\u00e9l\u00e9brit\u00e9s et people, mannequins et top modeles","potentialAction":[{"@type":"SearchAction","target":{"@type":"EntryPoint","urlTemplate":"https:\/\/flashmode.tn\/magazine\/?s={search_term_string}"},"query-input":{"@type":"PropertyValueSpecification","valueRequired":true,"valueName":"search_term_string"}}],"inLanguage":"fr-FR"},{"@type":"Person","@id":"https:\/\/flashmode.tn\/magazine\/#\/schema\/person\/6815bd30337e8756d5357219766efcc3","name":"PeopleLife","image":{"@type":"ImageObject","inLanguage":"fr-FR","@id":"https:\/\/flashmode.tn\/magazine\/#\/schema\/person\/image\/","url":"https:\/\/secure.gravatar.com\/avatar\/8098f49196034391d93ae20d939ad33b14f6b745c986049ad803a54f4113e18c?s=96&d=mm&r=g","contentUrl":"https:\/\/secure.gravatar.com\/avatar\/8098f49196034391d93ae20d939ad33b14f6b745c986049ad803a54f4113e18c?s=96&d=mm&r=g","caption":"PeopleLife"},"url":"https:\/\/flashmode.tn\/magazine\/author\/peoplelife\/"}]}},"jetpack_publicize_connections":[],"jetpack_featured_media_url":"","jetpack_shortlink":"https:\/\/wp.me\/p8BPGr-lJ4","jetpack_sharing_enabled":true,"_links":{"self":[{"href":"https:\/\/flashmode.tn\/magazine\/wp-json\/wp\/v2\/posts\/83518","targetHints":{"allow":["GET"]}}],"collection":[{"href":"https:\/\/flashmode.tn\/magazine\/wp-json\/wp\/v2\/posts"}],"about":[{"href":"https:\/\/flashmode.tn\/magazine\/wp-json\/wp\/v2\/types\/post"}],"author":[{"embeddable":true,"href":"https:\/\/flashmode.tn\/magazine\/wp-json\/wp\/v2\/users\/5"}],"replies":[{"embeddable":true,"href":"https:\/\/flashmode.tn\/magazine\/wp-json\/wp\/v2\/comments?post=83518"}],"version-history":[{"count":0,"href":"https:\/\/flashmode.tn\/magazine\/wp-json\/wp\/v2\/posts\/83518\/revisions"}],"wp:attachment":[{"href":"https:\/\/flashmode.tn\/magazine\/wp-json\/wp\/v2\/media?parent=83518"}],"wp:term":[{"taxonomy":"category","embeddable":true,"href":"https:\/\/flashmode.tn\/magazine\/wp-json\/wp\/v2\/categories?post=83518"},{"taxonomy":"post_tag","embeddable":true,"href":"https:\/\/flashmode.tn\/magazine\/wp-json\/wp\/v2\/tags?post=83518"}],"curies":[{"name":"wp","href":"https:\/\/api.w.org\/{rel}","templated":true}]}}