{"id":86201,"date":"2022-05-26T21:55:24","date_gmt":"2022-05-26T19:55:24","guid":{"rendered":"https:\/\/flashmode.tn\/magazine\/?p=86201"},"modified":"2022-05-26T21:55:24","modified_gmt":"2022-05-26T19:55:24","slug":"quel-arbre-a-les-racines-les-plus-profondes-2","status":"publish","type":"post","link":"https:\/\/flashmode.tn\/magazine\/quel-arbre-a-les-racines-les-plus-profondes-2\/","title":{"rendered":"Quel arbre \u00e0 les racines les plus profondes ?"},"content":{"rendered":"<p>La r\u00e9ponse d&rsquo;Images Doc : Le record officiel est d\u00e9tenu par un figuier sauvage dont les <b>racines<\/b> descendraient \u00e0 120 m\u00e8tres de profondeur. Cet <b>arbre<\/b> vit en Afrique du Sud o\u00f9 le sol est sec et ses <b>racines<\/b> doivent s&rsquo;enfoncer profond\u00e9ment dans les fissures de la roche pour trouver de l&rsquo;eau.<\/p>\n<p>De plus, Est-ce que les fraisiers ont des racines profondes ? Les <b>racines<\/b> des <b>fraisiers<\/b> ne <b>sont<\/b> pas tr\u00e8s <b>profondes<\/b>, il vaut donc mieux les arroser un peu chaque jour en \u00e9t\u00e9, surtout s&rsquo;il fait sec et tr\u00e8s chaud. Arrosez au niveau du collet, jamais sur les fruits qui risqueraient de pourrir. Ne les noyez pas non plus, pas la peine de transformer votre potager en mar\u00e9cage.<\/p>\n<p>Quel arbre peut \u00eatre plant\u00e9 pr\u00e8s d&rsquo;une maison ?<\/p>\n<p>Thuyas, lauriers, fusains ou encore bambous, ces esp\u00e8ces persistantes vous prot\u00e9geront des regards indiscrets tout au long de l&rsquo;ann\u00e9e. Pour vous cacher du vis-\u00e0-vis, pensez \u00e0 bien choisir des <b>arbres<\/b>, plantes et arbustes \u00e0 feuilles persistantes, c&rsquo;est-\u00e0-dire qui ne perdent pas leur feuillage en automne ou en hiver.<\/p>\n<p>Par ailleurs, Quels arbres ne pas planter pr\u00e8s des maisons ? Les principaux <b>arbres<\/b> \u00e0 <b>ne pas planter pr\u00e8s des maisons<\/b><\/p>\n<p> La raison est simple : ils peuvent g\u00eaner les voisins en se d\u00e9veloppant de fa\u00e7on excessive et en obstruant les fen\u00eatres par exemple. Ainsi, les vari\u00e9t\u00e9s d&rsquo;<b>arbres<\/b> \u00e0 \u00e9viter <b>pr\u00e8s des maison<\/b> sont : l&rsquo;eucalyptus, le ch\u00eane, l&rsquo;orme, le prunus ou encore l&rsquo;acacia !<\/p>\n<div id=\"ez-toc-container\" class=\"ez-toc-v2_0_81 counter-hierarchy ez-toc-counter ez-toc-grey ez-toc-container-direction\">\n<div class=\"ez-toc-title-container\">\n<p class=\"ez-toc-title\" style=\"cursor:inherit\">Contenus de la page<\/p>\n<span class=\"ez-toc-title-toggle\"><a href=\"#\" class=\"ez-toc-pull-right ez-toc-btn ez-toc-btn-xs ez-toc-btn-default ez-toc-toggle\" aria-label=\"Toggle Table of Content\"><span class=\"ez-toc-js-icon-con\"><span class=\"\"><span class=\"eztoc-hide\" style=\"display:none;\">Toggle<\/span><span class=\"ez-toc-icon-toggle-span\"><svg style=\"fill: #999;color:#999\" xmlns=\"http:\/\/www.w3.org\/2000\/svg\" class=\"list-377408\" width=\"20px\" height=\"20px\" viewBox=\"0 0 24 24\" fill=\"none\"><path d=\"M6 6H4v2h2V6zm14 0H8v2h12V6zM4 11h2v2H4v-2zm16 0H8v2h12v-2zM4 16h2v2H4v-2zm16 0H8v2h12v-2z\" fill=\"currentColor\"><\/path><\/svg><svg style=\"fill: #999;color:#999\" class=\"arrow-unsorted-368013\" xmlns=\"http:\/\/www.w3.org\/2000\/svg\" width=\"10px\" height=\"10px\" viewBox=\"0 0 24 24\" version=\"1.2\" baseProfile=\"tiny\"><path d=\"M18.2 9.3l-6.2-6.3-6.2 6.3c-.2.2-.3.4-.3.7s.1.5.3.7c.2.2.4.3.7.3h11c.3 0 .5-.1.7-.3.2-.2.3-.5.3-.7s-.1-.5-.3-.7zM5.8 14.7l6.2 6.3 6.2-6.3c.2-.2.3-.5.3-.7s-.1-.5-.3-.7c-.2-.2-.4-.3-.7-.3h-11c-.3 0-.5.1-.7.3-.2.2-.3.5-.3.7s.1.5.3.7z\"\/><\/svg><\/span><\/span><\/span><\/a><\/span><\/div>\n<nav><ul class='ez-toc-list ez-toc-list-level-1 ' ><li class='ez-toc-page-1 ez-toc-heading-level-2'><a class=\"ez-toc-link ez-toc-heading-1\" href=\"https:\/\/flashmode.tn\/magazine\/quel-arbre-a-les-racines-les-plus-profondes-2\/#Quelle_est_la_profondeur_des_racines_dun_arbre\" >Quelle est la profondeur des racines d&rsquo;un arbre ?<\/a><\/li><li class='ez-toc-page-1 ez-toc-heading-level-2'><a class=\"ez-toc-link ez-toc-heading-2\" href=\"https:\/\/flashmode.tn\/magazine\/quel-arbre-a-les-racines-les-plus-profondes-2\/#Quel_arbre_planter_sans_trop_de_Racine\" >Quel arbre planter sans trop de Racine ?<\/a><\/li><li class='ez-toc-page-1 ez-toc-heading-level-2'><a class=\"ez-toc-link ez-toc-heading-3\" href=\"https:\/\/flashmode.tn\/magazine\/quel-arbre-a-les-racines-les-plus-profondes-2\/#Quel_arbre_planter_pres_des_canalisations\" >Quel arbre planter pr\u00e8s des canalisations ?<\/a><\/li><li class='ez-toc-page-1 ez-toc-heading-level-2'><a class=\"ez-toc-link ez-toc-heading-4\" href=\"https:\/\/flashmode.tn\/magazine\/quel-arbre-a-les-racines-les-plus-profondes-2\/#Comment_sont_les_racines_dun_arbre\" >Comment sont les racines d&rsquo;un arbre ?<\/a><ul class='ez-toc-list-level-3' ><li class='ez-toc-heading-level-3'><a class=\"ez-toc-link ez-toc-heading-5\" href=\"https:\/\/flashmode.tn\/magazine\/quel-arbre-a-les-racines-les-plus-profondes-2\/#Quelle_exposition_pour_les_fraisiers\" >Quelle exposition pour les fraisiers ?<\/a><\/li><\/ul><\/li><\/ul><\/nav><\/div>\n<h2><span class=\"ez-toc-section\" id=\"Quelle_est_la_profondeur_des_racines_dun_arbre\"><\/span>Quelle est la profondeur des racines d&rsquo;un arbre ?<span class=\"ez-toc-section-end\"><\/span><\/h2>\n<p>Elles ont tendance \u00e0 \u00eatre peu profondes, restant pr\u00e8s de la surface du sol o\u00f9 l&rsquo;oxyg\u00e8ne, les min\u00e9raux et l&rsquo;humidit\u00e9 <b>sont<\/b> les plus facilement disponibles. En cons\u00e9quence, la plupart des <b>racines<\/b> des <b>arbres<\/b> se trouvent \u00e0 moins de 60 cm de la surface du sol, rarement \u00e0 2 m ou plus.<\/p>\n<p>Quelle profondeur de terre pour des fraisiers ? Choisissez un contenant perc\u00e9 de trous, de 25 cm de <b>profondeur<\/b> minimum. Ajouter au fond 3 cm de gravier <b>pour<\/b> assurer un bon drainage. Plantez vos <b>fraisiers<\/b> dans un m\u00e9lange id\u00e9alement compos\u00e9 de moiti\u00e9 de <b>terre<\/b> de jardin (ou <b>terre<\/b> v\u00e9g\u00e9tale), et de moiti\u00e9 de <b>terreau pour<\/b> plantation de bonne qualit\u00e9.<\/p>\n<p>O\u00f9 planter les fraisiers dans le jardin ? Pr\u00e9f\u00e9rez une exposition ensoleill\u00e9e pour les vari\u00e9t\u00e9s \u00e0 gros fruits, plut\u00f4t mi-ombrag\u00e9e pour les petits fruits ou \u00ab\u00a0quatre saisons\u00a0\u00bb. Les <b>fraisiers<\/b> se cultivent au <b>potager<\/b> dans ce qu&rsquo;on appelle un parc \u00e0 <b>fraises<\/b> ou une planche de <b>fraisiers<\/b>.<\/p>\n<p>Comment planter des racines de fraisier ? Le <b>fraisier<\/b> doit \u00eatre enterr\u00e9 jusqu&rsquo;au collet, c&rsquo;est-\u00e0-dire jusqu&rsquo;\u00e0 la limite des <b>racines<\/b>. Ensuite, tassez bien la terre autour et arrosez abondamment. Le tassement et l&rsquo;arrosage permettront \u00e0 la terre d&rsquo;adh\u00e9rer aux <b>racines<\/b>.<\/p>\n<h2><span class=\"ez-toc-section\" id=\"Quel_arbre_planter_sans_trop_de_Racine\"><\/span>Quel arbre planter sans trop de Racine ?<span class=\"ez-toc-section-end\"><\/span><\/h2>\n<p><b>  <b>   Arbres  <\/b>  avec peu de  <b>   racines  <\/b> <\/b> <\/p>\n<ul>\n<li>   Bauhinia ou   <b>    arbre   <\/b>   \u00e0 orchid\u00e9es. L&rsquo;\u00e9l\u00e9ment le plus caract\u00e9ristique de cet   <b>    arbre   <\/b>   est ses feuilles lob\u00e9es, qui ressemblent au sabot d&rsquo;une vache ou d&rsquo;un chameau. &#8230;  <\/li>\n<li>   \u00c9rable. &#8230;  <\/li>\n<li>   <b>    Arbre   <\/b>   d&rsquo;amour. &#8230;  <\/li>\n<li>   Banane d&rsquo;ombre &#8211; Pl\u00e1tanus hispanica. &#8230;  <\/li>\n<li>   Prunus : cerisiers et pruniers. &#8230;  <\/li>\n<li>   Agrumes. &#8230;  <\/li>\n<li>   Fr\u00eanes. &#8230;  <\/li>\n<li>   Ch\u00eane.  <\/li>\n<\/ul>\n<p>Quels sont les arbres qui poussent le plus vite ? <b>  Top 9 des  <b>   arbres qui poussent le plus  <\/b>  rapidement <\/b> <\/p>\n<ul>\n<li>   1\/9 Le tilleul. Le tilleul est un   <b>    arbre qui pousse   <\/b>   rapidement. &#8230;  <\/li>\n<li>   2\/9 L&rsquo;\u00e9rable argent\u00e9 &#8230;  <\/li>\n<li>   3\/9 Le peuplier. &#8230;  <\/li>\n<li>   4\/9 L&rsquo;eucalyptus. &#8230;  <\/li>\n<li>   5\/9 Le m\u00e9l\u00e8ze. &#8230;  <\/li>\n<li>   6\/9 Le laurier-rose. &#8230;  <\/li>\n<li>   7\/9 Le catalpa. &#8230;  <\/li>\n<li>   8\/9 Le bouleau.  <\/li>\n<\/ul>\n<p>Quel arbre pousse vite et fait de l&rsquo;ombre ?<\/p>\n<p>Donc si vous voulez <b>rapidement<\/b> un coin d&rsquo;<b>ombre<\/b>, optez plut\u00f4t pour un <b>arbre<\/b> \u00e0 <b>croissance<\/b> rapide comme le saule pleureur ou le catalpa . Enfin pour les petits jardins, on pr\u00e9f\u00e8rera un plus petit <b>arbre<\/b> comme l&rsquo; \u00c9rable de Tartarie . En plus d&rsquo;\u00eatre d\u00e9coratifs, ces <b>arbres<\/b> d&rsquo;ombrage du jardin se pr\u00eatent bien \u00e0 la taille.<\/p>\n<p>Quels arbres planter pr\u00e8s d&rsquo;une maison ? <b>  <b>   Quel arbre planter pr\u00e8s d&rsquo;un mur  <\/b>  ? <\/b> <\/p>\n<ul>\n<li>   Thuyas, lauriers, fusains ou encore bambous, ces esp\u00e8ces persistantes vous prot\u00e9geront des regards indiscrets tout au long de l&rsquo;ann\u00e9e. &#8230;  <\/li>\n<li>   Pour cela, favorisez plut\u00f4t des   <b>    arbres   <\/b>   de petite taille, parfum\u00e9s, florif\u00e8res et aux racines peu conqu\u00e9rantes.  <\/li>\n<\/ul>\n<h2><span class=\"ez-toc-section\" id=\"Quel_arbre_planter_pres_des_canalisations\"><\/span>Quel arbre planter pr\u00e8s des canalisations ?<span class=\"ez-toc-section-end\"><\/span><\/h2>\n<p><b>  <b>   Quel arbre planter pr\u00e8s des canalisations  <\/b>  ? <\/b> <\/p>\n<ul>\n<li>   Bauhinia ou   <b>    arbre   <\/b>   \u00e0 orchid\u00e9es. &#8230;  <\/li>\n<li>   \u00c9rable. \u2026  <\/li>\n<li>   <b>    Arbre   <\/b>   d&rsquo;amour. \u2026  <\/li>\n<li>   Banane d&rsquo;ombre \u2013 Pl\u00e1tanus hispanica. \u2026  <\/li>\n<li>   Prunus : cerisiers et pruniers. \u2026  <\/li>\n<li>   Agrumes. \u2026  <\/li>\n<li>   Fr\u00eanes. \u2026  <\/li>\n<li>   Ch\u00eane.  <\/li>\n<\/ul>\n<p>Quel arbre pour faire de l&rsquo;ombre pr\u00e8s d&rsquo;une terrasse ?<\/p>\n<ul>\n<li>   Chamaecyparis (Faux-cypr\u00e8s)51.  <\/li>\n<li>   Cryptomeria11.  <\/li>\n<li>   Cupressus (Cypr\u00e8s)9.  <\/li>\n<li>   Ginkgo8.  <\/li>\n<li>   Picea (Epic\u00e9a)57.  <\/li>\n<li>   Sequoia et Sequoiadendron5.  <\/li>\n<li>   Taxus (If)12.  <\/li>\n<li>   Thuya &#8211; Thuja22.  <\/li>\n<\/ul>\n<p>Comment contenir les racines d&rsquo;un arbre ? Installation d&rsquo;une barri\u00e8re<\/p>\n<p> La meilleure m\u00e9thode pour prot\u00e9ger une structure enfouie est d&rsquo;installer une barri\u00e8re anti <b>racines<\/b> continue de la m\u00eame longueur que le diam\u00e8tre de l&rsquo;<b>arbre<\/b> \u00e0 maturit\u00e9, plus quelques centim\u00e8tres sur la longueur de la structure du c\u00f4t\u00e9 le plus pr\u00e8s de l&rsquo;<b>arbre<\/b>.<\/p>\n<p>Quelle est la profondeur des racines d&rsquo;un ch\u00eane ? Le syst\u00e8me racinaire profond, qui se d\u00e9veloppe dans un rayon de 2-2,5 m, <b>est<\/b> subdivis\u00e9 en 2 parties : de 60 \u00e0 120 cm (syst\u00e8me profond intensif) et en dessous de 120 cm, jusqu&rsquo;\u00e0 plus de 4 m (syst\u00e8me profond extensif).<\/p>\n<h2><span class=\"ez-toc-section\" id=\"Comment_sont_les_racines_dun_arbre\"><\/span>Comment sont les racines d&rsquo;un arbre ?<span class=\"ez-toc-section-end\"><\/span><\/h2>\n<p>Contrairement \u00e0 ce que nous pourrions penser, les <b>racines<\/b> qui ancrent l&rsquo;<b>arbre<\/b> au sol <b>sont<\/b>, en g\u00e9n\u00e9ral, plut\u00f4t superficielles. Elles atteignent rarement plus de 1,5 m de profondeur, et la majeure partie d&rsquo;entre elles se trouvent dans les premiers 50 cm du sol.<\/p>\n<p>Comment planter des fraisiers en pleine terre ? Pr\u00e9parer un emplacement tous les 25 cm sur des lignes espac\u00e9es de 35 \u00e0 40 cm. Guidez-vous avec le cordeau pour <b>planter<\/b> droit. Si les fraisiez sont en godet, d\u00e9potez-les. Installez chaque <b>fraisier<\/b> en ajustant la profondeur du trou : le collet, jonction entre feuilles et racines, doit affleurer la surface du sol.<\/p>\n<p>Quel terreau pour fraisier hors sol ?<\/p>\n<p>Exemple 1 : m\u00e9langez 1\/3 <b>de terreau de<\/b> feuilles, 1\/3 <b>de<\/b> terre <b>de<\/b> jardin et 1\/3 <b>de<\/b> compost. Exemple 2 : m\u00e9langez 50 % <b>de<\/b> tourbe blonde ou <b>de<\/b> fibre <b>de<\/b> noix <b>de<\/b> coco, 40 % <b>de terreau pour<\/b> semis, 5 % <b>de<\/b> sable <b>de<\/b> rivi\u00e8re et 5 % d&rsquo;argile en granul\u00e9s ou en billes. Exemple 3 : utilisez un <b>terreau<\/b> sp\u00e9cial <b>fraisier<\/b> du commerce.<\/p>\n<p>Quel type de sol pour fraisier ? Des <b>sols<\/b> profonds, de loam sableux et riches en humus sont l&rsquo;id\u00e9al. Ils se drainent bien tout en retenant l&rsquo;humidit\u00e9 qui est essentielle <b>pour<\/b> obtenir des rendements \u00e9lev\u00e9s. Des <b>sols<\/b> grossiers et graveleux n\u00e9cessitent davantage d&rsquo;\u00e9l\u00e9ments nutritifs et d&rsquo;eau <b>pour<\/b> soutenir une culture de fraises.<\/p>\n<h3><span class=\"ez-toc-section\" id=\"Quelle_exposition_pour_les_fraisiers\"><\/span>Quelle exposition pour les fraisiers ?<span class=\"ez-toc-section-end\"><\/span><\/h3>\n<p><b>Exposition<\/b> ensoleill\u00e9e <b>pour<\/b> les vari\u00e9t\u00e9s de <b>fraisiers<\/b> \u00e0 gros fruits. <b>Exposition<\/b> mi-ombrag\u00e9e <b>pour<\/b> les vari\u00e9t\u00e9s de <b>fraisiers<\/b> \u00e0 petits fruits. <b>Pour<\/b> les cultures de <b>fraisiers<\/b> dans le sud de la France, on privil\u00e9giera la mi-ombre. Dans les autres r\u00e9gions fran\u00e7aises, on installera nos plantations en plein soleil.<\/p>\n<p>Quand planter les fraisiers en pleine terre ? Le printemps (entre mars et avril) et l&rsquo;automne (septembre) sont les deux p\u00e9riodes o\u00f9, l&rsquo;on peut <b>planter des fraisiers<\/b>. Ils se pr\u00e9sentent en godet (petit pot) ou en motte compress\u00e9e, tout comme les jeunes plants de l\u00e9gumes.<\/p>\n<p>Quel ensoleillement pour les fraises ?<\/p>\n<p>Le fraisier pousse en climat chaud. Il aimera donc une situation plein soleil, <b>pour<\/b> de gros fruits, qu&rsquo;il peut garder durant 6 mois ou plus. On exposera \u00e0 une ombre l\u00e9g\u00e8re les fraisiers des bois, \u00e0 l&rsquo;abri du vent.<\/p>\n<h2><\/h2>\n","protected":false},"excerpt":{"rendered":"<p>La r\u00e9ponse d&rsquo;Images Doc : Le record officiel est d\u00e9tenu par un figuier sauvage dont les racines descendraient \u00e0 120 m\u00e8tres de profondeur. Cet arbre vit en Afrique du Sud o\u00f9 le sol est sec et ses racines doivent s&rsquo;enfoncer profond\u00e9ment dans les fissures de la roche pour trouver de l&rsquo;eau. De plus, Est-ce que [&hellip;]<\/p>\n","protected":false},"author":5,"featured_media":0,"comment_status":"open","ping_status":"open","sticky":false,"template":"","format":"standard","meta":{"tdm_status":"","tdm_grid_status":"","_jetpack_memberships_contains_paid_content":false,"footnotes":"","jetpack_publicize_message":"","jetpack_publicize_feature_enabled":true,"jetpack_social_post_already_shared":true,"jetpack_social_options":{"image_generator_settings":{"template":"highway","default_image_id":0,"font":"","enabled":false},"version":2}},"categories":[80],"tags":[],"class_list":["post-86201","post","type-post","status-publish","format-standard","hentry","category-lifestyle"],"yoast_head":"<!-- This site is optimized with the Yoast SEO Premium plugin v25.0 (Yoast SEO v25.0) - https:\/\/yoast.com\/wordpress\/plugins\/seo\/ -->\n<title>Quel arbre \u00e0 les racines les plus profondes ? - Flashmode Magazine | Magazine de mode et style de vie Num\u00e9ro un en Tunisie et au Maghreb<\/title>\n<meta name=\"description\" content=\"La r\u00e9ponse d&#039;Images Doc : Le record officiel est d\u00e9tenu par un figuier sauvage dont les racines descendraient \u00e0 120 m\u00e8tres de profondeur. Cet arbre vit en\" \/>\n<meta name=\"robots\" content=\"index, follow, max-snippet:-1, max-image-preview:large, max-video-preview:-1\" \/>\n<link rel=\"canonical\" href=\"https:\/\/flashmode.tn\/magazine\/quel-arbre-a-les-racines-les-plus-profondes-2\/\" \/>\n<meta property=\"og:locale\" content=\"fr_FR\" \/>\n<meta property=\"og:type\" content=\"article\" \/>\n<meta property=\"og:title\" content=\"Quel arbre \u00e0 les racines les plus profondes ? - Flashmode Magazine | Magazine de mode et style de vie Num\u00e9ro un en Tunisie et au Maghreb\" \/>\n<meta property=\"og:description\" content=\"La r\u00e9ponse d&#039;Images Doc : Le record officiel est d\u00e9tenu par un figuier sauvage dont les racines descendraient \u00e0 120 m\u00e8tres de profondeur. Cet arbre vit en\" \/>\n<meta property=\"og:url\" content=\"https:\/\/flashmode.tn\/magazine\/quel-arbre-a-les-racines-les-plus-profondes-2\/\" \/>\n<meta property=\"og:site_name\" content=\"Flashmode Magazine | Magazine de mode et style de vie Num\u00e9ro un en Tunisie et au Maghreb\" \/>\n<meta property=\"article:publisher\" content=\"https:\/\/www.facebook.com\/flashmode.magazine\/\" \/>\n<meta property=\"article:published_time\" content=\"2022-05-26T19:55:24+00:00\" \/>\n<meta name=\"author\" content=\"PeopleLife\" \/>\n<meta name=\"twitter:card\" content=\"summary_large_image\" \/>\n<meta name=\"twitter:creator\" content=\"@agenceflashmode\" \/>\n<meta name=\"twitter:site\" content=\"@agenceflashmode\" \/>\n<meta name=\"twitter:label1\" content=\"\u00c9crit par\" \/>\n\t<meta name=\"twitter:data1\" content=\"PeopleLife\" \/>\n\t<meta name=\"twitter:label2\" content=\"Dur\u00e9e de lecture estim\u00e9e\" \/>\n\t<meta name=\"twitter:data2\" content=\"6 minutes\" \/>\n<script type=\"application\/ld+json\" class=\"yoast-schema-graph\">{\"@context\":\"https:\/\/schema.org\",\"@graph\":[{\"@type\":\"WebPage\",\"@id\":\"https:\/\/flashmode.tn\/magazine\/quel-arbre-a-les-racines-les-plus-profondes-2\/\",\"url\":\"https:\/\/flashmode.tn\/magazine\/quel-arbre-a-les-racines-les-plus-profondes-2\/\",\"name\":\"Quel arbre \u00e0 les racines les plus profondes ? - Flashmode Magazine | Magazine de mode et style de vie Num\u00e9ro un en Tunisie et au Maghreb\",\"isPartOf\":{\"@id\":\"https:\/\/flashmode.tn\/magazine\/#website\"},\"datePublished\":\"2022-05-26T19:55:24+00:00\",\"author\":{\"@id\":\"https:\/\/flashmode.tn\/magazine\/#\/schema\/person\/6815bd30337e8756d5357219766efcc3\"},\"description\":\"La r\u00e9ponse d'Images Doc : Le record officiel est d\u00e9tenu par un figuier sauvage dont les racines descendraient \u00e0 120 m\u00e8tres de profondeur. Cet arbre vit en\",\"breadcrumb\":{\"@id\":\"https:\/\/flashmode.tn\/magazine\/quel-arbre-a-les-racines-les-plus-profondes-2\/#breadcrumb\"},\"inLanguage\":\"fr-FR\",\"potentialAction\":[{\"@type\":\"ReadAction\",\"target\":[\"https:\/\/flashmode.tn\/magazine\/quel-arbre-a-les-racines-les-plus-profondes-2\/\"]}]},{\"@type\":\"BreadcrumbList\",\"@id\":\"https:\/\/flashmode.tn\/magazine\/quel-arbre-a-les-racines-les-plus-profondes-2\/#breadcrumb\",\"itemListElement\":[{\"@type\":\"ListItem\",\"position\":1,\"name\":\"Accueil\",\"item\":\"https:\/\/flashmode.tn\/magazine\/\"},{\"@type\":\"ListItem\",\"position\":2,\"name\":\"Quel arbre \u00e0 les racines les plus profondes ?\"}]},{\"@type\":\"WebSite\",\"@id\":\"https:\/\/flashmode.tn\/magazine\/#website\",\"url\":\"https:\/\/flashmode.tn\/magazine\/\",\"name\":\"Flashmode Magazine | Magazine de mode et style de vie Num\u00e9ro un en Tunisie et au Maghreb\",\"description\":\"Magazine de mode et style de vie Num\u00e9ro un en Tunisie et au Maghreb, cr\u00e9\u00e9 pour les hommes et les femmes : conseils beaut\u00e9, mode femme, mode homme, recettes de cuisine, c\u00e9l\u00e9brit\u00e9s et people, mannequins et top modeles\",\"potentialAction\":[{\"@type\":\"SearchAction\",\"target\":{\"@type\":\"EntryPoint\",\"urlTemplate\":\"https:\/\/flashmode.tn\/magazine\/?s={search_term_string}\"},\"query-input\":{\"@type\":\"PropertyValueSpecification\",\"valueRequired\":true,\"valueName\":\"search_term_string\"}}],\"inLanguage\":\"fr-FR\"},{\"@type\":\"Person\",\"@id\":\"https:\/\/flashmode.tn\/magazine\/#\/schema\/person\/6815bd30337e8756d5357219766efcc3\",\"name\":\"PeopleLife\",\"image\":{\"@type\":\"ImageObject\",\"inLanguage\":\"fr-FR\",\"@id\":\"https:\/\/flashmode.tn\/magazine\/#\/schema\/person\/image\/\",\"url\":\"https:\/\/secure.gravatar.com\/avatar\/8098f49196034391d93ae20d939ad33b14f6b745c986049ad803a54f4113e18c?s=96&d=mm&r=g\",\"contentUrl\":\"https:\/\/secure.gravatar.com\/avatar\/8098f49196034391d93ae20d939ad33b14f6b745c986049ad803a54f4113e18c?s=96&d=mm&r=g\",\"caption\":\"PeopleLife\"},\"url\":\"https:\/\/flashmode.tn\/magazine\/author\/peoplelife\/\"}]}<\/script>\n<!-- \/ Yoast SEO Premium plugin. -->","yoast_head_json":{"title":"Quel arbre \u00e0 les racines les plus profondes ? - Flashmode Magazine | Magazine de mode et style de vie Num\u00e9ro un en Tunisie et au Maghreb","description":"La r\u00e9ponse d'Images Doc : Le record officiel est d\u00e9tenu par un figuier sauvage dont les racines descendraient \u00e0 120 m\u00e8tres de profondeur. Cet arbre vit en","robots":{"index":"index","follow":"follow","max-snippet":"max-snippet:-1","max-image-preview":"max-image-preview:large","max-video-preview":"max-video-preview:-1"},"canonical":"https:\/\/flashmode.tn\/magazine\/quel-arbre-a-les-racines-les-plus-profondes-2\/","og_locale":"fr_FR","og_type":"article","og_title":"Quel arbre \u00e0 les racines les plus profondes ? - Flashmode Magazine | Magazine de mode et style de vie Num\u00e9ro un en Tunisie et au Maghreb","og_description":"La r\u00e9ponse d'Images Doc : Le record officiel est d\u00e9tenu par un figuier sauvage dont les racines descendraient \u00e0 120 m\u00e8tres de profondeur. Cet arbre vit en","og_url":"https:\/\/flashmode.tn\/magazine\/quel-arbre-a-les-racines-les-plus-profondes-2\/","og_site_name":"Flashmode Magazine | Magazine de mode et style de vie Num\u00e9ro un en Tunisie et au Maghreb","article_publisher":"https:\/\/www.facebook.com\/flashmode.magazine\/","article_published_time":"2022-05-26T19:55:24+00:00","author":"PeopleLife","twitter_card":"summary_large_image","twitter_creator":"@agenceflashmode","twitter_site":"@agenceflashmode","twitter_misc":{"\u00c9crit par":"PeopleLife","Dur\u00e9e de lecture estim\u00e9e":"6 minutes"},"schema":{"@context":"https:\/\/schema.org","@graph":[{"@type":"WebPage","@id":"https:\/\/flashmode.tn\/magazine\/quel-arbre-a-les-racines-les-plus-profondes-2\/","url":"https:\/\/flashmode.tn\/magazine\/quel-arbre-a-les-racines-les-plus-profondes-2\/","name":"Quel arbre \u00e0 les racines les plus profondes ? - Flashmode Magazine | Magazine de mode et style de vie Num\u00e9ro un en Tunisie et au Maghreb","isPartOf":{"@id":"https:\/\/flashmode.tn\/magazine\/#website"},"datePublished":"2022-05-26T19:55:24+00:00","author":{"@id":"https:\/\/flashmode.tn\/magazine\/#\/schema\/person\/6815bd30337e8756d5357219766efcc3"},"description":"La r\u00e9ponse d'Images Doc : Le record officiel est d\u00e9tenu par un figuier sauvage dont les racines descendraient \u00e0 120 m\u00e8tres de profondeur. Cet arbre vit en","breadcrumb":{"@id":"https:\/\/flashmode.tn\/magazine\/quel-arbre-a-les-racines-les-plus-profondes-2\/#breadcrumb"},"inLanguage":"fr-FR","potentialAction":[{"@type":"ReadAction","target":["https:\/\/flashmode.tn\/magazine\/quel-arbre-a-les-racines-les-plus-profondes-2\/"]}]},{"@type":"BreadcrumbList","@id":"https:\/\/flashmode.tn\/magazine\/quel-arbre-a-les-racines-les-plus-profondes-2\/#breadcrumb","itemListElement":[{"@type":"ListItem","position":1,"name":"Accueil","item":"https:\/\/flashmode.tn\/magazine\/"},{"@type":"ListItem","position":2,"name":"Quel arbre \u00e0 les racines les plus profondes ?"}]},{"@type":"WebSite","@id":"https:\/\/flashmode.tn\/magazine\/#website","url":"https:\/\/flashmode.tn\/magazine\/","name":"Flashmode Magazine | Magazine de mode et style de vie Num\u00e9ro un en Tunisie et au Maghreb","description":"Magazine de mode et style de vie Num\u00e9ro un en Tunisie et au Maghreb, cr\u00e9\u00e9 pour les hommes et les femmes : conseils beaut\u00e9, mode femme, mode homme, recettes de cuisine, c\u00e9l\u00e9brit\u00e9s et people, mannequins et top modeles","potentialAction":[{"@type":"SearchAction","target":{"@type":"EntryPoint","urlTemplate":"https:\/\/flashmode.tn\/magazine\/?s={search_term_string}"},"query-input":{"@type":"PropertyValueSpecification","valueRequired":true,"valueName":"search_term_string"}}],"inLanguage":"fr-FR"},{"@type":"Person","@id":"https:\/\/flashmode.tn\/magazine\/#\/schema\/person\/6815bd30337e8756d5357219766efcc3","name":"PeopleLife","image":{"@type":"ImageObject","inLanguage":"fr-FR","@id":"https:\/\/flashmode.tn\/magazine\/#\/schema\/person\/image\/","url":"https:\/\/secure.gravatar.com\/avatar\/8098f49196034391d93ae20d939ad33b14f6b745c986049ad803a54f4113e18c?s=96&d=mm&r=g","contentUrl":"https:\/\/secure.gravatar.com\/avatar\/8098f49196034391d93ae20d939ad33b14f6b745c986049ad803a54f4113e18c?s=96&d=mm&r=g","caption":"PeopleLife"},"url":"https:\/\/flashmode.tn\/magazine\/author\/peoplelife\/"}]}},"jetpack_publicize_connections":[],"jetpack_featured_media_url":"","jetpack_shortlink":"https:\/\/wp.me\/p8BPGr-mql","jetpack_sharing_enabled":true,"_links":{"self":[{"href":"https:\/\/flashmode.tn\/magazine\/wp-json\/wp\/v2\/posts\/86201","targetHints":{"allow":["GET"]}}],"collection":[{"href":"https:\/\/flashmode.tn\/magazine\/wp-json\/wp\/v2\/posts"}],"about":[{"href":"https:\/\/flashmode.tn\/magazine\/wp-json\/wp\/v2\/types\/post"}],"author":[{"embeddable":true,"href":"https:\/\/flashmode.tn\/magazine\/wp-json\/wp\/v2\/users\/5"}],"replies":[{"embeddable":true,"href":"https:\/\/flashmode.tn\/magazine\/wp-json\/wp\/v2\/comments?post=86201"}],"version-history":[{"count":0,"href":"https:\/\/flashmode.tn\/magazine\/wp-json\/wp\/v2\/posts\/86201\/revisions"}],"wp:attachment":[{"href":"https:\/\/flashmode.tn\/magazine\/wp-json\/wp\/v2\/media?parent=86201"}],"wp:term":[{"taxonomy":"category","embeddable":true,"href":"https:\/\/flashmode.tn\/magazine\/wp-json\/wp\/v2\/categories?post=86201"},{"taxonomy":"post_tag","embeddable":true,"href":"https:\/\/flashmode.tn\/magazine\/wp-json\/wp\/v2\/tags?post=86201"}],"curies":[{"name":"wp","href":"https:\/\/api.w.org\/{rel}","templated":true}]}}