{"id":86870,"date":"2022-06-09T15:39:34","date_gmt":"2022-06-09T13:39:34","guid":{"rendered":"https:\/\/flashmode.tn\/magazine\/?p=86870"},"modified":"2022-06-09T15:39:34","modified_gmt":"2022-06-09T13:39:34","slug":"comment-sappelle-la-pomme-de-terre-rouge","status":"publish","type":"post","link":"https:\/\/flashmode.tn\/magazine\/comment-sappelle-la-pomme-de-terre-rouge\/","title":{"rendered":"Comment s&rsquo;appelle la pomme de terre rouge ?"},"content":{"rendered":"<p>La <b>pomme de terre<\/b> Roseval est une vari\u00e9t\u00e9 \u00e0 chair ferme, n\u00e9e en Bretagne au milieu du XXe si\u00e8cle, du croisement entre la <b>pomme de terre<\/b> Rosa, \u00e0 peau <b>rouge<\/b>-ros\u00e9e, et de la Vale, \u00e0 peau jaune.<\/p>\n<p>De plus, Quelle pomme de terre pour r\u00f4tir au four ? Pr\u00e9f\u00e9rez plut\u00f4t une <b>pomme de terre<\/b> \u00e0 chair ferme telle que la Charlotte, la Franceline ou la Nicola ? Ces vari\u00e9t\u00e9s de <b>pommes de terre<\/b> gardent le mieux leur forme. La Franceline a une peau fine et vous n&rsquo;avez pas \u00e0 la peler. Les grenailles se portent \u00e9galement tr\u00e8s bien au <b>four<\/b>.<\/p>\n<p>Quels sont les sortes de pommes de terre rouge ?<\/p>\n<p>La <b>pomme de terre rouge<\/b><\/p>\n<p> Jeannette, Ch\u00e9rie, Rosabelle, Rose de France, D\u00e9sir\u00e9e, <b>Rouge<\/b> des Flandres et Roseval <b>sont<\/b> autant de <b>vari\u00e9t\u00e9s de pommes de terre rouges<\/b>.<\/p>\n<p>Par ailleurs, Comment utiliser la pomme de terre Roseval ? La <b>pomme de terre roseval<\/b> convient \u00e0 la pr\u00e9paration de <b>pommes de terres<\/b> rissol\u00e9es ou aux gratins. Sa saveur douce et fine lui permet de s&rsquo;accorder \u00e0 tous les plats et en fait une vari\u00e9t\u00e9 appr\u00e9ci\u00e9e des gastronomes.<\/p>\n<div id=\"ez-toc-container\" class=\"ez-toc-v2_0_81 counter-hierarchy ez-toc-counter ez-toc-grey ez-toc-container-direction\">\n<div class=\"ez-toc-title-container\">\n<p class=\"ez-toc-title\" style=\"cursor:inherit\">Contenus de la page<\/p>\n<span class=\"ez-toc-title-toggle\"><a href=\"#\" class=\"ez-toc-pull-right ez-toc-btn ez-toc-btn-xs ez-toc-btn-default ez-toc-toggle\" aria-label=\"Toggle Table of Content\"><span class=\"ez-toc-js-icon-con\"><span class=\"\"><span class=\"eztoc-hide\" style=\"display:none;\">Toggle<\/span><span class=\"ez-toc-icon-toggle-span\"><svg style=\"fill: #999;color:#999\" xmlns=\"http:\/\/www.w3.org\/2000\/svg\" class=\"list-377408\" width=\"20px\" height=\"20px\" viewBox=\"0 0 24 24\" fill=\"none\"><path d=\"M6 6H4v2h2V6zm14 0H8v2h12V6zM4 11h2v2H4v-2zm16 0H8v2h12v-2zM4 16h2v2H4v-2zm16 0H8v2h12v-2z\" fill=\"currentColor\"><\/path><\/svg><svg style=\"fill: #999;color:#999\" class=\"arrow-unsorted-368013\" xmlns=\"http:\/\/www.w3.org\/2000\/svg\" width=\"10px\" height=\"10px\" viewBox=\"0 0 24 24\" version=\"1.2\" baseProfile=\"tiny\"><path d=\"M18.2 9.3l-6.2-6.3-6.2 6.3c-.2.2-.3.4-.3.7s.1.5.3.7c.2.2.4.3.7.3h11c.3 0 .5-.1.7-.3.2-.2.3-.5.3-.7s-.1-.5-.3-.7zM5.8 14.7l6.2 6.3 6.2-6.3c.2-.2.3-.5.3-.7s-.1-.5-.3-.7c-.2-.2-.4-.3-.7-.3h-11c-.3 0-.5.1-.7.3-.2.2-.3.5-.3.7s.1.5.3.7z\"\/><\/svg><\/span><\/span><\/span><\/a><\/span><\/div>\n<nav><ul class='ez-toc-list ez-toc-list-level-1 ' ><li class='ez-toc-page-1 ez-toc-heading-level-2'><a class=\"ez-toc-link ez-toc-heading-1\" href=\"https:\/\/flashmode.tn\/magazine\/comment-sappelle-la-pomme-de-terre-rouge\/#Quelles_sont_toutes_les_varietes_de_pommes_de_terre\" >Quelles sont toutes les vari\u00e9t\u00e9s de pommes de terre ?<\/a><\/li><li class='ez-toc-page-1 ez-toc-heading-level-2'><a class=\"ez-toc-link ez-toc-heading-2\" href=\"https:\/\/flashmode.tn\/magazine\/comment-sappelle-la-pomme-de-terre-rouge\/#Comment_reconnaitre_une_pomme_de_terre_Bintje\" >Comment reconna\u00eetre une pomme de terre Bintje ?<\/a><\/li><li class='ez-toc-page-1 ez-toc-heading-level-2'><a class=\"ez-toc-link ez-toc-heading-3\" href=\"https:\/\/flashmode.tn\/magazine\/comment-sappelle-la-pomme-de-terre-rouge\/#Est-ce_que_la_peau_des_pommes_de_terre_se_mange\" >Est-ce que la peau des pommes de terre se mange ?<\/a><\/li><li class='ez-toc-page-1 ez-toc-heading-level-2'><a class=\"ez-toc-link ez-toc-heading-4\" href=\"https:\/\/flashmode.tn\/magazine\/comment-sappelle-la-pomme-de-terre-rouge\/#Quelle_variete_de_pomme_de_terre_pour_barbecue\" >Quelle vari\u00e9t\u00e9 de pomme de terre pour barbecue ?<\/a><ul class='ez-toc-list-level-3' ><li class='ez-toc-heading-level-3'><a class=\"ez-toc-link ez-toc-heading-5\" href=\"https:\/\/flashmode.tn\/magazine\/comment-sappelle-la-pomme-de-terre-rouge\/#Quelle_pomme_de_terre_a_le_meilleur_rendement\" >Quelle pomme de terre \u00e0 le meilleur rendement ?<\/a><\/li><\/ul><\/li><\/ul><\/nav><\/div>\n<h2><span class=\"ez-toc-section\" id=\"Quelles_sont_toutes_les_varietes_de_pommes_de_terre\"><\/span>Quelles sont toutes les vari\u00e9t\u00e9s de pommes de terre ?<span class=\"ez-toc-section-end\"><\/span><\/h2>\n<table>\n<tbody>\n<tr>\n<th>     <b>      Vari\u00e9t\u00e9     <\/b>    <\/th>\n<th>     Dur\u00e9e de culture    <\/th>\n<th>     Emploi en cuisine    <\/th>\n<\/tr>\n<tr>\n<td>     &lsquo;Ratte&rsquo;    <\/td>\n<td>     de 110 \u00e0 120 jours    <\/td>\n<td>     Vapeur, salades.    <\/td>\n<\/tr>\n<tr>\n<td>     &lsquo;Resy&rsquo;    <\/td>\n<td>     de 80 \u00e0 100 jours    <\/td>\n<td>     Frites, pur\u00e9es, soupes.    <\/td>\n<\/tr>\n<tr>\n<td>     &lsquo;Rosabelle&rsquo;    <\/td>\n<td>     de 110 \u00e0 120 jours    <\/td>\n<td>     Frites, pur\u00e9es, soupes.    <\/td>\n<\/tr>\n<tr>\n<td>     &lsquo;Rose de France&rsquo;    <\/td>\n<td>     de 110 \u00e0 120 jours    <\/td>\n<td>     Primeur, vapeur, salades.    <\/td>\n<\/tr>\n<\/tbody>\n<\/table>\n<p> \u2022 17 mars 2015<\/p>\n<p>Quelles sont les pommes de terre \u00e0 chair ferme ? Parmi les <b>pommes de terre \u00e0 chair ferme<\/b>, on trouve la Charlotte, la Ratte, l&rsquo;Amandine, la Ch\u00e9rie, la Francine ou encore la Pompadour&#8230;<\/p>\n<p>Pourquoi les pommes de terre ne cuisent pas ? Voici l&rsquo;explication: les parois cellulaires des <b>pommes de terre<\/b> contiennent de la pectine. Ces cha\u00eenes de pectine restent stables lorsqu&rsquo;elles entrent en contact avec un acide. Dans le cas pr\u00e9sent, si le plat contient beaucoup d&rsquo;acide, par exemple \u00e0 cause du vin ajout\u00e9, les <b>pommes de terre<\/b> restent dures.<\/p>\n<p>Quelles sont les meilleures vari\u00e9t\u00e9s de pommes de terre ? Les plus populaires <b>sont<\/b> la Charlotte, la Ratte, l&rsquo;Annabelle, la Belle de Fontenay, l&rsquo;Amandine, la Franceline ou la Roseval. Ces <b>vari\u00e9t\u00e9s sont<\/b> id\u00e9ales pour des daubes, des rago\u00fbts et des gratins.<\/p>\n<h2><span class=\"ez-toc-section\" id=\"Comment_reconnaitre_une_pomme_de_terre_Bintje\"><\/span>Comment reconna\u00eetre une pomme de terre Bintje ?<span class=\"ez-toc-section-end\"><\/span><\/h2>\n<p>La <b>Bintje<\/b> : la star des <b>pommes de terre<\/b> pour les frites<\/p>\n<p> \u00c0 l&rsquo;\u0153il, la <b>Bintje<\/b> affiche une forme oblongue et r\u00e9guli\u00e8re. Sa peau et sa chair sont de couleur jaune. En d\u00e9gustation, la <b>Bintje<\/b> propose une chair farineuse id\u00e9ale pour une cuisson \u00e0 la friteuse.<\/p>\n<p>Quelles sont les meilleures vari\u00e9t\u00e9s de pommes de terre primeur ? Les <b>pommes de terre primeur<\/b><\/p>\n<p> Elle <b>est<\/b> prot\u00e9g\u00e9e par un voile de for\u00e7age, h\u00e2tant ainsi sa croissance. Elle se r\u00e9colte en mai-juin, avant maturation. Les <b>meilleures vari\u00e9t\u00e9s<\/b> \u00e0 cultiver en <b>primeur<\/b> : &lsquo;Belle de Fontenay&rsquo;, &lsquo;Rosabelle&rsquo;, &lsquo;Ostara&rsquo;, &lsquo;Sirtema&rsquo;.<\/p>\n<p>Quand r\u00e9colter la Roseval ?<\/p>\n<p>La p\u00e9riode de <b>r\u00e9colte<\/b> se d\u00e9roule de juin \u00e0 juillet.<\/p>\n<p>Quel type de pomme de terre pour raclette ? Alors <b>pour<\/b> une <b>raclette<\/b> dans les r\u00e8gles de l&rsquo;art, on choisit les bonnes vari\u00e9t\u00e9s de <b>pomme de terre<\/b> ! Privil\u00e9giez celles qui tiennent bien \u00e0 la cuisson (chair ferme) et qui n&rsquo;auront pas tendance \u00e0 brunir. On pense \u00e0 la Bintje, l&rsquo;Agata, l&rsquo;Amandine, la Celtiane, la Ch\u00e9rie, la Pompadour ou encore la Grenaille.<\/p>\n<h2><span class=\"ez-toc-section\" id=\"Est-ce_que_la_peau_des_pommes_de_terre_se_mange\"><\/span>Est-ce que la peau des pommes de terre se mange ?<span class=\"ez-toc-section-end\"><\/span><\/h2>\n<p>Ce tubercule appartient \u00e0 la famille botanique des solanac\u00e9es. Cela implique qu&rsquo;il contient de la solanine, un alcalo\u00efde tr\u00e8s toxique. G\u00e9n\u00e9ralement, les 0,002 \u00e0 0,01 % contenus dans la <b>peau<\/b> sont sans danger. Mais il faut \u00e9viter de <b>manger<\/b> la <b>peau<\/b> quand la <b>pomme de terre<\/b> a verdi apr\u00e8s une exposition au soleil.<\/p>\n<p>Quel est la meilleur pomme de terre \u00e0 planter ?<\/p>\n<p>Les <b>pommes de terre<\/b> primeur<\/p>\n<p> Elle <b>est<\/b> prot\u00e9g\u00e9e par un voile de for\u00e7age, h\u00e2tant ainsi sa croissance. Elle se r\u00e9colte en mai-juin, avant maturation. <b>Les meilleures<\/b> vari\u00e9t\u00e9s \u00e0 cultiver en primeur : &lsquo;Belle de Fontenay&rsquo;, &lsquo;Rosabelle&rsquo;, &lsquo;Ostara&rsquo;, &lsquo;Sirtema&rsquo;.<\/p>\n<p>Quelles sont les pommes de terre les plus pr\u00e9coces ? <b>  Date de r\u00e9colte <\/b> <\/p>\n<ul>\n<li>   Les   <b>    pr\u00e9coces sont   <\/b>   \u00e0 r\u00e9colter 70 \u00e0 90 jours apr\u00e8s la plantation, soit \u00e0 partir du mois de juin pour les premi\u00e8res   <b>    pommes de terre   <\/b>   (Amandine, Apollo, Belle de Fontenay, R\u00e9sy, Sirtema) ;  <\/li>\n<li>   Les moyennement   <b>    pr\u00e9coces sont   <\/b>   ramass\u00e9es entre 90 et 120 jours de culture (Bintje, Charlotte, Monalisa) ;  <\/li>\n<\/ul>\n<p>Comment reconna\u00eetre pomme de terre chair ferme ? Les <b>pommes de terre<\/b> \u00e0 <b>chair ferme<\/b> sont fermes et gardent parfaitement leur forme pendant la cuisson. Ces <b>pommes de terre<\/b> sont meilleures lorsqu&rsquo;elles sont cuites \u00e0 l&rsquo;eau, au four, au gril ou \u00e0 la vapeur. Les <b>pommes de terre<\/b> farineuses se d\u00e9sagr\u00e8gent souvent pendant la cuisson, ce qui rend votre eau de cuisson trouble.<\/p>\n<h2><span class=\"ez-toc-section\" id=\"Quelle_variete_de_pomme_de_terre_pour_barbecue\"><\/span>Quelle vari\u00e9t\u00e9 de pomme de terre pour barbecue ?<span class=\"ez-toc-section-end\"><\/span><\/h2>\n<p>Les <b>pommes de terre<\/b> vapeur, \u00e0 chair ferme, sont parfaites pour \u00eatre agenc\u00e9es sur des piques \u00e0 brochettes ou pour la cuisson en h\u00e9risson. Avec leur tenue parfaite, elles ne s&rsquo;effriteront pas lors de la cuisson. La Ratte du Touquet est parfaite pour ce genre de situation.<\/p>\n<p>Pourquoi mes pomme de terre ne cuisent pas au four ? Rondelles trop \u00e9paisses, manque de liquide, cuisson <b>pas<\/b> assez longue, vari\u00e9t\u00e9 de <b>pommes de terre pas<\/b> adapt\u00e9e : ce sont autant de raisons qui peuvent expliquer que votre gratin de <b>pommes de terre ne cuise pas<\/b>.<\/p>\n<p>Comment rattraper des patates pas assez cuite ?<\/p>\n<p>Si vous aimez les <b>pommes de terre<\/b> moins fermes, vous pourrez \u00e0 ce moment-l\u00e0, les laisser 2 \u00e0 3 minutes en plus dans l&rsquo;eau de cuisson. Une petite astuce \u00e0 conna\u00eetre est de placer un couteau dans une <b>patate<\/b>, vous pourrez ensuite \u00e9valuer le niveau de cuisson.<\/p>\n<p>Comment rattraper des pommes de terre pas assez cuites ? Lorsque les pommes de terre ne sont <b>pas assez cuites<\/b>, il peut se former des grumeaux. Si c&rsquo;est le cas, verser la <b>pur\u00e9e<\/b> dans un contenant et la recouvrir d&rsquo;une pellicule plastique. Faire chauffer le tout au four micro-ondes une dizaine de minutes, en remuant \u00e0 l&rsquo;occasion.<\/p>\n<h3><span class=\"ez-toc-section\" id=\"Quelle_pomme_de_terre_a_le_meilleur_rendement\"><\/span>Quelle pomme de terre \u00e0 le meilleur rendement ?<span class=\"ez-toc-section-end\"><\/span><\/h3>\n<p>Rose de France&rsquo; assure un tr\u00e8s bon <b>rendement<\/b> et r\u00e9siste au mildiou. Vari\u00e9t\u00e9 r\u00e9cente \u00e0 peau ros\u00e9e et \u00e0 chair jaune, elle pr\u00e9sente un tubercule allong\u00e9 qui tient bien la cuisson. Cette <b>pomme de terre<\/b> est id\u00e9ale en plats cuisin\u00e9s, mais aussi en salades ou saut\u00e9e \u00e0 la po\u00eale.<\/p>\n<p>Quelle est la pomme de terre la plus productive ? Les championnes du rendement <b>sont<\/b> la Bintje, la Corolle, la Daisy, la D\u00e9sir\u00e9e, la Mona Lisa, la Safrane, la Samba et la Spunta pour les principales. Inversement, la Belle de Fontenay surtout, mais \u00e9galement la Corne de gatte et la Ratte ne <b>sont<\/b> pas des <b>plus productives<\/b>.<\/p>\n<p>Quelle est la pomme de terre qui se conserve le mieux ?<\/p>\n<p>La Bernadette : vari\u00e9t\u00e9 demi\u2011pr\u00e9coce, elle <b>se<\/b> cuisine aussi <b>bien<\/b> en salade qu&rsquo;\u00e0 la vapeur. La Bernadette <b>est<\/b> l&rsquo;une des <b>pommes de terre qui se conserve le mieux<\/b>.<\/p>\n<h2><\/h2>\n","protected":false},"excerpt":{"rendered":"<p>La pomme de terre Roseval est une vari\u00e9t\u00e9 \u00e0 chair ferme, n\u00e9e en Bretagne au milieu du XXe si\u00e8cle, du croisement entre la pomme de terre Rosa, \u00e0 peau rouge-ros\u00e9e, et de la Vale, \u00e0 peau jaune. De plus, Quelle pomme de terre pour r\u00f4tir au four ? Pr\u00e9f\u00e9rez plut\u00f4t une pomme de terre \u00e0 [&hellip;]<\/p>\n","protected":false},"author":5,"featured_media":0,"comment_status":"open","ping_status":"open","sticky":false,"template":"","format":"standard","meta":{"tdm_status":"","tdm_grid_status":"","_jetpack_memberships_contains_paid_content":false,"footnotes":"","jetpack_publicize_message":"","jetpack_publicize_feature_enabled":true,"jetpack_social_post_already_shared":true,"jetpack_social_options":{"image_generator_settings":{"template":"highway","default_image_id":0,"font":"","enabled":false},"version":2}},"categories":[80],"tags":[],"class_list":["post-86870","post","type-post","status-publish","format-standard","hentry","category-lifestyle"],"yoast_head":"<!-- This site is optimized with the Yoast SEO Premium plugin v25.0 (Yoast SEO v25.0) - https:\/\/yoast.com\/wordpress\/plugins\/seo\/ -->\n<title>Comment s&#039;appelle la pomme de terre rouge ? - Flashmode Magazine | Magazine de mode et style de vie Num\u00e9ro un en Tunisie et au Maghreb<\/title>\n<meta name=\"description\" content=\"La pomme de terre Roseval est une vari\u00e9t\u00e9 \u00e0 chair ferme, n\u00e9e en Bretagne au milieu du XXe si\u00e8cle, du croisement entre la pomme de terre Rosa, \u00e0 peau\" \/>\n<meta name=\"robots\" content=\"index, follow, max-snippet:-1, max-image-preview:large, max-video-preview:-1\" \/>\n<link rel=\"canonical\" href=\"https:\/\/flashmode.tn\/magazine\/comment-sappelle-la-pomme-de-terre-rouge\/\" \/>\n<meta property=\"og:locale\" content=\"fr_FR\" \/>\n<meta property=\"og:type\" content=\"article\" \/>\n<meta property=\"og:title\" content=\"Comment s&#039;appelle la pomme de terre rouge ? - Flashmode Magazine | Magazine de mode et style de vie Num\u00e9ro un en Tunisie et au Maghreb\" \/>\n<meta property=\"og:description\" content=\"La pomme de terre Roseval est une vari\u00e9t\u00e9 \u00e0 chair ferme, n\u00e9e en Bretagne au milieu du XXe si\u00e8cle, du croisement entre la pomme de terre Rosa, \u00e0 peau\" \/>\n<meta property=\"og:url\" content=\"https:\/\/flashmode.tn\/magazine\/comment-sappelle-la-pomme-de-terre-rouge\/\" \/>\n<meta property=\"og:site_name\" content=\"Flashmode Magazine | Magazine de mode et style de vie Num\u00e9ro un en Tunisie et au Maghreb\" \/>\n<meta property=\"article:publisher\" content=\"https:\/\/www.facebook.com\/flashmode.magazine\/\" \/>\n<meta property=\"article:published_time\" content=\"2022-06-09T13:39:34+00:00\" \/>\n<meta name=\"author\" content=\"PeopleLife\" \/>\n<meta name=\"twitter:card\" content=\"summary_large_image\" \/>\n<meta name=\"twitter:creator\" content=\"@agenceflashmode\" \/>\n<meta name=\"twitter:site\" content=\"@agenceflashmode\" \/>\n<meta name=\"twitter:label1\" content=\"\u00c9crit par\" \/>\n\t<meta name=\"twitter:data1\" content=\"PeopleLife\" \/>\n\t<meta name=\"twitter:label2\" content=\"Dur\u00e9e de lecture estim\u00e9e\" \/>\n\t<meta name=\"twitter:data2\" content=\"6 minutes\" \/>\n<script type=\"application\/ld+json\" class=\"yoast-schema-graph\">{\"@context\":\"https:\/\/schema.org\",\"@graph\":[{\"@type\":\"WebPage\",\"@id\":\"https:\/\/flashmode.tn\/magazine\/comment-sappelle-la-pomme-de-terre-rouge\/\",\"url\":\"https:\/\/flashmode.tn\/magazine\/comment-sappelle-la-pomme-de-terre-rouge\/\",\"name\":\"Comment s'appelle la pomme de terre rouge ? - Flashmode Magazine | Magazine de mode et style de vie Num\u00e9ro un en Tunisie et au Maghreb\",\"isPartOf\":{\"@id\":\"https:\/\/flashmode.tn\/magazine\/#website\"},\"datePublished\":\"2022-06-09T13:39:34+00:00\",\"author\":{\"@id\":\"https:\/\/flashmode.tn\/magazine\/#\/schema\/person\/6815bd30337e8756d5357219766efcc3\"},\"description\":\"La pomme de terre Roseval est une vari\u00e9t\u00e9 \u00e0 chair ferme, n\u00e9e en Bretagne au milieu du XXe si\u00e8cle, du croisement entre la pomme de terre Rosa, \u00e0 peau\",\"breadcrumb\":{\"@id\":\"https:\/\/flashmode.tn\/magazine\/comment-sappelle-la-pomme-de-terre-rouge\/#breadcrumb\"},\"inLanguage\":\"fr-FR\",\"potentialAction\":[{\"@type\":\"ReadAction\",\"target\":[\"https:\/\/flashmode.tn\/magazine\/comment-sappelle-la-pomme-de-terre-rouge\/\"]}]},{\"@type\":\"BreadcrumbList\",\"@id\":\"https:\/\/flashmode.tn\/magazine\/comment-sappelle-la-pomme-de-terre-rouge\/#breadcrumb\",\"itemListElement\":[{\"@type\":\"ListItem\",\"position\":1,\"name\":\"Accueil\",\"item\":\"https:\/\/flashmode.tn\/magazine\/\"},{\"@type\":\"ListItem\",\"position\":2,\"name\":\"Comment s&rsquo;appelle la pomme de terre rouge ?\"}]},{\"@type\":\"WebSite\",\"@id\":\"https:\/\/flashmode.tn\/magazine\/#website\",\"url\":\"https:\/\/flashmode.tn\/magazine\/\",\"name\":\"Flashmode Magazine | Magazine de mode et style de vie Num\u00e9ro un en Tunisie et au Maghreb\",\"description\":\"Magazine de mode et style de vie Num\u00e9ro un en Tunisie et au Maghreb, cr\u00e9\u00e9 pour les hommes et les femmes : conseils beaut\u00e9, mode femme, mode homme, recettes de cuisine, c\u00e9l\u00e9brit\u00e9s et people, mannequins et top modeles\",\"potentialAction\":[{\"@type\":\"SearchAction\",\"target\":{\"@type\":\"EntryPoint\",\"urlTemplate\":\"https:\/\/flashmode.tn\/magazine\/?s={search_term_string}\"},\"query-input\":{\"@type\":\"PropertyValueSpecification\",\"valueRequired\":true,\"valueName\":\"search_term_string\"}}],\"inLanguage\":\"fr-FR\"},{\"@type\":\"Person\",\"@id\":\"https:\/\/flashmode.tn\/magazine\/#\/schema\/person\/6815bd30337e8756d5357219766efcc3\",\"name\":\"PeopleLife\",\"image\":{\"@type\":\"ImageObject\",\"inLanguage\":\"fr-FR\",\"@id\":\"https:\/\/flashmode.tn\/magazine\/#\/schema\/person\/image\/\",\"url\":\"https:\/\/secure.gravatar.com\/avatar\/8098f49196034391d93ae20d939ad33b14f6b745c986049ad803a54f4113e18c?s=96&d=mm&r=g\",\"contentUrl\":\"https:\/\/secure.gravatar.com\/avatar\/8098f49196034391d93ae20d939ad33b14f6b745c986049ad803a54f4113e18c?s=96&d=mm&r=g\",\"caption\":\"PeopleLife\"},\"url\":\"https:\/\/flashmode.tn\/magazine\/author\/peoplelife\/\"}]}<\/script>\n<!-- \/ Yoast SEO Premium plugin. -->","yoast_head_json":{"title":"Comment s'appelle la pomme de terre rouge ? - Flashmode Magazine | Magazine de mode et style de vie Num\u00e9ro un en Tunisie et au Maghreb","description":"La pomme de terre Roseval est une vari\u00e9t\u00e9 \u00e0 chair ferme, n\u00e9e en Bretagne au milieu du XXe si\u00e8cle, du croisement entre la pomme de terre Rosa, \u00e0 peau","robots":{"index":"index","follow":"follow","max-snippet":"max-snippet:-1","max-image-preview":"max-image-preview:large","max-video-preview":"max-video-preview:-1"},"canonical":"https:\/\/flashmode.tn\/magazine\/comment-sappelle-la-pomme-de-terre-rouge\/","og_locale":"fr_FR","og_type":"article","og_title":"Comment s'appelle la pomme de terre rouge ? - Flashmode Magazine | Magazine de mode et style de vie Num\u00e9ro un en Tunisie et au Maghreb","og_description":"La pomme de terre Roseval est une vari\u00e9t\u00e9 \u00e0 chair ferme, n\u00e9e en Bretagne au milieu du XXe si\u00e8cle, du croisement entre la pomme de terre Rosa, \u00e0 peau","og_url":"https:\/\/flashmode.tn\/magazine\/comment-sappelle-la-pomme-de-terre-rouge\/","og_site_name":"Flashmode Magazine | Magazine de mode et style de vie Num\u00e9ro un en Tunisie et au Maghreb","article_publisher":"https:\/\/www.facebook.com\/flashmode.magazine\/","article_published_time":"2022-06-09T13:39:34+00:00","author":"PeopleLife","twitter_card":"summary_large_image","twitter_creator":"@agenceflashmode","twitter_site":"@agenceflashmode","twitter_misc":{"\u00c9crit par":"PeopleLife","Dur\u00e9e de lecture estim\u00e9e":"6 minutes"},"schema":{"@context":"https:\/\/schema.org","@graph":[{"@type":"WebPage","@id":"https:\/\/flashmode.tn\/magazine\/comment-sappelle-la-pomme-de-terre-rouge\/","url":"https:\/\/flashmode.tn\/magazine\/comment-sappelle-la-pomme-de-terre-rouge\/","name":"Comment s'appelle la pomme de terre rouge ? - Flashmode Magazine | Magazine de mode et style de vie Num\u00e9ro un en Tunisie et au Maghreb","isPartOf":{"@id":"https:\/\/flashmode.tn\/magazine\/#website"},"datePublished":"2022-06-09T13:39:34+00:00","author":{"@id":"https:\/\/flashmode.tn\/magazine\/#\/schema\/person\/6815bd30337e8756d5357219766efcc3"},"description":"La pomme de terre Roseval est une vari\u00e9t\u00e9 \u00e0 chair ferme, n\u00e9e en Bretagne au milieu du XXe si\u00e8cle, du croisement entre la pomme de terre Rosa, \u00e0 peau","breadcrumb":{"@id":"https:\/\/flashmode.tn\/magazine\/comment-sappelle-la-pomme-de-terre-rouge\/#breadcrumb"},"inLanguage":"fr-FR","potentialAction":[{"@type":"ReadAction","target":["https:\/\/flashmode.tn\/magazine\/comment-sappelle-la-pomme-de-terre-rouge\/"]}]},{"@type":"BreadcrumbList","@id":"https:\/\/flashmode.tn\/magazine\/comment-sappelle-la-pomme-de-terre-rouge\/#breadcrumb","itemListElement":[{"@type":"ListItem","position":1,"name":"Accueil","item":"https:\/\/flashmode.tn\/magazine\/"},{"@type":"ListItem","position":2,"name":"Comment s&rsquo;appelle la pomme de terre rouge ?"}]},{"@type":"WebSite","@id":"https:\/\/flashmode.tn\/magazine\/#website","url":"https:\/\/flashmode.tn\/magazine\/","name":"Flashmode Magazine | Magazine de mode et style de vie Num\u00e9ro un en Tunisie et au Maghreb","description":"Magazine de mode et style de vie Num\u00e9ro un en Tunisie et au Maghreb, cr\u00e9\u00e9 pour les hommes et les femmes : conseils beaut\u00e9, mode femme, mode homme, recettes de cuisine, c\u00e9l\u00e9brit\u00e9s et people, mannequins et top modeles","potentialAction":[{"@type":"SearchAction","target":{"@type":"EntryPoint","urlTemplate":"https:\/\/flashmode.tn\/magazine\/?s={search_term_string}"},"query-input":{"@type":"PropertyValueSpecification","valueRequired":true,"valueName":"search_term_string"}}],"inLanguage":"fr-FR"},{"@type":"Person","@id":"https:\/\/flashmode.tn\/magazine\/#\/schema\/person\/6815bd30337e8756d5357219766efcc3","name":"PeopleLife","image":{"@type":"ImageObject","inLanguage":"fr-FR","@id":"https:\/\/flashmode.tn\/magazine\/#\/schema\/person\/image\/","url":"https:\/\/secure.gravatar.com\/avatar\/8098f49196034391d93ae20d939ad33b14f6b745c986049ad803a54f4113e18c?s=96&d=mm&r=g","contentUrl":"https:\/\/secure.gravatar.com\/avatar\/8098f49196034391d93ae20d939ad33b14f6b745c986049ad803a54f4113e18c?s=96&d=mm&r=g","caption":"PeopleLife"},"url":"https:\/\/flashmode.tn\/magazine\/author\/peoplelife\/"}]}},"jetpack_publicize_connections":[],"jetpack_featured_media_url":"","jetpack_shortlink":"https:\/\/wp.me\/p8BPGr-mB8","jetpack_sharing_enabled":true,"_links":{"self":[{"href":"https:\/\/flashmode.tn\/magazine\/wp-json\/wp\/v2\/posts\/86870","targetHints":{"allow":["GET"]}}],"collection":[{"href":"https:\/\/flashmode.tn\/magazine\/wp-json\/wp\/v2\/posts"}],"about":[{"href":"https:\/\/flashmode.tn\/magazine\/wp-json\/wp\/v2\/types\/post"}],"author":[{"embeddable":true,"href":"https:\/\/flashmode.tn\/magazine\/wp-json\/wp\/v2\/users\/5"}],"replies":[{"embeddable":true,"href":"https:\/\/flashmode.tn\/magazine\/wp-json\/wp\/v2\/comments?post=86870"}],"version-history":[{"count":0,"href":"https:\/\/flashmode.tn\/magazine\/wp-json\/wp\/v2\/posts\/86870\/revisions"}],"wp:attachment":[{"href":"https:\/\/flashmode.tn\/magazine\/wp-json\/wp\/v2\/media?parent=86870"}],"wp:term":[{"taxonomy":"category","embeddable":true,"href":"https:\/\/flashmode.tn\/magazine\/wp-json\/wp\/v2\/categories?post=86870"},{"taxonomy":"post_tag","embeddable":true,"href":"https:\/\/flashmode.tn\/magazine\/wp-json\/wp\/v2\/tags?post=86870"}],"curies":[{"name":"wp","href":"https:\/\/api.w.org\/{rel}","templated":true}]}}