{"id":88083,"date":"2022-05-26T15:52:57","date_gmt":"2022-05-26T13:52:57","guid":{"rendered":"https:\/\/flashmode.tn\/magazine\/?p=88083"},"modified":"2022-05-26T15:52:57","modified_gmt":"2022-05-26T13:52:57","slug":"pourquoi-ma-varice-me-gratte","status":"publish","type":"post","link":"https:\/\/flashmode.tn\/magazine\/pourquoi-ma-varice-me-gratte\/","title":{"rendered":"Pourquoi ma varice me gratte ?"},"content":{"rendered":"<p>Le sang s&rsquo;accumule dans les vaisseaux capillaires en raison de l&rsquo;augmentation de la pression sanguine. De ce fait, une inflammation et des l\u00e9sions apparaissent sur la peau de la zone variqueuse, qui d\u00e9mange.<\/p>\n<p>De plus, Est-ce que les varices d\u00e9mangent ? Les <b>varices<\/b> peuvent \u00eatre douloureuses ou au contraire compl\u00e8tement indolores. Lorsque les sympt\u00f4mes sont pr\u00e9sents, ils peuvent impliquer un gonflement de la cheville et des jambes, une lourdeur, des douleurs, des fourmillements, de la fatigue, des crampes ou encore des d\u00e9mangeaisons.<\/p>\n<p>Pourquoi le bas de mes jambes me grattent ?<\/p>\n<p>Les d\u00e9mangeaisons dans le <b>bas<\/b> des <b>jambes<\/b> peuvent avoir plusieurs origines parmi lesquelles on peut citer l&rsquo;insuffisance veineuse et les varices,la s\u00e9cheresse cutan\u00e9e, l&rsquo;ecz\u00e9ma&#8230; et seul une consultation chez le m\u00e9decin permettra de d\u00e9terminer la cause et le traitement qui convient.<\/p>\n<p>Par ailleurs, Pourquoi les bas de contention gratte ? Ce genre de r\u00e9action peut \u00eatre provoqu\u00e9 soit par une allergie au silicone (peu fr\u00e9quente, elle peut \u00eatre v\u00e9rifi\u00e9e par un allergologue) ; soit, le plus souvent, par les frottements de la bande sur une grande largeur de la peau qui l&#8217;emp\u00eache de respirer et peut finir par irriter.<\/p>\n<div id=\"ez-toc-container\" class=\"ez-toc-v2_0_81 counter-hierarchy ez-toc-counter ez-toc-grey ez-toc-container-direction\">\n<div class=\"ez-toc-title-container\">\n<p class=\"ez-toc-title\" style=\"cursor:inherit\">Contenus de la page<\/p>\n<span class=\"ez-toc-title-toggle\"><a href=\"#\" class=\"ez-toc-pull-right ez-toc-btn ez-toc-btn-xs ez-toc-btn-default ez-toc-toggle\" aria-label=\"Toggle Table of Content\"><span class=\"ez-toc-js-icon-con\"><span class=\"\"><span class=\"eztoc-hide\" style=\"display:none;\">Toggle<\/span><span class=\"ez-toc-icon-toggle-span\"><svg style=\"fill: #999;color:#999\" xmlns=\"http:\/\/www.w3.org\/2000\/svg\" class=\"list-377408\" width=\"20px\" height=\"20px\" viewBox=\"0 0 24 24\" fill=\"none\"><path d=\"M6 6H4v2h2V6zm14 0H8v2h12V6zM4 11h2v2H4v-2zm16 0H8v2h12v-2zM4 16h2v2H4v-2zm16 0H8v2h12v-2z\" fill=\"currentColor\"><\/path><\/svg><svg style=\"fill: #999;color:#999\" class=\"arrow-unsorted-368013\" xmlns=\"http:\/\/www.w3.org\/2000\/svg\" width=\"10px\" height=\"10px\" viewBox=\"0 0 24 24\" version=\"1.2\" baseProfile=\"tiny\"><path d=\"M18.2 9.3l-6.2-6.3-6.2 6.3c-.2.2-.3.4-.3.7s.1.5.3.7c.2.2.4.3.7.3h11c.3 0 .5-.1.7-.3.2-.2.3-.5.3-.7s-.1-.5-.3-.7zM5.8 14.7l6.2 6.3 6.2-6.3c.2-.2.3-.5.3-.7s-.1-.5-.3-.7c-.2-.2-.4-.3-.7-.3h-11c-.3 0-.5.1-.7.3-.2.2-.3.5-.3.7s.1.5.3.7z\"\/><\/svg><\/span><\/span><\/span><\/a><\/span><\/div>\n<nav><ul class='ez-toc-list ez-toc-list-level-1 ' ><li class='ez-toc-page-1 ez-toc-heading-level-2'><a class=\"ez-toc-link ez-toc-heading-1\" href=\"https:\/\/flashmode.tn\/magazine\/pourquoi-ma-varice-me-gratte\/#Quels_sont_les_symptomes_dune_mauvaise_circulation_sanguine\" >Quels sont les sympt\u00f4mes d&rsquo;une mauvaise circulation sanguine ?<\/a><\/li><li class='ez-toc-page-1 ez-toc-heading-level-2'><a class=\"ez-toc-link ez-toc-heading-2\" href=\"https:\/\/flashmode.tn\/magazine\/pourquoi-ma-varice-me-gratte\/#Quelle_carence_provoque_des_demangeaisons\" >Quelle carence provoque des d\u00e9mangeaisons ?<\/a><\/li><li class='ez-toc-page-1 ez-toc-heading-level-2'><a class=\"ez-toc-link ez-toc-heading-3\" href=\"https:\/\/flashmode.tn\/magazine\/pourquoi-ma-varice-me-gratte\/#Quel_medicament_pour_une_mauvaise_circulation_du_sang\" >Quel m\u00e9dicament pour une mauvaise circulation du sang ?<\/a><\/li><li class='ez-toc-page-1 ez-toc-heading-level-2'><a class=\"ez-toc-link ez-toc-heading-4\" href=\"https:\/\/flashmode.tn\/magazine\/pourquoi-ma-varice-me-gratte\/#Quel_bilan_sanguin_pour_demangeaisons\" >Quel bilan sanguin pour d\u00e9mangeaisons ?<\/a><ul class='ez-toc-list-level-3' ><li class='ez-toc-heading-level-3'><a class=\"ez-toc-link ez-toc-heading-5\" href=\"https:\/\/flashmode.tn\/magazine\/pourquoi-ma-varice-me-gratte\/#Quand_ne_pas_mettre_bas_de_contention\" >Quand ne pas mettre bas de contention ?<\/a><\/li><\/ul><\/li><\/ul><\/nav><\/div>\n<h2><span class=\"ez-toc-section\" id=\"Quels_sont_les_symptomes_dune_mauvaise_circulation_sanguine\"><\/span>Quels sont les sympt\u00f4mes d&rsquo;une mauvaise circulation sanguine ?<span class=\"ez-toc-section-end\"><\/span><\/h2>\n<p>La <b>mauvaise circulation sanguine<\/b> se traduit en g\u00e9n\u00e9ral par un inconfort au niveau des membres inf\u00e9rieurs. Les signes qui la caract\u00e9risent <b>sont<\/b> dans un premier temps des jambes lourdes, fatigu\u00e9es et tendues, particuli\u00e8rement en fin de journ\u00e9e et quand il fait chaud.<\/p>\n<p>Quelle maladie donne des d\u00e9mangeaisons ? La <b>d\u00e9mangeaison<\/b> est un sympt\u00f4me typique de certaines affections cutan\u00e9es, notamment de <b>maladies<\/b> inflammatoires tr\u00e8s r\u00e9pandues telles l&rsquo;ecz\u00e9ma, l&rsquo;urticaire et le psoriasis. De plus, certaines infections comme les infections \u00e0 champignons, la gale et le zona, peuvent en \u00eatre la cause.<\/p>\n<p>Quand \u00e7a gratte aux chevilles \u00e7a veut dire quoi ? Les d\u00e9mangeaisons d&rsquo;origine cutan\u00e9e sont souvent li\u00e9es \u00e0 une peau s\u00e8che (x\u00e9rose). Plusieurs facteurs peuvent favoriser cette s\u00e9cheresse : Les douches trop chaudes ou trop fr\u00e9quentes. Les savons agressifs.<\/p>\n<p>Pourquoi les d\u00e9mangeaisons le soir ? Certaines affections donnent plus de prurit la nuit. La gale et l&rsquo;ecz\u00e9ma en font partie. L&rsquo;urticaire a \u00e9galement tendance \u00e0 s&rsquo;aggraver pendant la nuit et au r\u00e9veil. D&rsquo;une fa\u00e7on g\u00e9n\u00e9rale, les <b>d\u00e9mangeaisons<\/b> cutan\u00e9es sont accentu\u00e9es la nuit par la chaleur du lit et la transpiration nocturne.<\/p>\n<h2><span class=\"ez-toc-section\" id=\"Quelle_carence_provoque_des_demangeaisons\"><\/span>Quelle carence provoque des d\u00e9mangeaisons ?<span class=\"ez-toc-section-end\"><\/span><\/h2>\n<p>Une peau anormalement s\u00e8che qui tiraille, gratouille, p\u00e8le peut avoir pour origine une <b>carence<\/b> en vitamine D .<\/p>\n<p>Est-il bon de porter des bas de contention tous les jours ? 1. Faut-<b>il porter des bas de contention tous les jours<\/b> ? Selon la Haute Autorit\u00e9 de Sant\u00e9, les <b>bas sont<\/b> adapt\u00e9s \u00e0 une utilisation \u00e0 long terme. Aussi pour une efficacit\u00e9 optimale, <b>il<\/b> faut les <b>porter tous les jours<\/b>.<\/p>\n<p>Comment savoir si un bas de contention est trop petit ?<\/p>\n<p><b>Si<\/b> vous vous situez entre deux tailles, prenez celle qui correspond le mieux \u00e0 votre tour de cheville. Il <b>est<\/b> normal que le <b>bas<\/b> soit un peu plus grand ou un peu plus <b>petit<\/b> au niveau du pied. Lorsque vous porterez le <b>bas<\/b>, vous ne le remarquerez plus.<\/p>\n<p>Quels sont les inconv\u00e9nients des bas de contention ? <b>  <b>   Quels  <\/b>  dangers si on les porte trop longtemps ? <\/b> <\/p>\n<ul>\n<li>   Les   <b>    bas de contention   <\/b>   peuvent provoquer des d\u00e9mangeaisons chez les personnes \u00e0 la peau tr\u00e8s s\u00e8che. &#8230;  <\/li>\n<li>   Les   <b>    bas   <\/b>   mi-cuisse poss\u00e8dent une bande de silicone adh\u00e9sive susceptible de provoquer des r\u00e9actions allergiques de type d\u00e9mangeaisons ou sensation de br\u00fblures.  <\/li>\n<\/ul>\n<h2><span class=\"ez-toc-section\" id=\"Quel_medicament_pour_une_mauvaise_circulation_du_sang\"><\/span>Quel m\u00e9dicament pour une mauvaise circulation du sang ?<span class=\"ez-toc-section-end\"><\/span><\/h2>\n<p><b>  Vasculoprotecteurs et veinotoniques <\/b> <\/p>\n<ul>\n<li>   ANTISTAX.  <\/li>\n<li>   BICIRKAN.  <\/li>\n<li>   CLIMAXOL.  <\/li>\n<li>   CYCLO 3 FORT.  <\/li>\n<li>   DAFLON.  <\/li>\n<li>   DICYNONE.  <\/li>\n<li>   DIFRAREL 100.  <\/li>\n<li>   DIOSMINE ARROW.  <\/li>\n<\/ul>\n<p>Comment faire pour avoir une bonne circulation du sang ?<\/p>\n<p><b>  D\u00e8s les premiers signes de mauvaise  <b>   circulation sanguine  <\/b>  , il est important de prendre quelques bonnes habitudes quotidiennes. <\/b> <\/p>\n<ol>\n<li>   Marcher r\u00e9guli\u00e8rement pour   <b>    retrouver une bonne circulation   <\/b>   . &#8230;  <\/li>\n<li>   Pratiquer une activit\u00e9 physique r\u00e9guli\u00e8re. &#8230;  <\/li>\n<li>   Eviter de croiser les jambes. &#8230;  <\/li>\n<li>   Porter les bonnes chaussures. &#8230;  <\/li>\n<li>   Eviter les v\u00eatements trop serr\u00e9s.  <\/li>\n<\/ol>\n<p>Quel aliment est bon pour la circulation du sang ? <b>  Top 10 des  <b>   aliments pour  <\/b>  am\u00e9liorer la  <b>   circulation sanguine  <\/b> <\/b> <\/p>\n<ol>\n<li>   La vigne rouge. Gr\u00e2ce aux proanthocyanidines (OPC) qui la composent, la Vigne rouge est particuli\u00e8rement recommand\u00e9e   <b>    pour   <\/b>   am\u00e9liorer la   <b>    circulation sanguine   <\/b>   . &#8230;  <\/li>\n<li>   Le chocolat. &#8230;  <\/li>\n<li>   Le gingembre. &#8230;  <\/li>\n<li>   La past\u00e8que. &#8230;  <\/li>\n<li>   L&rsquo;ail. &#8230;  <\/li>\n<li>   Le curcuma. &#8230;  <\/li>\n<li>   Le poivre   <b>    de   <\/b>   Cayenne. &#8230;  <\/li>\n<li>   Le th\u00e9 vert.  <\/li>\n<\/ol>\n<p>Quel cancer provoque des d\u00e9mangeaisons ? Si les <b>d\u00e9mangeaisons<\/b> ont d\u00e9j\u00e0 \u00e9t\u00e9 \u00e9voqu\u00e9es comme sympt\u00f4me possible d&rsquo;un lymphome de Hodgkin, le cas de Jade Baldwin montre toutefois qu&rsquo;un patient qui souffre de <b>d\u00e9mangeaisons<\/b>, notamment au niveau des jambes, peut \u00eatre atteint de ce <b>cancer<\/b>, et ce m\u00eame si ses ganglions pr\u00e9sentent une taille normale.<\/p>\n<h2><span class=\"ez-toc-section\" id=\"Quel_bilan_sanguin_pour_demangeaisons\"><\/span>Quel bilan sanguin pour d\u00e9mangeaisons ?<span class=\"ez-toc-section-end\"><\/span><\/h2>\n<p>La solution : Une simple prise <b>de sang<\/b> permet d&rsquo;orienter le diagnostic, en dosant les enzymes phosphatases alcalines, dont le taux s&rsquo;\u00e9l\u00e8ve en cas <b>de<\/b> dysfonctionnement.<\/p>\n<p>Pourquoi mes jambes me grattent le soir ? Si vous avez plus de d\u00e9mangeaisons aux <b>jambes<\/b> le <b>soir<\/b>, cela pourrait \u00eatre li\u00e9 \u00e0 de l&rsquo;ecz\u00e9ma, la gale ou l&rsquo;urticaire. Par ailleurs, le prurit est souvent plus intense \u00e0 ce moment de la journ\u00e9e \u00e0 cause de la chaleur sous les couvertures ou parce que vous transpirez.<\/p>\n<p>Est-ce que le cancer de la peau gratte ?<\/p>\n<p>Ils peut se d\u00e9velopper sur des zones pr\u00e9alablement sans taches, mais dans environ 30 % des cas il se d\u00e9veloppe sur une zone o\u00f9 il y a des n\u00e6vi (grains de beaut\u00e9). Les sympt\u00f4mes comme des d\u00e9mangeaisons ou un saignement de la l\u00e9sion peuvent \u00eatre des signes de m\u00e9lanome malin.<\/p>\n<p>Quels sont les signes d&rsquo;un manque de vitamine D ? <b>  <b>   Quels sont  <\/b>  les sympt\u00f4mes ? <\/b> <\/p>\n<ul>\n<li>   Une faiblesse musculaire.  <\/li>\n<li>   \u00ab\u00a0Le patient peut \u00e9galement ressentir des douleurs au niveau des muscles\u00a0\u00bb, explique le Dr Cohen-Koubi car l&rsquo;organisme est priv\u00e9   <b>    d   <\/b>   &lsquo;une   <b>    vitamine   <\/b>   qui favorise le renouvellement des fibres musculaires.  <\/li>\n<li>   Une fatigue inhabituelle.  <\/li>\n<li>   Des crampes musculaires.  <\/li>\n<li>   Des vertiges.  <\/li>\n<\/ul>\n<h3><span class=\"ez-toc-section\" id=\"Quand_ne_pas_mettre_bas_de_contention\"><\/span>Quand ne pas mettre bas de contention ?<span class=\"ez-toc-section-end\"><\/span><\/h3>\n<p>Il faut donc enfiler ces <b>bas de contention<\/b> le matin, en position couch\u00e9e, et les <b>enlever<\/b> avant le coucher.<\/p>\n<p>Est-il bon de marcher avec des bas de contention ? Le sportif doit utiliser, de pr\u00e9f\u00e9rence pendant l&rsquo;effort, des <b>bas<\/b> de r\u00e9cup\u00e9ration, ou <b>bas de contention<\/b> de sport, qui favorisent le retour veineux, et \u00e9vitent de trop comprimer les pieds et les chevilles. Ces <b>bas sont<\/b> particuli\u00e8rement adapt\u00e9s aux sports qui n\u00e9cessitent de la <b>marche<\/b> ou de la course.<\/p>\n<p>Quand arr\u00eater de mettre des bas de contention ?<\/p>\n<p>Les prescriptions de <b>bas de contention<\/b> peuvent ainsi varier entre 3 et 6 semaines pour les deux jambes, avec 2 \u00e0 3 semaines suppl\u00e9mentaires sur la jambe op\u00e9r\u00e9e. Il faut imp\u00e9rativement suivre les recommandations de votre m\u00e9decin ou chirurgien.<\/p>\n<h2><\/h2>\n","protected":false},"excerpt":{"rendered":"<p>Le sang s&rsquo;accumule dans les vaisseaux capillaires en raison de l&rsquo;augmentation de la pression sanguine. De ce fait, une inflammation et des l\u00e9sions apparaissent sur la peau de la zone variqueuse, qui d\u00e9mange. De plus, Est-ce que les varices d\u00e9mangent ? Les varices peuvent \u00eatre douloureuses ou au contraire compl\u00e8tement indolores. Lorsque les sympt\u00f4mes sont [&hellip;]<\/p>\n","protected":false},"author":5,"featured_media":0,"comment_status":"open","ping_status":"open","sticky":false,"template":"","format":"standard","meta":{"tdm_status":"","tdm_grid_status":"","_jetpack_memberships_contains_paid_content":false,"footnotes":"","jetpack_publicize_message":"","jetpack_publicize_feature_enabled":true,"jetpack_social_post_already_shared":true,"jetpack_social_options":{"image_generator_settings":{"template":"highway","default_image_id":0,"font":"","enabled":false},"version":2}},"categories":[80],"tags":[],"class_list":["post-88083","post","type-post","status-publish","format-standard","hentry","category-lifestyle"],"yoast_head":"<!-- This site is optimized with the Yoast SEO Premium plugin v25.0 (Yoast SEO v25.0) - https:\/\/yoast.com\/wordpress\/plugins\/seo\/ -->\n<title>Pourquoi ma varice me gratte ? - Flashmode Magazine | Magazine de mode et style de vie Num\u00e9ro un en Tunisie et au Maghreb<\/title>\n<meta name=\"description\" content=\"Le sang s&#039;accumule dans les vaisseaux capillaires en raison de l&#039;augmentation de la pression sanguine. De ce fait, une inflammation et des l\u00e9sions\" \/>\n<meta name=\"robots\" content=\"index, follow, max-snippet:-1, max-image-preview:large, max-video-preview:-1\" \/>\n<link rel=\"canonical\" href=\"https:\/\/flashmode.tn\/magazine\/pourquoi-ma-varice-me-gratte\/\" \/>\n<meta property=\"og:locale\" content=\"fr_FR\" \/>\n<meta property=\"og:type\" content=\"article\" \/>\n<meta property=\"og:title\" content=\"Pourquoi ma varice me gratte ? - Flashmode Magazine | Magazine de mode et style de vie Num\u00e9ro un en Tunisie et au Maghreb\" \/>\n<meta property=\"og:description\" content=\"Le sang s&#039;accumule dans les vaisseaux capillaires en raison de l&#039;augmentation de la pression sanguine. De ce fait, une inflammation et des l\u00e9sions\" \/>\n<meta property=\"og:url\" content=\"https:\/\/flashmode.tn\/magazine\/pourquoi-ma-varice-me-gratte\/\" \/>\n<meta property=\"og:site_name\" content=\"Flashmode Magazine | Magazine de mode et style de vie Num\u00e9ro un en Tunisie et au Maghreb\" \/>\n<meta property=\"article:publisher\" content=\"https:\/\/www.facebook.com\/flashmode.magazine\/\" \/>\n<meta property=\"article:published_time\" content=\"2022-05-26T13:52:57+00:00\" \/>\n<meta name=\"author\" content=\"PeopleLife\" \/>\n<meta name=\"twitter:card\" content=\"summary_large_image\" \/>\n<meta name=\"twitter:creator\" content=\"@agenceflashmode\" \/>\n<meta name=\"twitter:site\" content=\"@agenceflashmode\" \/>\n<meta name=\"twitter:label1\" content=\"\u00c9crit par\" \/>\n\t<meta name=\"twitter:data1\" content=\"PeopleLife\" \/>\n\t<meta name=\"twitter:label2\" content=\"Dur\u00e9e de lecture estim\u00e9e\" \/>\n\t<meta name=\"twitter:data2\" content=\"6 minutes\" \/>\n<script type=\"application\/ld+json\" class=\"yoast-schema-graph\">{\"@context\":\"https:\/\/schema.org\",\"@graph\":[{\"@type\":\"WebPage\",\"@id\":\"https:\/\/flashmode.tn\/magazine\/pourquoi-ma-varice-me-gratte\/\",\"url\":\"https:\/\/flashmode.tn\/magazine\/pourquoi-ma-varice-me-gratte\/\",\"name\":\"Pourquoi ma varice me gratte ? - Flashmode Magazine | Magazine de mode et style de vie Num\u00e9ro un en Tunisie et au Maghreb\",\"isPartOf\":{\"@id\":\"https:\/\/flashmode.tn\/magazine\/#website\"},\"datePublished\":\"2022-05-26T13:52:57+00:00\",\"author\":{\"@id\":\"https:\/\/flashmode.tn\/magazine\/#\/schema\/person\/6815bd30337e8756d5357219766efcc3\"},\"description\":\"Le sang s'accumule dans les vaisseaux capillaires en raison de l'augmentation de la pression sanguine. De ce fait, une inflammation et des l\u00e9sions\",\"breadcrumb\":{\"@id\":\"https:\/\/flashmode.tn\/magazine\/pourquoi-ma-varice-me-gratte\/#breadcrumb\"},\"inLanguage\":\"fr-FR\",\"potentialAction\":[{\"@type\":\"ReadAction\",\"target\":[\"https:\/\/flashmode.tn\/magazine\/pourquoi-ma-varice-me-gratte\/\"]}]},{\"@type\":\"BreadcrumbList\",\"@id\":\"https:\/\/flashmode.tn\/magazine\/pourquoi-ma-varice-me-gratte\/#breadcrumb\",\"itemListElement\":[{\"@type\":\"ListItem\",\"position\":1,\"name\":\"Accueil\",\"item\":\"https:\/\/flashmode.tn\/magazine\/\"},{\"@type\":\"ListItem\",\"position\":2,\"name\":\"Pourquoi ma varice me gratte ?\"}]},{\"@type\":\"WebSite\",\"@id\":\"https:\/\/flashmode.tn\/magazine\/#website\",\"url\":\"https:\/\/flashmode.tn\/magazine\/\",\"name\":\"Flashmode Magazine | Magazine de mode et style de vie Num\u00e9ro un en Tunisie et au Maghreb\",\"description\":\"Magazine de mode et style de vie Num\u00e9ro un en Tunisie et au Maghreb, cr\u00e9\u00e9 pour les hommes et les femmes : conseils beaut\u00e9, mode femme, mode homme, recettes de cuisine, c\u00e9l\u00e9brit\u00e9s et people, mannequins et top modeles\",\"potentialAction\":[{\"@type\":\"SearchAction\",\"target\":{\"@type\":\"EntryPoint\",\"urlTemplate\":\"https:\/\/flashmode.tn\/magazine\/?s={search_term_string}\"},\"query-input\":{\"@type\":\"PropertyValueSpecification\",\"valueRequired\":true,\"valueName\":\"search_term_string\"}}],\"inLanguage\":\"fr-FR\"},{\"@type\":\"Person\",\"@id\":\"https:\/\/flashmode.tn\/magazine\/#\/schema\/person\/6815bd30337e8756d5357219766efcc3\",\"name\":\"PeopleLife\",\"image\":{\"@type\":\"ImageObject\",\"inLanguage\":\"fr-FR\",\"@id\":\"https:\/\/flashmode.tn\/magazine\/#\/schema\/person\/image\/\",\"url\":\"https:\/\/secure.gravatar.com\/avatar\/8098f49196034391d93ae20d939ad33b14f6b745c986049ad803a54f4113e18c?s=96&d=mm&r=g\",\"contentUrl\":\"https:\/\/secure.gravatar.com\/avatar\/8098f49196034391d93ae20d939ad33b14f6b745c986049ad803a54f4113e18c?s=96&d=mm&r=g\",\"caption\":\"PeopleLife\"},\"url\":\"https:\/\/flashmode.tn\/magazine\/author\/peoplelife\/\"}]}<\/script>\n<!-- \/ Yoast SEO Premium plugin. -->","yoast_head_json":{"title":"Pourquoi ma varice me gratte ? - Flashmode Magazine | Magazine de mode et style de vie Num\u00e9ro un en Tunisie et au Maghreb","description":"Le sang s'accumule dans les vaisseaux capillaires en raison de l'augmentation de la pression sanguine. De ce fait, une inflammation et des l\u00e9sions","robots":{"index":"index","follow":"follow","max-snippet":"max-snippet:-1","max-image-preview":"max-image-preview:large","max-video-preview":"max-video-preview:-1"},"canonical":"https:\/\/flashmode.tn\/magazine\/pourquoi-ma-varice-me-gratte\/","og_locale":"fr_FR","og_type":"article","og_title":"Pourquoi ma varice me gratte ? - Flashmode Magazine | Magazine de mode et style de vie Num\u00e9ro un en Tunisie et au Maghreb","og_description":"Le sang s'accumule dans les vaisseaux capillaires en raison de l'augmentation de la pression sanguine. De ce fait, une inflammation et des l\u00e9sions","og_url":"https:\/\/flashmode.tn\/magazine\/pourquoi-ma-varice-me-gratte\/","og_site_name":"Flashmode Magazine | Magazine de mode et style de vie Num\u00e9ro un en Tunisie et au Maghreb","article_publisher":"https:\/\/www.facebook.com\/flashmode.magazine\/","article_published_time":"2022-05-26T13:52:57+00:00","author":"PeopleLife","twitter_card":"summary_large_image","twitter_creator":"@agenceflashmode","twitter_site":"@agenceflashmode","twitter_misc":{"\u00c9crit par":"PeopleLife","Dur\u00e9e de lecture estim\u00e9e":"6 minutes"},"schema":{"@context":"https:\/\/schema.org","@graph":[{"@type":"WebPage","@id":"https:\/\/flashmode.tn\/magazine\/pourquoi-ma-varice-me-gratte\/","url":"https:\/\/flashmode.tn\/magazine\/pourquoi-ma-varice-me-gratte\/","name":"Pourquoi ma varice me gratte ? - Flashmode Magazine | Magazine de mode et style de vie Num\u00e9ro un en Tunisie et au Maghreb","isPartOf":{"@id":"https:\/\/flashmode.tn\/magazine\/#website"},"datePublished":"2022-05-26T13:52:57+00:00","author":{"@id":"https:\/\/flashmode.tn\/magazine\/#\/schema\/person\/6815bd30337e8756d5357219766efcc3"},"description":"Le sang s'accumule dans les vaisseaux capillaires en raison de l'augmentation de la pression sanguine. De ce fait, une inflammation et des l\u00e9sions","breadcrumb":{"@id":"https:\/\/flashmode.tn\/magazine\/pourquoi-ma-varice-me-gratte\/#breadcrumb"},"inLanguage":"fr-FR","potentialAction":[{"@type":"ReadAction","target":["https:\/\/flashmode.tn\/magazine\/pourquoi-ma-varice-me-gratte\/"]}]},{"@type":"BreadcrumbList","@id":"https:\/\/flashmode.tn\/magazine\/pourquoi-ma-varice-me-gratte\/#breadcrumb","itemListElement":[{"@type":"ListItem","position":1,"name":"Accueil","item":"https:\/\/flashmode.tn\/magazine\/"},{"@type":"ListItem","position":2,"name":"Pourquoi ma varice me gratte ?"}]},{"@type":"WebSite","@id":"https:\/\/flashmode.tn\/magazine\/#website","url":"https:\/\/flashmode.tn\/magazine\/","name":"Flashmode Magazine | Magazine de mode et style de vie Num\u00e9ro un en Tunisie et au Maghreb","description":"Magazine de mode et style de vie Num\u00e9ro un en Tunisie et au Maghreb, cr\u00e9\u00e9 pour les hommes et les femmes : conseils beaut\u00e9, mode femme, mode homme, recettes de cuisine, c\u00e9l\u00e9brit\u00e9s et people, mannequins et top modeles","potentialAction":[{"@type":"SearchAction","target":{"@type":"EntryPoint","urlTemplate":"https:\/\/flashmode.tn\/magazine\/?s={search_term_string}"},"query-input":{"@type":"PropertyValueSpecification","valueRequired":true,"valueName":"search_term_string"}}],"inLanguage":"fr-FR"},{"@type":"Person","@id":"https:\/\/flashmode.tn\/magazine\/#\/schema\/person\/6815bd30337e8756d5357219766efcc3","name":"PeopleLife","image":{"@type":"ImageObject","inLanguage":"fr-FR","@id":"https:\/\/flashmode.tn\/magazine\/#\/schema\/person\/image\/","url":"https:\/\/secure.gravatar.com\/avatar\/8098f49196034391d93ae20d939ad33b14f6b745c986049ad803a54f4113e18c?s=96&d=mm&r=g","contentUrl":"https:\/\/secure.gravatar.com\/avatar\/8098f49196034391d93ae20d939ad33b14f6b745c986049ad803a54f4113e18c?s=96&d=mm&r=g","caption":"PeopleLife"},"url":"https:\/\/flashmode.tn\/magazine\/author\/peoplelife\/"}]}},"jetpack_publicize_connections":[],"jetpack_featured_media_url":"","jetpack_shortlink":"https:\/\/wp.me\/p8BPGr-mUH","jetpack_sharing_enabled":true,"_links":{"self":[{"href":"https:\/\/flashmode.tn\/magazine\/wp-json\/wp\/v2\/posts\/88083","targetHints":{"allow":["GET"]}}],"collection":[{"href":"https:\/\/flashmode.tn\/magazine\/wp-json\/wp\/v2\/posts"}],"about":[{"href":"https:\/\/flashmode.tn\/magazine\/wp-json\/wp\/v2\/types\/post"}],"author":[{"embeddable":true,"href":"https:\/\/flashmode.tn\/magazine\/wp-json\/wp\/v2\/users\/5"}],"replies":[{"embeddable":true,"href":"https:\/\/flashmode.tn\/magazine\/wp-json\/wp\/v2\/comments?post=88083"}],"version-history":[{"count":0,"href":"https:\/\/flashmode.tn\/magazine\/wp-json\/wp\/v2\/posts\/88083\/revisions"}],"wp:attachment":[{"href":"https:\/\/flashmode.tn\/magazine\/wp-json\/wp\/v2\/media?parent=88083"}],"wp:term":[{"taxonomy":"category","embeddable":true,"href":"https:\/\/flashmode.tn\/magazine\/wp-json\/wp\/v2\/categories?post=88083"},{"taxonomy":"post_tag","embeddable":true,"href":"https:\/\/flashmode.tn\/magazine\/wp-json\/wp\/v2\/tags?post=88083"}],"curies":[{"name":"wp","href":"https:\/\/api.w.org\/{rel}","templated":true}]}}