{"id":88602,"date":"2022-06-09T20:46:52","date_gmt":"2022-06-09T18:46:52","guid":{"rendered":"https:\/\/flashmode.tn\/magazine\/?p=88602"},"modified":"2022-06-09T20:46:52","modified_gmt":"2022-06-09T18:46:52","slug":"comment-reconstituer-la-myeline-naturellement","status":"publish","type":"post","link":"https:\/\/flashmode.tn\/magazine\/comment-reconstituer-la-myeline-naturellement\/","title":{"rendered":"Comment reconstituer la my\u00e9line naturellement ?"},"content":{"rendered":"<p>Pour r\u00e9sumer l&rsquo;\u00e9tat des connaissances, il est possible qu&rsquo;un d\u00e9ficit en acides gras om\u00e9ga-3 affecte l&rsquo;expression des g\u00e8nes impliqu\u00e9s dans la my\u00e9lination, ce qui sugg\u00e8re de conserver un bon niveau de consommation en poissons gras, voire huiles de poisson.<\/p>\n<p>De plus, Quelles sont les causes du manque de concentration ? C&rsquo;est un ph\u00e9nom\u00e8ne connu : la fatigue, les apn\u00e9es du sommeil ou le <b>manque<\/b> chronique de sommeil peuvent entra\u00eener une baisse de la <b>concentration<\/b> et des pertes de m\u00e9moire. le stress et la d\u00e9pression, les \u00e9v\u00e9nements traumatisants. certaines carences alimentaires, notamment en vitamine B1 ou B12.<\/p>\n<p>Quel aliment contient de la my\u00e9line ?<\/p>\n<p>Du poisson pour les om\u00e9ga-3<\/p>\n<p> La <b>my\u00e9line<\/b> est une enveloppe compos\u00e9e principalement de lipides servant \u00e0 prot\u00e9ger les fibres nerveuses. Pour pouvoir accomplir son r\u00f4le, elle doit disposer de bons gras, que l&rsquo;<b>alimentation<\/b> peut lui fournir. Ainsi, les gras om\u00e9ga-3 sont \u00e0 privil\u00e9gier.<\/p>\n<p>Par ailleurs, Comment r\u00e9g\u00e9n\u00e9rer la gaine de my\u00e9line ? \u00ab La testost\u00e9rone favorise la production de <b>my\u00e9line<\/b> par les cellules qui la synth\u00e9tisent dans le syst\u00e8me nerveux central dans le but de r\u00e9parer la <b>gaine<\/b> essentielle \u00e0 la transmission de l&rsquo;influx nerveux \u00bb indique Elisabeth Traiffort, directrice de recherche \u00e0 l&rsquo;Inserm.<\/p>\n<div id=\"ez-toc-container\" class=\"ez-toc-v2_0_81 counter-hierarchy ez-toc-counter ez-toc-grey ez-toc-container-direction\">\n<div class=\"ez-toc-title-container\">\n<p class=\"ez-toc-title\" style=\"cursor:inherit\">Contenus de la page<\/p>\n<span class=\"ez-toc-title-toggle\"><a href=\"#\" class=\"ez-toc-pull-right ez-toc-btn ez-toc-btn-xs ez-toc-btn-default ez-toc-toggle\" aria-label=\"Toggle Table of Content\"><span class=\"ez-toc-js-icon-con\"><span class=\"\"><span class=\"eztoc-hide\" style=\"display:none;\">Toggle<\/span><span class=\"ez-toc-icon-toggle-span\"><svg style=\"fill: #999;color:#999\" xmlns=\"http:\/\/www.w3.org\/2000\/svg\" class=\"list-377408\" width=\"20px\" height=\"20px\" viewBox=\"0 0 24 24\" fill=\"none\"><path d=\"M6 6H4v2h2V6zm14 0H8v2h12V6zM4 11h2v2H4v-2zm16 0H8v2h12v-2zM4 16h2v2H4v-2zm16 0H8v2h12v-2z\" fill=\"currentColor\"><\/path><\/svg><svg style=\"fill: #999;color:#999\" class=\"arrow-unsorted-368013\" xmlns=\"http:\/\/www.w3.org\/2000\/svg\" width=\"10px\" height=\"10px\" viewBox=\"0 0 24 24\" version=\"1.2\" baseProfile=\"tiny\"><path d=\"M18.2 9.3l-6.2-6.3-6.2 6.3c-.2.2-.3.4-.3.7s.1.5.3.7c.2.2.4.3.7.3h11c.3 0 .5-.1.7-.3.2-.2.3-.5.3-.7s-.1-.5-.3-.7zM5.8 14.7l6.2 6.3 6.2-6.3c.2-.2.3-.5.3-.7s-.1-.5-.3-.7c-.2-.2-.4-.3-.7-.3h-11c-.3 0-.5.1-.7.3-.2.2-.3.5-.3.7s.1.5.3.7z\"\/><\/svg><\/span><\/span><\/span><\/a><\/span><\/div>\n<nav><ul class='ez-toc-list ez-toc-list-level-1 ' ><li class='ez-toc-page-1 ez-toc-heading-level-2'><a class=\"ez-toc-link ez-toc-heading-1\" href=\"https:\/\/flashmode.tn\/magazine\/comment-reconstituer-la-myeline-naturellement\/#Comment_favoriser_la_remyelinisation\" >Comment favoriser la remy\u00e9linisation ?<\/a><\/li><li class='ez-toc-page-1 ez-toc-heading-level-2'><a class=\"ez-toc-link ez-toc-heading-2\" href=\"https:\/\/flashmode.tn\/magazine\/comment-reconstituer-la-myeline-naturellement\/#Ou_trouver_de_la_myeline\" >O\u00f9 trouver de la my\u00e9line ?<\/a><\/li><li class='ez-toc-page-1 ez-toc-heading-level-2'><a class=\"ez-toc-link ez-toc-heading-3\" href=\"https:\/\/flashmode.tn\/magazine\/comment-reconstituer-la-myeline-naturellement\/#Pourquoi_la_moelle_epiniere_ne_se_repare_pas\" >Pourquoi la moelle \u00e9pini\u00e8re ne se r\u00e9pare pas ?<\/a><\/li><li class='ez-toc-page-1 ez-toc-heading-level-2'><a class=\"ez-toc-link ez-toc-heading-4\" href=\"https:\/\/flashmode.tn\/magazine\/comment-reconstituer-la-myeline-naturellement\/#Comment_depister_un_trouble_de_lattention\" >Comment d\u00e9pister un trouble de l&rsquo;attention ?<\/a><ul class='ez-toc-list-level-3' ><li class='ez-toc-heading-level-3'><a class=\"ez-toc-link ez-toc-heading-5\" href=\"https:\/\/flashmode.tn\/magazine\/comment-reconstituer-la-myeline-naturellement\/#Comment_savoir_si_on_a_un_probleme_de_memoire\" >Comment savoir si on a un probl\u00e8me de m\u00e9moire ?<\/a><\/li><\/ul><\/li><\/ul><\/nav><\/div>\n<h2><span class=\"ez-toc-section\" id=\"Comment_favoriser_la_remyelinisation\"><\/span>Comment favoriser la remy\u00e9linisation ?<span class=\"ez-toc-section-end\"><\/span><\/h2>\n<p>Les r\u00e9sultats pr\u00e9liminaires d&rsquo;une \u00e9tude montrent que la vitamine D pourrait <b>favoriser la remy\u00e9linisation<\/b>. La vitamine D est un nutriment essentiel \u00e0 la sant\u00e9, et d&rsquo;innombrables donn\u00e9es probantes \u00e9tayent le fait que cette vitamine est un agent de protection contre le d\u00e9clenchement de la scl\u00e9rose en plaques.<\/p>\n<p>Comment savoir si on a un trouble de la concentration ? <b>  Probl\u00e8mes d&rsquo;attention <\/b> <\/p>\n<ol>\n<li>   \u00catre incapable d&rsquo;\u00eatre attentif pendant une p\u00e9riode donn\u00e9e.  <\/li>\n<li>   \u00catre facilement distrait par ce qui nous entoure.  <\/li>\n<li>   <b>    Avoir   <\/b>   de la difficult\u00e9 \u00e0 porter une attention particuli\u00e8re aux d\u00e9tails.  <\/li>\n<li>   Faire des erreurs d&rsquo;\u00e9tourderie.  <\/li>\n<li>   Se concentrer de mani\u00e8re excessive et \u00eatre incapable de recentrer son attention.  <\/li>\n<\/ol>\n<p>Quel m\u00e9decin pour trouble de la concentration ? [3] <b>M\u00e9decin<\/b> sp\u00e9cialiste ayant acquis une comp\u00e9tence dans le diagnostic et la prise en charge du TDAH ; ce peut \u00eatre un <b>m\u00e9decin<\/b> psychiatre, p\u00e9dopsychiatre, p\u00e9diatre, neuro-p\u00e9diatre ou neurologue.<\/p>\n<p>Pourquoi mon cerveau ne retient plus rien ? Ces troubles peuvent survenir \u00e0 cause d&rsquo;une maladie affectant la m\u00e9moire. Ils peuvent \u00e9galement \u00eatre d&rsquo;origine \u00e9motionnelle. Stress, fatigue, anxi\u00e9t\u00e9 peuvent alt\u00e9rer la capacit\u00e9 \u00e0 m\u00e9moriser, de m\u00eame qu&rsquo;une alimentation carenc\u00e9e, un probl\u00e8me d&rsquo;alcoolisme, un exc\u00e8s de m\u00e9dicaments ou une fatigue excessive.<\/p>\n<h2><span class=\"ez-toc-section\" id=\"Ou_trouver_de_la_myeline\"><\/span>O\u00f9 trouver de la my\u00e9line ?<span class=\"ez-toc-section-end\"><\/span><\/h2>\n<p>Au sein du syst\u00e8me nerveux, certains neurones sont recouverts d&rsquo;une membrane grasse qui permet d&rsquo;isoler et de prot\u00e9ger les fibres nerveuses du cerveau et de la moelle \u00e9pini\u00e8re, comme une gaine de plastique autour d&rsquo;un fil \u00e9lectrique : c&rsquo;est la <b>my\u00e9line<\/b>.<\/p>\n<p>Qu&rsquo;est-ce qui d\u00e9truit la my\u00e9line ? Chez l&rsquo;adulte, la gaine de <b>my\u00e9line<\/b> peut \u00eatre l\u00e9s\u00e9e ou <b>d\u00e9truite<\/b> par : Accident vasculaire c\u00e9r\u00e9bral.<\/p>\n<p>Quelle vitamine pour la my\u00e9line ?<\/p>\n<p>La <b>vitamine<\/b> B12 est utilis\u00e9e <b>pour<\/b> r\u00e9g\u00e9n\u00e9rer les neurones et la gaine <b>de my\u00e9line<\/b>.<\/p>\n<p>Est-ce que la my\u00e9line se reconstitue ? Une r\u00e9g\u00e9n\u00e9ration naturelle de la <b>my\u00e9line<\/b><\/p>\n<p> Des recherches ont montr\u00e9 que la gaine de <b>my\u00e9line<\/b> peut <b>se<\/b> r\u00e9g\u00e9n\u00e9rer chez certains patients souffrant de scl\u00e9rose en plaques mais ce processus reste malheureusement peu efficace dans la majorit\u00e9 des cas.<\/p>\n<h2><span class=\"ez-toc-section\" id=\"Pourquoi_la_moelle_epiniere_ne_se_repare_pas\"><\/span>Pourquoi la moelle \u00e9pini\u00e8re ne se r\u00e9pare pas ?<span class=\"ez-toc-section-end\"><\/span><\/h2>\n<p>Le corps humain dispose d&rsquo;une grande capacit\u00e9 \u00e0 cicatriser de lui-m\u00eame apr\u00e8s une blessure aux os ou \u00e0 la peau, par exemple. Mais, \u00e0 <b>ce<\/b> jour, les l\u00e9sions \u00e0 la <b>moelle \u00e9pini\u00e8re<\/b> restent toujours d\u00e9vastatrices parce que les fibres nerveuses sectionn\u00e9es <b>ne<\/b> parviennent <b>pas<\/b> \u00e0 <b>se<\/b> r\u00e9g\u00e9n\u00e9rer dans le syst\u00e8me nerveux central.<\/p>\n<p>Quelle maladie d\u00e9truit la my\u00e9line ?<\/p>\n<p><b>  Chez l&rsquo;adulte, la gaine de  <b>   my\u00e9line  <\/b>  peut \u00eatre l\u00e9s\u00e9e ou  <b>   d\u00e9truite  <\/b>  par : <\/b> <\/p>\n<ul>\n<li>   Accident vasculaire c\u00e9r\u00e9bral. &#8230;  <\/li>\n<li>   Infections.  <\/li>\n<li>   Troubles immunitaires.  <\/li>\n<li>   Troubles m\u00e9taboliques.  <\/li>\n<li>   Carences nutritionnelles (comme une carence en vitamine B12. &#8230;  <\/li>\n<li>   Substances toxiques (comme le monoxyde de carbone. &#8230;  <\/li>\n<li>   M\u00e9dicaments (comme l&rsquo;antibiotique \u00e9thambutol)  <\/li>\n<\/ul>\n<p>Comment r\u00e9g\u00e9n\u00e9rer les nerfs ? Les chercheurs ont ainsi d\u00e9couvert que la stimulation des cellules nerveuses par un enrichissement de l&rsquo;environnement avant une blessure peut aider \u00e0 favoriser la <b>r\u00e9g\u00e9n\u00e9ration<\/b> des fibres nerveuses, entra\u00eenant une plus grande \u00ab repousse \u00bb sur le site de la l\u00e9sion.<\/p>\n<p>Comment reconna\u00eetre trouble de l&rsquo;attention ? Les enfants ayant un <b>TDAH<\/b> pr\u00e9sentent des difficult\u00e9s de concentration, une impulsivit\u00e9 et une agitation pendant au moins 6 mois. Ces sympt\u00f4mes ont une r\u00e9percussion importante sur la vie quotidienne, en particulier s&rsquo;ils sont associ\u00e9s \u00e0 d&rsquo;autres troubles (conduite d&rsquo;opposition, anxi\u00e9t\u00e9, dyslexie, etc.)<\/p>\n<h2><span class=\"ez-toc-section\" id=\"Comment_depister_un_trouble_de_lattention\"><\/span>Comment d\u00e9pister un trouble de l&rsquo;attention ?<span class=\"ez-toc-section-end\"><\/span><\/h2>\n<p>Le <b>TDAH<\/b> est tr\u00e8s caract\u00e9ristique. \u00ab\u00a0Il se manifeste par trois signes : des difficult\u00e9s \u00e0 se concentrer (devoirs b\u00e2cl\u00e9s, jeux trop complexes abandonn\u00e9s\u2026), une impulsivit\u00e9 marqu\u00e9e et une agitation incessante ainsi qu&rsquo;une distraction g\u00e9n\u00e9rale, en classe comme \u00e0 la maison\u00a0\u00bb, indique le Dr.<\/p>\n<p>Quels sont les 3 types de TDAH ? Le DSM-5 regroupe les sympt\u00f4mes du <b>TDAH<\/b> en <b>3 types<\/b> de pr\u00e9sentation clinique (Inattention et Impulsivit\u00e9-Hyperactivit\u00e9 et combin\u00e9e). Les sympt\u00f4mes <b>sont<\/b> pr\u00e9sents depuis l&rsquo;enfance et persistent souvent \u00e0 l&rsquo;\u00e2ge adulte.<\/p>\n<p>Comment soigner les troubles de la concentration ?<\/p>\n<p><b>  Que faire contre les probl\u00e8mes de  <b>   concentration  <\/b>  ? <\/b> <\/p>\n<ol>\n<li>   Faire une seule chose \u00e0 la fois. Vous commencez la lecture d&rsquo;une note laiss\u00e9e sur votre bureau quand le t\u00e9l\u00e9phone sonne. &#8230;  <\/li>\n<li>   Compartimenter son temps. Un pour le travail, un autre pour la d\u00e9tente. &#8230;  <\/li>\n<li>   Eviter le pilotage automatique. &#8230;  <\/li>\n<li>   Faire du sport.  <\/li>\n<\/ol>\n<p>Quelle est la diff\u00e9rence entre un psychiatre et un neuropsychiatre ? <b>Quelle diff\u00e9rence entre un psychiatre et un neuropsychiatre<\/b> ? Selon le NeuroPsychiatric Hospital (aux \u00c9tats-Unis), \u00a0\u00bb le <b>neuropsychiatre<\/b> recherche le \u00a0\u00bb pourquoi \u00a0\u00bb et le \u00a0\u00bb comment \u00a0\u00bb d&rsquo;une maladie mentale d&rsquo;un point de vue physique, tandis que le <b>psychiatre<\/b> cherche plut\u00f4t sur le plan psychologique \u00ab\u00a0.<\/p>\n<h3><span class=\"ez-toc-section\" id=\"Comment_savoir_si_on_a_un_probleme_de_memoire\"><\/span>Comment savoir si on a un probl\u00e8me de m\u00e9moire ?<span class=\"ez-toc-section-end\"><\/span><\/h3>\n<p>troubles de la parole (<b>probl\u00e8me<\/b> d&rsquo;\u00e9locution et perte de <b>m\u00e9moire<\/b>), difficult\u00e9s \u00e0 comprendre l&rsquo;interlocuteur, d\u00e9sorientation dans le temps et dans l&rsquo;espace ; perte d&rsquo;\u00e9quilibre, troubles de la vision ; mal de t\u00eate intense et brutal, alt\u00e9ration de la conscience, convulsions.<\/p>\n<p>Comment savoir si on a des probl\u00e8mes de m\u00e9moire ? <b>  Chez les personnes pr\u00e9sentant une  <b>   perte de m\u00e9moire  <\/b>  , certains sympt\u00f4mes sont sujets de pr\u00e9occupation : <\/b> <\/p>\n<ol>\n<li>   Difficult\u00e9 \u00e0 accomplir les activit\u00e9s quotidiennes habituelles.  <\/li>\n<li>   Difficult\u00e9 \u00e0 se concentrer et fluctuation du niveau de conscience (sympt\u00f4mes qui \u00e9voquent le syndrome confusionnel)  <\/li>\n<\/ol>\n<p>Pourquoi je ne retiens pas ce que j&rsquo;apprends ?<\/p>\n<p>J&rsquo;oublie ce que <b>j&rsquo;apprends<\/b> : les raisons<\/p>\n<p> 2 facteurs principaux : votre m\u00e9thode d&rsquo;apprentissage, et le contexte. Le contexte : Vous \u00eates stress\u00e9 en ce moment, peut-\u00eatre \u00e0 cause d&rsquo;un examen qui approche ou d&rsquo;un probl\u00e8me ext\u00e9rieur qui vous bouffe une partie de votre cerveau.<\/p>\n<h2><\/h2>\n","protected":false},"excerpt":{"rendered":"<p>Pour r\u00e9sumer l&rsquo;\u00e9tat des connaissances, il est possible qu&rsquo;un d\u00e9ficit en acides gras om\u00e9ga-3 affecte l&rsquo;expression des g\u00e8nes impliqu\u00e9s dans la my\u00e9lination, ce qui sugg\u00e8re de conserver un bon niveau de consommation en poissons gras, voire huiles de poisson. De plus, Quelles sont les causes du manque de concentration ? C&rsquo;est un ph\u00e9nom\u00e8ne connu : [&hellip;]<\/p>\n","protected":false},"author":5,"featured_media":0,"comment_status":"open","ping_status":"open","sticky":false,"template":"","format":"standard","meta":{"tdm_status":"","tdm_grid_status":"","_jetpack_memberships_contains_paid_content":false,"footnotes":"","jetpack_publicize_message":"","jetpack_publicize_feature_enabled":true,"jetpack_social_post_already_shared":true,"jetpack_social_options":{"image_generator_settings":{"template":"highway","default_image_id":0,"font":"","enabled":false},"version":2}},"categories":[80],"tags":[],"class_list":["post-88602","post","type-post","status-publish","format-standard","hentry","category-lifestyle"],"yoast_head":"<!-- This site is optimized with the Yoast SEO Premium plugin v25.0 (Yoast SEO v25.0) - https:\/\/yoast.com\/wordpress\/plugins\/seo\/ -->\n<title>Comment reconstituer la my\u00e9line naturellement ? - Flashmode Magazine | Magazine de mode et style de vie Num\u00e9ro un en Tunisie et au Maghreb<\/title>\n<meta name=\"description\" content=\"Pour r\u00e9sumer l&#039;\u00e9tat des connaissances, il est possible qu&#039;un d\u00e9ficit en acides gras om\u00e9ga-3 affecte l&#039;expression des g\u00e8nes impliqu\u00e9s dans la my\u00e9lination,\" \/>\n<meta name=\"robots\" content=\"index, follow, max-snippet:-1, max-image-preview:large, max-video-preview:-1\" \/>\n<link rel=\"canonical\" href=\"https:\/\/flashmode.tn\/magazine\/comment-reconstituer-la-myeline-naturellement\/\" \/>\n<meta property=\"og:locale\" content=\"fr_FR\" \/>\n<meta property=\"og:type\" content=\"article\" \/>\n<meta property=\"og:title\" content=\"Comment reconstituer la my\u00e9line naturellement ? - Flashmode Magazine | Magazine de mode et style de vie Num\u00e9ro un en Tunisie et au Maghreb\" \/>\n<meta property=\"og:description\" content=\"Pour r\u00e9sumer l&#039;\u00e9tat des connaissances, il est possible qu&#039;un d\u00e9ficit en acides gras om\u00e9ga-3 affecte l&#039;expression des g\u00e8nes impliqu\u00e9s dans la my\u00e9lination,\" \/>\n<meta property=\"og:url\" content=\"https:\/\/flashmode.tn\/magazine\/comment-reconstituer-la-myeline-naturellement\/\" \/>\n<meta property=\"og:site_name\" content=\"Flashmode Magazine | Magazine de mode et style de vie Num\u00e9ro un en Tunisie et au Maghreb\" \/>\n<meta property=\"article:publisher\" content=\"https:\/\/www.facebook.com\/flashmode.magazine\/\" \/>\n<meta property=\"article:published_time\" content=\"2022-06-09T18:46:52+00:00\" \/>\n<meta name=\"author\" content=\"PeopleLife\" \/>\n<meta name=\"twitter:card\" content=\"summary_large_image\" \/>\n<meta name=\"twitter:creator\" content=\"@agenceflashmode\" \/>\n<meta name=\"twitter:site\" content=\"@agenceflashmode\" \/>\n<meta name=\"twitter:label1\" content=\"\u00c9crit par\" \/>\n\t<meta name=\"twitter:data1\" content=\"PeopleLife\" \/>\n\t<meta name=\"twitter:label2\" content=\"Dur\u00e9e de lecture estim\u00e9e\" \/>\n\t<meta name=\"twitter:data2\" content=\"6 minutes\" \/>\n<script type=\"application\/ld+json\" class=\"yoast-schema-graph\">{\"@context\":\"https:\/\/schema.org\",\"@graph\":[{\"@type\":\"WebPage\",\"@id\":\"https:\/\/flashmode.tn\/magazine\/comment-reconstituer-la-myeline-naturellement\/\",\"url\":\"https:\/\/flashmode.tn\/magazine\/comment-reconstituer-la-myeline-naturellement\/\",\"name\":\"Comment reconstituer la my\u00e9line naturellement ? - Flashmode Magazine | Magazine de mode et style de vie Num\u00e9ro un en Tunisie et au Maghreb\",\"isPartOf\":{\"@id\":\"https:\/\/flashmode.tn\/magazine\/#website\"},\"datePublished\":\"2022-06-09T18:46:52+00:00\",\"author\":{\"@id\":\"https:\/\/flashmode.tn\/magazine\/#\/schema\/person\/6815bd30337e8756d5357219766efcc3\"},\"description\":\"Pour r\u00e9sumer l'\u00e9tat des connaissances, il est possible qu'un d\u00e9ficit en acides gras om\u00e9ga-3 affecte l'expression des g\u00e8nes impliqu\u00e9s dans la my\u00e9lination,\",\"breadcrumb\":{\"@id\":\"https:\/\/flashmode.tn\/magazine\/comment-reconstituer-la-myeline-naturellement\/#breadcrumb\"},\"inLanguage\":\"fr-FR\",\"potentialAction\":[{\"@type\":\"ReadAction\",\"target\":[\"https:\/\/flashmode.tn\/magazine\/comment-reconstituer-la-myeline-naturellement\/\"]}]},{\"@type\":\"BreadcrumbList\",\"@id\":\"https:\/\/flashmode.tn\/magazine\/comment-reconstituer-la-myeline-naturellement\/#breadcrumb\",\"itemListElement\":[{\"@type\":\"ListItem\",\"position\":1,\"name\":\"Accueil\",\"item\":\"https:\/\/flashmode.tn\/magazine\/\"},{\"@type\":\"ListItem\",\"position\":2,\"name\":\"Comment reconstituer la my\u00e9line naturellement ?\"}]},{\"@type\":\"WebSite\",\"@id\":\"https:\/\/flashmode.tn\/magazine\/#website\",\"url\":\"https:\/\/flashmode.tn\/magazine\/\",\"name\":\"Flashmode Magazine | Magazine de mode et style de vie Num\u00e9ro un en Tunisie et au Maghreb\",\"description\":\"Magazine de mode et style de vie Num\u00e9ro un en Tunisie et au Maghreb, cr\u00e9\u00e9 pour les hommes et les femmes : conseils beaut\u00e9, mode femme, mode homme, recettes de cuisine, c\u00e9l\u00e9brit\u00e9s et people, mannequins et top modeles\",\"potentialAction\":[{\"@type\":\"SearchAction\",\"target\":{\"@type\":\"EntryPoint\",\"urlTemplate\":\"https:\/\/flashmode.tn\/magazine\/?s={search_term_string}\"},\"query-input\":{\"@type\":\"PropertyValueSpecification\",\"valueRequired\":true,\"valueName\":\"search_term_string\"}}],\"inLanguage\":\"fr-FR\"},{\"@type\":\"Person\",\"@id\":\"https:\/\/flashmode.tn\/magazine\/#\/schema\/person\/6815bd30337e8756d5357219766efcc3\",\"name\":\"PeopleLife\",\"image\":{\"@type\":\"ImageObject\",\"inLanguage\":\"fr-FR\",\"@id\":\"https:\/\/flashmode.tn\/magazine\/#\/schema\/person\/image\/\",\"url\":\"https:\/\/secure.gravatar.com\/avatar\/8098f49196034391d93ae20d939ad33b14f6b745c986049ad803a54f4113e18c?s=96&d=mm&r=g\",\"contentUrl\":\"https:\/\/secure.gravatar.com\/avatar\/8098f49196034391d93ae20d939ad33b14f6b745c986049ad803a54f4113e18c?s=96&d=mm&r=g\",\"caption\":\"PeopleLife\"},\"url\":\"https:\/\/flashmode.tn\/magazine\/author\/peoplelife\/\"}]}<\/script>\n<!-- \/ Yoast SEO Premium plugin. -->","yoast_head_json":{"title":"Comment reconstituer la my\u00e9line naturellement ? - Flashmode Magazine | Magazine de mode et style de vie Num\u00e9ro un en Tunisie et au Maghreb","description":"Pour r\u00e9sumer l'\u00e9tat des connaissances, il est possible qu'un d\u00e9ficit en acides gras om\u00e9ga-3 affecte l'expression des g\u00e8nes impliqu\u00e9s dans la my\u00e9lination,","robots":{"index":"index","follow":"follow","max-snippet":"max-snippet:-1","max-image-preview":"max-image-preview:large","max-video-preview":"max-video-preview:-1"},"canonical":"https:\/\/flashmode.tn\/magazine\/comment-reconstituer-la-myeline-naturellement\/","og_locale":"fr_FR","og_type":"article","og_title":"Comment reconstituer la my\u00e9line naturellement ? - Flashmode Magazine | Magazine de mode et style de vie Num\u00e9ro un en Tunisie et au Maghreb","og_description":"Pour r\u00e9sumer l'\u00e9tat des connaissances, il est possible qu'un d\u00e9ficit en acides gras om\u00e9ga-3 affecte l'expression des g\u00e8nes impliqu\u00e9s dans la my\u00e9lination,","og_url":"https:\/\/flashmode.tn\/magazine\/comment-reconstituer-la-myeline-naturellement\/","og_site_name":"Flashmode Magazine | Magazine de mode et style de vie Num\u00e9ro un en Tunisie et au Maghreb","article_publisher":"https:\/\/www.facebook.com\/flashmode.magazine\/","article_published_time":"2022-06-09T18:46:52+00:00","author":"PeopleLife","twitter_card":"summary_large_image","twitter_creator":"@agenceflashmode","twitter_site":"@agenceflashmode","twitter_misc":{"\u00c9crit par":"PeopleLife","Dur\u00e9e de lecture estim\u00e9e":"6 minutes"},"schema":{"@context":"https:\/\/schema.org","@graph":[{"@type":"WebPage","@id":"https:\/\/flashmode.tn\/magazine\/comment-reconstituer-la-myeline-naturellement\/","url":"https:\/\/flashmode.tn\/magazine\/comment-reconstituer-la-myeline-naturellement\/","name":"Comment reconstituer la my\u00e9line naturellement ? - Flashmode Magazine | Magazine de mode et style de vie Num\u00e9ro un en Tunisie et au Maghreb","isPartOf":{"@id":"https:\/\/flashmode.tn\/magazine\/#website"},"datePublished":"2022-06-09T18:46:52+00:00","author":{"@id":"https:\/\/flashmode.tn\/magazine\/#\/schema\/person\/6815bd30337e8756d5357219766efcc3"},"description":"Pour r\u00e9sumer l'\u00e9tat des connaissances, il est possible qu'un d\u00e9ficit en acides gras om\u00e9ga-3 affecte l'expression des g\u00e8nes impliqu\u00e9s dans la my\u00e9lination,","breadcrumb":{"@id":"https:\/\/flashmode.tn\/magazine\/comment-reconstituer-la-myeline-naturellement\/#breadcrumb"},"inLanguage":"fr-FR","potentialAction":[{"@type":"ReadAction","target":["https:\/\/flashmode.tn\/magazine\/comment-reconstituer-la-myeline-naturellement\/"]}]},{"@type":"BreadcrumbList","@id":"https:\/\/flashmode.tn\/magazine\/comment-reconstituer-la-myeline-naturellement\/#breadcrumb","itemListElement":[{"@type":"ListItem","position":1,"name":"Accueil","item":"https:\/\/flashmode.tn\/magazine\/"},{"@type":"ListItem","position":2,"name":"Comment reconstituer la my\u00e9line naturellement ?"}]},{"@type":"WebSite","@id":"https:\/\/flashmode.tn\/magazine\/#website","url":"https:\/\/flashmode.tn\/magazine\/","name":"Flashmode Magazine | Magazine de mode et style de vie Num\u00e9ro un en Tunisie et au Maghreb","description":"Magazine de mode et style de vie Num\u00e9ro un en Tunisie et au Maghreb, cr\u00e9\u00e9 pour les hommes et les femmes : conseils beaut\u00e9, mode femme, mode homme, recettes de cuisine, c\u00e9l\u00e9brit\u00e9s et people, mannequins et top modeles","potentialAction":[{"@type":"SearchAction","target":{"@type":"EntryPoint","urlTemplate":"https:\/\/flashmode.tn\/magazine\/?s={search_term_string}"},"query-input":{"@type":"PropertyValueSpecification","valueRequired":true,"valueName":"search_term_string"}}],"inLanguage":"fr-FR"},{"@type":"Person","@id":"https:\/\/flashmode.tn\/magazine\/#\/schema\/person\/6815bd30337e8756d5357219766efcc3","name":"PeopleLife","image":{"@type":"ImageObject","inLanguage":"fr-FR","@id":"https:\/\/flashmode.tn\/magazine\/#\/schema\/person\/image\/","url":"https:\/\/secure.gravatar.com\/avatar\/8098f49196034391d93ae20d939ad33b14f6b745c986049ad803a54f4113e18c?s=96&d=mm&r=g","contentUrl":"https:\/\/secure.gravatar.com\/avatar\/8098f49196034391d93ae20d939ad33b14f6b745c986049ad803a54f4113e18c?s=96&d=mm&r=g","caption":"PeopleLife"},"url":"https:\/\/flashmode.tn\/magazine\/author\/peoplelife\/"}]}},"jetpack_publicize_connections":[],"jetpack_featured_media_url":"","jetpack_shortlink":"https:\/\/wp.me\/p8BPGr-n34","jetpack_sharing_enabled":true,"_links":{"self":[{"href":"https:\/\/flashmode.tn\/magazine\/wp-json\/wp\/v2\/posts\/88602","targetHints":{"allow":["GET"]}}],"collection":[{"href":"https:\/\/flashmode.tn\/magazine\/wp-json\/wp\/v2\/posts"}],"about":[{"href":"https:\/\/flashmode.tn\/magazine\/wp-json\/wp\/v2\/types\/post"}],"author":[{"embeddable":true,"href":"https:\/\/flashmode.tn\/magazine\/wp-json\/wp\/v2\/users\/5"}],"replies":[{"embeddable":true,"href":"https:\/\/flashmode.tn\/magazine\/wp-json\/wp\/v2\/comments?post=88602"}],"version-history":[{"count":0,"href":"https:\/\/flashmode.tn\/magazine\/wp-json\/wp\/v2\/posts\/88602\/revisions"}],"wp:attachment":[{"href":"https:\/\/flashmode.tn\/magazine\/wp-json\/wp\/v2\/media?parent=88602"}],"wp:term":[{"taxonomy":"category","embeddable":true,"href":"https:\/\/flashmode.tn\/magazine\/wp-json\/wp\/v2\/categories?post=88602"},{"taxonomy":"post_tag","embeddable":true,"href":"https:\/\/flashmode.tn\/magazine\/wp-json\/wp\/v2\/tags?post=88602"}],"curies":[{"name":"wp","href":"https:\/\/api.w.org\/{rel}","templated":true}]}}