{"id":91494,"date":"2022-06-28T03:42:47","date_gmt":"2022-06-28T01:42:47","guid":{"rendered":"https:\/\/flashmode.tn\/magazine\/?p=91494"},"modified":"2022-06-28T03:42:47","modified_gmt":"2022-06-28T01:42:47","slug":"comment-sappelle-les-cleaners","status":"publish","type":"post","link":"https:\/\/flashmode.tn\/magazine\/comment-sappelle-les-cleaners\/","title":{"rendered":"Comment s&rsquo;appelle les Cleaners ?"},"content":{"rendered":"<p>Les experts en nettoyage reviennent avec un \u00e9pisode in\u00e9dit le mercredi 22 septembre \u00e0 21h05 sur la cha\u00eene du groupe TF1. D\u00e9couvrez les portraits de Leslie, Alexandre, Laura et Claude, les quatre pros du m\u00e9nage.<\/p>\n<p>De plus, Qui est Laura de Cleaners ? G\u00e9rante de la soci\u00e9t\u00e9 de nettoyage colmarienne Eco&rsquo;Clean, <b>Laura<\/b> Bischetti participe \u00e0 l&rsquo;\u00e9mission \u00ab <b>Cleaners<\/b> : les experts du m\u00e9nage \u00bb, diffus\u00e9e \u00e0 partir de ce mercredi 15 janvier sur la cha\u00eene TFX. Elle se d\u00e9crit elle-m\u00eame comme une \u00ab maniaque \u00bb, <b>qui<\/b> \u00ab aime faire le m\u00e9nage \u00bb\u2026 au point d&rsquo;en avoir fait son m\u00e9tier.<\/p>\n<p>Qui sont les experts de Cleaners ?<\/p>\n<p><b>  \u00a0\u00bb  <b>   Cleaners  <\/b>  , les  <b>   experts  <\/b>  du m\u00e9nage\u00a0\u00bb : tout ce qu&rsquo;il faut savoir sur Alexandre, Leslie, Zak et Laura, les quatre pros du plumeau <\/b> <\/p>\n<ul>\n<li>   Alexandre. Ce chef cuisinier adore pr\u00e9parer des petits plats mais aussi nettoyer son restaurant. &#8230;  <\/li>\n<li>   Zak. Zak a deux passions : le m\u00e9nage et son blog. &#8230;  <\/li>\n<li>   Laura.  <\/li>\n<\/ul>\n<p>Par ailleurs, Qui est Leslie Cleaners ? Originaire du Var, <b>Leslie<\/b> a 37 ans. Femme de chambre polyvalente dans un h\u00f4tel et m\u00e8re de trois enfants, elle ne s&rsquo;arr\u00eate jamais, ne jure <b>que<\/b> par le vinaigre blanc, et nettoie plus vite <b>que<\/b> son ombre. \u00abJ&rsquo;ai toujours ador\u00e9 nettoyer et j&rsquo;en ai fait mon m\u00e9tier.<\/p>\n<h2>Quand passe Cleaner ?<\/h2>\n<p>Dans leur bagage, Claude, un petit nouveau pour qui \u00abesprit sain\u00bb rime avec \u00abmaison saine\u00bb. \u00ab<b>Cleaners<\/b>, les experts du m\u00e9nage\u00bb &#8211; produit par Adventure Line (\u00abKoh-Lanta\u00bb, \u00abFort Boyard\u00bb, \u00abBoyard Land\u00bb&#8230;) et adapt\u00e9 du format \u00abObsessive Compulsive <b>Cleaners<\/b>\u00bb &#8211; fait son retour en prime time sur TFX le mercredi 13 janvier.<\/p>\n<p>Qui est Alexandre des Cleaners ? Originaire de Paimpol dans les C\u00f4tes-d&rsquo;Armor, <b>Alexandre<\/b> Cressiot n&rsquo;a pas laiss\u00e9 indiff\u00e9rent le public de TFX. Il faut dire <b>qu<\/b>&lsquo;entre ses 2.05 m\u00e8tres et ses tatouages, l&rsquo;expert de <b>Cleaners<\/b> en impose. Celui, <b>qui est<\/b> pr\u00e9sent\u00e9 comme un \u00ab toqu\u00e9 de la propret\u00e9 \u00bb, a fait ses armes dans le domaine de la cuisine.<\/p>\n<h2><\/h2>\n<h2><\/h2>\n<h2><\/h2>\n<h3><\/h3>\n<h2><\/h2>\n","protected":false},"excerpt":{"rendered":"<p>Les experts en nettoyage reviennent avec un \u00e9pisode in\u00e9dit le mercredi 22 septembre \u00e0 21h05 sur la cha\u00eene du groupe TF1. D\u00e9couvrez les portraits de Leslie, Alexandre, Laura et Claude, les quatre pros du m\u00e9nage. De plus, Qui est Laura de Cleaners ? G\u00e9rante de la soci\u00e9t\u00e9 de nettoyage colmarienne Eco&rsquo;Clean, Laura Bischetti participe \u00e0 [&hellip;]<\/p>\n","protected":false},"author":5,"featured_media":0,"comment_status":"open","ping_status":"open","sticky":false,"template":"","format":"standard","meta":{"tdm_status":"","tdm_grid_status":"","_jetpack_memberships_contains_paid_content":false,"footnotes":"","jetpack_publicize_message":"","jetpack_publicize_feature_enabled":true,"jetpack_social_post_already_shared":true,"jetpack_social_options":{"image_generator_settings":{"template":"highway","default_image_id":0,"font":"","enabled":false},"version":2}},"categories":[80],"tags":[],"class_list":["post-91494","post","type-post","status-publish","format-standard","hentry","category-lifestyle"],"yoast_head":"<!-- This site is optimized with the Yoast SEO Premium plugin v25.0 (Yoast SEO v25.0) - https:\/\/yoast.com\/wordpress\/plugins\/seo\/ -->\n<title>Comment s&#039;appelle les Cleaners ? - Flashmode Magazine | Magazine de mode et style de vie Num\u00e9ro un en Tunisie et au Maghreb<\/title>\n<meta name=\"description\" content=\"Les experts en nettoyage reviennent avec un \u00e9pisode in\u00e9dit le mercredi 22 septembre \u00e0 21h05 sur la cha\u00eene du groupe TF1. D\u00e9couvrez les portraits de\" \/>\n<meta name=\"robots\" content=\"index, follow, max-snippet:-1, max-image-preview:large, max-video-preview:-1\" \/>\n<link rel=\"canonical\" href=\"https:\/\/flashmode.tn\/magazine\/comment-sappelle-les-cleaners\/\" \/>\n<meta property=\"og:locale\" content=\"fr_FR\" \/>\n<meta property=\"og:type\" content=\"article\" \/>\n<meta property=\"og:title\" content=\"Comment s&#039;appelle les Cleaners ? - Flashmode Magazine | Magazine de mode et style de vie Num\u00e9ro un en Tunisie et au Maghreb\" \/>\n<meta property=\"og:description\" content=\"Les experts en nettoyage reviennent avec un \u00e9pisode in\u00e9dit le mercredi 22 septembre \u00e0 21h05 sur la cha\u00eene du groupe TF1. D\u00e9couvrez les portraits de\" \/>\n<meta property=\"og:url\" content=\"https:\/\/flashmode.tn\/magazine\/comment-sappelle-les-cleaners\/\" \/>\n<meta property=\"og:site_name\" content=\"Flashmode Magazine | Magazine de mode et style de vie Num\u00e9ro un en Tunisie et au Maghreb\" \/>\n<meta property=\"article:publisher\" content=\"https:\/\/www.facebook.com\/flashmode.magazine\/\" \/>\n<meta property=\"article:published_time\" content=\"2022-06-28T01:42:47+00:00\" \/>\n<meta name=\"author\" content=\"PeopleLife\" \/>\n<meta name=\"twitter:card\" content=\"summary_large_image\" \/>\n<meta name=\"twitter:creator\" content=\"@agenceflashmode\" \/>\n<meta name=\"twitter:site\" content=\"@agenceflashmode\" \/>\n<meta name=\"twitter:label1\" content=\"\u00c9crit par\" \/>\n\t<meta name=\"twitter:data1\" content=\"PeopleLife\" \/>\n\t<meta name=\"twitter:label2\" content=\"Dur\u00e9e de lecture estim\u00e9e\" \/>\n\t<meta name=\"twitter:data2\" content=\"2 minutes\" \/>\n<script type=\"application\/ld+json\" class=\"yoast-schema-graph\">{\"@context\":\"https:\/\/schema.org\",\"@graph\":[{\"@type\":\"WebPage\",\"@id\":\"https:\/\/flashmode.tn\/magazine\/comment-sappelle-les-cleaners\/\",\"url\":\"https:\/\/flashmode.tn\/magazine\/comment-sappelle-les-cleaners\/\",\"name\":\"Comment s'appelle les Cleaners ? - Flashmode Magazine | Magazine de mode et style de vie Num\u00e9ro un en Tunisie et au Maghreb\",\"isPartOf\":{\"@id\":\"https:\/\/flashmode.tn\/magazine\/#website\"},\"datePublished\":\"2022-06-28T01:42:47+00:00\",\"author\":{\"@id\":\"https:\/\/flashmode.tn\/magazine\/#\/schema\/person\/6815bd30337e8756d5357219766efcc3\"},\"description\":\"Les experts en nettoyage reviennent avec un \u00e9pisode in\u00e9dit le mercredi 22 septembre \u00e0 21h05 sur la cha\u00eene du groupe TF1. D\u00e9couvrez les portraits de\",\"breadcrumb\":{\"@id\":\"https:\/\/flashmode.tn\/magazine\/comment-sappelle-les-cleaners\/#breadcrumb\"},\"inLanguage\":\"fr-FR\",\"potentialAction\":[{\"@type\":\"ReadAction\",\"target\":[\"https:\/\/flashmode.tn\/magazine\/comment-sappelle-les-cleaners\/\"]}]},{\"@type\":\"BreadcrumbList\",\"@id\":\"https:\/\/flashmode.tn\/magazine\/comment-sappelle-les-cleaners\/#breadcrumb\",\"itemListElement\":[{\"@type\":\"ListItem\",\"position\":1,\"name\":\"Accueil\",\"item\":\"https:\/\/flashmode.tn\/magazine\/\"},{\"@type\":\"ListItem\",\"position\":2,\"name\":\"Comment s&rsquo;appelle les Cleaners ?\"}]},{\"@type\":\"WebSite\",\"@id\":\"https:\/\/flashmode.tn\/magazine\/#website\",\"url\":\"https:\/\/flashmode.tn\/magazine\/\",\"name\":\"Flashmode Magazine | Magazine de mode et style de vie Num\u00e9ro un en Tunisie et au Maghreb\",\"description\":\"Magazine de mode et style de vie Num\u00e9ro un en Tunisie et au Maghreb, cr\u00e9\u00e9 pour les hommes et les femmes : conseils beaut\u00e9, mode femme, mode homme, recettes de cuisine, c\u00e9l\u00e9brit\u00e9s et people, mannequins et top modeles\",\"potentialAction\":[{\"@type\":\"SearchAction\",\"target\":{\"@type\":\"EntryPoint\",\"urlTemplate\":\"https:\/\/flashmode.tn\/magazine\/?s={search_term_string}\"},\"query-input\":{\"@type\":\"PropertyValueSpecification\",\"valueRequired\":true,\"valueName\":\"search_term_string\"}}],\"inLanguage\":\"fr-FR\"},{\"@type\":\"Person\",\"@id\":\"https:\/\/flashmode.tn\/magazine\/#\/schema\/person\/6815bd30337e8756d5357219766efcc3\",\"name\":\"PeopleLife\",\"image\":{\"@type\":\"ImageObject\",\"inLanguage\":\"fr-FR\",\"@id\":\"https:\/\/flashmode.tn\/magazine\/#\/schema\/person\/image\/\",\"url\":\"https:\/\/secure.gravatar.com\/avatar\/8098f49196034391d93ae20d939ad33b14f6b745c986049ad803a54f4113e18c?s=96&d=mm&r=g\",\"contentUrl\":\"https:\/\/secure.gravatar.com\/avatar\/8098f49196034391d93ae20d939ad33b14f6b745c986049ad803a54f4113e18c?s=96&d=mm&r=g\",\"caption\":\"PeopleLife\"},\"url\":\"https:\/\/flashmode.tn\/magazine\/author\/peoplelife\/\"}]}<\/script>\n<!-- \/ Yoast SEO Premium plugin. -->","yoast_head_json":{"title":"Comment s'appelle les Cleaners ? - Flashmode Magazine | Magazine de mode et style de vie Num\u00e9ro un en Tunisie et au Maghreb","description":"Les experts en nettoyage reviennent avec un \u00e9pisode in\u00e9dit le mercredi 22 septembre \u00e0 21h05 sur la cha\u00eene du groupe TF1. D\u00e9couvrez les portraits de","robots":{"index":"index","follow":"follow","max-snippet":"max-snippet:-1","max-image-preview":"max-image-preview:large","max-video-preview":"max-video-preview:-1"},"canonical":"https:\/\/flashmode.tn\/magazine\/comment-sappelle-les-cleaners\/","og_locale":"fr_FR","og_type":"article","og_title":"Comment s'appelle les Cleaners ? - Flashmode Magazine | Magazine de mode et style de vie Num\u00e9ro un en Tunisie et au Maghreb","og_description":"Les experts en nettoyage reviennent avec un \u00e9pisode in\u00e9dit le mercredi 22 septembre \u00e0 21h05 sur la cha\u00eene du groupe TF1. D\u00e9couvrez les portraits de","og_url":"https:\/\/flashmode.tn\/magazine\/comment-sappelle-les-cleaners\/","og_site_name":"Flashmode Magazine | Magazine de mode et style de vie Num\u00e9ro un en Tunisie et au Maghreb","article_publisher":"https:\/\/www.facebook.com\/flashmode.magazine\/","article_published_time":"2022-06-28T01:42:47+00:00","author":"PeopleLife","twitter_card":"summary_large_image","twitter_creator":"@agenceflashmode","twitter_site":"@agenceflashmode","twitter_misc":{"\u00c9crit par":"PeopleLife","Dur\u00e9e de lecture estim\u00e9e":"2 minutes"},"schema":{"@context":"https:\/\/schema.org","@graph":[{"@type":"WebPage","@id":"https:\/\/flashmode.tn\/magazine\/comment-sappelle-les-cleaners\/","url":"https:\/\/flashmode.tn\/magazine\/comment-sappelle-les-cleaners\/","name":"Comment s'appelle les Cleaners ? - Flashmode Magazine | Magazine de mode et style de vie Num\u00e9ro un en Tunisie et au Maghreb","isPartOf":{"@id":"https:\/\/flashmode.tn\/magazine\/#website"},"datePublished":"2022-06-28T01:42:47+00:00","author":{"@id":"https:\/\/flashmode.tn\/magazine\/#\/schema\/person\/6815bd30337e8756d5357219766efcc3"},"description":"Les experts en nettoyage reviennent avec un \u00e9pisode in\u00e9dit le mercredi 22 septembre \u00e0 21h05 sur la cha\u00eene du groupe TF1. D\u00e9couvrez les portraits de","breadcrumb":{"@id":"https:\/\/flashmode.tn\/magazine\/comment-sappelle-les-cleaners\/#breadcrumb"},"inLanguage":"fr-FR","potentialAction":[{"@type":"ReadAction","target":["https:\/\/flashmode.tn\/magazine\/comment-sappelle-les-cleaners\/"]}]},{"@type":"BreadcrumbList","@id":"https:\/\/flashmode.tn\/magazine\/comment-sappelle-les-cleaners\/#breadcrumb","itemListElement":[{"@type":"ListItem","position":1,"name":"Accueil","item":"https:\/\/flashmode.tn\/magazine\/"},{"@type":"ListItem","position":2,"name":"Comment s&rsquo;appelle les Cleaners ?"}]},{"@type":"WebSite","@id":"https:\/\/flashmode.tn\/magazine\/#website","url":"https:\/\/flashmode.tn\/magazine\/","name":"Flashmode Magazine | Magazine de mode et style de vie Num\u00e9ro un en Tunisie et au Maghreb","description":"Magazine de mode et style de vie Num\u00e9ro un en Tunisie et au Maghreb, cr\u00e9\u00e9 pour les hommes et les femmes : conseils beaut\u00e9, mode femme, mode homme, recettes de cuisine, c\u00e9l\u00e9brit\u00e9s et people, mannequins et top modeles","potentialAction":[{"@type":"SearchAction","target":{"@type":"EntryPoint","urlTemplate":"https:\/\/flashmode.tn\/magazine\/?s={search_term_string}"},"query-input":{"@type":"PropertyValueSpecification","valueRequired":true,"valueName":"search_term_string"}}],"inLanguage":"fr-FR"},{"@type":"Person","@id":"https:\/\/flashmode.tn\/magazine\/#\/schema\/person\/6815bd30337e8756d5357219766efcc3","name":"PeopleLife","image":{"@type":"ImageObject","inLanguage":"fr-FR","@id":"https:\/\/flashmode.tn\/magazine\/#\/schema\/person\/image\/","url":"https:\/\/secure.gravatar.com\/avatar\/8098f49196034391d93ae20d939ad33b14f6b745c986049ad803a54f4113e18c?s=96&d=mm&r=g","contentUrl":"https:\/\/secure.gravatar.com\/avatar\/8098f49196034391d93ae20d939ad33b14f6b745c986049ad803a54f4113e18c?s=96&d=mm&r=g","caption":"PeopleLife"},"url":"https:\/\/flashmode.tn\/magazine\/author\/peoplelife\/"}]}},"jetpack_publicize_connections":[],"jetpack_featured_media_url":"","jetpack_shortlink":"https:\/\/wp.me\/p8BPGr-nNI","jetpack_sharing_enabled":true,"_links":{"self":[{"href":"https:\/\/flashmode.tn\/magazine\/wp-json\/wp\/v2\/posts\/91494","targetHints":{"allow":["GET"]}}],"collection":[{"href":"https:\/\/flashmode.tn\/magazine\/wp-json\/wp\/v2\/posts"}],"about":[{"href":"https:\/\/flashmode.tn\/magazine\/wp-json\/wp\/v2\/types\/post"}],"author":[{"embeddable":true,"href":"https:\/\/flashmode.tn\/magazine\/wp-json\/wp\/v2\/users\/5"}],"replies":[{"embeddable":true,"href":"https:\/\/flashmode.tn\/magazine\/wp-json\/wp\/v2\/comments?post=91494"}],"version-history":[{"count":0,"href":"https:\/\/flashmode.tn\/magazine\/wp-json\/wp\/v2\/posts\/91494\/revisions"}],"wp:attachment":[{"href":"https:\/\/flashmode.tn\/magazine\/wp-json\/wp\/v2\/media?parent=91494"}],"wp:term":[{"taxonomy":"category","embeddable":true,"href":"https:\/\/flashmode.tn\/magazine\/wp-json\/wp\/v2\/categories?post=91494"},{"taxonomy":"post_tag","embeddable":true,"href":"https:\/\/flashmode.tn\/magazine\/wp-json\/wp\/v2\/tags?post=91494"}],"curies":[{"name":"wp","href":"https:\/\/api.w.org\/{rel}","templated":true}]}}