{"id":92238,"date":"2022-06-09T14:08:25","date_gmt":"2022-06-09T12:08:25","guid":{"rendered":"https:\/\/flashmode.tn\/magazine\/?p=92238"},"modified":"2022-06-09T14:08:25","modified_gmt":"2022-06-09T12:08:25","slug":"comment-recycler-la-farine","status":"publish","type":"post","link":"https:\/\/flashmode.tn\/magazine\/comment-recycler-la-farine\/","title":{"rendered":"Comment recycler la farine ?"},"content":{"rendered":"<p><b>  7 id\u00e9es anti-gaspillage pour  <b>   recycler la farine  <\/b>  p\u00e9rim\u00e9e <\/b> <\/p>\n<ol>\n<li>   1 . Colle \u00e9cologique \u00e0 la   <b>    farine   <\/b>   . &#8230;  <\/li>\n<li>   2 . Une p\u00e2te \u00e0 modeler 100 % naturelle. &#8230;  <\/li>\n<li>   3 . Nettoyant et d\u00e9sincrustant. &#8230;  <\/li>\n<li>   4 . Shampoing sec. &#8230;  <\/li>\n<li>   5 . D\u00e9tachant \u00e0 sec. &#8230;  <\/li>\n<li>   6 . Insecticide : \u00e0 la maison et au jardin. &#8230;  <\/li>\n<li>   7 . Peinture \u00e0 la   <b>    farine   <\/b>   .  <\/li>\n<\/ol>\n<p>De plus, Quel insecte dans la farine ? Le tribolium rouge de la <b>farine<\/b> est un <b>insecte<\/b> ravageur tr\u00e8s courant dans les magasins, qui attaquent plusieurs c\u00e9r\u00e9ales et des denr\u00e9es alimentaires. On le trouve dans les produits stock\u00e9s en France.<\/p>\n<p>Comment conserver 5 kg de farine ?<\/p>\n<p>Votre <b>farine<\/b> doit \u00eatre plac\u00e9e dans un endroit sec, un placard, et \u00e0 l&rsquo;abri de l&rsquo;humidit\u00e9. La meilleure mani\u00e8re de <b>conserver<\/b> la <b>farine<\/b> est celle de la congeler en la mettant dans un sac herm\u00e9tique.<\/p>\n<p>Par ailleurs, Est-ce que la ma\u00efzena se p\u00e9rime ? Du coup, il arrive souvent que l&rsquo;on <b>se<\/b> demande si la bo\u00eete de f\u00e9cule de ma\u00efs que l&rsquo;on a achet\u00e9e il y a 6 mois <b>est<\/b> encore bonne ou non&#8230; En r\u00e9alit\u00e9, la <b>ma\u00efzena est<\/b> un produit qui ne <b>se p\u00e9rime<\/b> pas, alors si elle a \u00e9t\u00e9 bien conserv\u00e9e, on peut la garder 30 ans sans probl\u00e8me !<\/p>\n<div id=\"ez-toc-container\" class=\"ez-toc-v2_0_81 counter-hierarchy ez-toc-counter ez-toc-grey ez-toc-container-direction\">\n<div class=\"ez-toc-title-container\">\n<p class=\"ez-toc-title\" style=\"cursor:inherit\">Contenus de la page<\/p>\n<span class=\"ez-toc-title-toggle\"><a href=\"#\" class=\"ez-toc-pull-right ez-toc-btn ez-toc-btn-xs ez-toc-btn-default ez-toc-toggle\" aria-label=\"Toggle Table of Content\"><span class=\"ez-toc-js-icon-con\"><span class=\"\"><span class=\"eztoc-hide\" style=\"display:none;\">Toggle<\/span><span class=\"ez-toc-icon-toggle-span\"><svg style=\"fill: #999;color:#999\" xmlns=\"http:\/\/www.w3.org\/2000\/svg\" class=\"list-377408\" width=\"20px\" height=\"20px\" viewBox=\"0 0 24 24\" fill=\"none\"><path d=\"M6 6H4v2h2V6zm14 0H8v2h12V6zM4 11h2v2H4v-2zm16 0H8v2h12v-2zM4 16h2v2H4v-2zm16 0H8v2h12v-2z\" fill=\"currentColor\"><\/path><\/svg><svg style=\"fill: #999;color:#999\" class=\"arrow-unsorted-368013\" xmlns=\"http:\/\/www.w3.org\/2000\/svg\" width=\"10px\" height=\"10px\" viewBox=\"0 0 24 24\" version=\"1.2\" baseProfile=\"tiny\"><path d=\"M18.2 9.3l-6.2-6.3-6.2 6.3c-.2.2-.3.4-.3.7s.1.5.3.7c.2.2.4.3.7.3h11c.3 0 .5-.1.7-.3.2-.2.3-.5.3-.7s-.1-.5-.3-.7zM5.8 14.7l6.2 6.3 6.2-6.3c.2-.2.3-.5.3-.7s-.1-.5-.3-.7c-.2-.2-.4-.3-.7-.3h-11c-.3 0-.5.1-.7.3-.2.2-.3.5-.3.7s.1.5.3.7z\"\/><\/svg><\/span><\/span><\/span><\/a><\/span><\/div>\n<nav><ul class='ez-toc-list ez-toc-list-level-1 ' ><li class='ez-toc-page-1 ez-toc-heading-level-2'><a class=\"ez-toc-link ez-toc-heading-1\" href=\"https:\/\/flashmode.tn\/magazine\/comment-recycler-la-farine\/#Est-ce_dangereux_de_manger_des_charancons\" >Est-ce dangereux de manger des charan\u00e7ons ?<\/a><\/li><li class='ez-toc-page-1 ez-toc-heading-level-2'><a class=\"ez-toc-link ez-toc-heading-2\" href=\"https:\/\/flashmode.tn\/magazine\/comment-recycler-la-farine\/#Comment_conserver_la_farine_blanche\" >Comment conserver la farine blanche ?<\/a><\/li><li class='ez-toc-page-1 ez-toc-heading-level-2'><a class=\"ez-toc-link ez-toc-heading-3\" href=\"https:\/\/flashmode.tn\/magazine\/comment-recycler-la-farine\/#Quels_sont_les_aliments_non_perissables\" >Quels sont les aliments non p\u00e9rissables ?<\/a><\/li><li class='ez-toc-page-1 ez-toc-heading-level-2'><a class=\"ez-toc-link ez-toc-heading-4\" href=\"https:\/\/flashmode.tn\/magazine\/comment-recycler-la-farine\/#Comment_trouver_le_nid_des_mites_alimentaires\" >Comment trouver le nid des mites alimentaires ?<\/a><ul class='ez-toc-list-level-3' ><li class='ez-toc-heading-level-3'><a class=\"ez-toc-link ez-toc-heading-5\" href=\"https:\/\/flashmode.tn\/magazine\/comment-recycler-la-farine\/#Comment_se_forment_les_vers_dans_la_nourriture\" >Comment se forment les vers dans la nourriture ?<\/a><\/li><\/ul><\/li><\/ul><\/nav><\/div>\n<h2><span class=\"ez-toc-section\" id=\"Est-ce_dangereux_de_manger_des_charancons\"><\/span>Est-ce dangereux de manger des charan\u00e7ons ?<span class=\"ez-toc-section-end\"><\/span><\/h2>\n<p>Vous n&rsquo;avez pas d&rsquo;inqui\u00e9tude \u00e0 avoir, les <b>charan\u00e7ons<\/b> ne sont pas <b>dangereux<\/b> pour votre sant\u00e9. Mise \u00e0 part <b>que<\/b> leur pr\u00e9sence <b>est<\/b> tr\u00e8s d\u00e9sagr\u00e9able, vous pouvez ing\u00e9rer leurs larves sans <b>danger<\/b>, celles-ci sont comestibles.<\/p>\n<p>Est-il dangereux de manger des mites alimentaires ? Les <b>mites alimentaires<\/b> ne <b>sont<\/b> nullement toxiques. Ces minuscules vermisseaux ne pr\u00e9sentent aucun <b>danger<\/b> pour la sant\u00e9. <b>Manger des mites alimentaires<\/b> vous donnera le haut-le-coeur, mais sans plus. Cependant, toute infestation <b>est<\/b> intol\u00e9rable et stressante.<\/p>\n<p>Pourquoi j&rsquo;ai des vers dans la farine ? Probablement par un sachet de graines ou de <b>farine<\/b> d\u00e9j\u00e0 contamin\u00e9 [2] contenant des oeufs ou des larves de petites tailles, aux premiers stades de leur d\u00e9veloppement.<\/p>\n<p>Pourquoi mettre la farine au frigo ? La conservation au r\u00e9frig\u00e9rateur ou au cong\u00e9lateur des <b>farines<\/b> de grains entiers \u2013 comme la <b>farine<\/b> de bl\u00e9 entier, d&rsquo;\u00e9peautre ou de seigle \u2013 prolongera leur dur\u00e9e et les prot\u00e9gera en m\u00eame temps des parasites.<\/p>\n<h2><span class=\"ez-toc-section\" id=\"Comment_conserver_la_farine_blanche\"><\/span>Comment conserver la farine blanche ?<span class=\"ez-toc-section-end\"><\/span><\/h2>\n<p>La meilleure fa\u00e7on de <b>conserver<\/b> une <b>farine<\/b> est dans un contenant herm\u00e9tique et de l&rsquo;entreposer \u00e0 l&rsquo;abri de la lumi\u00e8re, dans un endroit frais et sec. Un autre moyen de <b>conserver<\/b> les <b>farines<\/b> est de placer votre produit dans un pot herm\u00e9tique au cong\u00e9lateur.<\/p>\n<p>Comment conserver la farine au frigo ? 1\/ Si il y a trop d&rsquo;humidit\u00e9 ou que la temp\u00e9rature est \u00e9lev\u00e9e, mettez votre <b>farine<\/b> dans un sac plastique, au <b>frigo<\/b>! Ainsi, pas de moisissures. Attention! La <b>farine<\/b> de bl\u00e9 compl\u00e8te se <b>conserve<\/b> 2 mois et celle contenant de la levure 3 mois.<\/p>\n<p>Quel aliment ne se p\u00e9rime jamais ?<\/p>\n<p>D&rsquo;autres <b>aliments<\/b>, comme le miel, <b>ne<\/b> p\u00e9riment jamais : le beurre clarifi\u00e9, le sel, l&rsquo;eau, la ma\u00efzena, les p\u00e2tes, le riz, les \u00e9pices, les l\u00e9gumes secs, l&rsquo;huile d&rsquo;olivre, les <b>aliments<\/b> sous conserve, le vinaigre de riz blanc, le sirop d&rsquo;\u00e9rable, le sucre et l&rsquo;alcool.<\/p>\n<p>Quel est le seul aliment qui peut se garder plus de 2000 ans sans p\u00e9rimer ? C&rsquo;<b>est<\/b> donc le <b>seul aliment qui<\/b> ne <b>p\u00e9rime<\/b> jamais, \u00e0 condition qu&rsquo;il soit conserv\u00e9 dans un endroit sec. On raconte m\u00eame que du miel vieux de <b>2000 ans<\/b> retrouv\u00e9 dans les pyramides \u00e9gyptiennes <b>est<\/b> encore propre \u00e0 la consommation (m\u00eame s&rsquo;il n&rsquo;a <b>plus<\/b> aucun go\u00fbt).<\/p>\n<h2><span class=\"ez-toc-section\" id=\"Quels_sont_les_aliments_non_perissables\"><\/span>Quels sont les aliments non p\u00e9rissables ?<span class=\"ez-toc-section-end\"><\/span><\/h2>\n<p><b>  14  <b>   aliments  <\/b>  qui ne p\u00e9riment jamais <\/b> <\/p>\n<ol>\n<li>   Le sucre. Le sucre blanc, roux, en cassonade, peu importe la sorte, le sucre ne se d\u00e9grade jamais. &#8230;  <\/li>\n<li>   Le sel. &#8230;  <\/li>\n<li>   Le vinaigre. &#8230;  <\/li>\n<li>   Les l\u00e9gumineuses en conserve. &#8230;  <\/li>\n<li>   Les l\u00e9gumes secs. &#8230;  <\/li>\n<li>   Les p\u00e2tes. &#8230;  <\/li>\n<li>   Le riz blanc. &#8230;  <\/li>\n<li>   Les fruits secs.  <\/li>\n<\/ol>\n<p>Comment \u00e9radiquer des charan\u00e7ons ?<\/p>\n<p>Les <b>charan\u00e7ons<\/b> redoutent le froid. Pour les \u00e9liminer, mettez les provisions qui les int\u00e9ressent dans des bocaux bien herm\u00e9tiques et placez-les au r\u00e9frig\u00e9rateur. Inutile de baisser la temp\u00e9rature, il suffit qu&rsquo;il fasse moins de 10\u00b0C pour qu&rsquo;ils cessent de se d\u00e9velopper. Vous pouvez alors \u00e9liminer les individus visibles.<\/p>\n<p>Qu&rsquo;est-ce qui attire les charan\u00e7ons ? Le <b>charan\u00e7on<\/b> sera alors plus visible. Il <b>est attir\u00e9<\/b> par les haricots secs quelle <b>que<\/b> soit leur couleur, le riz, les p\u00e2tes, les pois chiches, les lentilles, les c\u00e9r\u00e9ales, etc..<\/p>\n<p>Comment faire fuir les charan\u00e7ons ? <b>Faire fuir les charan\u00e7ons<\/b><\/p>\n<p> De nombreuses plantes s&rsquo;av\u00e8rent efficaces pour <b>\u00e9loigner les charan\u00e7ons<\/b> des placards : le romarin, les clous de girofle, les feuilles de laurier, les gousses d&rsquo;ail et les graines de poivre noir.<\/p>\n<h2><span class=\"ez-toc-section\" id=\"Comment_trouver_le_nid_des_mites_alimentaires\"><\/span>Comment trouver le nid des mites alimentaires ?<span class=\"ez-toc-section-end\"><\/span><\/h2>\n<p>La pr\u00e9sence des <b>mites alimentaires<\/b> se remarque donc par l&rsquo;apparition de petits vers blancs dans la nourriture, les larves. Il est \u00e9galement possible d&rsquo;apercevoir des cocons autour des couvercles de bocaux ou de bo\u00eetes de conserve ainsi qu&rsquo;au plafond. Ceux-ci sont d&rsquo;un blanc translucide et d&rsquo;une mati\u00e8re collante.<\/p>\n<p>Comment Attrape-t-on des mites alimentaires ? En r\u00e8gle g\u00e9n\u00e9rale, les <b>mites alimentaires<\/b> proviennent des produits achet\u00e9s dans les supermarch\u00e9s. Souvent, vous introduisez chez vous une larve ou un cocon coll\u00e9s sur le paquet. R\u00e9sultat : une <b>mite<\/b> femelle peut pondre 200 \u0153ufs d&rsquo;o\u00f9 \u00e9closent les larves au bout de quelques jours seulement.<\/p>\n<p>Comment tuer des vers de nourriture ?<\/p>\n<p>Il existe de nombreuses recettes \u00e0 base de cristaux de soude, de bicarbonate de soude, de marc de caf\u00e9 ou encore de vinaigre. Une astuce simple et \u00e9conomique consiste \u00e0 faire bouillir de l&rsquo;eau et de la verser directement dans les canalisations de la <b>cuisine<\/b> et de la salle de bain.<\/p>\n<p>Comment se d\u00e9veloppe les vers de farine ? Les <b>vers de farine<\/b>, en fait la larve du t\u00e9n\u00e9brion, auront besoin d&rsquo;un minimum de 10 semaines pour passer par tous les stades de leur cycle de croissance et pour <b>se<\/b> reproduire afin de produire de nouveaux <b>vers de farine<\/b>. Ils vont passer du stade de larve \u00e0 celui de nymphe et de celui de nymphe \u00e0 celui d&rsquo;adulte.<\/p>\n<h3><span class=\"ez-toc-section\" id=\"Comment_se_forment_les_vers_dans_la_nourriture\"><\/span>Comment se forment les vers dans la nourriture ?<span class=\"ez-toc-section-end\"><\/span><\/h3>\n<p>Les \u0153ufs sont pondus sur de la viande en d\u00e9composition, excr\u00e9ments d&rsquo;animaux, fumier, ou dans des r\u00e9serves d&rsquo;eau stagnante \u2014 quoi que ce soit fournissant de la <b>nourriture<\/b> en quantit\u00e9 aux larves, g\u00e9n\u00e9ralement dans un endroit humide. Apr\u00e8s 8 \u00e0 20 heures, les \u0153ufs \u00e9closent et les mouches entrent dans leur stade d&rsquo;asticot.<\/p>\n<p>O\u00f9 conserver sa farine ? Conservez toujours votre <b>farine<\/b> dans une bo\u00eete herm\u00e9tique, au frais mais pas au froid, \u00e0 l&rsquo;abri de l&rsquo;humidit\u00e9, de la chaleur et de la lumi\u00e8re. C&rsquo;est seulement dans ces conditions que vous pourrez la <b>conserver<\/b> longtemps, et ne pas voir vos placards envahis de bestioles qui n&rsquo;\u00e9taient pas invit\u00e9es !<\/p>\n<p>O\u00f9 ranger sa farine ?<\/p>\n<p>4. Rangez les p\u00e2tes, le riz et la <b>farine<\/b> dans des r\u00e9cipients empilables. M\u00eame principe avec les p\u00e2tes et le riz qu&rsquo;avec les c\u00e9r\u00e9ales. Utilisez des bo\u00eetes de rangement qui s&#8217;empilent pour stocker les p\u00e2tes, le riz et la <b>farine<\/b>.<\/p>\n<p>Pourquoi ne pas mettre \u0153ufs au frigo ? Faut-il ou non conserver ses <b>\u0153ufs<\/b> dans le <b>r\u00e9frig\u00e9rateur<\/b><\/p>\n<p> Le risque principal provient de la salmonelle contenue dans les produits d&rsquo;origine animale et notamment dans l&rsquo;<b>\u0153uf<\/b>. Lorsque la poule pond, elle enrobe l&rsquo;<b>\u0153uf<\/b> d&rsquo;un film protecteur.<\/p>\n<h2><\/h2>\n","protected":false},"excerpt":{"rendered":"<p>7 id\u00e9es anti-gaspillage pour recycler la farine p\u00e9rim\u00e9e 1 . Colle \u00e9cologique \u00e0 la farine . &#8230; 2 . Une p\u00e2te \u00e0 modeler 100 % naturelle. &#8230; 3 . Nettoyant et d\u00e9sincrustant. &#8230; 4 . Shampoing sec. &#8230; 5 . D\u00e9tachant \u00e0 sec. &#8230; 6 . Insecticide : \u00e0 la maison et au jardin. &#8230; [&hellip;]<\/p>\n","protected":false},"author":5,"featured_media":0,"comment_status":"open","ping_status":"open","sticky":false,"template":"","format":"standard","meta":{"tdm_status":"","tdm_grid_status":"","_jetpack_memberships_contains_paid_content":false,"footnotes":"","jetpack_publicize_message":"","jetpack_publicize_feature_enabled":true,"jetpack_social_post_already_shared":true,"jetpack_social_options":{"image_generator_settings":{"template":"highway","default_image_id":0,"font":"","enabled":false},"version":2}},"categories":[80],"tags":[],"class_list":["post-92238","post","type-post","status-publish","format-standard","hentry","category-lifestyle"],"yoast_head":"<!-- This site is optimized with the Yoast SEO Premium plugin v25.0 (Yoast SEO v25.0) - https:\/\/yoast.com\/wordpress\/plugins\/seo\/ -->\n<title>Comment recycler la farine ? - Flashmode Magazine | Magazine de mode et style de vie Num\u00e9ro un en Tunisie et au Maghreb<\/title>\n<meta name=\"description\" content=\"7 id\u00e9es anti-gaspillage pour recycler la farine p\u00e9rim\u00e9e 1 . Colle \u00e9cologique \u00e0 la farine . ... 2 . Une p\u00e2te \u00e0 modeler 100 % naturelle. ... 3 . Nettoyant\" \/>\n<meta name=\"robots\" content=\"index, follow, max-snippet:-1, max-image-preview:large, max-video-preview:-1\" \/>\n<link rel=\"canonical\" href=\"https:\/\/flashmode.tn\/magazine\/comment-recycler-la-farine\/\" \/>\n<meta property=\"og:locale\" content=\"fr_FR\" \/>\n<meta property=\"og:type\" content=\"article\" \/>\n<meta property=\"og:title\" content=\"Comment recycler la farine ? - Flashmode Magazine | Magazine de mode et style de vie Num\u00e9ro un en Tunisie et au Maghreb\" \/>\n<meta property=\"og:description\" content=\"7 id\u00e9es anti-gaspillage pour recycler la farine p\u00e9rim\u00e9e 1 . Colle \u00e9cologique \u00e0 la farine . ... 2 . Une p\u00e2te \u00e0 modeler 100 % naturelle. ... 3 . Nettoyant\" \/>\n<meta property=\"og:url\" content=\"https:\/\/flashmode.tn\/magazine\/comment-recycler-la-farine\/\" \/>\n<meta property=\"og:site_name\" content=\"Flashmode Magazine | Magazine de mode et style de vie Num\u00e9ro un en Tunisie et au Maghreb\" \/>\n<meta property=\"article:publisher\" content=\"https:\/\/www.facebook.com\/flashmode.magazine\/\" \/>\n<meta property=\"article:published_time\" content=\"2022-06-09T12:08:25+00:00\" \/>\n<meta name=\"author\" content=\"PeopleLife\" \/>\n<meta name=\"twitter:card\" content=\"summary_large_image\" \/>\n<meta name=\"twitter:creator\" content=\"@agenceflashmode\" \/>\n<meta name=\"twitter:site\" content=\"@agenceflashmode\" \/>\n<meta name=\"twitter:label1\" content=\"\u00c9crit par\" \/>\n\t<meta name=\"twitter:data1\" content=\"PeopleLife\" \/>\n\t<meta name=\"twitter:label2\" content=\"Dur\u00e9e de lecture estim\u00e9e\" \/>\n\t<meta name=\"twitter:data2\" content=\"6 minutes\" \/>\n<script type=\"application\/ld+json\" class=\"yoast-schema-graph\">{\"@context\":\"https:\/\/schema.org\",\"@graph\":[{\"@type\":\"WebPage\",\"@id\":\"https:\/\/flashmode.tn\/magazine\/comment-recycler-la-farine\/\",\"url\":\"https:\/\/flashmode.tn\/magazine\/comment-recycler-la-farine\/\",\"name\":\"Comment recycler la farine ? - Flashmode Magazine | Magazine de mode et style de vie Num\u00e9ro un en Tunisie et au Maghreb\",\"isPartOf\":{\"@id\":\"https:\/\/flashmode.tn\/magazine\/#website\"},\"datePublished\":\"2022-06-09T12:08:25+00:00\",\"author\":{\"@id\":\"https:\/\/flashmode.tn\/magazine\/#\/schema\/person\/6815bd30337e8756d5357219766efcc3\"},\"description\":\"7 id\u00e9es anti-gaspillage pour recycler la farine p\u00e9rim\u00e9e 1 . Colle \u00e9cologique \u00e0 la farine . ... 2 . Une p\u00e2te \u00e0 modeler 100 % naturelle. ... 3 . Nettoyant\",\"breadcrumb\":{\"@id\":\"https:\/\/flashmode.tn\/magazine\/comment-recycler-la-farine\/#breadcrumb\"},\"inLanguage\":\"fr-FR\",\"potentialAction\":[{\"@type\":\"ReadAction\",\"target\":[\"https:\/\/flashmode.tn\/magazine\/comment-recycler-la-farine\/\"]}]},{\"@type\":\"BreadcrumbList\",\"@id\":\"https:\/\/flashmode.tn\/magazine\/comment-recycler-la-farine\/#breadcrumb\",\"itemListElement\":[{\"@type\":\"ListItem\",\"position\":1,\"name\":\"Accueil\",\"item\":\"https:\/\/flashmode.tn\/magazine\/\"},{\"@type\":\"ListItem\",\"position\":2,\"name\":\"Comment recycler la farine ?\"}]},{\"@type\":\"WebSite\",\"@id\":\"https:\/\/flashmode.tn\/magazine\/#website\",\"url\":\"https:\/\/flashmode.tn\/magazine\/\",\"name\":\"Flashmode Magazine | Magazine de mode et style de vie Num\u00e9ro un en Tunisie et au Maghreb\",\"description\":\"Magazine de mode et style de vie Num\u00e9ro un en Tunisie et au Maghreb, cr\u00e9\u00e9 pour les hommes et les femmes : conseils beaut\u00e9, mode femme, mode homme, recettes de cuisine, c\u00e9l\u00e9brit\u00e9s et people, mannequins et top modeles\",\"potentialAction\":[{\"@type\":\"SearchAction\",\"target\":{\"@type\":\"EntryPoint\",\"urlTemplate\":\"https:\/\/flashmode.tn\/magazine\/?s={search_term_string}\"},\"query-input\":{\"@type\":\"PropertyValueSpecification\",\"valueRequired\":true,\"valueName\":\"search_term_string\"}}],\"inLanguage\":\"fr-FR\"},{\"@type\":\"Person\",\"@id\":\"https:\/\/flashmode.tn\/magazine\/#\/schema\/person\/6815bd30337e8756d5357219766efcc3\",\"name\":\"PeopleLife\",\"image\":{\"@type\":\"ImageObject\",\"inLanguage\":\"fr-FR\",\"@id\":\"https:\/\/flashmode.tn\/magazine\/#\/schema\/person\/image\/\",\"url\":\"https:\/\/secure.gravatar.com\/avatar\/8098f49196034391d93ae20d939ad33b14f6b745c986049ad803a54f4113e18c?s=96&d=mm&r=g\",\"contentUrl\":\"https:\/\/secure.gravatar.com\/avatar\/8098f49196034391d93ae20d939ad33b14f6b745c986049ad803a54f4113e18c?s=96&d=mm&r=g\",\"caption\":\"PeopleLife\"},\"url\":\"https:\/\/flashmode.tn\/magazine\/author\/peoplelife\/\"}]}<\/script>\n<!-- \/ Yoast SEO Premium plugin. -->","yoast_head_json":{"title":"Comment recycler la farine ? - Flashmode Magazine | Magazine de mode et style de vie Num\u00e9ro un en Tunisie et au Maghreb","description":"7 id\u00e9es anti-gaspillage pour recycler la farine p\u00e9rim\u00e9e 1 . Colle \u00e9cologique \u00e0 la farine . ... 2 . Une p\u00e2te \u00e0 modeler 100 % naturelle. ... 3 . Nettoyant","robots":{"index":"index","follow":"follow","max-snippet":"max-snippet:-1","max-image-preview":"max-image-preview:large","max-video-preview":"max-video-preview:-1"},"canonical":"https:\/\/flashmode.tn\/magazine\/comment-recycler-la-farine\/","og_locale":"fr_FR","og_type":"article","og_title":"Comment recycler la farine ? - Flashmode Magazine | Magazine de mode et style de vie Num\u00e9ro un en Tunisie et au Maghreb","og_description":"7 id\u00e9es anti-gaspillage pour recycler la farine p\u00e9rim\u00e9e 1 . Colle \u00e9cologique \u00e0 la farine . ... 2 . Une p\u00e2te \u00e0 modeler 100 % naturelle. ... 3 . Nettoyant","og_url":"https:\/\/flashmode.tn\/magazine\/comment-recycler-la-farine\/","og_site_name":"Flashmode Magazine | Magazine de mode et style de vie Num\u00e9ro un en Tunisie et au Maghreb","article_publisher":"https:\/\/www.facebook.com\/flashmode.magazine\/","article_published_time":"2022-06-09T12:08:25+00:00","author":"PeopleLife","twitter_card":"summary_large_image","twitter_creator":"@agenceflashmode","twitter_site":"@agenceflashmode","twitter_misc":{"\u00c9crit par":"PeopleLife","Dur\u00e9e de lecture estim\u00e9e":"6 minutes"},"schema":{"@context":"https:\/\/schema.org","@graph":[{"@type":"WebPage","@id":"https:\/\/flashmode.tn\/magazine\/comment-recycler-la-farine\/","url":"https:\/\/flashmode.tn\/magazine\/comment-recycler-la-farine\/","name":"Comment recycler la farine ? - Flashmode Magazine | Magazine de mode et style de vie Num\u00e9ro un en Tunisie et au Maghreb","isPartOf":{"@id":"https:\/\/flashmode.tn\/magazine\/#website"},"datePublished":"2022-06-09T12:08:25+00:00","author":{"@id":"https:\/\/flashmode.tn\/magazine\/#\/schema\/person\/6815bd30337e8756d5357219766efcc3"},"description":"7 id\u00e9es anti-gaspillage pour recycler la farine p\u00e9rim\u00e9e 1 . Colle \u00e9cologique \u00e0 la farine . ... 2 . Une p\u00e2te \u00e0 modeler 100 % naturelle. ... 3 . Nettoyant","breadcrumb":{"@id":"https:\/\/flashmode.tn\/magazine\/comment-recycler-la-farine\/#breadcrumb"},"inLanguage":"fr-FR","potentialAction":[{"@type":"ReadAction","target":["https:\/\/flashmode.tn\/magazine\/comment-recycler-la-farine\/"]}]},{"@type":"BreadcrumbList","@id":"https:\/\/flashmode.tn\/magazine\/comment-recycler-la-farine\/#breadcrumb","itemListElement":[{"@type":"ListItem","position":1,"name":"Accueil","item":"https:\/\/flashmode.tn\/magazine\/"},{"@type":"ListItem","position":2,"name":"Comment recycler la farine ?"}]},{"@type":"WebSite","@id":"https:\/\/flashmode.tn\/magazine\/#website","url":"https:\/\/flashmode.tn\/magazine\/","name":"Flashmode Magazine | Magazine de mode et style de vie Num\u00e9ro un en Tunisie et au Maghreb","description":"Magazine de mode et style de vie Num\u00e9ro un en Tunisie et au Maghreb, cr\u00e9\u00e9 pour les hommes et les femmes : conseils beaut\u00e9, mode femme, mode homme, recettes de cuisine, c\u00e9l\u00e9brit\u00e9s et people, mannequins et top modeles","potentialAction":[{"@type":"SearchAction","target":{"@type":"EntryPoint","urlTemplate":"https:\/\/flashmode.tn\/magazine\/?s={search_term_string}"},"query-input":{"@type":"PropertyValueSpecification","valueRequired":true,"valueName":"search_term_string"}}],"inLanguage":"fr-FR"},{"@type":"Person","@id":"https:\/\/flashmode.tn\/magazine\/#\/schema\/person\/6815bd30337e8756d5357219766efcc3","name":"PeopleLife","image":{"@type":"ImageObject","inLanguage":"fr-FR","@id":"https:\/\/flashmode.tn\/magazine\/#\/schema\/person\/image\/","url":"https:\/\/secure.gravatar.com\/avatar\/8098f49196034391d93ae20d939ad33b14f6b745c986049ad803a54f4113e18c?s=96&d=mm&r=g","contentUrl":"https:\/\/secure.gravatar.com\/avatar\/8098f49196034391d93ae20d939ad33b14f6b745c986049ad803a54f4113e18c?s=96&d=mm&r=g","caption":"PeopleLife"},"url":"https:\/\/flashmode.tn\/magazine\/author\/peoplelife\/"}]}},"jetpack_publicize_connections":[],"jetpack_featured_media_url":"","jetpack_shortlink":"https:\/\/wp.me\/p8BPGr-nZI","jetpack_sharing_enabled":true,"_links":{"self":[{"href":"https:\/\/flashmode.tn\/magazine\/wp-json\/wp\/v2\/posts\/92238","targetHints":{"allow":["GET"]}}],"collection":[{"href":"https:\/\/flashmode.tn\/magazine\/wp-json\/wp\/v2\/posts"}],"about":[{"href":"https:\/\/flashmode.tn\/magazine\/wp-json\/wp\/v2\/types\/post"}],"author":[{"embeddable":true,"href":"https:\/\/flashmode.tn\/magazine\/wp-json\/wp\/v2\/users\/5"}],"replies":[{"embeddable":true,"href":"https:\/\/flashmode.tn\/magazine\/wp-json\/wp\/v2\/comments?post=92238"}],"version-history":[{"count":0,"href":"https:\/\/flashmode.tn\/magazine\/wp-json\/wp\/v2\/posts\/92238\/revisions"}],"wp:attachment":[{"href":"https:\/\/flashmode.tn\/magazine\/wp-json\/wp\/v2\/media?parent=92238"}],"wp:term":[{"taxonomy":"category","embeddable":true,"href":"https:\/\/flashmode.tn\/magazine\/wp-json\/wp\/v2\/categories?post=92238"},{"taxonomy":"post_tag","embeddable":true,"href":"https:\/\/flashmode.tn\/magazine\/wp-json\/wp\/v2\/tags?post=92238"}],"curies":[{"name":"wp","href":"https:\/\/api.w.org\/{rel}","templated":true}]}}