{"id":92322,"date":"2022-07-01T01:55:26","date_gmt":"2022-06-30T23:55:26","guid":{"rendered":"https:\/\/flashmode.tn\/magazine\/?p=92322"},"modified":"2022-07-01T01:55:26","modified_gmt":"2022-06-30T23:55:26","slug":"pourquoi-la-vaisselle-en-verre-ne-se-recycle-pas","status":"publish","type":"post","link":"https:\/\/flashmode.tn\/magazine\/pourquoi-la-vaisselle-en-verre-ne-se-recycle-pas\/","title":{"rendered":"Pourquoi la vaisselle en verre ne se recycle pas ?"},"content":{"rendered":"<p>Le <b>verre<\/b> est une mati\u00e8re qui <b>se recycle<\/b> \u00e0 100 % et \u00e0 l&rsquo;infini. Mais les assiettes, les <b>verres<\/b> \u00e0 boire et toute la <b>vaisselle<\/b> en g\u00e9n\u00e9ral <b>ne<\/b> peuvent <b>pas<\/b> \u00eatre jet\u00e9s dans les bacs de tri de <b>verre<\/b>. <b>Pourquoi<\/b> ? Le <b>verre<\/b> culinaire a une composition chimique ainsi qu&rsquo;une temp\u00e9rature de fusion diff\u00e9rente du <b>verre<\/b> d&#8217;emballage.<\/p>\n<p>De plus, Quel est le probl\u00e8me avec le fait de jeter le verre dans la poubelle normale ? Il ne faut surtout pas les <b>jeter avec<\/b> le <b>verre<\/b> classique car elles contiennent des substances chimiques, notamment du mercure et des poudres fluorescentes, <b>qui<\/b> n\u00e9cessitent un traitement particulier pour \u00eatre recycl\u00e9.<\/p>\n<p>Est-ce que les flacons de parfum se recyclent ?<\/p>\n<p>Les <b>flacons de parfum<\/b> en verre sont enti\u00e8rement recyclables et ne doivent pas \u00eatre jet\u00e9s n&rsquo;importe o\u00f9. &#8230; Ils sont ensuite transport\u00e9s dans un centre sp\u00e9cialis\u00e9 dans le recyclage du verre. Une fois trait\u00e9s, ces <b>flacons<\/b> sont r\u00e9utilis\u00e9s pour fabriquer de nouveaux contenants.<\/p>\n<p>Par ailleurs, Quelle poubelle pour les bouteilles en verre ? Les <b>bouteilles<\/b>, pots et bocaux en <b>verre<\/b> sont \u00e0 d\u00e9poser bien vid\u00e9s et en vrac dans le <b>conteneur<\/b> \u00e0 <b>verre<\/b>, sans bouchon, ni capsule, ni couvercle : Les <b>bouteilles<\/b>. Les bocaux de conserves. Les pots.<\/p>\n<div id=\"ez-toc-container\" class=\"ez-toc-v2_0_81 counter-hierarchy ez-toc-counter ez-toc-grey ez-toc-container-direction\">\n<div class=\"ez-toc-title-container\">\n<p class=\"ez-toc-title\" style=\"cursor:inherit\">Contenus de la page<\/p>\n<span class=\"ez-toc-title-toggle\"><a href=\"#\" class=\"ez-toc-pull-right ez-toc-btn ez-toc-btn-xs ez-toc-btn-default ez-toc-toggle\" aria-label=\"Toggle Table of Content\"><span class=\"ez-toc-js-icon-con\"><span class=\"\"><span class=\"eztoc-hide\" style=\"display:none;\">Toggle<\/span><span class=\"ez-toc-icon-toggle-span\"><svg style=\"fill: #999;color:#999\" xmlns=\"http:\/\/www.w3.org\/2000\/svg\" class=\"list-377408\" width=\"20px\" height=\"20px\" viewBox=\"0 0 24 24\" fill=\"none\"><path d=\"M6 6H4v2h2V6zm14 0H8v2h12V6zM4 11h2v2H4v-2zm16 0H8v2h12v-2zM4 16h2v2H4v-2zm16 0H8v2h12v-2z\" fill=\"currentColor\"><\/path><\/svg><svg style=\"fill: #999;color:#999\" class=\"arrow-unsorted-368013\" xmlns=\"http:\/\/www.w3.org\/2000\/svg\" width=\"10px\" height=\"10px\" viewBox=\"0 0 24 24\" version=\"1.2\" baseProfile=\"tiny\"><path d=\"M18.2 9.3l-6.2-6.3-6.2 6.3c-.2.2-.3.4-.3.7s.1.5.3.7c.2.2.4.3.7.3h11c.3 0 .5-.1.7-.3.2-.2.3-.5.3-.7s-.1-.5-.3-.7zM5.8 14.7l6.2 6.3 6.2-6.3c.2-.2.3-.5.3-.7s-.1-.5-.3-.7c-.2-.2-.4-.3-.7-.3h-11c-.3 0-.5.1-.7.3-.2.2-.3.5-.3.7s.1.5.3.7z\"\/><\/svg><\/span><\/span><\/span><\/a><\/span><\/div>\n<nav><ul class='ez-toc-list ez-toc-list-level-1 ' ><li class='ez-toc-page-1 ez-toc-heading-level-2'><a class=\"ez-toc-link ez-toc-heading-1\" href=\"https:\/\/flashmode.tn\/magazine\/pourquoi-la-vaisselle-en-verre-ne-se-recycle-pas\/#Pourquoi_Doit-on_deposer_le_verre_usage_dans_les_conteneurs_particuliers\" >Pourquoi Doit-on d\u00e9poser le verre usag\u00e9 dans les conteneurs particuliers ?<\/a><\/li><li class='ez-toc-page-1 ez-toc-heading-level-2'><a class=\"ez-toc-link ez-toc-heading-2\" href=\"https:\/\/flashmode.tn\/magazine\/pourquoi-la-vaisselle-en-verre-ne-se-recycle-pas\/#Qui_recupere_les_flacons_de_parfum_vide\" >Qui recupere les flacons de parfum vide ?<\/a><\/li><li class='ez-toc-page-1 ez-toc-heading-level-2'><a class=\"ez-toc-link ez-toc-heading-3\" href=\"https:\/\/flashmode.tn\/magazine\/pourquoi-la-vaisselle-en-verre-ne-se-recycle-pas\/#Ou_jeter_des_bouteilles_en_verre_pleines\" >O\u00f9 jeter des bouteilles en verre pleines ?<\/a><\/li><li class='ez-toc-page-1 ez-toc-heading-level-2'><a class=\"ez-toc-link ez-toc-heading-4\" href=\"https:\/\/flashmode.tn\/magazine\/pourquoi-la-vaisselle-en-verre-ne-se-recycle-pas\/#Comment_eviter_les_asticots_dans_la_poubelle_interieur\" >Comment \u00e9viter les asticots dans la poubelle int\u00e9rieur ?<\/a><ul class='ez-toc-list-level-3' ><li class='ez-toc-heading-level-3'><a class=\"ez-toc-link ez-toc-heading-5\" href=\"https:\/\/flashmode.tn\/magazine\/pourquoi-la-vaisselle-en-verre-ne-se-recycle-pas\/#Comment_on_recycle_le_verre\" >Comment on recycle le verre ?<\/a><\/li><\/ul><\/li><\/ul><\/nav><\/div>\n<h2><span class=\"ez-toc-section\" id=\"Pourquoi_Doit-on_deposer_le_verre_usage_dans_les_conteneurs_particuliers\"><\/span>Pourquoi Doit-on d\u00e9poser le verre usag\u00e9 dans les conteneurs particuliers ?<span class=\"ez-toc-section-end\"><\/span><\/h2>\n<p>Parce que le recyclage du <b>verre<\/b> permet de faire des \u00e9conomies d&rsquo;\u00e9nergie et de mati\u00e8res premi\u00e8res et diminuer le rejet de CO2. \u00ae Le recyclage du <b>verre<\/b> s&rsquo;inscrit dans un objectif de protection de l&rsquo;environnement et de valorisation maximale des d\u00e9chets m\u00e9nagers.<\/p>\n<p>Pourquoi des asticots dans ma poubelle ? D\u00e8s lors que l&rsquo;humidit\u00e9 ambiante augmente et que s&rsquo;accumule de la nourriture en d\u00e9composition, les mouches viennent pour y pondre leurs \u0153ufs. Il suffit qu&rsquo;une seule mouche ponde des \u0153ufs pour que de petites larves blanches fassent irruption dans votre <b>poubelle<\/b>, la transformant en une nurserie pour <b>asticots<\/b>.<\/p>\n<p>Comment jeter de la vitre ? Ce type de verre doit \u00eatre jet\u00e9 dans la poubelle \u00e0 d\u00e9chets r\u00e9siduels. Un conseil : placer les <b>vitres<\/b> en verre <b>ou<\/b> les <b>vitres<\/b> en verre de miroir entre deux couches de carton et les casser avec un marteau. Ensuite, <b>jeter<\/b> les d\u00e9bris dans la poubelle \u00e0 d\u00e9chets r\u00e9siduels.<\/p>\n<p>Qui reprend les flacons de parfum ? Depuis 2010, Sephora r\u00e9cup\u00e8re nos <b>bouteilles de parfum<\/b> vides pour les recycler. Celles et ceux <b>qui<\/b> rapportent leurs <b>flacons<\/b> (en verre, hors \u00e9chantillons) en boutique b\u00e9n\u00e9ficient alors d&rsquo;une r\u00e9duction de 20% sur l&rsquo;achat de leur nouveau <b>parfum<\/b> (hors soldes, non cumulable avec d&rsquo;autres promotions).<\/p>\n<h2><span class=\"ez-toc-section\" id=\"Qui_recupere_les_flacons_de_parfum_vide\"><\/span>Qui recupere les flacons de parfum vide ?<span class=\"ez-toc-section-end\"><\/span><\/h2>\n<p>D\u00e9posez-le en <b>parfumerie<\/b><\/p>\n<p> C&rsquo;est le cas chez Nocib\u00e9 et Marionnaud (87 tonnes de verre recycl\u00e9 en 2019) <b>qui<\/b> proposent 20 % de r\u00e9duction sur l&rsquo;achat d&rsquo;un nouveau <b>parfum<\/b>. Sephora met \u00e9galement \u00e0 disposition de ses clients une urne de recyclage pour d\u00e9poser les <b>flacons<\/b> (ainsi <b>que<\/b> les pots en verre, tubes et autres palettes).<\/p>\n<p>Quelle parfumerie reprend les flacons vides ? A ce titre, les <b>parfumeries<\/b> Nocib\u00e9 de France mettent en place des conteneurs qui permettront de collecter les <b>flacons vides<\/b> de <b>parfum<\/b> (toutes marques confondues). Bien entendu, l&rsquo;op\u00e9ration n&rsquo;est pas totalement d\u00e9sint\u00e9ress\u00e9e puisque l&rsquo;offre de remise imm\u00e9diate s&rsquo;entend sur l&rsquo;achat d&rsquo;un nouveau <b>parfum<\/b> en magasin.<\/p>\n<p>O\u00f9 jeter bouteille en verre pleine ?<\/p>\n<p>Seuls les <b>bouteilles<\/b>, pots, bocaux et flacons en <b>verre<\/b> se trient. D\u00e9posez-les dans les conteneurs de tri des emballages en <b>verre<\/b>, m\u00eame si ceux-ci sont cass\u00e9s. Pensez \u00e9galement \u00e0 bien les vider de leurs contenus et \u00e0 retirer les couvercles et bouchons.<\/p>\n<p>O\u00f9 sont les conteneurs \u00e0 verre ? Ils <b>sont<\/b> \u00e0 d\u00e9poser soit dans les bornes de r\u00e9cup\u00e9ration des emballages en <b>verre<\/b> pr\u00e9sentes dans les communes, soit dans les bacs individuels \u00e0 couvercle verts lorsque les habitants en <b>sont<\/b> pourvus (cinq communes actuellement : Capian, Carignan-de-Bordeaux, Pompignac, Saint-Loub\u00e8s et Tresses.<\/p>\n<h2><span class=\"ez-toc-section\" id=\"Ou_jeter_des_bouteilles_en_verre_pleines\"><\/span>O\u00f9 jeter des bouteilles en verre pleines ?<span class=\"ez-toc-section-end\"><\/span><\/h2>\n<p>Vous pouvez le d\u00e9poser dans les conteneurs d&rsquo;apport volontaire ou dans les bennes de d\u00e9sarchivage en d\u00e9ch\u00e8teries.<\/p>\n<p>Pourquoi des vers blancs dans la poubelle ?<\/p>\n<p>Ces asticots, qui se nourrissent de nos d\u00e9chets, trouvent leur origine dans les mouches, qui attir\u00e9es par l&rsquo;odeur des d\u00e9tritus en putr\u00e9faction, se sont faufil\u00e9es dans la <b>poubelle<\/b> et y ont pondu leurs \u0153ufs, rapidement transform\u00e9s en <b>vers blancs<\/b>.<\/p>\n<p>Comment est tri\u00e9 le verre Quel est le r\u00f4le de l&rsquo;aimant ? Les diff\u00e9rents types de <b>verre sont<\/b> s\u00e9par\u00e9s par des trieurs optiques (la vaisselle et la fa\u00efence par exemple) Les impuret\u00e9s <b>sont<\/b> finalement retir\u00e9es : le m\u00e9tal <b>est<\/b> s\u00e9par\u00e9 par un <b>aimant<\/b> et les papiers, les \u00e9tiquettes <b>sont<\/b> d\u00e9coll\u00e9es simplement gr\u00e2ce \u00e0 de l&rsquo;eau.<\/p>\n<p>Pourquoi il est important de recycler ? Le <b>recyclage est<\/b> une des solutions. Le principe <b>est<\/b> d&rsquo;utiliser un objet qui a \u00e9t\u00e9 jet\u00e9, pour participer \u00e0 la fabrication d&rsquo;un nouveau produit. Le <b>recyclage<\/b> pr\u00e9serve ainsi en partie les ressources de la plan\u00e8te et permet aussi de r\u00e9duire la pollution des d\u00e9chets trait\u00e9s.<\/p>\n<h2><span class=\"ez-toc-section\" id=\"Comment_eviter_les_asticots_dans_la_poubelle_interieur\"><\/span>Comment \u00e9viter les asticots dans la poubelle int\u00e9rieur ?<span class=\"ez-toc-section-end\"><\/span><\/h2>\n<p>Huile essentielle de menthe, eucalyptus et laurier<\/p>\n<p> On peut aussi utiliser de l&rsquo;eucalyptus, du laurier ou de la menthe comme r\u00e9pulsifs. Les mouches et leurs larves d\u00e9testent l&rsquo;odeur de ces plantes. Broyez quelques feuilles s\u00e8ches et dispersez-les soit autour de votre <b>poubelle<\/b>, soit \u00e0 l&rsquo;<b>int\u00e9rieur<\/b>\u2026 ou les deux.<\/p>\n<p>Comment arrivent les asticots ? Dans les maisons, ils r\u00e9sultent le plus souvent de la ponte de mouches. Celles-ci pondent dans des zones humides et dans les mati\u00e8res en d\u00e9composition, viandes et excr\u00e9ments. L&rsquo;<b>asticot<\/b> \u00e9clot entre 8 \u00e0 20 h apr\u00e8s la ponte, en fonction des conditions de temp\u00e9rature.<\/p>\n<p>Qu&rsquo;est-ce qui tue les asticots ?<\/p>\n<p>Mais il existe une solution plus simple : l&rsquo;eau bouillante.<\/p>\n<p> Une fois <b>que<\/b> votre poubelle <b>est<\/b> vide de tous les d\u00e9chets, faites bouillir une bouilloire et versez le contenu sur les <b>asticots<\/b>. Apr\u00e8s un bon arrosage d&rsquo;eau bouillante, tous ces <b>asticots<\/b> seront morts.<\/p>\n<p>Qui ach\u00e8te le verre ? Sp\u00e9cialis\u00e9e dans le recyclage du <b>verre<\/b> creux (bouteilles, flacons, pots) et du <b>verre<\/b> plat (vitres, pare-brise), SOLOVER vous propose des solutions logistiques, technologiques et \u00e9cologiques.<\/p>\n<h3><span class=\"ez-toc-section\" id=\"Comment_on_recycle_le_verre\"><\/span>Comment on recycle le verre ?<span class=\"ez-toc-section-end\"><\/span><\/h3>\n<p>Les flacons et bouteilles en <b>verre sont<\/b> d&rsquo;abord tri\u00e9es manuellement. Puis, le <b>verre<\/b> passe une \u00e9tape de tri m\u00e9canique, permettant d&rsquo;\u00e9liminer les \u00e9l\u00e9ments en m\u00e9tal, les bouchons\u2026 Une phase de tri optique permet ensuite de s\u00e9parer les objets en c\u00e9ramique, non recyclables.<\/p>\n<p>O\u00f9 jeter les bris de miroir ? &#8211; Vos <b>miroirs<\/b> et vitres <b>cass\u00e9s<\/b> sont \u00e0 d\u00e9poser dans le bac \u00e0 ordures m\u00e9nag\u00e8res (couvercle gris), dans un point d&rsquo;apport \u00e0 ordures m\u00e9nag\u00e8res ou \u00e0 la d\u00e9chetterie la plus proche.<\/p>\n<p>O\u00f9 jeter le verre au Qu\u00e9bec ?<\/p>\n<p>Les contenants et emballages de <b>verre<\/b> de toutes les formes et de toutes les couleurs vont dans le bac de r\u00e9cup\u00e9ration, et ce, avec ou sans \u00e9tiquettes. Et s&rsquo;ils portent la mention \u00ab Consign\u00e9e <b>Qu\u00e9bec<\/b> \u00bb, ils doivent \u00eatre retourn\u00e9s chez un d\u00e9taillant.<\/p>\n<p>O\u00f9 mettre miroir cass\u00e9 ? S&rsquo;il est <b>cass\u00e9<\/b>, ne le mettez surtout pas dans un sac poubelle (les \u00e9boueurs pourraient se blesser) mais d\u00e9posez-le \u00e0 la d\u00e9chetterie.<\/p>\n<h2><\/h2>\n","protected":false},"excerpt":{"rendered":"<p>Le verre est une mati\u00e8re qui se recycle \u00e0 100 % et \u00e0 l&rsquo;infini. Mais les assiettes, les verres \u00e0 boire et toute la vaisselle en g\u00e9n\u00e9ral ne peuvent pas \u00eatre jet\u00e9s dans les bacs de tri de verre. Pourquoi ? Le verre culinaire a une composition chimique ainsi qu&rsquo;une temp\u00e9rature de fusion diff\u00e9rente du [&hellip;]<\/p>\n","protected":false},"author":5,"featured_media":0,"comment_status":"open","ping_status":"open","sticky":false,"template":"","format":"standard","meta":{"tdm_status":"","tdm_grid_status":"","_jetpack_memberships_contains_paid_content":false,"footnotes":"","jetpack_publicize_message":"","jetpack_publicize_feature_enabled":true,"jetpack_social_post_already_shared":true,"jetpack_social_options":{"image_generator_settings":{"template":"highway","default_image_id":0,"font":"","enabled":false},"version":2}},"categories":[80],"tags":[],"class_list":["post-92322","post","type-post","status-publish","format-standard","hentry","category-lifestyle"],"yoast_head":"<!-- This site is optimized with the Yoast SEO Premium plugin v25.0 (Yoast SEO v25.0) - https:\/\/yoast.com\/wordpress\/plugins\/seo\/ -->\n<title>Pourquoi la vaisselle en verre ne se recycle pas ? - Flashmode Magazine | Magazine de mode et style de vie Num\u00e9ro un en Tunisie et au Maghreb<\/title>\n<meta name=\"description\" content=\"Le verre est une mati\u00e8re qui se recycle \u00e0 100 % et \u00e0 l&#039;infini. Mais les assiettes, les verres \u00e0 boire et toute la vaisselle en g\u00e9n\u00e9ral ne peuvent pas \u00eatre\" \/>\n<meta name=\"robots\" content=\"index, follow, max-snippet:-1, max-image-preview:large, max-video-preview:-1\" \/>\n<link rel=\"canonical\" href=\"https:\/\/flashmode.tn\/magazine\/pourquoi-la-vaisselle-en-verre-ne-se-recycle-pas\/\" \/>\n<meta property=\"og:locale\" content=\"fr_FR\" \/>\n<meta property=\"og:type\" content=\"article\" \/>\n<meta property=\"og:title\" content=\"Pourquoi la vaisselle en verre ne se recycle pas ? - Flashmode Magazine | Magazine de mode et style de vie Num\u00e9ro un en Tunisie et au Maghreb\" \/>\n<meta property=\"og:description\" content=\"Le verre est une mati\u00e8re qui se recycle \u00e0 100 % et \u00e0 l&#039;infini. Mais les assiettes, les verres \u00e0 boire et toute la vaisselle en g\u00e9n\u00e9ral ne peuvent pas \u00eatre\" \/>\n<meta property=\"og:url\" content=\"https:\/\/flashmode.tn\/magazine\/pourquoi-la-vaisselle-en-verre-ne-se-recycle-pas\/\" \/>\n<meta property=\"og:site_name\" content=\"Flashmode Magazine | Magazine de mode et style de vie Num\u00e9ro un en Tunisie et au Maghreb\" \/>\n<meta property=\"article:publisher\" content=\"https:\/\/www.facebook.com\/flashmode.magazine\/\" \/>\n<meta property=\"article:published_time\" content=\"2022-06-30T23:55:26+00:00\" \/>\n<meta name=\"author\" content=\"PeopleLife\" \/>\n<meta name=\"twitter:card\" content=\"summary_large_image\" \/>\n<meta name=\"twitter:creator\" content=\"@agenceflashmode\" \/>\n<meta name=\"twitter:site\" content=\"@agenceflashmode\" \/>\n<meta name=\"twitter:label1\" content=\"\u00c9crit par\" \/>\n\t<meta name=\"twitter:data1\" content=\"PeopleLife\" \/>\n\t<meta name=\"twitter:label2\" content=\"Dur\u00e9e de lecture estim\u00e9e\" \/>\n\t<meta name=\"twitter:data2\" content=\"6 minutes\" \/>\n<script type=\"application\/ld+json\" class=\"yoast-schema-graph\">{\"@context\":\"https:\/\/schema.org\",\"@graph\":[{\"@type\":\"WebPage\",\"@id\":\"https:\/\/flashmode.tn\/magazine\/pourquoi-la-vaisselle-en-verre-ne-se-recycle-pas\/\",\"url\":\"https:\/\/flashmode.tn\/magazine\/pourquoi-la-vaisselle-en-verre-ne-se-recycle-pas\/\",\"name\":\"Pourquoi la vaisselle en verre ne se recycle pas ? - Flashmode Magazine | Magazine de mode et style de vie Num\u00e9ro un en Tunisie et au Maghreb\",\"isPartOf\":{\"@id\":\"https:\/\/flashmode.tn\/magazine\/#website\"},\"datePublished\":\"2022-06-30T23:55:26+00:00\",\"author\":{\"@id\":\"https:\/\/flashmode.tn\/magazine\/#\/schema\/person\/6815bd30337e8756d5357219766efcc3\"},\"description\":\"Le verre est une mati\u00e8re qui se recycle \u00e0 100 % et \u00e0 l'infini. Mais les assiettes, les verres \u00e0 boire et toute la vaisselle en g\u00e9n\u00e9ral ne peuvent pas \u00eatre\",\"breadcrumb\":{\"@id\":\"https:\/\/flashmode.tn\/magazine\/pourquoi-la-vaisselle-en-verre-ne-se-recycle-pas\/#breadcrumb\"},\"inLanguage\":\"fr-FR\",\"potentialAction\":[{\"@type\":\"ReadAction\",\"target\":[\"https:\/\/flashmode.tn\/magazine\/pourquoi-la-vaisselle-en-verre-ne-se-recycle-pas\/\"]}]},{\"@type\":\"BreadcrumbList\",\"@id\":\"https:\/\/flashmode.tn\/magazine\/pourquoi-la-vaisselle-en-verre-ne-se-recycle-pas\/#breadcrumb\",\"itemListElement\":[{\"@type\":\"ListItem\",\"position\":1,\"name\":\"Accueil\",\"item\":\"https:\/\/flashmode.tn\/magazine\/\"},{\"@type\":\"ListItem\",\"position\":2,\"name\":\"Pourquoi la vaisselle en verre ne se recycle pas ?\"}]},{\"@type\":\"WebSite\",\"@id\":\"https:\/\/flashmode.tn\/magazine\/#website\",\"url\":\"https:\/\/flashmode.tn\/magazine\/\",\"name\":\"Flashmode Magazine | Magazine de mode et style de vie Num\u00e9ro un en Tunisie et au Maghreb\",\"description\":\"Magazine de mode et style de vie Num\u00e9ro un en Tunisie et au Maghreb, cr\u00e9\u00e9 pour les hommes et les femmes : conseils beaut\u00e9, mode femme, mode homme, recettes de cuisine, c\u00e9l\u00e9brit\u00e9s et people, mannequins et top modeles\",\"potentialAction\":[{\"@type\":\"SearchAction\",\"target\":{\"@type\":\"EntryPoint\",\"urlTemplate\":\"https:\/\/flashmode.tn\/magazine\/?s={search_term_string}\"},\"query-input\":{\"@type\":\"PropertyValueSpecification\",\"valueRequired\":true,\"valueName\":\"search_term_string\"}}],\"inLanguage\":\"fr-FR\"},{\"@type\":\"Person\",\"@id\":\"https:\/\/flashmode.tn\/magazine\/#\/schema\/person\/6815bd30337e8756d5357219766efcc3\",\"name\":\"PeopleLife\",\"image\":{\"@type\":\"ImageObject\",\"inLanguage\":\"fr-FR\",\"@id\":\"https:\/\/flashmode.tn\/magazine\/#\/schema\/person\/image\/\",\"url\":\"https:\/\/secure.gravatar.com\/avatar\/8098f49196034391d93ae20d939ad33b14f6b745c986049ad803a54f4113e18c?s=96&d=mm&r=g\",\"contentUrl\":\"https:\/\/secure.gravatar.com\/avatar\/8098f49196034391d93ae20d939ad33b14f6b745c986049ad803a54f4113e18c?s=96&d=mm&r=g\",\"caption\":\"PeopleLife\"},\"url\":\"https:\/\/flashmode.tn\/magazine\/author\/peoplelife\/\"}]}<\/script>\n<!-- \/ Yoast SEO Premium plugin. -->","yoast_head_json":{"title":"Pourquoi la vaisselle en verre ne se recycle pas ? - Flashmode Magazine | Magazine de mode et style de vie Num\u00e9ro un en Tunisie et au Maghreb","description":"Le verre est une mati\u00e8re qui se recycle \u00e0 100 % et \u00e0 l'infini. Mais les assiettes, les verres \u00e0 boire et toute la vaisselle en g\u00e9n\u00e9ral ne peuvent pas \u00eatre","robots":{"index":"index","follow":"follow","max-snippet":"max-snippet:-1","max-image-preview":"max-image-preview:large","max-video-preview":"max-video-preview:-1"},"canonical":"https:\/\/flashmode.tn\/magazine\/pourquoi-la-vaisselle-en-verre-ne-se-recycle-pas\/","og_locale":"fr_FR","og_type":"article","og_title":"Pourquoi la vaisselle en verre ne se recycle pas ? - Flashmode Magazine | Magazine de mode et style de vie Num\u00e9ro un en Tunisie et au Maghreb","og_description":"Le verre est une mati\u00e8re qui se recycle \u00e0 100 % et \u00e0 l'infini. Mais les assiettes, les verres \u00e0 boire et toute la vaisselle en g\u00e9n\u00e9ral ne peuvent pas \u00eatre","og_url":"https:\/\/flashmode.tn\/magazine\/pourquoi-la-vaisselle-en-verre-ne-se-recycle-pas\/","og_site_name":"Flashmode Magazine | Magazine de mode et style de vie Num\u00e9ro un en Tunisie et au Maghreb","article_publisher":"https:\/\/www.facebook.com\/flashmode.magazine\/","article_published_time":"2022-06-30T23:55:26+00:00","author":"PeopleLife","twitter_card":"summary_large_image","twitter_creator":"@agenceflashmode","twitter_site":"@agenceflashmode","twitter_misc":{"\u00c9crit par":"PeopleLife","Dur\u00e9e de lecture estim\u00e9e":"6 minutes"},"schema":{"@context":"https:\/\/schema.org","@graph":[{"@type":"WebPage","@id":"https:\/\/flashmode.tn\/magazine\/pourquoi-la-vaisselle-en-verre-ne-se-recycle-pas\/","url":"https:\/\/flashmode.tn\/magazine\/pourquoi-la-vaisselle-en-verre-ne-se-recycle-pas\/","name":"Pourquoi la vaisselle en verre ne se recycle pas ? - Flashmode Magazine | Magazine de mode et style de vie Num\u00e9ro un en Tunisie et au Maghreb","isPartOf":{"@id":"https:\/\/flashmode.tn\/magazine\/#website"},"datePublished":"2022-06-30T23:55:26+00:00","author":{"@id":"https:\/\/flashmode.tn\/magazine\/#\/schema\/person\/6815bd30337e8756d5357219766efcc3"},"description":"Le verre est une mati\u00e8re qui se recycle \u00e0 100 % et \u00e0 l'infini. Mais les assiettes, les verres \u00e0 boire et toute la vaisselle en g\u00e9n\u00e9ral ne peuvent pas \u00eatre","breadcrumb":{"@id":"https:\/\/flashmode.tn\/magazine\/pourquoi-la-vaisselle-en-verre-ne-se-recycle-pas\/#breadcrumb"},"inLanguage":"fr-FR","potentialAction":[{"@type":"ReadAction","target":["https:\/\/flashmode.tn\/magazine\/pourquoi-la-vaisselle-en-verre-ne-se-recycle-pas\/"]}]},{"@type":"BreadcrumbList","@id":"https:\/\/flashmode.tn\/magazine\/pourquoi-la-vaisselle-en-verre-ne-se-recycle-pas\/#breadcrumb","itemListElement":[{"@type":"ListItem","position":1,"name":"Accueil","item":"https:\/\/flashmode.tn\/magazine\/"},{"@type":"ListItem","position":2,"name":"Pourquoi la vaisselle en verre ne se recycle pas ?"}]},{"@type":"WebSite","@id":"https:\/\/flashmode.tn\/magazine\/#website","url":"https:\/\/flashmode.tn\/magazine\/","name":"Flashmode Magazine | Magazine de mode et style de vie Num\u00e9ro un en Tunisie et au Maghreb","description":"Magazine de mode et style de vie Num\u00e9ro un en Tunisie et au Maghreb, cr\u00e9\u00e9 pour les hommes et les femmes : conseils beaut\u00e9, mode femme, mode homme, recettes de cuisine, c\u00e9l\u00e9brit\u00e9s et people, mannequins et top modeles","potentialAction":[{"@type":"SearchAction","target":{"@type":"EntryPoint","urlTemplate":"https:\/\/flashmode.tn\/magazine\/?s={search_term_string}"},"query-input":{"@type":"PropertyValueSpecification","valueRequired":true,"valueName":"search_term_string"}}],"inLanguage":"fr-FR"},{"@type":"Person","@id":"https:\/\/flashmode.tn\/magazine\/#\/schema\/person\/6815bd30337e8756d5357219766efcc3","name":"PeopleLife","image":{"@type":"ImageObject","inLanguage":"fr-FR","@id":"https:\/\/flashmode.tn\/magazine\/#\/schema\/person\/image\/","url":"https:\/\/secure.gravatar.com\/avatar\/8098f49196034391d93ae20d939ad33b14f6b745c986049ad803a54f4113e18c?s=96&d=mm&r=g","contentUrl":"https:\/\/secure.gravatar.com\/avatar\/8098f49196034391d93ae20d939ad33b14f6b745c986049ad803a54f4113e18c?s=96&d=mm&r=g","caption":"PeopleLife"},"url":"https:\/\/flashmode.tn\/magazine\/author\/peoplelife\/"}]}},"jetpack_publicize_connections":[],"jetpack_featured_media_url":"","jetpack_shortlink":"https:\/\/wp.me\/p8BPGr-o14","jetpack_sharing_enabled":true,"_links":{"self":[{"href":"https:\/\/flashmode.tn\/magazine\/wp-json\/wp\/v2\/posts\/92322","targetHints":{"allow":["GET"]}}],"collection":[{"href":"https:\/\/flashmode.tn\/magazine\/wp-json\/wp\/v2\/posts"}],"about":[{"href":"https:\/\/flashmode.tn\/magazine\/wp-json\/wp\/v2\/types\/post"}],"author":[{"embeddable":true,"href":"https:\/\/flashmode.tn\/magazine\/wp-json\/wp\/v2\/users\/5"}],"replies":[{"embeddable":true,"href":"https:\/\/flashmode.tn\/magazine\/wp-json\/wp\/v2\/comments?post=92322"}],"version-history":[{"count":0,"href":"https:\/\/flashmode.tn\/magazine\/wp-json\/wp\/v2\/posts\/92322\/revisions"}],"wp:attachment":[{"href":"https:\/\/flashmode.tn\/magazine\/wp-json\/wp\/v2\/media?parent=92322"}],"wp:term":[{"taxonomy":"category","embeddable":true,"href":"https:\/\/flashmode.tn\/magazine\/wp-json\/wp\/v2\/categories?post=92322"},{"taxonomy":"post_tag","embeddable":true,"href":"https:\/\/flashmode.tn\/magazine\/wp-json\/wp\/v2\/tags?post=92322"}],"curies":[{"name":"wp","href":"https:\/\/api.w.org\/{rel}","templated":true}]}}