{"id":94344,"date":"2022-06-05T22:53:49","date_gmt":"2022-06-05T20:53:49","guid":{"rendered":"https:\/\/flashmode.tn\/magazine\/?p=94344"},"modified":"2022-06-05T22:53:49","modified_gmt":"2022-06-05T20:53:49","slug":"quel-pays-celebre-la-fete-des-voisins","status":"publish","type":"post","link":"https:\/\/flashmode.tn\/magazine\/quel-pays-celebre-la-fete-des-voisins\/","title":{"rendered":"Quel pays c\u00e9l\u00e8bre la F\u00eate des voisins ?"},"content":{"rendered":"<p>La Roumanie fait partie des <b>pays<\/b> participant \u00e0 la <b>F\u00eate des voisins<\/b> qui devrait rassembler cette ann\u00e9e quelque 10 millions de personnes. Invent\u00e9e en France, la <b>F\u00eate des voisins<\/b> s&rsquo;\u00e9tend aujourd&rsquo;hui \u00e0 trente-trois <b>pays<\/b>. Dix millions de personnes sont attendues cette ann\u00e9e.<\/p>\n<p>De plus, Quand est la f\u00eate des Papi ? D\u00e9but octobre est le moment de c\u00e9l\u00e9brer son <b>papy<\/b>, avec la <b>f\u00eate des grands-p\u00e8res<\/b>. Retour sur l&rsquo;histoire de cette c\u00e9l\u00e9bration encore peu r\u00e9pandue qui aura lieu le dimanche 3 octobre 2021.<\/p>\n<p>Quel f\u00eate le 3 octobre 2021 ?<\/p>\n<p>Ce dimanche <b>3 octobre 2021<\/b>, 276e jour de l&rsquo;ann\u00e9e, bonne <b>f\u00eate<\/b> aux Blanche, Candide et G\u00e9rard.<\/p>\n<p>Par ailleurs, Quelle f\u00eate le 3 octobre ? Nous sommes le 277e jour de l&rsquo;ann\u00e9e et nous f\u00eatons Saint-G\u00e9rard. Se fit b\u00e9n\u00e9dictin \u00e0 la mort de son p\u00e8re au Xe si\u00e8cle, le seigneur de Brogne (Belgique), et fonda une abbaye dans le domaine familial.<\/p>\n<div id=\"ez-toc-container\" class=\"ez-toc-v2_0_81 counter-hierarchy ez-toc-counter ez-toc-grey ez-toc-container-direction\">\n<div class=\"ez-toc-title-container\">\n<p class=\"ez-toc-title\" style=\"cursor:inherit\">Contenus de la page<\/p>\n<span class=\"ez-toc-title-toggle\"><a href=\"#\" class=\"ez-toc-pull-right ez-toc-btn ez-toc-btn-xs ez-toc-btn-default ez-toc-toggle\" aria-label=\"Toggle Table of Content\"><span class=\"ez-toc-js-icon-con\"><span class=\"\"><span class=\"eztoc-hide\" style=\"display:none;\">Toggle<\/span><span class=\"ez-toc-icon-toggle-span\"><svg style=\"fill: #999;color:#999\" xmlns=\"http:\/\/www.w3.org\/2000\/svg\" class=\"list-377408\" width=\"20px\" height=\"20px\" viewBox=\"0 0 24 24\" fill=\"none\"><path d=\"M6 6H4v2h2V6zm14 0H8v2h12V6zM4 11h2v2H4v-2zm16 0H8v2h12v-2zM4 16h2v2H4v-2zm16 0H8v2h12v-2z\" fill=\"currentColor\"><\/path><\/svg><svg style=\"fill: #999;color:#999\" class=\"arrow-unsorted-368013\" xmlns=\"http:\/\/www.w3.org\/2000\/svg\" width=\"10px\" height=\"10px\" viewBox=\"0 0 24 24\" version=\"1.2\" baseProfile=\"tiny\"><path d=\"M18.2 9.3l-6.2-6.3-6.2 6.3c-.2.2-.3.4-.3.7s.1.5.3.7c.2.2.4.3.7.3h11c.3 0 .5-.1.7-.3.2-.2.3-.5.3-.7s-.1-.5-.3-.7zM5.8 14.7l6.2 6.3 6.2-6.3c.2-.2.3-.5.3-.7s-.1-.5-.3-.7c-.2-.2-.4-.3-.7-.3h-11c-.3 0-.5.1-.7.3-.2.2-.3.5-.3.7s.1.5.3.7z\"\/><\/svg><\/span><\/span><\/span><\/a><\/span><\/div>\n<nav><ul class='ez-toc-list ez-toc-list-level-1 ' ><li class='ez-toc-page-1 ez-toc-heading-level-2'><a class=\"ez-toc-link ez-toc-heading-1\" href=\"https:\/\/flashmode.tn\/magazine\/quel-pays-celebre-la-fete-des-voisins\/#Pourquoi_la_fete_des_Grand-pere\" >Pourquoi la f\u00eate des Grand-p\u00e8re ?<\/a><\/li><li class='ez-toc-page-1 ez-toc-heading-level-2'><a class=\"ez-toc-link ez-toc-heading-2\" href=\"https:\/\/flashmode.tn\/magazine\/quel-pays-celebre-la-fete-des-voisins\/#Quel_est_le_saint_du_jour\" >Quel est le saint du jour ?<\/a><\/li><li class='ez-toc-page-1 ez-toc-heading-level-2'><a class=\"ez-toc-link ez-toc-heading-3\" href=\"https:\/\/flashmode.tn\/magazine\/quel-pays-celebre-la-fete-des-voisins\/#Quand_a_ete_cree_la_fete_des_Grands-meres\" >Quand a \u00e9t\u00e9 cr\u00e9\u00e9 la f\u00eate des Grands-m\u00e8res ?<\/a><\/li><li class='ez-toc-page-1 ez-toc-heading-level-2'><a class=\"ez-toc-link ez-toc-heading-4\" href=\"https:\/\/flashmode.tn\/magazine\/quel-pays-celebre-la-fete-des-voisins\/#Quel_est_le_saint_de_demain\" >Quel est le saint de demain ?<\/a><ul class='ez-toc-list-level-3' ><li class='ez-toc-heading-level-3'><a class=\"ez-toc-link ez-toc-heading-5\" href=\"https:\/\/flashmode.tn\/magazine\/quel-pays-celebre-la-fete-des-voisins\/#Quel_chanteur_est_mort_en_octobre_2021\" >Quel chanteur est mort en octobre 2021 ?<\/a><\/li><\/ul><\/li><\/ul><\/nav><\/div>\n<h2><span class=\"ez-toc-section\" id=\"Pourquoi_la_fete_des_Grand-pere\"><\/span>Pourquoi la f\u00eate des Grand-p\u00e8re ?<span class=\"ez-toc-section-end\"><\/span><\/h2>\n<p>Selon Franck Izquierdo, le but de cette journ\u00e9e est de rassembler les familles et rapprocher les g\u00e9n\u00e9rations. Il ne souhaite pas que la <b>f\u00eate des grands<\/b>&#8211;<b>p\u00e8res<\/b> soit r\u00e9cup\u00e9r\u00e9e dans un but commercial <sup>3<\/sup>, contrairement \u00e0 la <b>f\u00eate des grands<\/b>-m\u00e8res.<\/p>\n<p>Quelle f\u00eate le 4 octobre ? Le <b>4 octobre<\/b>, nous f\u00eatons les Fran\u00e7ois mais aussi les Francis et Franck, en l&rsquo;honneur de Saint Fran\u00e7ois d&rsquo;Assise (1182-1226). Il y aurait beaucoup \u00e0 dire \u00e0 propos de ce saint exceptionnel qui renon\u00e7a \u00e0 toutes ses richesses pour se consacrer aux pauvres et aux l\u00e9preux.<\/p>\n<p>Quelle f\u00eates aujourd&rsquo;hui ? <b>Aujourd<\/b>&lsquo;<b>hui<\/b>, nous f\u00eatons \u00e9galement les Saint Arien, Sainte B\u00e9ate, Sainte H\u00e9r\u00e9nie, Saint Jean de Dieu, Saint Phil\u00e9mon, Saint Ponce, Saint Th\u00e9ophylacte.<\/p>\n<p>C&rsquo;est quoi le 3 octobre en Allemagne ? Si la chute du Mur a bien eu lieu le 9 novembre 1989, l&rsquo;<b>Allemagne<\/b> c\u00e9l\u00e8bre sa f\u00eate nationale le <b>3 octobre<\/b>, jour du trenti\u00e8me anniversaire de ce <b>qu<\/b>&lsquo;on appelle g\u00e9n\u00e9ralement sa \u00ab r\u00e9unification \u00bb.<\/p>\n<h2><span class=\"ez-toc-section\" id=\"Quel_est_le_saint_du_jour\"><\/span>Quel est le saint du jour ?<span class=\"ez-toc-section-end\"><\/span><\/h2>\n<p><b>Aujourd<\/b>&lsquo;<b>hui<\/b>, nous f\u00eatons \u00e9galement les <b>Saint<\/b> Arien, <b>Sainte<\/b> B\u00e9ate, <b>Sainte<\/b> H\u00e9r\u00e9nie, <b>Saint<\/b> Jean de Dieu, <b>Saint<\/b> Phil\u00e9mon, <b>Saint<\/b> Ponce, <b>Saint<\/b> Th\u00e9ophylacte.<\/p>\n<p>Qui est mort le 3 octobre ? <b>  <b>   Mort  <\/b>  un  <b>   3 octobre  <\/b> <\/b> <\/p>\n<ul>\n<li>   \u2020 \u00e0 77 ans. Jean Anouilh. 1910 \u2022 1987. Dramaturges.  <\/li>\n<li>   \u2020 \u00e0 ~44 ans. Fran\u00e7ois d&rsquo;Assise. ~1182 \u2022 1226. &#8230;  <\/li>\n<li>   \u2020 \u00e0 55 ans. Woody Guthrie. 1912 \u2022 1967.  <\/li>\n<li>   \u2020 \u00e0 77 ans. Janet Leigh. 1927 \u2022 2004.  <\/li>\n<li>   \u2020 \u00e0 70 ans. Roddy McDowall. 1928 \u2022 1998.  <\/li>\n<li>   \u2020 \u00e0 69 ans. Guy Mollet. 1905 \u2022 1975.  <\/li>\n<li>   \u2020 \u00e0 51 ans. Gustav Stresemann. 1878 \u2022 1929.  <\/li>\n<li>   \u2020 \u00e0 78 ans. Bernard Tapie.  <\/li>\n<\/ul>\n<p>Qui a creer la f\u00eate des Grand-p\u00e8re ?<\/p>\n<p>La <b>F\u00eate des grands<\/b>&#8211;<b>p\u00e8res<\/b> a \u00e9t\u00e9 cr\u00e9\u00e9e sous l&rsquo;impulsion de Franck Izquierdo le 5 octobre 2008. Relativement tard si on compare avec la <b>F\u00eate des grands<\/b>-m\u00e8res. Les mamies ont leur propre journ\u00e9e depuis 1987 et se tient tous les premiers dimanches du mois de mars.<\/p>\n<p>Est-ce que la f\u00eate des grands-p\u00e8res \u00e7a existe ? En France, la <b>F\u00eate des grands p\u00e8res est<\/b> toujours c\u00e9l\u00e9br\u00e9e le premier dimanche du mois d&rsquo;octobre.<\/p>\n<h2><span class=\"ez-toc-section\" id=\"Quand_a_ete_cree_la_fete_des_Grands-meres\"><\/span>Quand a \u00e9t\u00e9 cr\u00e9\u00e9 la f\u00eate des Grands-m\u00e8res ?<span class=\"ez-toc-section-end\"><\/span><\/h2>\n<p>Elle <b>cr\u00e9e<\/b> en 1987 la <b>f\u00eate des grands<\/b>&#8211;<b>m\u00e8res<\/b>. \u00c0 l&rsquo;origine, l&rsquo;objectif <b>est<\/b> \u00e9videmment commercial et la marque capitalise sur son image positive et g\u00e9n\u00e9reuse pour faire parler d&rsquo;elle.<\/p>\n<p>Quel personnalit\u00e9 est n\u00e9 le 4 octobre ?<\/p>\n<p><b>  68 ans <\/b> <\/p>\n<ul>\n<li>   Caitriona Balfe   <b>    n\u00e9e   <\/b>   il y a 42 ans.  <\/li>\n<li>   Liev Schreiber   <b>    n\u00e9   <\/b>   il y a 54 ans.  <\/li>\n<li>   Christophe Honor\u00e9   <b>    n\u00e9   <\/b>   il y a 51 ans.  <\/li>\n<li>   Melissa Benoist   <b>    n\u00e9e   <\/b>   il y a 33 ans.  <\/li>\n<li>   Susan Sarandon   <b>    n\u00e9e   <\/b>   il y a 75 ans.  <\/li>\n<li>   Charlton Heston   <b>    n\u00e9   <\/b>   il y a 98 ans.  <\/li>\n<li>   Vicky Krieps   <b>    n\u00e9e   <\/b>   il y a 38 ans.  <\/li>\n<li>   Daniel Lissing   <b>    n\u00e9   <\/b>   il y a 40 ans.  <\/li>\n<\/ul>\n<p>Quels sont les jours f\u00e9ri\u00e9s de 2021 ? <b>  En  <b>   2021  <\/b>  , les dates des  <b>   jours f\u00e9ri\u00e9s sont  <\/b>  les suivantes : <\/b> <\/p>\n<ul>\n<li>   <b>    Jour   <\/b>   de l&rsquo;An : vendredi 1er janvier.  <\/li>\n<li>   Lundi de P\u00e2ques : lundi 5 avril.  <\/li>\n<li>   F\u00eate du Travail : samedi 1er mai.  <\/li>\n<li>   Victoire de 1945 : samedi 8 mai.  <\/li>\n<li>   Ascension : jeudi 13 mai.  <\/li>\n<li>   Pentec\u00f4te : lundi 24 mai.  <\/li>\n<li>   F\u00eate Nationale : mercredi 14 juillet.  <\/li>\n<li>   Assomption : dimanche 15 ao\u00fbt.  <\/li>\n<\/ul>\n<p>Quelle f\u00eate le 5 octobre ? Le <b>5 octobre<\/b>, nous f\u00eatons les Fleur, les Flora et toutes celles qui portent un nom de fleur : Capucine, Violette, Eglantine, Lilas, Garance, Daphn\u00e9, etc.., en l&rsquo;honneur de <b>Sainte<\/b> Fleur, une religieuse hospitali\u00e8re du Quercy, morte en 1347.<\/p>\n<h2><span class=\"ez-toc-section\" id=\"Quel_est_le_saint_de_demain\"><\/span>Quel est le saint de demain ?<span class=\"ez-toc-section-end\"><\/span><\/h2>\n<p><b>Demain<\/b>, f\u00eate de la <b>Saint<\/b>-Louis.<\/p>\n<p>Quelle f\u00eate \u00e0 souhaiter demain ? <b>Demain<\/b> : Le 8 mars, nous f\u00eatons les Jean en l&rsquo;honneur de Saint Jean de Dieu, Fondateur des Fr\u00e8res de la Charit\u00e9, mort en 1550. Nous f\u00eatons \u00e9galement les Humphroy, Humphrey en l&rsquo;honneur de Saint Humphroy.<\/p>\n<p>Qui est mort en octobre 2021 ?<\/p>\n<p>Jean-Paul Belmondo, Bernard Tapie, le prince Philip\u2026 Ils ont marqu\u00e9 les esprits et nous ont quitt\u00e9s cette ann\u00e9e <b>2021<\/b>. Colin Luther Powell, l&rsquo;ancien secr\u00e9taire d&rsquo;Etat am\u00e9ricain sous George W. Bush, <b>est<\/b> d\u00e9c\u00e9d\u00e9 \u00e0 l&rsquo;\u00e2ge de 84 ans, le 18 <b>octobre 2021<\/b>, de complications li\u00e9es au Covid-19.<\/p>\n<p>Qui est mort en octobre ? <b>  700 c\u00e9l\u00e9brit\u00e9s <\/b> <\/p>\n<ul>\n<li>   Edith Piaf. 1915 &#8211; 1963. Fran\u00e7aise, 47 ans. &#8230;  <\/li>\n<li>   Jean Cocteau. 1889 &#8211; 1963. &#8230;  <\/li>\n<li>   Georges Brassens. 1921 &#8211; 1981. &#8230;  <\/li>\n<li>   Lino Ventura. 1919 &#8211; 1987. &#8230;  <\/li>\n<li>   Yul Brynner. 1920 &#8211; 1985. &#8230;  <\/li>\n<li>   Fran\u00e7ois Cevert. 1944 &#8211; 1973. &#8230;  <\/li>\n<li>   Notez-le ! Pierre Corneille. &#8230;  <\/li>\n<li>   Fran\u00e7ois D&rsquo;Assise. 1182 &#8211; 1226.  <\/li>\n<\/ul>\n<h3><span class=\"ez-toc-section\" id=\"Quel_chanteur_est_mort_en_octobre_2021\"><\/span>Quel chanteur est mort en octobre 2021 ?<span class=\"ez-toc-section-end\"><\/span><\/h3>\n<p>D\u00e9c\u00e8s en octobre 2021 <\/p>\n<table>\n<tbody>\n<tr>\n<th>     Date    <\/th>\n<th>     Nom    <\/th>\n<th>     Activit\u00e9s    <\/th>\n<\/tr>\n<tr>\n<td>     8     <b>      octobre     <\/b>    <\/td>\n<td>     Petru Guelfucci    <\/td>\n<td>     <b>      Chanteur     <\/b>     fran\u00e7ais.    <\/td>\n<\/tr>\n<tr>\n<td>     8     <b>      octobre     <\/b>    <\/td>\n<td>     Henri Mitterand    <\/td>\n<td>     Universitaire, auteur et critique fran\u00e7ais.    <\/td>\n<\/tr>\n<tr>\n<td>     8     <b>      octobre     <\/b>    <\/td>\n<td>     Raymond T. Odierno    <\/td>\n<td>     G\u00e9n\u00e9ral am\u00e9ricain.    <\/td>\n<\/tr>\n<tr>\n<td>     8     <b>      octobre     <\/b>    <\/td>\n<td>     Grigori Sanako\u00efev    <\/td>\n<td>     Grand ma\u00eetre du jeu d&rsquo;\u00e9checs par correspondance sovi\u00e9tique puis russe.    <\/td>\n<\/tr>\n<\/tbody>\n<\/table>\n<p>Qui a mis en place la f\u00eate des m\u00e8res ? Apr\u00e8s la seconde guerre mondiale, le 24 mai 1950, le pr\u00e9sident de la R\u00e9publique Vincent Auriol promulgue un texte de loi instituant la <b>f\u00eate des m\u00e8res<\/b>. Elle est alors d\u00e9finitivement fix\u00e9e au dernier dimanche de mai. Si cette date co\u00efncide avec celle de la Pentec\u00f4te, la <b>F\u00eate des M\u00e8res<\/b> a lieu le premier dimanche de juin.<\/p>\n<p>Qui a invent\u00e9 la f\u00eate des m\u00e8res ?<\/p>\n<p>Aux Etats-Unis, l&rsquo;activiste Julia Ward Howe initia en 1870 la Proclamation de la Journ\u00e9e de la <b>m\u00e8re<\/b>, invitant les mamans du monde entier \u00e0 s&rsquo;unir afin d&rsquo;obtenir la paix. Mais c&rsquo;est surtout Anna Jarvis (1864-1948) <b>qui<\/b> est consid\u00e9r\u00e9e comme responsable de la version internationale que l&rsquo;on conna\u00eet aujourd&rsquo;hui.<\/p>\n<p>Qui a cr\u00e9\u00e9 la f\u00eate des m\u00e8res en France ? A Lyon, le 16 juin 1918, le colonel de La Croix-Laval instaure la premi\u00e8re \u00ab journ\u00e9e des <b>m\u00e8res<\/b> \u00bb officielle. Il s&rsquo;agit de rendre hommage aux femmes ayant perdu un fils ou un mari dans les tranch\u00e9es.<\/p>\n<h2><\/h2>\n","protected":false},"excerpt":{"rendered":"<p>La Roumanie fait partie des pays participant \u00e0 la F\u00eate des voisins qui devrait rassembler cette ann\u00e9e quelque 10 millions de personnes. Invent\u00e9e en France, la F\u00eate des voisins s&rsquo;\u00e9tend aujourd&rsquo;hui \u00e0 trente-trois pays. Dix millions de personnes sont attendues cette ann\u00e9e. De plus, Quand est la f\u00eate des Papi ? D\u00e9but octobre est le [&hellip;]<\/p>\n","protected":false},"author":5,"featured_media":0,"comment_status":"open","ping_status":"open","sticky":false,"template":"","format":"standard","meta":{"tdm_status":"","tdm_grid_status":"","_jetpack_memberships_contains_paid_content":false,"footnotes":"","jetpack_publicize_message":"","jetpack_publicize_feature_enabled":true,"jetpack_social_post_already_shared":true,"jetpack_social_options":{"image_generator_settings":{"template":"highway","default_image_id":0,"font":"","enabled":false},"version":2}},"categories":[80],"tags":[],"class_list":["post-94344","post","type-post","status-publish","format-standard","hentry","category-lifestyle"],"yoast_head":"<!-- This site is optimized with the Yoast SEO Premium plugin v25.0 (Yoast SEO v25.0) - https:\/\/yoast.com\/wordpress\/plugins\/seo\/ -->\n<title>Quel pays c\u00e9l\u00e8bre la F\u00eate des voisins ? - Flashmode Magazine | Magazine de mode et style de vie Num\u00e9ro un en Tunisie et au Maghreb<\/title>\n<meta name=\"description\" content=\"La Roumanie fait partie des pays participant \u00e0 la F\u00eate des voisins qui devrait rassembler cette ann\u00e9e quelque 10 millions de personnes. Invent\u00e9e en\" \/>\n<meta name=\"robots\" content=\"index, follow, max-snippet:-1, max-image-preview:large, max-video-preview:-1\" \/>\n<link rel=\"canonical\" href=\"https:\/\/flashmode.tn\/magazine\/quel-pays-celebre-la-fete-des-voisins\/\" \/>\n<meta property=\"og:locale\" content=\"fr_FR\" \/>\n<meta property=\"og:type\" content=\"article\" \/>\n<meta property=\"og:title\" content=\"Quel pays c\u00e9l\u00e8bre la F\u00eate des voisins ? - Flashmode Magazine | Magazine de mode et style de vie Num\u00e9ro un en Tunisie et au Maghreb\" \/>\n<meta property=\"og:description\" content=\"La Roumanie fait partie des pays participant \u00e0 la F\u00eate des voisins qui devrait rassembler cette ann\u00e9e quelque 10 millions de personnes. Invent\u00e9e en\" \/>\n<meta property=\"og:url\" content=\"https:\/\/flashmode.tn\/magazine\/quel-pays-celebre-la-fete-des-voisins\/\" \/>\n<meta property=\"og:site_name\" content=\"Flashmode Magazine | Magazine de mode et style de vie Num\u00e9ro un en Tunisie et au Maghreb\" \/>\n<meta property=\"article:publisher\" content=\"https:\/\/www.facebook.com\/flashmode.magazine\/\" \/>\n<meta property=\"article:published_time\" content=\"2022-06-05T20:53:49+00:00\" \/>\n<meta name=\"author\" content=\"PeopleLife\" \/>\n<meta name=\"twitter:card\" content=\"summary_large_image\" \/>\n<meta name=\"twitter:creator\" content=\"@agenceflashmode\" \/>\n<meta name=\"twitter:site\" content=\"@agenceflashmode\" \/>\n<meta name=\"twitter:label1\" content=\"\u00c9crit par\" \/>\n\t<meta name=\"twitter:data1\" content=\"PeopleLife\" \/>\n\t<meta name=\"twitter:label2\" content=\"Dur\u00e9e de lecture estim\u00e9e\" \/>\n\t<meta name=\"twitter:data2\" content=\"5 minutes\" \/>\n<script type=\"application\/ld+json\" class=\"yoast-schema-graph\">{\"@context\":\"https:\/\/schema.org\",\"@graph\":[{\"@type\":\"WebPage\",\"@id\":\"https:\/\/flashmode.tn\/magazine\/quel-pays-celebre-la-fete-des-voisins\/\",\"url\":\"https:\/\/flashmode.tn\/magazine\/quel-pays-celebre-la-fete-des-voisins\/\",\"name\":\"Quel pays c\u00e9l\u00e8bre la F\u00eate des voisins ? - Flashmode Magazine | Magazine de mode et style de vie Num\u00e9ro un en Tunisie et au Maghreb\",\"isPartOf\":{\"@id\":\"https:\/\/flashmode.tn\/magazine\/#website\"},\"datePublished\":\"2022-06-05T20:53:49+00:00\",\"author\":{\"@id\":\"https:\/\/flashmode.tn\/magazine\/#\/schema\/person\/6815bd30337e8756d5357219766efcc3\"},\"description\":\"La Roumanie fait partie des pays participant \u00e0 la F\u00eate des voisins qui devrait rassembler cette ann\u00e9e quelque 10 millions de personnes. Invent\u00e9e en\",\"breadcrumb\":{\"@id\":\"https:\/\/flashmode.tn\/magazine\/quel-pays-celebre-la-fete-des-voisins\/#breadcrumb\"},\"inLanguage\":\"fr-FR\",\"potentialAction\":[{\"@type\":\"ReadAction\",\"target\":[\"https:\/\/flashmode.tn\/magazine\/quel-pays-celebre-la-fete-des-voisins\/\"]}]},{\"@type\":\"BreadcrumbList\",\"@id\":\"https:\/\/flashmode.tn\/magazine\/quel-pays-celebre-la-fete-des-voisins\/#breadcrumb\",\"itemListElement\":[{\"@type\":\"ListItem\",\"position\":1,\"name\":\"Accueil\",\"item\":\"https:\/\/flashmode.tn\/magazine\/\"},{\"@type\":\"ListItem\",\"position\":2,\"name\":\"Quel pays c\u00e9l\u00e8bre la F\u00eate des voisins ?\"}]},{\"@type\":\"WebSite\",\"@id\":\"https:\/\/flashmode.tn\/magazine\/#website\",\"url\":\"https:\/\/flashmode.tn\/magazine\/\",\"name\":\"Flashmode Magazine | Magazine de mode et style de vie Num\u00e9ro un en Tunisie et au Maghreb\",\"description\":\"Magazine de mode et style de vie Num\u00e9ro un en Tunisie et au Maghreb, cr\u00e9\u00e9 pour les hommes et les femmes : conseils beaut\u00e9, mode femme, mode homme, recettes de cuisine, c\u00e9l\u00e9brit\u00e9s et people, mannequins et top modeles\",\"potentialAction\":[{\"@type\":\"SearchAction\",\"target\":{\"@type\":\"EntryPoint\",\"urlTemplate\":\"https:\/\/flashmode.tn\/magazine\/?s={search_term_string}\"},\"query-input\":{\"@type\":\"PropertyValueSpecification\",\"valueRequired\":true,\"valueName\":\"search_term_string\"}}],\"inLanguage\":\"fr-FR\"},{\"@type\":\"Person\",\"@id\":\"https:\/\/flashmode.tn\/magazine\/#\/schema\/person\/6815bd30337e8756d5357219766efcc3\",\"name\":\"PeopleLife\",\"image\":{\"@type\":\"ImageObject\",\"inLanguage\":\"fr-FR\",\"@id\":\"https:\/\/flashmode.tn\/magazine\/#\/schema\/person\/image\/\",\"url\":\"https:\/\/secure.gravatar.com\/avatar\/8098f49196034391d93ae20d939ad33b14f6b745c986049ad803a54f4113e18c?s=96&d=mm&r=g\",\"contentUrl\":\"https:\/\/secure.gravatar.com\/avatar\/8098f49196034391d93ae20d939ad33b14f6b745c986049ad803a54f4113e18c?s=96&d=mm&r=g\",\"caption\":\"PeopleLife\"},\"url\":\"https:\/\/flashmode.tn\/magazine\/author\/peoplelife\/\"}]}<\/script>\n<!-- \/ Yoast SEO Premium plugin. -->","yoast_head_json":{"title":"Quel pays c\u00e9l\u00e8bre la F\u00eate des voisins ? - Flashmode Magazine | Magazine de mode et style de vie Num\u00e9ro un en Tunisie et au Maghreb","description":"La Roumanie fait partie des pays participant \u00e0 la F\u00eate des voisins qui devrait rassembler cette ann\u00e9e quelque 10 millions de personnes. Invent\u00e9e en","robots":{"index":"index","follow":"follow","max-snippet":"max-snippet:-1","max-image-preview":"max-image-preview:large","max-video-preview":"max-video-preview:-1"},"canonical":"https:\/\/flashmode.tn\/magazine\/quel-pays-celebre-la-fete-des-voisins\/","og_locale":"fr_FR","og_type":"article","og_title":"Quel pays c\u00e9l\u00e8bre la F\u00eate des voisins ? - Flashmode Magazine | Magazine de mode et style de vie Num\u00e9ro un en Tunisie et au Maghreb","og_description":"La Roumanie fait partie des pays participant \u00e0 la F\u00eate des voisins qui devrait rassembler cette ann\u00e9e quelque 10 millions de personnes. Invent\u00e9e en","og_url":"https:\/\/flashmode.tn\/magazine\/quel-pays-celebre-la-fete-des-voisins\/","og_site_name":"Flashmode Magazine | Magazine de mode et style de vie Num\u00e9ro un en Tunisie et au Maghreb","article_publisher":"https:\/\/www.facebook.com\/flashmode.magazine\/","article_published_time":"2022-06-05T20:53:49+00:00","author":"PeopleLife","twitter_card":"summary_large_image","twitter_creator":"@agenceflashmode","twitter_site":"@agenceflashmode","twitter_misc":{"\u00c9crit par":"PeopleLife","Dur\u00e9e de lecture estim\u00e9e":"5 minutes"},"schema":{"@context":"https:\/\/schema.org","@graph":[{"@type":"WebPage","@id":"https:\/\/flashmode.tn\/magazine\/quel-pays-celebre-la-fete-des-voisins\/","url":"https:\/\/flashmode.tn\/magazine\/quel-pays-celebre-la-fete-des-voisins\/","name":"Quel pays c\u00e9l\u00e8bre la F\u00eate des voisins ? - Flashmode Magazine | Magazine de mode et style de vie Num\u00e9ro un en Tunisie et au Maghreb","isPartOf":{"@id":"https:\/\/flashmode.tn\/magazine\/#website"},"datePublished":"2022-06-05T20:53:49+00:00","author":{"@id":"https:\/\/flashmode.tn\/magazine\/#\/schema\/person\/6815bd30337e8756d5357219766efcc3"},"description":"La Roumanie fait partie des pays participant \u00e0 la F\u00eate des voisins qui devrait rassembler cette ann\u00e9e quelque 10 millions de personnes. Invent\u00e9e en","breadcrumb":{"@id":"https:\/\/flashmode.tn\/magazine\/quel-pays-celebre-la-fete-des-voisins\/#breadcrumb"},"inLanguage":"fr-FR","potentialAction":[{"@type":"ReadAction","target":["https:\/\/flashmode.tn\/magazine\/quel-pays-celebre-la-fete-des-voisins\/"]}]},{"@type":"BreadcrumbList","@id":"https:\/\/flashmode.tn\/magazine\/quel-pays-celebre-la-fete-des-voisins\/#breadcrumb","itemListElement":[{"@type":"ListItem","position":1,"name":"Accueil","item":"https:\/\/flashmode.tn\/magazine\/"},{"@type":"ListItem","position":2,"name":"Quel pays c\u00e9l\u00e8bre la F\u00eate des voisins ?"}]},{"@type":"WebSite","@id":"https:\/\/flashmode.tn\/magazine\/#website","url":"https:\/\/flashmode.tn\/magazine\/","name":"Flashmode Magazine | Magazine de mode et style de vie Num\u00e9ro un en Tunisie et au Maghreb","description":"Magazine de mode et style de vie Num\u00e9ro un en Tunisie et au Maghreb, cr\u00e9\u00e9 pour les hommes et les femmes : conseils beaut\u00e9, mode femme, mode homme, recettes de cuisine, c\u00e9l\u00e9brit\u00e9s et people, mannequins et top modeles","potentialAction":[{"@type":"SearchAction","target":{"@type":"EntryPoint","urlTemplate":"https:\/\/flashmode.tn\/magazine\/?s={search_term_string}"},"query-input":{"@type":"PropertyValueSpecification","valueRequired":true,"valueName":"search_term_string"}}],"inLanguage":"fr-FR"},{"@type":"Person","@id":"https:\/\/flashmode.tn\/magazine\/#\/schema\/person\/6815bd30337e8756d5357219766efcc3","name":"PeopleLife","image":{"@type":"ImageObject","inLanguage":"fr-FR","@id":"https:\/\/flashmode.tn\/magazine\/#\/schema\/person\/image\/","url":"https:\/\/secure.gravatar.com\/avatar\/8098f49196034391d93ae20d939ad33b14f6b745c986049ad803a54f4113e18c?s=96&d=mm&r=g","contentUrl":"https:\/\/secure.gravatar.com\/avatar\/8098f49196034391d93ae20d939ad33b14f6b745c986049ad803a54f4113e18c?s=96&d=mm&r=g","caption":"PeopleLife"},"url":"https:\/\/flashmode.tn\/magazine\/author\/peoplelife\/"}]}},"jetpack_publicize_connections":[],"jetpack_featured_media_url":"","jetpack_shortlink":"https:\/\/wp.me\/p8BPGr-oxG","jetpack_sharing_enabled":true,"_links":{"self":[{"href":"https:\/\/flashmode.tn\/magazine\/wp-json\/wp\/v2\/posts\/94344","targetHints":{"allow":["GET"]}}],"collection":[{"href":"https:\/\/flashmode.tn\/magazine\/wp-json\/wp\/v2\/posts"}],"about":[{"href":"https:\/\/flashmode.tn\/magazine\/wp-json\/wp\/v2\/types\/post"}],"author":[{"embeddable":true,"href":"https:\/\/flashmode.tn\/magazine\/wp-json\/wp\/v2\/users\/5"}],"replies":[{"embeddable":true,"href":"https:\/\/flashmode.tn\/magazine\/wp-json\/wp\/v2\/comments?post=94344"}],"version-history":[{"count":0,"href":"https:\/\/flashmode.tn\/magazine\/wp-json\/wp\/v2\/posts\/94344\/revisions"}],"wp:attachment":[{"href":"https:\/\/flashmode.tn\/magazine\/wp-json\/wp\/v2\/media?parent=94344"}],"wp:term":[{"taxonomy":"category","embeddable":true,"href":"https:\/\/flashmode.tn\/magazine\/wp-json\/wp\/v2\/categories?post=94344"},{"taxonomy":"post_tag","embeddable":true,"href":"https:\/\/flashmode.tn\/magazine\/wp-json\/wp\/v2\/tags?post=94344"}],"curies":[{"name":"wp","href":"https:\/\/api.w.org\/{rel}","templated":true}]}}