{"id":94842,"date":"2022-05-27T00:36:36","date_gmt":"2022-05-26T22:36:36","guid":{"rendered":"https:\/\/flashmode.tn\/magazine\/?p=94842"},"modified":"2022-05-27T00:36:36","modified_gmt":"2022-05-26T22:36:36","slug":"quand-semer-les-melons-en-2021","status":"publish","type":"post","link":"https:\/\/flashmode.tn\/magazine\/quand-semer-les-melons-en-2021\/","title":{"rendered":"Quand semer les melons en 2021 ?"},"content":{"rendered":"<p>Pour entreprendre les <b>semis<\/b> de <b>melons<\/b> directement en place, attendez que le sol soit r\u00e9chauff\u00e9, vers avril-mai pour les r\u00e9gions du Sud, et fin mai pour les r\u00e9gions plus fraiches du Nord de la Loire.<\/p>\n<p>De plus, Comment faire pousser du melon ? Semis et plantation du <b>melon<\/b><\/p>\n<p> Le semis en pleine terre est possible dans le sud dans un m\u00e9lange de terreau et de fumier. Choisissez un endroit chaud et ensoleill\u00e9. Privil\u00e9giez un sol riche et profond, enrichissez si besoin en compost. Respectez un espacement de 80 cm \u00e0 1 m entre chaque plant.<\/p>\n<p>Quand commencer les semis en godet ?<\/p>\n<p>Les <b>semis en godet<\/b> sous abris peuvent d\u00e9buter au mois de f\u00e9vrier. La chaleur fournit aux v\u00e9g\u00e9taux les encouragera \u00e0 germer plus t\u00f4t. Les floraisons et les r\u00e9coltes des <b>semis<\/b> d&rsquo;int\u00e9rieurs seront ainsi en avance de quelques semaines par rapport aux graines sem\u00e9es directement en place.<\/p>\n<p>Par ailleurs, Quand Faut-il arroser les melons ? <b>Il<\/b> a des besoins importants en eau : un <b>arrosage<\/b> deuxfoispar semaine est n\u00e9cessaire. En r\u00e9gion tr\u00e8s chaude et en p\u00e9riode de s\u00e9cheresse, <b>il<\/b> peut \u00eatre n\u00e9cessaire d&rsquo;<b>arroser<\/b> tousles deuxjours. <b>Il faut<\/b> maintenir le sol frais, tout en prenant garde \u00e0 ne pas l&rsquo;inonder pour ne pas faire pourrir les racines.<\/p>\n<div id=\"ez-toc-container\" class=\"ez-toc-v2_0_81 counter-hierarchy ez-toc-counter ez-toc-grey ez-toc-container-direction\">\n<div class=\"ez-toc-title-container\">\n<p class=\"ez-toc-title\" style=\"cursor:inherit\">Contenus de la page<\/p>\n<span class=\"ez-toc-title-toggle\"><a href=\"#\" class=\"ez-toc-pull-right ez-toc-btn ez-toc-btn-xs ez-toc-btn-default ez-toc-toggle\" aria-label=\"Toggle Table of Content\"><span class=\"ez-toc-js-icon-con\"><span class=\"\"><span class=\"eztoc-hide\" style=\"display:none;\">Toggle<\/span><span class=\"ez-toc-icon-toggle-span\"><svg style=\"fill: #999;color:#999\" xmlns=\"http:\/\/www.w3.org\/2000\/svg\" class=\"list-377408\" width=\"20px\" height=\"20px\" viewBox=\"0 0 24 24\" fill=\"none\"><path d=\"M6 6H4v2h2V6zm14 0H8v2h12V6zM4 11h2v2H4v-2zm16 0H8v2h12v-2zM4 16h2v2H4v-2zm16 0H8v2h12v-2z\" fill=\"currentColor\"><\/path><\/svg><svg style=\"fill: #999;color:#999\" class=\"arrow-unsorted-368013\" xmlns=\"http:\/\/www.w3.org\/2000\/svg\" width=\"10px\" height=\"10px\" viewBox=\"0 0 24 24\" version=\"1.2\" baseProfile=\"tiny\"><path d=\"M18.2 9.3l-6.2-6.3-6.2 6.3c-.2.2-.3.4-.3.7s.1.5.3.7c.2.2.4.3.7.3h11c.3 0 .5-.1.7-.3.2-.2.3-.5.3-.7s-.1-.5-.3-.7zM5.8 14.7l6.2 6.3 6.2-6.3c.2-.2.3-.5.3-.7s-.1-.5-.3-.7c-.2-.2-.4-.3-.7-.3h-11c-.3 0-.5.1-.7.3-.2.2-.3.5-.3.7s.1.5.3.7z\"\/><\/svg><\/span><\/span><\/span><\/a><\/span><\/div>\n<nav><ul class='ez-toc-list ez-toc-list-level-1 ' ><li class='ez-toc-page-1 ez-toc-heading-level-2'><a class=\"ez-toc-link ez-toc-heading-1\" href=\"https:\/\/flashmode.tn\/magazine\/quand-semer-les-melons-en-2021\/#Comment_faire_pour_pincer_les_melons\" >Comment faire pour pincer les melons ?<\/a><\/li><li class='ez-toc-page-1 ez-toc-heading-level-2'><a class=\"ez-toc-link ez-toc-heading-2\" href=\"https:\/\/flashmode.tn\/magazine\/quand-semer-les-melons-en-2021\/#Quelle_quantite_deau_par_pied_de_melon\" >Quelle quantit\u00e9 d&rsquo;eau par pied de melon ?<\/a><\/li><li class='ez-toc-page-1 ez-toc-heading-level-2'><a class=\"ez-toc-link ez-toc-heading-3\" href=\"https:\/\/flashmode.tn\/magazine\/quand-semer-les-melons-en-2021\/#Comment_avoir_de_beau_melon_dans_son_jardin\" >Comment avoir de beau melon dans son jardin ?<\/a><\/li><li class='ez-toc-page-1 ez-toc-heading-level-2'><a class=\"ez-toc-link ez-toc-heading-4\" href=\"https:\/\/flashmode.tn\/magazine\/quand-semer-les-melons-en-2021\/#Pourquoi_les_feuilles_de_melon_jaunissent\" >Pourquoi les feuilles de melon jaunissent ?<\/a><ul class='ez-toc-list-level-3' ><li class='ez-toc-heading-level-3'><a class=\"ez-toc-link ez-toc-heading-5\" href=\"https:\/\/flashmode.tn\/magazine\/quand-semer-les-melons-en-2021\/#Pourquoi_les_melons_jaunissent\" >Pourquoi les melons jaunissent ?<\/a><\/li><\/ul><\/li><\/ul><\/nav><\/div>\n<h2><span class=\"ez-toc-section\" id=\"Comment_faire_pour_pincer_les_melons\"><\/span>Comment faire pour pincer les melons ?<span class=\"ez-toc-section-end\"><\/span><\/h2>\n<p><b>  <b>   Comment pincer  <\/b>  le  <b>   melon  <\/b>  ? <\/b> <\/p>\n<ol>\n<li>   Lorsque les plants ont 4 feuilles,   <b>    pincer   <\/b>   l&rsquo;extr\u00e9mit\u00e9 de la tige entre deux doigts au dessus des 2 premi\u00e8res feuilles.  <\/li>\n<li>   Couper d&rsquo;un coup sec avec l&rsquo;ongle, \u00f4ter au passage les cotyl\u00e9dons. &#8230;  <\/li>\n<li>   <b>    Pincer   <\/b>   tous les rameaux issus de ces tiges apr\u00e8s la 3\u00e8me feuille.  <\/li>\n<\/ol>\n<p>Comment faire pour avoir de beaux melons ? Pour <b>avoir de beaux<\/b> fruits, en quantit\u00e9 raisonnable, il faudra pincer la tige principale d\u00e8s que la tige portera 3 \u00e0 5 feuilles et au-dessus des deux premi\u00e8res feuilles. Ensuite, laissez 2 \u00e0 3 tiges se d\u00e9velopper, puis pincez-les apr\u00e8s la 4<sup>e<\/sup> ou 5<sup>e<\/sup> feuille. Ces diff\u00e9rents pincements permettent aux tiges de se ramifier.<\/p>\n<p>Comment entretenir un plant de melon ? Gardez 1m de distance entre chaque <b>plant<\/b>. Fertilisez \u00e0 l&rsquo;aide de compost m\u00fbr ou de fertilisant riche en potasse. Pour une bonne croissance, ne conservez pas plus de quatre <b>melons<\/b> par pied afin qu&rsquo;ils puissent se d\u00e9velopper correctement jusqu&rsquo;\u00e0 maturit\u00e9. Apr\u00e8s 4 semaines, taillez au-dessus de la 3e feuille.<\/p>\n<p>Quand commencer les semis \u00e0 l&rsquo;int\u00e9rieur ? Le mois de mars est id\u00e9al pour mettre vos graines en terre en pr\u00e9vision des beaux jours et de vous lancer dans une activit\u00e9 de <b>semis int\u00e9rieurs<\/b>. En plus d&rsquo;\u00eatre \u00e9conomique, <b>faire<\/b> ses <b>semis<\/b> vous permet de r\u00e9aliser une activit\u00e9 agr\u00e9able avec les enfants ou pour vous-m\u00eame.<\/p>\n<h2><span class=\"ez-toc-section\" id=\"Quelle_quantite_deau_par_pied_de_melon\"><\/span>Quelle quantit\u00e9 d&rsquo;eau par pied de melon ?<span class=\"ez-toc-section-end\"><\/span><\/h2>\n<p>Les besoins en <b>eau<\/b> de la culture du <b>melon<\/b> sont variables en fonction du cycle de d\u00e9veloppement et du type de production. Pour la culture de plein champs et sous petits tunnels, la <b>consommation<\/b> globale en <b>eau<\/b> pour un cycle de 3 \u00e0 4 mois (du semis \u00e0 la r\u00e9colte) est de 3000 \u00e0 4000 m<sup>3<\/sup>\/ha, soient 300 \u00e0 400 mm d&rsquo;<b>eau<\/b>.<\/p>\n<p>Comment entretenir les plants de melons ? <b>  Lorsque les petits  <b>   melons  <\/b>  mesurent 2 \u00e0 3 cm de diam\u00e8tre, supprimez tous les  <b>   melons  <\/b>  d&rsquo;un rameau except\u00e9 le premier. <\/b> <\/p>\n<ol>\n<li>   Coupez ensuite chaque tige 2 feuilles apr\u00e8s le petit   <b>    melon   <\/b>   .  <\/li>\n<li>   Par la suite, vous veillerez \u00e0 ne laisser que 4 \u00e0 6 fruits par pied, afin qu&rsquo;ils grossissent bien et se chargent en fruits.  <\/li>\n<\/ol>\n<p>Quel engrais pour le melon ?<\/p>\n<p>Fumier bien d\u00e9compos\u00e9, compost et cendres de chemin\u00e9e \u00e0 la pr\u00e9paration du sol. Vinasse de betterave en cours de culture. Cet <b>engrais<\/b> bio en poudre tr\u00e8s riche en potasse permet aux plantes de mieux fixer l&rsquo;azote ; les plantes et les racines se d\u00e9veloppent mieux, la r\u00e9sistance et le rendement sont am\u00e9lior\u00e9s.<\/p>\n<p>Comment reconna\u00eetre une fleur m\u00e2le et femelle melon ? Contrairement \u00e0 une croyance tr\u00e8s r\u00e9pendue il n&rsquo;existe pas de <b>melon m\u00e2le<\/b> ou <b>femelle<\/b>. La pastille qui appara\u00eet \u00e0 l&rsquo;oppos\u00e9 du p\u00e9doncule n&rsquo;est que la cicatrice laiss\u00e9e par la chute de la <b>fleur<\/b> ( <b>femelle<\/b>) apres f\u00e9condation.<\/p>\n<h2><span class=\"ez-toc-section\" id=\"Comment_avoir_de_beau_melon_dans_son_jardin\"><\/span>Comment avoir de beau melon dans son jardin ?<span class=\"ez-toc-section-end\"><\/span><\/h2>\n<p><b>Le<\/b> semis du <b>melon<\/b> se fait de mars jusqu&rsquo;\u00e0 la mi-mai dans une serre ou une v\u00e9randa. La temp\u00e9rature doit \u00eatre d&rsquo;au moins 20 \u00b0C. Semer 2 ou 3 graines, pointe vers <b>le<\/b> bas, par godet pour conserver <b>le<\/b> plus <b>beau<\/b> pied. Attendre que les gel\u00e9es soient pass\u00e9es pour installer les plants en pleine terre.<\/p>\n<p>Comment faire m\u00fbrir plus vite les melons ?<\/p>\n<p><b>Faire murir<\/b> un <b>melon<\/b> d\u00e9j\u00e0 coup\u00e9 dans une cloche<\/p>\n<p> En le pla\u00e7ant sous une cloche herm\u00e9tique, vous allez alors concentrer ce gaz autour du fruit. Le <b>melon<\/b> va lui-m\u00eame s&rsquo;aider \u00e0 <b>m\u00fbrir<\/b>. Encore une fois, vous pouvez y ajouter une pomme, une poire ou une banane pour renforcer l&rsquo;effet.<\/p>\n<p>Pourquoi les melon ne grossissent pas ? en g\u00e9n\u00e9ral si les <b>melons ne grossissent pas<\/b>, c&rsquo;est soit qu&rsquo;il y a trop de fruits sur une tige ou alors qu&rsquo;ils ont besoin de plus de nourriture.<\/p>\n<p>Comment choisir un melon bien sucr\u00e9 ? Le poids du <b>melon<\/b><\/p>\n<p> Plus un <b>melon<\/b> est m\u00fbr, plus il se gorge de <b>sucre<\/b> et donc plus il s&rsquo;alourdit. A <b>melon<\/b> de taille \u00e9gal, le plus lourd sera donc le plus <b>sucr\u00e9<\/b>!<\/p>\n<h2><span class=\"ez-toc-section\" id=\"Pourquoi_les_feuilles_de_melon_jaunissent\"><\/span>Pourquoi les feuilles de melon jaunissent ?<span class=\"ez-toc-section-end\"><\/span><\/h2>\n<p>Signes d&rsquo;un manque d&rsquo;eau<\/p>\n<p> Quand il manque d&rsquo;eau le <b>melon<\/b> envoie ces signes : <b>jaunissement<\/b> des <b>feuilles<\/b>, arr\u00eat de la croissance des fruits.<\/p>\n<p>Comment bien r\u00e9ussir ses semis en int\u00e9rieur ? <b>R\u00e9ussir<\/b> les <b>semis en int\u00e9rieur<\/b><\/p>\n<p> &#8211; Remplissez vos caissettes, terrines ou pots de ce terreau puis tassez \u00e0 la main en y laissant un petit espace pour semer vos graines. R\u00e9partissez les graines r\u00e9guli\u00e8rement sur la surface et recouvrez de quelques millim\u00e8tres de terreau de <b>semis<\/b>. Placez 2 \u00e0 5 graines par godet.<\/p>\n<p>Pourquoi les plans de melons ne poussent pas ?<\/p>\n<p>en g\u00e9n\u00e9ral si les <b>melons ne grossissent pas<\/b>, c&rsquo;est soit qu&rsquo;il y a trop de fruits sur une tige ou alors qu&rsquo;ils ont besoin de plus de nourriture.<\/p>\n<p>Comment faire pour avoir des melons sucr\u00e9s ? Le secret <b>pour avoir<\/b> des fruits tr\u00e8s go\u00fbteux est <b>de<\/b> provoquer un stress hydrique en fin <b>de<\/b> maturation : arr\u00eatez <b>d<\/b>&lsquo;arroser les <b>melons<\/b> et les past\u00e8ques <b>pour faire<\/b> monter la teneur en <b>sucre<\/b>.<\/p>\n<h3><span class=\"ez-toc-section\" id=\"Pourquoi_les_melons_jaunissent\"><\/span>Pourquoi les melons jaunissent ?<span class=\"ez-toc-section-end\"><\/span><\/h3>\n<p>Signes d&rsquo;un manque d&rsquo;eau<\/p>\n<p> Quand il manque d&rsquo;eau le <b>melon<\/b> envoie ces signes : <b>jaunissement<\/b> des feuilles, arr\u00eat de la croissance des fruits.<\/p>\n<p>Pourquoi mes melons ne poussent pas ? L&rsquo;humidit\u00e9 sur les feuilles et l&rsquo;air stagnant peuvent faciliter le d\u00e9veloppement de maladies, il faut donc a\u00e9rer r\u00e9guli\u00e8rement, <b>ne pas<\/b> mouiller les feuilles le soir ni placer deux ann\u00e9es de suite ses <b>melons<\/b> au m\u00eame endroit.<\/p>\n<h2><\/h2>\n","protected":false},"excerpt":{"rendered":"<p>Pour entreprendre les semis de melons directement en place, attendez que le sol soit r\u00e9chauff\u00e9, vers avril-mai pour les r\u00e9gions du Sud, et fin mai pour les r\u00e9gions plus fraiches du Nord de la Loire. De plus, Comment faire pousser du melon ? Semis et plantation du melon Le semis en pleine terre est possible [&hellip;]<\/p>\n","protected":false},"author":5,"featured_media":0,"comment_status":"open","ping_status":"open","sticky":false,"template":"","format":"standard","meta":{"tdm_status":"","tdm_grid_status":"","_jetpack_memberships_contains_paid_content":false,"footnotes":"","jetpack_publicize_message":"","jetpack_publicize_feature_enabled":true,"jetpack_social_post_already_shared":true,"jetpack_social_options":{"image_generator_settings":{"template":"highway","default_image_id":0,"font":"","enabled":false},"version":2}},"categories":[80],"tags":[],"class_list":["post-94842","post","type-post","status-publish","format-standard","hentry","category-lifestyle"],"yoast_head":"<!-- This site is optimized with the Yoast SEO Premium plugin v25.0 (Yoast SEO v25.0) - https:\/\/yoast.com\/wordpress\/plugins\/seo\/ -->\n<title>Quand semer les melons en 2021 ? - Flashmode Magazine | Magazine de mode et style de vie Num\u00e9ro un en Tunisie et au Maghreb<\/title>\n<meta name=\"description\" content=\"Pour entreprendre les semis de melons directement en place, attendez que le sol soit r\u00e9chauff\u00e9, vers avril-mai pour les r\u00e9gions du Sud, et fin mai pour\" \/>\n<meta name=\"robots\" content=\"index, follow, max-snippet:-1, max-image-preview:large, max-video-preview:-1\" \/>\n<link rel=\"canonical\" href=\"https:\/\/flashmode.tn\/magazine\/quand-semer-les-melons-en-2021\/\" \/>\n<meta property=\"og:locale\" content=\"fr_FR\" \/>\n<meta property=\"og:type\" content=\"article\" \/>\n<meta property=\"og:title\" content=\"Quand semer les melons en 2021 ? - Flashmode Magazine | Magazine de mode et style de vie Num\u00e9ro un en Tunisie et au Maghreb\" \/>\n<meta property=\"og:description\" content=\"Pour entreprendre les semis de melons directement en place, attendez que le sol soit r\u00e9chauff\u00e9, vers avril-mai pour les r\u00e9gions du Sud, et fin mai pour\" \/>\n<meta property=\"og:url\" content=\"https:\/\/flashmode.tn\/magazine\/quand-semer-les-melons-en-2021\/\" \/>\n<meta property=\"og:site_name\" content=\"Flashmode Magazine | Magazine de mode et style de vie Num\u00e9ro un en Tunisie et au Maghreb\" \/>\n<meta property=\"article:publisher\" content=\"https:\/\/www.facebook.com\/flashmode.magazine\/\" \/>\n<meta property=\"article:published_time\" content=\"2022-05-26T22:36:36+00:00\" \/>\n<meta name=\"author\" content=\"PeopleLife\" \/>\n<meta name=\"twitter:card\" content=\"summary_large_image\" \/>\n<meta name=\"twitter:creator\" content=\"@agenceflashmode\" \/>\n<meta name=\"twitter:site\" content=\"@agenceflashmode\" \/>\n<meta name=\"twitter:label1\" content=\"\u00c9crit par\" \/>\n\t<meta name=\"twitter:data1\" content=\"PeopleLife\" \/>\n\t<meta name=\"twitter:label2\" content=\"Dur\u00e9e de lecture estim\u00e9e\" \/>\n\t<meta name=\"twitter:data2\" content=\"6 minutes\" \/>\n<script type=\"application\/ld+json\" class=\"yoast-schema-graph\">{\"@context\":\"https:\/\/schema.org\",\"@graph\":[{\"@type\":\"WebPage\",\"@id\":\"https:\/\/flashmode.tn\/magazine\/quand-semer-les-melons-en-2021\/\",\"url\":\"https:\/\/flashmode.tn\/magazine\/quand-semer-les-melons-en-2021\/\",\"name\":\"Quand semer les melons en 2021 ? - Flashmode Magazine | Magazine de mode et style de vie Num\u00e9ro un en Tunisie et au Maghreb\",\"isPartOf\":{\"@id\":\"https:\/\/flashmode.tn\/magazine\/#website\"},\"datePublished\":\"2022-05-26T22:36:36+00:00\",\"author\":{\"@id\":\"https:\/\/flashmode.tn\/magazine\/#\/schema\/person\/6815bd30337e8756d5357219766efcc3\"},\"description\":\"Pour entreprendre les semis de melons directement en place, attendez que le sol soit r\u00e9chauff\u00e9, vers avril-mai pour les r\u00e9gions du Sud, et fin mai pour\",\"breadcrumb\":{\"@id\":\"https:\/\/flashmode.tn\/magazine\/quand-semer-les-melons-en-2021\/#breadcrumb\"},\"inLanguage\":\"fr-FR\",\"potentialAction\":[{\"@type\":\"ReadAction\",\"target\":[\"https:\/\/flashmode.tn\/magazine\/quand-semer-les-melons-en-2021\/\"]}]},{\"@type\":\"BreadcrumbList\",\"@id\":\"https:\/\/flashmode.tn\/magazine\/quand-semer-les-melons-en-2021\/#breadcrumb\",\"itemListElement\":[{\"@type\":\"ListItem\",\"position\":1,\"name\":\"Accueil\",\"item\":\"https:\/\/flashmode.tn\/magazine\/\"},{\"@type\":\"ListItem\",\"position\":2,\"name\":\"Quand semer les melons en 2021 ?\"}]},{\"@type\":\"WebSite\",\"@id\":\"https:\/\/flashmode.tn\/magazine\/#website\",\"url\":\"https:\/\/flashmode.tn\/magazine\/\",\"name\":\"Flashmode Magazine | Magazine de mode et style de vie Num\u00e9ro un en Tunisie et au Maghreb\",\"description\":\"Magazine de mode et style de vie Num\u00e9ro un en Tunisie et au Maghreb, cr\u00e9\u00e9 pour les hommes et les femmes : conseils beaut\u00e9, mode femme, mode homme, recettes de cuisine, c\u00e9l\u00e9brit\u00e9s et people, mannequins et top modeles\",\"potentialAction\":[{\"@type\":\"SearchAction\",\"target\":{\"@type\":\"EntryPoint\",\"urlTemplate\":\"https:\/\/flashmode.tn\/magazine\/?s={search_term_string}\"},\"query-input\":{\"@type\":\"PropertyValueSpecification\",\"valueRequired\":true,\"valueName\":\"search_term_string\"}}],\"inLanguage\":\"fr-FR\"},{\"@type\":\"Person\",\"@id\":\"https:\/\/flashmode.tn\/magazine\/#\/schema\/person\/6815bd30337e8756d5357219766efcc3\",\"name\":\"PeopleLife\",\"image\":{\"@type\":\"ImageObject\",\"inLanguage\":\"fr-FR\",\"@id\":\"https:\/\/flashmode.tn\/magazine\/#\/schema\/person\/image\/\",\"url\":\"https:\/\/secure.gravatar.com\/avatar\/8098f49196034391d93ae20d939ad33b14f6b745c986049ad803a54f4113e18c?s=96&d=mm&r=g\",\"contentUrl\":\"https:\/\/secure.gravatar.com\/avatar\/8098f49196034391d93ae20d939ad33b14f6b745c986049ad803a54f4113e18c?s=96&d=mm&r=g\",\"caption\":\"PeopleLife\"},\"url\":\"https:\/\/flashmode.tn\/magazine\/author\/peoplelife\/\"}]}<\/script>\n<!-- \/ Yoast SEO Premium plugin. -->","yoast_head_json":{"title":"Quand semer les melons en 2021 ? - Flashmode Magazine | Magazine de mode et style de vie Num\u00e9ro un en Tunisie et au Maghreb","description":"Pour entreprendre les semis de melons directement en place, attendez que le sol soit r\u00e9chauff\u00e9, vers avril-mai pour les r\u00e9gions du Sud, et fin mai pour","robots":{"index":"index","follow":"follow","max-snippet":"max-snippet:-1","max-image-preview":"max-image-preview:large","max-video-preview":"max-video-preview:-1"},"canonical":"https:\/\/flashmode.tn\/magazine\/quand-semer-les-melons-en-2021\/","og_locale":"fr_FR","og_type":"article","og_title":"Quand semer les melons en 2021 ? - Flashmode Magazine | Magazine de mode et style de vie Num\u00e9ro un en Tunisie et au Maghreb","og_description":"Pour entreprendre les semis de melons directement en place, attendez que le sol soit r\u00e9chauff\u00e9, vers avril-mai pour les r\u00e9gions du Sud, et fin mai pour","og_url":"https:\/\/flashmode.tn\/magazine\/quand-semer-les-melons-en-2021\/","og_site_name":"Flashmode Magazine | Magazine de mode et style de vie Num\u00e9ro un en Tunisie et au Maghreb","article_publisher":"https:\/\/www.facebook.com\/flashmode.magazine\/","article_published_time":"2022-05-26T22:36:36+00:00","author":"PeopleLife","twitter_card":"summary_large_image","twitter_creator":"@agenceflashmode","twitter_site":"@agenceflashmode","twitter_misc":{"\u00c9crit par":"PeopleLife","Dur\u00e9e de lecture estim\u00e9e":"6 minutes"},"schema":{"@context":"https:\/\/schema.org","@graph":[{"@type":"WebPage","@id":"https:\/\/flashmode.tn\/magazine\/quand-semer-les-melons-en-2021\/","url":"https:\/\/flashmode.tn\/magazine\/quand-semer-les-melons-en-2021\/","name":"Quand semer les melons en 2021 ? - Flashmode Magazine | Magazine de mode et style de vie Num\u00e9ro un en Tunisie et au Maghreb","isPartOf":{"@id":"https:\/\/flashmode.tn\/magazine\/#website"},"datePublished":"2022-05-26T22:36:36+00:00","author":{"@id":"https:\/\/flashmode.tn\/magazine\/#\/schema\/person\/6815bd30337e8756d5357219766efcc3"},"description":"Pour entreprendre les semis de melons directement en place, attendez que le sol soit r\u00e9chauff\u00e9, vers avril-mai pour les r\u00e9gions du Sud, et fin mai pour","breadcrumb":{"@id":"https:\/\/flashmode.tn\/magazine\/quand-semer-les-melons-en-2021\/#breadcrumb"},"inLanguage":"fr-FR","potentialAction":[{"@type":"ReadAction","target":["https:\/\/flashmode.tn\/magazine\/quand-semer-les-melons-en-2021\/"]}]},{"@type":"BreadcrumbList","@id":"https:\/\/flashmode.tn\/magazine\/quand-semer-les-melons-en-2021\/#breadcrumb","itemListElement":[{"@type":"ListItem","position":1,"name":"Accueil","item":"https:\/\/flashmode.tn\/magazine\/"},{"@type":"ListItem","position":2,"name":"Quand semer les melons en 2021 ?"}]},{"@type":"WebSite","@id":"https:\/\/flashmode.tn\/magazine\/#website","url":"https:\/\/flashmode.tn\/magazine\/","name":"Flashmode Magazine | Magazine de mode et style de vie Num\u00e9ro un en Tunisie et au Maghreb","description":"Magazine de mode et style de vie Num\u00e9ro un en Tunisie et au Maghreb, cr\u00e9\u00e9 pour les hommes et les femmes : conseils beaut\u00e9, mode femme, mode homme, recettes de cuisine, c\u00e9l\u00e9brit\u00e9s et people, mannequins et top modeles","potentialAction":[{"@type":"SearchAction","target":{"@type":"EntryPoint","urlTemplate":"https:\/\/flashmode.tn\/magazine\/?s={search_term_string}"},"query-input":{"@type":"PropertyValueSpecification","valueRequired":true,"valueName":"search_term_string"}}],"inLanguage":"fr-FR"},{"@type":"Person","@id":"https:\/\/flashmode.tn\/magazine\/#\/schema\/person\/6815bd30337e8756d5357219766efcc3","name":"PeopleLife","image":{"@type":"ImageObject","inLanguage":"fr-FR","@id":"https:\/\/flashmode.tn\/magazine\/#\/schema\/person\/image\/","url":"https:\/\/secure.gravatar.com\/avatar\/8098f49196034391d93ae20d939ad33b14f6b745c986049ad803a54f4113e18c?s=96&d=mm&r=g","contentUrl":"https:\/\/secure.gravatar.com\/avatar\/8098f49196034391d93ae20d939ad33b14f6b745c986049ad803a54f4113e18c?s=96&d=mm&r=g","caption":"PeopleLife"},"url":"https:\/\/flashmode.tn\/magazine\/author\/peoplelife\/"}]}},"jetpack_publicize_connections":[],"jetpack_featured_media_url":"","jetpack_shortlink":"https:\/\/wp.me\/p8BPGr-oFI","jetpack_sharing_enabled":true,"_links":{"self":[{"href":"https:\/\/flashmode.tn\/magazine\/wp-json\/wp\/v2\/posts\/94842","targetHints":{"allow":["GET"]}}],"collection":[{"href":"https:\/\/flashmode.tn\/magazine\/wp-json\/wp\/v2\/posts"}],"about":[{"href":"https:\/\/flashmode.tn\/magazine\/wp-json\/wp\/v2\/types\/post"}],"author":[{"embeddable":true,"href":"https:\/\/flashmode.tn\/magazine\/wp-json\/wp\/v2\/users\/5"}],"replies":[{"embeddable":true,"href":"https:\/\/flashmode.tn\/magazine\/wp-json\/wp\/v2\/comments?post=94842"}],"version-history":[{"count":0,"href":"https:\/\/flashmode.tn\/magazine\/wp-json\/wp\/v2\/posts\/94842\/revisions"}],"wp:attachment":[{"href":"https:\/\/flashmode.tn\/magazine\/wp-json\/wp\/v2\/media?parent=94842"}],"wp:term":[{"taxonomy":"category","embeddable":true,"href":"https:\/\/flashmode.tn\/magazine\/wp-json\/wp\/v2\/categories?post=94842"},{"taxonomy":"post_tag","embeddable":true,"href":"https:\/\/flashmode.tn\/magazine\/wp-json\/wp\/v2\/tags?post=94842"}],"curies":[{"name":"wp","href":"https:\/\/api.w.org\/{rel}","templated":true}]}}