{"id":94971,"date":"2022-07-01T13:19:44","date_gmt":"2022-07-01T11:19:44","guid":{"rendered":"https:\/\/flashmode.tn\/magazine\/?p=94971"},"modified":"2022-07-01T13:19:44","modified_gmt":"2022-07-01T11:19:44","slug":"quand-revient-tous-en-cuisine-en-2021","status":"publish","type":"post","link":"https:\/\/flashmode.tn\/magazine\/quand-revient-tous-en-cuisine-en-2021\/","title":{"rendered":"Quand revient Tous en cuisine en 2021 ?"},"content":{"rendered":"<p>\u00ab <b>Tous en cuisine<\/b> \u00bb <b>revient<\/b> d\u00e8s le 6 d\u00e9cembre <b>2021<\/b> pour des \u00ab Menus de f\u00eate \u00bb &#8211; F\u00e9min Actu.<\/p>\n<p>De plus, Quand s&rsquo;arr\u00eate Tous en cuisine 2021 ? Elle est de nouveau diffus\u00e9e du 24 ao\u00fbt 2020 au 9 octobre 2020 , du 21 d\u00e9cembre 2020 au 15 janvier <b>2021<\/b> , 23 ao\u00fbt <b>2021<\/b> au 17 septembre <b>2021<\/b> puis du 6 d\u00e9cembre <b>2021<\/b> au 7 janvier 2022 .<\/p>\n<p>Quand reprend Tous en cuisine avec Cyril Lignac ?<\/p>\n<p>L&rsquo;\u00e9mission \u00ab <b>Tous en cuisine<\/b> \u00bb va revenir sur M6, \u00e0 partir du 6 d\u00e9cembre prochain, pour une \u00e9dition sp\u00e9ciale f\u00eates de fin d&rsquo;ann\u00e9e.<\/p>\n<p>Par ailleurs, Ou cuisine Cyril Lignac Tous en cuisine ? Pour cette nouvelle saison de No\u00ebl, le Chef <b>Cyril Lignac<\/b> cuisinera toujours depuis les toits de Paris, au milieu d&rsquo;un potager urbain, avec une vue imprenable sur la <b>Tour<\/b> Eiffel et la Seine. Le Chef sera accompagn\u00e9 de son fid\u00e8le commis J\u00e9r\u00f4me Anthony, pour partager des moments conviviaux !<\/p>\n<div id=\"ez-toc-container\" class=\"ez-toc-v2_0_81 counter-hierarchy ez-toc-counter ez-toc-grey ez-toc-container-direction\">\n<div class=\"ez-toc-title-container\">\n<p class=\"ez-toc-title\" style=\"cursor:inherit\">Contenus de la page<\/p>\n<span class=\"ez-toc-title-toggle\"><a href=\"#\" class=\"ez-toc-pull-right ez-toc-btn ez-toc-btn-xs ez-toc-btn-default ez-toc-toggle\" aria-label=\"Toggle Table of Content\"><span class=\"ez-toc-js-icon-con\"><span class=\"\"><span class=\"eztoc-hide\" style=\"display:none;\">Toggle<\/span><span class=\"ez-toc-icon-toggle-span\"><svg style=\"fill: #999;color:#999\" xmlns=\"http:\/\/www.w3.org\/2000\/svg\" class=\"list-377408\" width=\"20px\" height=\"20px\" viewBox=\"0 0 24 24\" fill=\"none\"><path d=\"M6 6H4v2h2V6zm14 0H8v2h12V6zM4 11h2v2H4v-2zm16 0H8v2h12v-2zM4 16h2v2H4v-2zm16 0H8v2h12v-2z\" fill=\"currentColor\"><\/path><\/svg><svg style=\"fill: #999;color:#999\" class=\"arrow-unsorted-368013\" xmlns=\"http:\/\/www.w3.org\/2000\/svg\" width=\"10px\" height=\"10px\" viewBox=\"0 0 24 24\" version=\"1.2\" baseProfile=\"tiny\"><path d=\"M18.2 9.3l-6.2-6.3-6.2 6.3c-.2.2-.3.4-.3.7s.1.5.3.7c.2.2.4.3.7.3h11c.3 0 .5-.1.7-.3.2-.2.3-.5.3-.7s-.1-.5-.3-.7zM5.8 14.7l6.2 6.3 6.2-6.3c.2-.2.3-.5.3-.7s-.1-.5-.3-.7c-.2-.2-.4-.3-.7-.3h-11c-.3 0-.5.1-.7.3-.2.2-.3.5-.3.7s.1.5.3.7z\"\/><\/svg><\/span><\/span><\/span><\/a><\/span><\/div>\n<nav><ul class='ez-toc-list ez-toc-list-level-1 ' ><li class='ez-toc-page-1 ez-toc-heading-level-2'><a class=\"ez-toc-link ez-toc-heading-1\" href=\"https:\/\/flashmode.tn\/magazine\/quand-revient-tous-en-cuisine-en-2021\/#Ou_cuisine_Cyril_Lignac\" >Ou cuisine Cyril Lignac ?<\/a><\/li><li class='ez-toc-page-1 ez-toc-heading-level-2'><a class=\"ez-toc-link ez-toc-heading-2\" href=\"https:\/\/flashmode.tn\/magazine\/quand-revient-tous-en-cuisine-en-2021\/#Ou_est_tourne_l_emission_Tous_en_cuisine\" >O\u00f9 est tourn\u00e9 l \u00e9mission Tous en cuisine ?<\/a><\/li><li class='ez-toc-page-1 ez-toc-heading-level-2'><a class=\"ez-toc-link ez-toc-heading-3\" href=\"https:\/\/flashmode.tn\/magazine\/quand-revient-tous-en-cuisine-en-2021\/#Qui_est_la_cherie_de_Cyril_Lignac\" >Qui est la ch\u00e9rie de Cyril Lignac ?<\/a><\/li><li class='ez-toc-page-1 ez-toc-heading-level-2'><a class=\"ez-toc-link ez-toc-heading-4\" href=\"https:\/\/flashmode.tn\/magazine\/quand-revient-tous-en-cuisine-en-2021\/#Quel_est_le_salaire_de_Cyril_Lignac\" >Quel est le salaire de Cyril Lignac ?<\/a><ul class='ez-toc-list-level-3' ><li class='ez-toc-heading-level-3'><a class=\"ez-toc-link ez-toc-heading-5\" href=\"https:\/\/flashmode.tn\/magazine\/quand-revient-tous-en-cuisine-en-2021\/#Ou_est_foufou_Tous_en_cuisine\" >O\u00f9 est foufou Tous en cuisine ?<\/a><\/li><\/ul><\/li><\/ul><\/nav><\/div>\n<h2><span class=\"ez-toc-section\" id=\"Ou_cuisine_Cyril_Lignac\"><\/span>Ou cuisine Cyril Lignac ?<span class=\"ez-toc-section-end\"><\/span><\/h2>\n<p>Lors du confinement de mars 2020, <b>Cyril Lignac<\/b> tournait ses \u00e9missions depuis la <b>cuisine<\/b> de son propre domicile, invitant ainsi les t\u00e9l\u00e9spectateurs dans son intimit\u00e9. Dor\u00e9navant, Tous en <b>cuisine<\/b> sera tourn\u00e9e sur les toits du Bazar de l&rsquo;H\u00f4tel de ville \u00e0 Paris, autour des potagers.<\/p>\n<p>Pourquoi Cyril Lignac quitt\u00e9 Tous en cuisine ? Le c\u00e9l\u00e8bre chef a <b>quitt\u00e9<\/b> sa <b>cuisine<\/b> pour s&rsquo;installer dans un prestigieux lieu parisien, r\u00e9v\u00e8le Le Figaro dans un article paru mardi 3 ao\u00fbt 2021.<\/p>\n<p>Qui est la compagne de Cyril Lignac en 2020 ? Il s&rsquo;agirait d&rsquo;une femme se pr\u00e9nommant D\u00e9borah, originaire du Sud. Elle serait bijouti\u00e8re \u00e0 Saint-Tropez. C&rsquo;<b>est<\/b> une m\u00e8re de famille ayant trois enfants d&rsquo;une pr\u00e9c\u00e9dente union.<\/p>\n<p>Qui est D\u00e9borah Cyril Lignac ? Depuis plus de trois ans, <b>Cyril Lignac<\/b> vit une histoire d&rsquo;amour avec la trop\u00e9zienne <b>Deborah<\/b>. Cependant, le chef cuisinier reste toujours tr\u00e8s discret sur sa vie priv\u00e9e. Cette fois dans une s\u00e9quence de Tous en cuisine, une convive de l&rsquo;\u00e9mission lui a pos\u00e9 une question intime <b>qui<\/b> n&rsquo;avait rien \u00e0 avoir avec son couple.<\/p>\n<h2><span class=\"ez-toc-section\" id=\"Ou_est_tourne_l_emission_Tous_en_cuisine\"><\/span>O\u00f9 est tourn\u00e9 l \u00e9mission Tous en cuisine ?<span class=\"ez-toc-section-end\"><\/span><\/h2>\n<p>Metz L&rsquo;<b>\u00e9mission Tous en cuisine tourn\u00e9e<\/b> au Sentier des lanternes.<\/p>\n<p>Pourquoi foufou est absent ? Et elle n&rsquo;a pas tard\u00e9 \u00e0 expliquer la raison de l&rsquo;<b>absence<\/b> de son compagnon : il <b>est<\/b> malade !<\/p>\n<p>Qui va pr\u00e9senter tous en cuisine ?<\/p>\n<p>La ministre d\u00e9l\u00e9gu\u00e9e \u00e0 la Citoyennet\u00e9 cuisinera depuis le minist\u00e8re de l&rsquo;Int\u00e9rieur, dans cette \u00e9mission <b>qui<\/b> sera diffus\u00e9e mercredi 29 d\u00e9cembre sur M6. Eric Fougere &#8211; Corbis via Getty Images Marl\u00e8ne Schiappa, ici en 2019, <b>va<\/b> participer \u00e0 l&rsquo;\u00e9mission de <b>cuisine<\/b> de Cyril Lignac.<\/p>\n<p>Qu&rsquo;est ce qui remplace tous en cuisine ? Cyril Lignac \u00e9gare plus de 100 000 t\u00e9l\u00e9spectateurs<\/p>\n<p> Le lundi 10 janvier 2022, la cha\u00eene priv\u00e9e misera sur La meilleure boulangerie de France, port\u00e9e par Norbert Tarayre.<\/p>\n<h2><span class=\"ez-toc-section\" id=\"Qui_est_la_cherie_de_Cyril_Lignac\"><\/span>Qui est la ch\u00e9rie de Cyril Lignac ?<span class=\"ez-toc-section-end\"><\/span><\/h2>\n<p>D&rsquo;apr\u00e8s nos informations, celle-ci, se pr\u00e9nommerait D\u00e9borah et serait bijouti\u00e8re \u00e0 Saint-Tropez. Ce <b>que<\/b> nous savons \u00e9galement, c&rsquo;<b>est que<\/b> c&rsquo;<b>est<\/b> une m\u00e8re de famille ayant trois enfants d&rsquo;une pr\u00e9c\u00e9dente union.<\/p>\n<p>Qui est la compagne de Cyril Lignac en 2021 ?<\/p>\n<p><b>Cyril Lignac<\/b> : en couple avec l&rsquo;actrice fran\u00e7aise, M\u00e9lanie Doutey.<\/p>\n<p>O\u00f9 habite Cyril Lignac 2020 ? 27 rue du Dragon, une adresse culte \u00e0 Saint-Germain-des-Pr\u00e9s. Une table qui en a vu passer du beau monde depuis sa cr\u00e9ation dans les ann\u00e9es 50 : acteurs, chanteurs, politiciens et m\u00eame gotha international.<\/p>\n<p>Qui vit avec Sophie Marceau ? Aper\u00e7us pour la premi\u00e8re fois main dans la main \u00e0 Paris en juillet 2020, <b>Sophie Marceau<\/b> et son nouveau compagnon Richard Caillat filent le parfait amour. Beau blond charismatique, l&rsquo;homme <b>qui<\/b> a fait chavirer le coeur de l&rsquo;actrice est un producteur de th\u00e9\u00e2tre tr\u00e8s connu \u00e0 Paris.<\/p>\n<h2><span class=\"ez-toc-section\" id=\"Quel_est_le_salaire_de_Cyril_Lignac\"><\/span>Quel est le salaire de Cyril Lignac ?<span class=\"ez-toc-section-end\"><\/span><\/h2>\n<p><b>Cyril Lignac<\/b>, un chef tr\u00e8s m\u00e9diatique<\/p>\n<p> Selon les estimations du site Capital, sa fortune serait pass\u00e9e de 4,5 millions d&rsquo;euros en 2013 \u00e0 10 millions d&rsquo;euros en 2020. Le chef le plus t\u00e9l\u00e9g\u00e9nique du PAF (une douzaine d&rsquo;\u00e9missions au compteur) toucherait 250.000 euros par saison gr\u00e2ce \u00e0 la t\u00e9l\u00e9vision.<\/p>\n<p>Qui est le nouveau compagnon de M\u00e9lanie Doutey ? N\u00e9 en d\u00e9cembre 1944, Alain <b>Doutey est<\/b> un homme tr\u00e8s connu du cin\u00e9ma fran\u00e7ais. Il <b>\u00e9tait<\/b> un \u00e9l\u00e8ve du c\u00e9l\u00e8bre professeur d&rsquo;art dramatique Jean-Laurent Cochet. Alain commence sa carri\u00e8re dans le cin\u00e9ma en 1967. Il joue un r\u00f4le dans \u00ab Les Arnaud \u00bb de L\u00e9o Joannon.<\/p>\n<p>O\u00f9 se passe l&rsquo;\u00e9mission de Cyril Lignac ?<\/p>\n<p>\u00ab\u00a0Tous en cuisine\u00a0\u00bb sur M6 avec J\u00e9r\u00f4me Anthony et <b>Cyril Lignac<\/b> en direct de Collioure. Apr\u00e8s avoir fait escale au march\u00e9 de No\u00ebl du Barcar\u00e8s, l&rsquo;<b>\u00e9mission<\/b> \u00ab\u00a0Tous en cuisine\u00a0\u00bb diffus\u00e9e sur M6, avec J\u00e9r\u00f4me Anthony et <b>Cyril Lignac<\/b>, sera en direct de Collioure <b>ce<\/b> vendredi.<\/p>\n<p>O\u00f9 est pass\u00e9 foufou le cameraman de Cyril Lignac ? Pour la premi\u00e8re, il a fait le d\u00e9placement jusqu&rsquo;\u00e0 Port-de-Bouc (Bouches-du-Rh\u00f4ne), \u00e0 40 km de Marseille. \u00ab Cette saison, on va se balader aux quatre coins de la France \u00bb, annonce le copr\u00e9sentateur. Toujours par cam\u00e9ras interpos\u00e9es, quatre familles ou groupes d&rsquo;amis suivent en direct les consignes du chef <b>Cyril<\/b>.<\/p>\n<h3><span class=\"ez-toc-section\" id=\"Ou_est_foufou_Tous_en_cuisine\"><\/span>O\u00f9 est foufou Tous en cuisine ?<span class=\"ez-toc-section-end\"><\/span><\/h3>\n<p>Finie la <b>cuisine<\/b> \u00e0 la maison. Pour sa rentr\u00e9e, Cyril Lignac a install\u00e9 ses fourneaux <b>tout<\/b> en haut du Bazar de l&rsquo;H\u00f4tel de ville, \u00e0 Paris (IVe). \u00ab Regarde la tour Eiffel mon <b>foufou<\/b> \u00bb, lance-t-il \u00e0 son cadreur depuis le rooftop du BHV.<\/p>\n<p>O\u00f9 est tourn\u00e9 Cyril Lignac ? <b>Cyril Lignac<\/b> et J\u00e9r\u00f4me Anthony avaient <b>tourn\u00e9<\/b> un \u00e9pisode de Tous en cuisine au Sentier des Lanternes de Metz (Moselle). Celui-ci sera diffus\u00e9 mercredi 29 d\u00e9cembre 2021 \u00e0 18h40.<\/p>\n<h2><\/h2>\n","protected":false},"excerpt":{"rendered":"<p>\u00ab Tous en cuisine \u00bb revient d\u00e8s le 6 d\u00e9cembre 2021 pour des \u00ab Menus de f\u00eate \u00bb &#8211; F\u00e9min Actu. De plus, Quand s&rsquo;arr\u00eate Tous en cuisine 2021 ? Elle est de nouveau diffus\u00e9e du 24 ao\u00fbt 2020 au 9 octobre 2020 , du 21 d\u00e9cembre 2020 au 15 janvier 2021 , 23 ao\u00fbt [&hellip;]<\/p>\n","protected":false},"author":5,"featured_media":0,"comment_status":"open","ping_status":"open","sticky":false,"template":"","format":"standard","meta":{"tdm_status":"","tdm_grid_status":"","_jetpack_memberships_contains_paid_content":false,"footnotes":"","jetpack_publicize_message":"","jetpack_publicize_feature_enabled":true,"jetpack_social_post_already_shared":true,"jetpack_social_options":{"image_generator_settings":{"template":"highway","default_image_id":0,"font":"","enabled":false},"version":2}},"categories":[80],"tags":[],"class_list":["post-94971","post","type-post","status-publish","format-standard","hentry","category-lifestyle"],"yoast_head":"<!-- This site is optimized with the Yoast SEO Premium plugin v25.0 (Yoast SEO v25.0) - https:\/\/yoast.com\/wordpress\/plugins\/seo\/ -->\n<title>Quand revient Tous en cuisine en 2021 ? - Flashmode Magazine | Magazine de mode et style de vie Num\u00e9ro un en Tunisie et au Maghreb<\/title>\n<meta name=\"description\" content=\"\u00ab Tous en cuisine \u00bb revient d\u00e8s le 6 d\u00e9cembre 2021 pour des \u00ab Menus de f\u00eate \u00bb - F\u00e9min Actu. De plus, Quand s&#039;arr\u00eate Tous en cuisine 2021 ? Elle est de\" \/>\n<meta name=\"robots\" content=\"index, follow, max-snippet:-1, max-image-preview:large, max-video-preview:-1\" \/>\n<link rel=\"canonical\" href=\"https:\/\/flashmode.tn\/magazine\/quand-revient-tous-en-cuisine-en-2021\/\" \/>\n<meta property=\"og:locale\" content=\"fr_FR\" \/>\n<meta property=\"og:type\" content=\"article\" \/>\n<meta property=\"og:title\" content=\"Quand revient Tous en cuisine en 2021 ? - Flashmode Magazine | Magazine de mode et style de vie Num\u00e9ro un en Tunisie et au Maghreb\" \/>\n<meta property=\"og:description\" content=\"\u00ab Tous en cuisine \u00bb revient d\u00e8s le 6 d\u00e9cembre 2021 pour des \u00ab Menus de f\u00eate \u00bb - F\u00e9min Actu. De plus, Quand s&#039;arr\u00eate Tous en cuisine 2021 ? Elle est de\" \/>\n<meta property=\"og:url\" content=\"https:\/\/flashmode.tn\/magazine\/quand-revient-tous-en-cuisine-en-2021\/\" \/>\n<meta property=\"og:site_name\" content=\"Flashmode Magazine | Magazine de mode et style de vie Num\u00e9ro un en Tunisie et au Maghreb\" \/>\n<meta property=\"article:publisher\" content=\"https:\/\/www.facebook.com\/flashmode.magazine\/\" \/>\n<meta property=\"article:published_time\" content=\"2022-07-01T11:19:44+00:00\" \/>\n<meta name=\"author\" content=\"PeopleLife\" \/>\n<meta name=\"twitter:card\" content=\"summary_large_image\" \/>\n<meta name=\"twitter:creator\" content=\"@agenceflashmode\" \/>\n<meta name=\"twitter:site\" content=\"@agenceflashmode\" \/>\n<meta name=\"twitter:label1\" content=\"\u00c9crit par\" \/>\n\t<meta name=\"twitter:data1\" content=\"PeopleLife\" \/>\n\t<meta name=\"twitter:label2\" content=\"Dur\u00e9e de lecture estim\u00e9e\" \/>\n\t<meta name=\"twitter:data2\" content=\"5 minutes\" \/>\n<script type=\"application\/ld+json\" class=\"yoast-schema-graph\">{\"@context\":\"https:\/\/schema.org\",\"@graph\":[{\"@type\":\"WebPage\",\"@id\":\"https:\/\/flashmode.tn\/magazine\/quand-revient-tous-en-cuisine-en-2021\/\",\"url\":\"https:\/\/flashmode.tn\/magazine\/quand-revient-tous-en-cuisine-en-2021\/\",\"name\":\"Quand revient Tous en cuisine en 2021 ? - Flashmode Magazine | Magazine de mode et style de vie Num\u00e9ro un en Tunisie et au Maghreb\",\"isPartOf\":{\"@id\":\"https:\/\/flashmode.tn\/magazine\/#website\"},\"datePublished\":\"2022-07-01T11:19:44+00:00\",\"author\":{\"@id\":\"https:\/\/flashmode.tn\/magazine\/#\/schema\/person\/6815bd30337e8756d5357219766efcc3\"},\"description\":\"\u00ab Tous en cuisine \u00bb revient d\u00e8s le 6 d\u00e9cembre 2021 pour des \u00ab Menus de f\u00eate \u00bb - F\u00e9min Actu. De plus, Quand s'arr\u00eate Tous en cuisine 2021 ? Elle est de\",\"breadcrumb\":{\"@id\":\"https:\/\/flashmode.tn\/magazine\/quand-revient-tous-en-cuisine-en-2021\/#breadcrumb\"},\"inLanguage\":\"fr-FR\",\"potentialAction\":[{\"@type\":\"ReadAction\",\"target\":[\"https:\/\/flashmode.tn\/magazine\/quand-revient-tous-en-cuisine-en-2021\/\"]}]},{\"@type\":\"BreadcrumbList\",\"@id\":\"https:\/\/flashmode.tn\/magazine\/quand-revient-tous-en-cuisine-en-2021\/#breadcrumb\",\"itemListElement\":[{\"@type\":\"ListItem\",\"position\":1,\"name\":\"Accueil\",\"item\":\"https:\/\/flashmode.tn\/magazine\/\"},{\"@type\":\"ListItem\",\"position\":2,\"name\":\"Quand revient Tous en cuisine en 2021 ?\"}]},{\"@type\":\"WebSite\",\"@id\":\"https:\/\/flashmode.tn\/magazine\/#website\",\"url\":\"https:\/\/flashmode.tn\/magazine\/\",\"name\":\"Flashmode Magazine | Magazine de mode et style de vie Num\u00e9ro un en Tunisie et au Maghreb\",\"description\":\"Magazine de mode et style de vie Num\u00e9ro un en Tunisie et au Maghreb, cr\u00e9\u00e9 pour les hommes et les femmes : conseils beaut\u00e9, mode femme, mode homme, recettes de cuisine, c\u00e9l\u00e9brit\u00e9s et people, mannequins et top modeles\",\"potentialAction\":[{\"@type\":\"SearchAction\",\"target\":{\"@type\":\"EntryPoint\",\"urlTemplate\":\"https:\/\/flashmode.tn\/magazine\/?s={search_term_string}\"},\"query-input\":{\"@type\":\"PropertyValueSpecification\",\"valueRequired\":true,\"valueName\":\"search_term_string\"}}],\"inLanguage\":\"fr-FR\"},{\"@type\":\"Person\",\"@id\":\"https:\/\/flashmode.tn\/magazine\/#\/schema\/person\/6815bd30337e8756d5357219766efcc3\",\"name\":\"PeopleLife\",\"image\":{\"@type\":\"ImageObject\",\"inLanguage\":\"fr-FR\",\"@id\":\"https:\/\/flashmode.tn\/magazine\/#\/schema\/person\/image\/\",\"url\":\"https:\/\/secure.gravatar.com\/avatar\/8098f49196034391d93ae20d939ad33b14f6b745c986049ad803a54f4113e18c?s=96&d=mm&r=g\",\"contentUrl\":\"https:\/\/secure.gravatar.com\/avatar\/8098f49196034391d93ae20d939ad33b14f6b745c986049ad803a54f4113e18c?s=96&d=mm&r=g\",\"caption\":\"PeopleLife\"},\"url\":\"https:\/\/flashmode.tn\/magazine\/author\/peoplelife\/\"}]}<\/script>\n<!-- \/ Yoast SEO Premium plugin. -->","yoast_head_json":{"title":"Quand revient Tous en cuisine en 2021 ? - Flashmode Magazine | Magazine de mode et style de vie Num\u00e9ro un en Tunisie et au Maghreb","description":"\u00ab Tous en cuisine \u00bb revient d\u00e8s le 6 d\u00e9cembre 2021 pour des \u00ab Menus de f\u00eate \u00bb - F\u00e9min Actu. De plus, Quand s'arr\u00eate Tous en cuisine 2021 ? Elle est de","robots":{"index":"index","follow":"follow","max-snippet":"max-snippet:-1","max-image-preview":"max-image-preview:large","max-video-preview":"max-video-preview:-1"},"canonical":"https:\/\/flashmode.tn\/magazine\/quand-revient-tous-en-cuisine-en-2021\/","og_locale":"fr_FR","og_type":"article","og_title":"Quand revient Tous en cuisine en 2021 ? - Flashmode Magazine | Magazine de mode et style de vie Num\u00e9ro un en Tunisie et au Maghreb","og_description":"\u00ab Tous en cuisine \u00bb revient d\u00e8s le 6 d\u00e9cembre 2021 pour des \u00ab Menus de f\u00eate \u00bb - F\u00e9min Actu. De plus, Quand s'arr\u00eate Tous en cuisine 2021 ? Elle est de","og_url":"https:\/\/flashmode.tn\/magazine\/quand-revient-tous-en-cuisine-en-2021\/","og_site_name":"Flashmode Magazine | Magazine de mode et style de vie Num\u00e9ro un en Tunisie et au Maghreb","article_publisher":"https:\/\/www.facebook.com\/flashmode.magazine\/","article_published_time":"2022-07-01T11:19:44+00:00","author":"PeopleLife","twitter_card":"summary_large_image","twitter_creator":"@agenceflashmode","twitter_site":"@agenceflashmode","twitter_misc":{"\u00c9crit par":"PeopleLife","Dur\u00e9e de lecture estim\u00e9e":"5 minutes"},"schema":{"@context":"https:\/\/schema.org","@graph":[{"@type":"WebPage","@id":"https:\/\/flashmode.tn\/magazine\/quand-revient-tous-en-cuisine-en-2021\/","url":"https:\/\/flashmode.tn\/magazine\/quand-revient-tous-en-cuisine-en-2021\/","name":"Quand revient Tous en cuisine en 2021 ? - Flashmode Magazine | Magazine de mode et style de vie Num\u00e9ro un en Tunisie et au Maghreb","isPartOf":{"@id":"https:\/\/flashmode.tn\/magazine\/#website"},"datePublished":"2022-07-01T11:19:44+00:00","author":{"@id":"https:\/\/flashmode.tn\/magazine\/#\/schema\/person\/6815bd30337e8756d5357219766efcc3"},"description":"\u00ab Tous en cuisine \u00bb revient d\u00e8s le 6 d\u00e9cembre 2021 pour des \u00ab Menus de f\u00eate \u00bb - F\u00e9min Actu. De plus, Quand s'arr\u00eate Tous en cuisine 2021 ? Elle est de","breadcrumb":{"@id":"https:\/\/flashmode.tn\/magazine\/quand-revient-tous-en-cuisine-en-2021\/#breadcrumb"},"inLanguage":"fr-FR","potentialAction":[{"@type":"ReadAction","target":["https:\/\/flashmode.tn\/magazine\/quand-revient-tous-en-cuisine-en-2021\/"]}]},{"@type":"BreadcrumbList","@id":"https:\/\/flashmode.tn\/magazine\/quand-revient-tous-en-cuisine-en-2021\/#breadcrumb","itemListElement":[{"@type":"ListItem","position":1,"name":"Accueil","item":"https:\/\/flashmode.tn\/magazine\/"},{"@type":"ListItem","position":2,"name":"Quand revient Tous en cuisine en 2021 ?"}]},{"@type":"WebSite","@id":"https:\/\/flashmode.tn\/magazine\/#website","url":"https:\/\/flashmode.tn\/magazine\/","name":"Flashmode Magazine | Magazine de mode et style de vie Num\u00e9ro un en Tunisie et au Maghreb","description":"Magazine de mode et style de vie Num\u00e9ro un en Tunisie et au Maghreb, cr\u00e9\u00e9 pour les hommes et les femmes : conseils beaut\u00e9, mode femme, mode homme, recettes de cuisine, c\u00e9l\u00e9brit\u00e9s et people, mannequins et top modeles","potentialAction":[{"@type":"SearchAction","target":{"@type":"EntryPoint","urlTemplate":"https:\/\/flashmode.tn\/magazine\/?s={search_term_string}"},"query-input":{"@type":"PropertyValueSpecification","valueRequired":true,"valueName":"search_term_string"}}],"inLanguage":"fr-FR"},{"@type":"Person","@id":"https:\/\/flashmode.tn\/magazine\/#\/schema\/person\/6815bd30337e8756d5357219766efcc3","name":"PeopleLife","image":{"@type":"ImageObject","inLanguage":"fr-FR","@id":"https:\/\/flashmode.tn\/magazine\/#\/schema\/person\/image\/","url":"https:\/\/secure.gravatar.com\/avatar\/8098f49196034391d93ae20d939ad33b14f6b745c986049ad803a54f4113e18c?s=96&d=mm&r=g","contentUrl":"https:\/\/secure.gravatar.com\/avatar\/8098f49196034391d93ae20d939ad33b14f6b745c986049ad803a54f4113e18c?s=96&d=mm&r=g","caption":"PeopleLife"},"url":"https:\/\/flashmode.tn\/magazine\/author\/peoplelife\/"}]}},"jetpack_publicize_connections":[],"jetpack_featured_media_url":"","jetpack_shortlink":"https:\/\/wp.me\/p8BPGr-oHN","jetpack_sharing_enabled":true,"_links":{"self":[{"href":"https:\/\/flashmode.tn\/magazine\/wp-json\/wp\/v2\/posts\/94971","targetHints":{"allow":["GET"]}}],"collection":[{"href":"https:\/\/flashmode.tn\/magazine\/wp-json\/wp\/v2\/posts"}],"about":[{"href":"https:\/\/flashmode.tn\/magazine\/wp-json\/wp\/v2\/types\/post"}],"author":[{"embeddable":true,"href":"https:\/\/flashmode.tn\/magazine\/wp-json\/wp\/v2\/users\/5"}],"replies":[{"embeddable":true,"href":"https:\/\/flashmode.tn\/magazine\/wp-json\/wp\/v2\/comments?post=94971"}],"version-history":[{"count":0,"href":"https:\/\/flashmode.tn\/magazine\/wp-json\/wp\/v2\/posts\/94971\/revisions"}],"wp:attachment":[{"href":"https:\/\/flashmode.tn\/magazine\/wp-json\/wp\/v2\/media?parent=94971"}],"wp:term":[{"taxonomy":"category","embeddable":true,"href":"https:\/\/flashmode.tn\/magazine\/wp-json\/wp\/v2\/categories?post=94971"},{"taxonomy":"post_tag","embeddable":true,"href":"https:\/\/flashmode.tn\/magazine\/wp-json\/wp\/v2\/tags?post=94971"}],"curies":[{"name":"wp","href":"https:\/\/api.w.org\/{rel}","templated":true}]}}