{"id":95317,"date":"2022-05-31T16:57:08","date_gmt":"2022-05-31T14:57:08","guid":{"rendered":"https:\/\/flashmode.tn\/magazine\/?p=95317"},"modified":"2022-05-31T16:57:08","modified_gmt":"2022-05-31T14:57:08","slug":"quelle-est-la-duree-de-conservation-des-epices","status":"publish","type":"post","link":"https:\/\/flashmode.tn\/magazine\/quelle-est-la-duree-de-conservation-des-epices\/","title":{"rendered":"Quelle est la dur\u00e9e de conservation des \u00e9pices ?"},"content":{"rendered":"<p>En g\u00e9n\u00e9ral les <b>\u00e9pices<\/b> enti\u00e8res ont une date limite de consommation (DLC) ou plut\u00f4t une Date de Durabilit\u00e9 Minimale (DDM) de 36 mois lorsqu&rsquo;elles <b>sont<\/b> vendues sur le march\u00e9 europ\u00e9en.<\/p>\n<p>De plus, Est-ce que la muscade se p\u00e9rime ? Enti\u00e8re, la noix de <b>muscade se<\/b> conserve plusieurs ann\u00e9es dans un r\u00e9cipient herm\u00e9tique, \u00e0 l&rsquo;abri de la lumi\u00e8re. Son go\u00fbt ne <b>se<\/b> d\u00e9grade pas! Pour profiter de sa saveur si particuli\u00e8re, la <b>muscade<\/b> moulue doit \u00eatre consomm\u00e9e en quelques mois.<\/p>\n<p>Est-ce que le cumin se p\u00e9rime ?<\/p>\n<p>Les \u00e9pices ne <b>se<\/b> p\u00e9riment pasu2026 sur le plan sanitaire tout au moins. Une vieille \u00e9pice ne rendra jamais malade car elle contient des bact\u00e9ricides et des fongicides naturels qui bloquent toute contamination.<\/p>\n<p>Par ailleurs, Est-ce que le poivre moulu se p\u00e9rime ? Conserver Le <b>poivre<\/b> :<\/p>\n<p> Le <b>poivre<\/b> en grain <b>se<\/b> conserve sans date limite de consommation \u00e0 temp\u00e9rature ambiante tandis que le <b>poivre moulu<\/b> ne <b>se<\/b> garde que trois mois (au-del\u00e0, son ar\u00f4me s&rsquo;alt\u00e8re). Le <b>poivre<\/b> vert <b>se<\/b> conserve un an dans un contenant herm\u00e9tique et une semaine une fois ouvert.<\/p>\n<div id=\"ez-toc-container\" class=\"ez-toc-v2_0_81 counter-hierarchy ez-toc-counter ez-toc-grey ez-toc-container-direction\">\n<div class=\"ez-toc-title-container\">\n<p class=\"ez-toc-title\" style=\"cursor:inherit\">Contenus de la page<\/p>\n<span class=\"ez-toc-title-toggle\"><a href=\"#\" class=\"ez-toc-pull-right ez-toc-btn ez-toc-btn-xs ez-toc-btn-default ez-toc-toggle\" aria-label=\"Toggle Table of Content\"><span class=\"ez-toc-js-icon-con\"><span class=\"\"><span class=\"eztoc-hide\" style=\"display:none;\">Toggle<\/span><span class=\"ez-toc-icon-toggle-span\"><svg style=\"fill: #999;color:#999\" xmlns=\"http:\/\/www.w3.org\/2000\/svg\" class=\"list-377408\" width=\"20px\" height=\"20px\" viewBox=\"0 0 24 24\" fill=\"none\"><path d=\"M6 6H4v2h2V6zm14 0H8v2h12V6zM4 11h2v2H4v-2zm16 0H8v2h12v-2zM4 16h2v2H4v-2zm16 0H8v2h12v-2z\" fill=\"currentColor\"><\/path><\/svg><svg style=\"fill: #999;color:#999\" class=\"arrow-unsorted-368013\" xmlns=\"http:\/\/www.w3.org\/2000\/svg\" width=\"10px\" height=\"10px\" viewBox=\"0 0 24 24\" version=\"1.2\" baseProfile=\"tiny\"><path d=\"M18.2 9.3l-6.2-6.3-6.2 6.3c-.2.2-.3.4-.3.7s.1.5.3.7c.2.2.4.3.7.3h11c.3 0 .5-.1.7-.3.2-.2.3-.5.3-.7s-.1-.5-.3-.7zM5.8 14.7l6.2 6.3 6.2-6.3c.2-.2.3-.5.3-.7s-.1-.5-.3-.7c-.2-.2-.4-.3-.7-.3h-11c-.3 0-.5.1-.7.3-.2.2-.3.5-.3.7s.1.5.3.7z\"\/><\/svg><\/span><\/span><\/span><\/a><\/span><\/div>\n<nav><ul class='ez-toc-list ez-toc-list-level-1 ' ><li class='ez-toc-page-1 ez-toc-heading-level-2'><a class=\"ez-toc-link ez-toc-heading-1\" href=\"https:\/\/flashmode.tn\/magazine\/quelle-est-la-duree-de-conservation-des-epices\/#Comment_bien_conserver_les_epices_en_poudre\" >Comment bien conserver les \u00e9pices en poudre ?<\/a><\/li><li class='ez-toc-page-1 ez-toc-heading-level-2'><a class=\"ez-toc-link ez-toc-heading-2\" href=\"https:\/\/flashmode.tn\/magazine\/quelle-est-la-duree-de-conservation-des-epices\/#Comment_enlever_lhumidite_dans_les_epices\" >Comment enlever l&rsquo;humidit\u00e9 dans les \u00e9pices ?<\/a><\/li><li class='ez-toc-page-1 ez-toc-heading-level-2'><a class=\"ez-toc-link ez-toc-heading-3\" href=\"https:\/\/flashmode.tn\/magazine\/quelle-est-la-duree-de-conservation-des-epices\/#Comment_conserver_la_cannelle_en_poudre\" >Comment conserver la cannelle en poudre ?<\/a><\/li><li class='ez-toc-page-1 ez-toc-heading-level-2'><a class=\"ez-toc-link ez-toc-heading-4\" href=\"https:\/\/flashmode.tn\/magazine\/quelle-est-la-duree-de-conservation-des-epices\/#Comment_consommer_le_curcuma_pour_quil_soit_efficace\" >Comment consommer le curcuma pour qu&rsquo;il soit efficace ?<\/a><ul class='ez-toc-list-level-3' ><li class='ez-toc-heading-level-3'><a class=\"ez-toc-link ez-toc-heading-5\" href=\"https:\/\/flashmode.tn\/magazine\/quelle-est-la-duree-de-conservation-des-epices\/#Comment_conserver_ail_epluche\" >Comment conserver ail \u00e9pluche ?<\/a><\/li><\/ul><\/li><li class='ez-toc-page-1 ez-toc-heading-level-2'><a class=\"ez-toc-link ez-toc-heading-6\" href=\"https:\/\/flashmode.tn\/magazine\/quelle-est-la-duree-de-conservation-des-epices\/#Est-ce_que_les_epices_pourrissent\" >Est-ce que les \u00e9pices pourrissent ?<\/a><\/li><\/ul><\/nav><\/div>\n<h2><span class=\"ez-toc-section\" id=\"Comment_bien_conserver_les_epices_en_poudre\"><\/span>Comment bien conserver les \u00e9pices en poudre ?<span class=\"ez-toc-section-end\"><\/span><\/h2>\n<p>Placez vos poudres nouvelles dans des pots \u00e0 <b>\u00e9pices<\/b> vides, parfaitement nettoy\u00e9s et secs. Notez aussi que le contenant id\u00e9al pour <b>conserver<\/b> ses <b>\u00e9pices<\/b> est le pot en verre \u00e9quip\u00e9 d&rsquo;une fermeture herm\u00e9tique. Toutefois, de par sa transparence, il vous faut le mettre \u00e0 l&rsquo;abri de la lumi\u00e8re.<\/p>\n<p>Comment bien conserver des \u00e9pices ? Nous conseillons de <b>conserver<\/b> les <b>\u00e9pices<\/b> dans un tiroir ou un placard pour \u00e9viter qu&rsquo;elles ne se d\u00e9t\u00e9riorent au contact de la lumi\u00e8re. Au sec il n&rsquo;y a pas de risque de moisissure. leur saveur s&rsquo;alt\u00e9rera progressivement.<\/p>\n<p>Est-ce que la cannelle en poudre se p\u00e9rime ? La <b>cannelle se<\/b> conserve plusieurs mois (en poudre) voire plusieurs ann\u00e9es (en b\u00e2tonnets) dans un contenant herm\u00e9tique \u00e0 l&rsquo;abri de l&rsquo;humidit\u00e9.<\/p>\n<p>Comment conserver le curcuma en poudre ? Le <b>curcuma en poudre<\/b> doit \u00eatre conserv\u00e9 dans un contenant herm\u00e9tique, \u00e0 l&rsquo;abri de la chaleur et de la lumi\u00e8re. Le rhizome de <b>curcuma<\/b> se <b>conserve<\/b> au frigo, comme on le ferait pour le gingembre. On l&rsquo;utilise en 4 semaines si possible.<\/p>\n<h2><span class=\"ez-toc-section\" id=\"Comment_enlever_lhumidite_dans_les_epices\"><\/span>Comment enlever l&rsquo;humidit\u00e9 dans les \u00e9pices ?<span class=\"ez-toc-section-end\"><\/span><\/h2>\n<p>8. Pour les <b>\u00e9pices<\/b>. Quand elles deviennent <b>humides<\/b>, les <b>\u00e9pices<\/b> se mettent \u00e0 coaguler, et \u00e0 former des blocs dans les flacons&#8230; Pour \u00e9viter \u00e7a, il est tr\u00e8s important de les conserver dans un endroit o\u00f9 elles ne seront pas en contact avec des vapeurs de cuisine ou autres !<\/p>\n<p>Comment conserver les condiments \u00e9cras\u00e9s ? La diff\u00e9rence ici, c&rsquo;est que les <b>condiments<\/b> sont r\u00e9duits en pur\u00e9e avant d&rsquo;\u00eatre mis en pot. Il suffit ensuite de les st\u00e9riliser et de les <b>conserver<\/b> dans un endroit a\u00e9r\u00e9 et sombre, \u00e0 temp\u00e9rature ambiante.<\/p>\n<p>Comment conserver le paprika ?<\/p>\n<p><b>Comment conserver le paprika<\/b> ? Cette poudre rouge se <b>conserve<\/b> dans son emballage d&rsquo;origine ou dans une boite herm\u00e9tique. L&rsquo;id\u00e9al reste de la placer \u00e0 l&rsquo;abri de la lumi\u00e8re, de la chaleur et de l&rsquo;humidit\u00e9. Le <b>paprika<\/b> comme toutes les autres \u00e9pices ne se p\u00e9rime pas, vous pouvez donc la garder plusieurs ann\u00e9es sans soucis.<\/p>\n<p>Est-il dangereux de consommer des \u00e9pices p\u00e9rim\u00e9es ? Pas de probl\u00e8me, les <b>\u00e9pices<\/b> ne se p\u00e9riment jamais en revanche elles perdent de leur saveur et votre curry sera sans doute moins parfum\u00e9. Le mieux <b>est<\/b> alors de tester afin de pouvoir ajuster les doses.<\/p>\n<h2><span class=\"ez-toc-section\" id=\"Comment_conserver_la_cannelle_en_poudre\"><\/span>Comment conserver la cannelle en poudre ?<span class=\"ez-toc-section-end\"><\/span><\/h2>\n<p>La <b>cannelle, en poudre<\/b> ou en b\u00e2tonnet, doit \u00eatre stock\u00e9e dans un endroit frais, sec et \u00e0 l&rsquo;abri de la lumi\u00e8re. Pour qu&rsquo;elle perde moins son ar\u00f4me, il est donc conseill\u00e9 de la <b>conserver<\/b> dans un contenant herm\u00e9tique.<\/p>\n<p>Quels sont les effets secondaires de la cannelle ?<\/p>\n<p><b>  <b>   Quels sont les effets ind\u00e9sirables de la cannelle  <\/b>  ? <\/b> <\/p>\n<ul>\n<li>   Naus\u00e9es.  <\/li>\n<li>   Maux de t\u00eate.  <\/li>\n<li>   Palpitations cardiaques.  <\/li>\n<li>   <b>    Effet   <\/b>   hypertensif ponctuel.  <\/li>\n<\/ul>\n<p>Comment se conserve le curcuma ? Vous pouvez le <b>conserver<\/b> 1 \u00e0 2 semaines au r\u00e9frig\u00e9rateur dans un sac plastique perfor\u00e9. Le <b>curcuma se<\/b> p\u00e8le facilement (comme le gingembre) et s&rsquo;incorpore ais\u00e9ment dans vos sauces ou jus.<\/p>\n<p>Comment conserver la plante curcuma ? Arrosez r\u00e9guli\u00e8rement le <b>curcuma<\/b> mais \u00e9vitez l&rsquo;eau stagnante dans les pots. L&rsquo;id\u00e9al est d&rsquo;immerger chaque semaine le pot quelques minutes dans de l&rsquo;eau non calcaire et de vaporiser le feuillage. Attendez que le substrat soit l\u00e9g\u00e8rement sec entre deux arrosages.<\/p>\n<h2><span class=\"ez-toc-section\" id=\"Comment_consommer_le_curcuma_pour_quil_soit_efficace\"><\/span>Comment consommer le curcuma pour qu&rsquo;il soit efficace ?<span class=\"ez-toc-section-end\"><\/span><\/h2>\n<p>En infusion<\/p>\n<p> Infuser <b>de<\/b> 1 \u00e0 2 g <b>de<\/b> poudre <b>de curcuma<\/b> avec 3 ou 4 grains <b>de<\/b> poivre noir dans 150 ml d&rsquo;eau bouillante durant 10 \u00e0 15 minutes. Boire 2 tasses par jour. Vous pouvez aussi faire bouillir une racine <b>de curcuma<\/b> pendant 3 min, puis laisser infuser la d\u00e9coction 10 min. Boire 2 ou 3 tasses par jour.<\/p>\n<p>Comment enlever l&rsquo;humidit\u00e9 dans la farine ? 1\/ Si il y a trop d&rsquo;<b>humidit\u00e9<\/b> ou que la temp\u00e9rature est \u00e9lev\u00e9e, mettez votre <b>farine<\/b> dans un sac plastique, au frigo! Ainsi, pas de moisissures.<\/p>\n<p>Comment absorber naturellement l&rsquo;humidit\u00e9 d&rsquo;une pi\u00e8ce ?<\/p>\n<p>M\u00e9thode naturelle : le charbon de bois<\/p>\n<p> Le charbon de bois est tr\u00e8s efficace pour <b>absorber<\/b> l&rsquo;<b>humidit\u00e9<\/b>. Vous pouvez placer dans une boite en carton (\u00e0 chaussures par exemple) quelques morceaux de charbon de bois et installez la boite dans un coin de la <b>pi\u00e8ce humide<\/b>. Ainsi, l&rsquo;<b>humidit\u00e9<\/b> est absorb\u00e9e.<\/p>\n<p>Comment conserver les condiments verts ? De fa\u00e7on g\u00e9n\u00e9rale, pour <b>conserver<\/b> toutes leurs saveurs, elles doivent \u00eatre conserv\u00e9es dans un endroit sombre, frais et sec, de pr\u00e9f\u00e9rence sous vide d&rsquo;air. Votre r\u00e9frig\u00e9rateur peut \u00e9galement vous permettre de stocker certaines d&rsquo;entre elles.<\/p>\n<h3><span class=\"ez-toc-section\" id=\"Comment_conserver_ail_epluche\"><\/span>Comment conserver ail \u00e9pluche ?<span class=\"ez-toc-section-end\"><\/span><\/h3>\n<p>Vous pouvez congeler les gousses d&rsquo;<b>ail<\/b> natures ou les \u00e9plucher, enlever leur germe ou le laisser. Dans l&rsquo;id\u00e9al, il est bien de les passer sous l&rsquo;eau avant de les placer dans le cong\u00e9lateur. Mettez-les dans un sac sp\u00e9cial cong\u00e9lation, puis une fois que vous avez chass\u00e9 l&rsquo;air, vous pouvez mettre l&rsquo;<b>ail<\/b> au cong\u00e9lateur.<\/p>\n<p>O\u00f9 mettre le paprika ? Le <b>paprika<\/b> rel\u00e8ve le goulasch hongrois et de nombreux plats d&rsquo;Europe de l&rsquo;Est, notamment des rago\u00fbts de viande et de volaille. Il s&rsquo;appr\u00e9cie \u00e9galement avec les fromages frais, la cr\u00e8me, le poisson, la tomate, les oignons, l&rsquo;avocat et agr\u00e9mente les m\u00e9langes d&rsquo;\u00e9pices.<\/p>\n<p>Quels sont les effets du paprika ?<\/p>\n<p><b>  Les bienfaits du  <b>   paprika  <\/b>  : pourquoi en manger ? <\/b> <\/p>\n<ul>\n<li>   Lutte contre les infections. &#8230;  <\/li>\n<li>   Diminution de la douleur. &#8230;  <\/li>\n<li>   Favorise une bonne circulation sanguine. &#8230;  <\/li>\n<li>   Lutte contre l&rsquo;an\u00e9mie. &#8230;  <\/li>\n<li>   Un bon apport de potassium. &#8230;  <\/li>\n<li>   De la vitamine E anti-oxydante. &#8230;  <\/li>\n<li>   Source de vitamines B2 et B6. &#8230;  <\/li>\n<li>   Le mot du nutritionniste.  <\/li>\n<\/ul>\n<p>Comment conserver l&rsquo;anis \u00e9toil\u00e9 ? <b>Comment conserver l&rsquo;anis<\/b> ? Les feuilles d&rsquo;<b>anis<\/b> utilis\u00e9es fra\u00eeches ne se conservent pas. En revanche, les graines l&rsquo;<b>anis<\/b> s\u00e9ch\u00e9es, r\u00e9colt\u00e9es en fin d&rsquo;\u00e9t\u00e9 peuvent se garder plusieurs mois dans un contenant herm\u00e9tique, \u00e0 l&rsquo;abri de la lumi\u00e8re, de l&rsquo;humidit\u00e9 et de la chaleur, afin de ne pas perdre ses ar\u00f4mes.<\/p>\n<h2><span class=\"ez-toc-section\" id=\"Est-ce_que_les_epices_pourrissent\"><\/span>Est-ce que les \u00e9pices pourrissent ?<span class=\"ez-toc-section-end\"><\/span><\/h2>\n<p>Non, une <b>\u00e9pice<\/b> correctement r\u00e9colt\u00e9e, s\u00e9ch\u00e9e et pr\u00e9par\u00e9e, ne peut devenir mauvaise. C&rsquo;<b>est<\/b> le principe m\u00eame d&rsquo;une <b>\u00e9pice<\/b> que de pouvoir \u00eatre conserv\u00e9e. D\u00e9shydrat\u00e9es, les <b>\u00e9pices<\/b> ne <b>pourrissent<\/b> pas et resteront propres \u00e0 la consommation.<\/p>\n<p>Est-ce que les herbes aromatiques se Periment ?<\/p>\n<p>Les \u00e9pices et les <b>herbes aromatiques<\/b> ne <b>se p\u00e9riment<\/b> pas non plus, le seul inconv\u00e9nient c&rsquo;<b>est<\/b> qu&rsquo;ils peuvent perdre un peu de leur saveur au fil du temps. Est-ce que le paprika se p\u00e9rime ?<\/p>\n<p>Cette poudre rouge <b>se<\/b> conserve dans son emballage d&rsquo;origine ou dans une boite herm\u00e9tique. L&rsquo;id\u00e9al reste de la placer \u00e0 l&rsquo;abri de la lumi\u00e8re, de la chaleur et de l&rsquo;humidit\u00e9. Le <b>paprika<\/b> comme toutes les autres \u00e9pices ne <b>se p\u00e9rime<\/b> pas, vous pouvez donc la garder plusieurs ann\u00e9es sans soucis.<\/p>\n","protected":false},"excerpt":{"rendered":"<p>En g\u00e9n\u00e9ral les \u00e9pices enti\u00e8res ont une date limite de consommation (DLC) ou plut\u00f4t une Date de Durabilit\u00e9 Minimale (DDM) de 36 mois lorsqu&rsquo;elles sont vendues sur le march\u00e9 europ\u00e9en. De plus, Est-ce que la muscade se p\u00e9rime ? Enti\u00e8re, la noix de muscade se conserve plusieurs ann\u00e9es dans un r\u00e9cipient herm\u00e9tique, \u00e0 l&rsquo;abri de [&hellip;]<\/p>\n","protected":false},"author":5,"featured_media":0,"comment_status":"open","ping_status":"open","sticky":false,"template":"","format":"standard","meta":{"tdm_status":"","tdm_grid_status":"","_jetpack_memberships_contains_paid_content":false,"footnotes":"","jetpack_publicize_message":"","jetpack_publicize_feature_enabled":true,"jetpack_social_post_already_shared":true,"jetpack_social_options":{"image_generator_settings":{"template":"highway","default_image_id":0,"font":"","enabled":false},"version":2}},"categories":[80],"tags":[],"class_list":["post-95317","post","type-post","status-publish","format-standard","hentry","category-lifestyle"],"yoast_head":"<!-- This site is optimized with the Yoast SEO Premium plugin v25.0 (Yoast SEO v25.0) - https:\/\/yoast.com\/wordpress\/plugins\/seo\/ -->\n<title>Quelle est la dur\u00e9e de conservation des \u00e9pices ? - Flashmode Magazine | Magazine de mode et style de vie Num\u00e9ro un en Tunisie et au Maghreb<\/title>\n<meta name=\"description\" content=\"En g\u00e9n\u00e9ral les \u00e9pices enti\u00e8res ont une date limite de consommation (DLC) ou plut\u00f4t une Date de Durabilit\u00e9 Minimale (DDM) de 36 mois lorsqu&#039;elles sont\" \/>\n<meta name=\"robots\" content=\"index, follow, max-snippet:-1, max-image-preview:large, max-video-preview:-1\" \/>\n<link rel=\"canonical\" href=\"https:\/\/flashmode.tn\/magazine\/quelle-est-la-duree-de-conservation-des-epices\/\" \/>\n<meta property=\"og:locale\" content=\"fr_FR\" \/>\n<meta property=\"og:type\" content=\"article\" \/>\n<meta property=\"og:title\" content=\"Quelle est la dur\u00e9e de conservation des \u00e9pices ? - Flashmode Magazine | Magazine de mode et style de vie Num\u00e9ro un en Tunisie et au Maghreb\" \/>\n<meta property=\"og:description\" content=\"En g\u00e9n\u00e9ral les \u00e9pices enti\u00e8res ont une date limite de consommation (DLC) ou plut\u00f4t une Date de Durabilit\u00e9 Minimale (DDM) de 36 mois lorsqu&#039;elles sont\" \/>\n<meta property=\"og:url\" content=\"https:\/\/flashmode.tn\/magazine\/quelle-est-la-duree-de-conservation-des-epices\/\" \/>\n<meta property=\"og:site_name\" content=\"Flashmode Magazine | Magazine de mode et style de vie Num\u00e9ro un en Tunisie et au Maghreb\" \/>\n<meta property=\"article:publisher\" content=\"https:\/\/www.facebook.com\/flashmode.magazine\/\" \/>\n<meta property=\"article:published_time\" content=\"2022-05-31T14:57:08+00:00\" \/>\n<meta name=\"author\" content=\"PeopleLife\" \/>\n<meta name=\"twitter:card\" content=\"summary_large_image\" \/>\n<meta name=\"twitter:creator\" content=\"@agenceflashmode\" \/>\n<meta name=\"twitter:site\" content=\"@agenceflashmode\" \/>\n<meta name=\"twitter:label1\" content=\"\u00c9crit par\" \/>\n\t<meta name=\"twitter:data1\" content=\"PeopleLife\" \/>\n\t<meta name=\"twitter:label2\" content=\"Dur\u00e9e de lecture estim\u00e9e\" \/>\n\t<meta name=\"twitter:data2\" content=\"7 minutes\" \/>\n<script type=\"application\/ld+json\" class=\"yoast-schema-graph\">{\"@context\":\"https:\/\/schema.org\",\"@graph\":[{\"@type\":\"WebPage\",\"@id\":\"https:\/\/flashmode.tn\/magazine\/quelle-est-la-duree-de-conservation-des-epices\/\",\"url\":\"https:\/\/flashmode.tn\/magazine\/quelle-est-la-duree-de-conservation-des-epices\/\",\"name\":\"Quelle est la dur\u00e9e de conservation des \u00e9pices ? - Flashmode Magazine | Magazine de mode et style de vie Num\u00e9ro un en Tunisie et au Maghreb\",\"isPartOf\":{\"@id\":\"https:\/\/flashmode.tn\/magazine\/#website\"},\"datePublished\":\"2022-05-31T14:57:08+00:00\",\"author\":{\"@id\":\"https:\/\/flashmode.tn\/magazine\/#\/schema\/person\/6815bd30337e8756d5357219766efcc3\"},\"description\":\"En g\u00e9n\u00e9ral les \u00e9pices enti\u00e8res ont une date limite de consommation (DLC) ou plut\u00f4t une Date de Durabilit\u00e9 Minimale (DDM) de 36 mois lorsqu'elles sont\",\"breadcrumb\":{\"@id\":\"https:\/\/flashmode.tn\/magazine\/quelle-est-la-duree-de-conservation-des-epices\/#breadcrumb\"},\"inLanguage\":\"fr-FR\",\"potentialAction\":[{\"@type\":\"ReadAction\",\"target\":[\"https:\/\/flashmode.tn\/magazine\/quelle-est-la-duree-de-conservation-des-epices\/\"]}]},{\"@type\":\"BreadcrumbList\",\"@id\":\"https:\/\/flashmode.tn\/magazine\/quelle-est-la-duree-de-conservation-des-epices\/#breadcrumb\",\"itemListElement\":[{\"@type\":\"ListItem\",\"position\":1,\"name\":\"Accueil\",\"item\":\"https:\/\/flashmode.tn\/magazine\/\"},{\"@type\":\"ListItem\",\"position\":2,\"name\":\"Quelle est la dur\u00e9e de conservation des \u00e9pices ?\"}]},{\"@type\":\"WebSite\",\"@id\":\"https:\/\/flashmode.tn\/magazine\/#website\",\"url\":\"https:\/\/flashmode.tn\/magazine\/\",\"name\":\"Flashmode Magazine | Magazine de mode et style de vie Num\u00e9ro un en Tunisie et au Maghreb\",\"description\":\"Magazine de mode et style de vie Num\u00e9ro un en Tunisie et au Maghreb, cr\u00e9\u00e9 pour les hommes et les femmes : conseils beaut\u00e9, mode femme, mode homme, recettes de cuisine, c\u00e9l\u00e9brit\u00e9s et people, mannequins et top modeles\",\"potentialAction\":[{\"@type\":\"SearchAction\",\"target\":{\"@type\":\"EntryPoint\",\"urlTemplate\":\"https:\/\/flashmode.tn\/magazine\/?s={search_term_string}\"},\"query-input\":{\"@type\":\"PropertyValueSpecification\",\"valueRequired\":true,\"valueName\":\"search_term_string\"}}],\"inLanguage\":\"fr-FR\"},{\"@type\":\"Person\",\"@id\":\"https:\/\/flashmode.tn\/magazine\/#\/schema\/person\/6815bd30337e8756d5357219766efcc3\",\"name\":\"PeopleLife\",\"image\":{\"@type\":\"ImageObject\",\"inLanguage\":\"fr-FR\",\"@id\":\"https:\/\/flashmode.tn\/magazine\/#\/schema\/person\/image\/\",\"url\":\"https:\/\/secure.gravatar.com\/avatar\/8098f49196034391d93ae20d939ad33b14f6b745c986049ad803a54f4113e18c?s=96&d=mm&r=g\",\"contentUrl\":\"https:\/\/secure.gravatar.com\/avatar\/8098f49196034391d93ae20d939ad33b14f6b745c986049ad803a54f4113e18c?s=96&d=mm&r=g\",\"caption\":\"PeopleLife\"},\"url\":\"https:\/\/flashmode.tn\/magazine\/author\/peoplelife\/\"}]}<\/script>\n<!-- \/ Yoast SEO Premium plugin. -->","yoast_head_json":{"title":"Quelle est la dur\u00e9e de conservation des \u00e9pices ? - Flashmode Magazine | Magazine de mode et style de vie Num\u00e9ro un en Tunisie et au Maghreb","description":"En g\u00e9n\u00e9ral les \u00e9pices enti\u00e8res ont une date limite de consommation (DLC) ou plut\u00f4t une Date de Durabilit\u00e9 Minimale (DDM) de 36 mois lorsqu'elles sont","robots":{"index":"index","follow":"follow","max-snippet":"max-snippet:-1","max-image-preview":"max-image-preview:large","max-video-preview":"max-video-preview:-1"},"canonical":"https:\/\/flashmode.tn\/magazine\/quelle-est-la-duree-de-conservation-des-epices\/","og_locale":"fr_FR","og_type":"article","og_title":"Quelle est la dur\u00e9e de conservation des \u00e9pices ? - Flashmode Magazine | Magazine de mode et style de vie Num\u00e9ro un en Tunisie et au Maghreb","og_description":"En g\u00e9n\u00e9ral les \u00e9pices enti\u00e8res ont une date limite de consommation (DLC) ou plut\u00f4t une Date de Durabilit\u00e9 Minimale (DDM) de 36 mois lorsqu'elles sont","og_url":"https:\/\/flashmode.tn\/magazine\/quelle-est-la-duree-de-conservation-des-epices\/","og_site_name":"Flashmode Magazine | Magazine de mode et style de vie Num\u00e9ro un en Tunisie et au Maghreb","article_publisher":"https:\/\/www.facebook.com\/flashmode.magazine\/","article_published_time":"2022-05-31T14:57:08+00:00","author":"PeopleLife","twitter_card":"summary_large_image","twitter_creator":"@agenceflashmode","twitter_site":"@agenceflashmode","twitter_misc":{"\u00c9crit par":"PeopleLife","Dur\u00e9e de lecture estim\u00e9e":"7 minutes"},"schema":{"@context":"https:\/\/schema.org","@graph":[{"@type":"WebPage","@id":"https:\/\/flashmode.tn\/magazine\/quelle-est-la-duree-de-conservation-des-epices\/","url":"https:\/\/flashmode.tn\/magazine\/quelle-est-la-duree-de-conservation-des-epices\/","name":"Quelle est la dur\u00e9e de conservation des \u00e9pices ? - Flashmode Magazine | Magazine de mode et style de vie Num\u00e9ro un en Tunisie et au Maghreb","isPartOf":{"@id":"https:\/\/flashmode.tn\/magazine\/#website"},"datePublished":"2022-05-31T14:57:08+00:00","author":{"@id":"https:\/\/flashmode.tn\/magazine\/#\/schema\/person\/6815bd30337e8756d5357219766efcc3"},"description":"En g\u00e9n\u00e9ral les \u00e9pices enti\u00e8res ont une date limite de consommation (DLC) ou plut\u00f4t une Date de Durabilit\u00e9 Minimale (DDM) de 36 mois lorsqu'elles sont","breadcrumb":{"@id":"https:\/\/flashmode.tn\/magazine\/quelle-est-la-duree-de-conservation-des-epices\/#breadcrumb"},"inLanguage":"fr-FR","potentialAction":[{"@type":"ReadAction","target":["https:\/\/flashmode.tn\/magazine\/quelle-est-la-duree-de-conservation-des-epices\/"]}]},{"@type":"BreadcrumbList","@id":"https:\/\/flashmode.tn\/magazine\/quelle-est-la-duree-de-conservation-des-epices\/#breadcrumb","itemListElement":[{"@type":"ListItem","position":1,"name":"Accueil","item":"https:\/\/flashmode.tn\/magazine\/"},{"@type":"ListItem","position":2,"name":"Quelle est la dur\u00e9e de conservation des \u00e9pices ?"}]},{"@type":"WebSite","@id":"https:\/\/flashmode.tn\/magazine\/#website","url":"https:\/\/flashmode.tn\/magazine\/","name":"Flashmode Magazine | Magazine de mode et style de vie Num\u00e9ro un en Tunisie et au Maghreb","description":"Magazine de mode et style de vie Num\u00e9ro un en Tunisie et au Maghreb, cr\u00e9\u00e9 pour les hommes et les femmes : conseils beaut\u00e9, mode femme, mode homme, recettes de cuisine, c\u00e9l\u00e9brit\u00e9s et people, mannequins et top modeles","potentialAction":[{"@type":"SearchAction","target":{"@type":"EntryPoint","urlTemplate":"https:\/\/flashmode.tn\/magazine\/?s={search_term_string}"},"query-input":{"@type":"PropertyValueSpecification","valueRequired":true,"valueName":"search_term_string"}}],"inLanguage":"fr-FR"},{"@type":"Person","@id":"https:\/\/flashmode.tn\/magazine\/#\/schema\/person\/6815bd30337e8756d5357219766efcc3","name":"PeopleLife","image":{"@type":"ImageObject","inLanguage":"fr-FR","@id":"https:\/\/flashmode.tn\/magazine\/#\/schema\/person\/image\/","url":"https:\/\/secure.gravatar.com\/avatar\/8098f49196034391d93ae20d939ad33b14f6b745c986049ad803a54f4113e18c?s=96&d=mm&r=g","contentUrl":"https:\/\/secure.gravatar.com\/avatar\/8098f49196034391d93ae20d939ad33b14f6b745c986049ad803a54f4113e18c?s=96&d=mm&r=g","caption":"PeopleLife"},"url":"https:\/\/flashmode.tn\/magazine\/author\/peoplelife\/"}]}},"jetpack_publicize_connections":[],"jetpack_featured_media_url":"","jetpack_shortlink":"https:\/\/wp.me\/p8BPGr-oNn","jetpack_sharing_enabled":true,"_links":{"self":[{"href":"https:\/\/flashmode.tn\/magazine\/wp-json\/wp\/v2\/posts\/95317","targetHints":{"allow":["GET"]}}],"collection":[{"href":"https:\/\/flashmode.tn\/magazine\/wp-json\/wp\/v2\/posts"}],"about":[{"href":"https:\/\/flashmode.tn\/magazine\/wp-json\/wp\/v2\/types\/post"}],"author":[{"embeddable":true,"href":"https:\/\/flashmode.tn\/magazine\/wp-json\/wp\/v2\/users\/5"}],"replies":[{"embeddable":true,"href":"https:\/\/flashmode.tn\/magazine\/wp-json\/wp\/v2\/comments?post=95317"}],"version-history":[{"count":0,"href":"https:\/\/flashmode.tn\/magazine\/wp-json\/wp\/v2\/posts\/95317\/revisions"}],"wp:attachment":[{"href":"https:\/\/flashmode.tn\/magazine\/wp-json\/wp\/v2\/media?parent=95317"}],"wp:term":[{"taxonomy":"category","embeddable":true,"href":"https:\/\/flashmode.tn\/magazine\/wp-json\/wp\/v2\/categories?post=95317"},{"taxonomy":"post_tag","embeddable":true,"href":"https:\/\/flashmode.tn\/magazine\/wp-json\/wp\/v2\/tags?post=95317"}],"curies":[{"name":"wp","href":"https:\/\/api.w.org\/{rel}","templated":true}]}}