{"id":98702,"date":"2023-01-05T13:47:03","date_gmt":"2023-01-05T12:47:03","guid":{"rendered":"https:\/\/flashmode.tn\/magazine\/?p=98702"},"modified":"2023-01-13T15:53:33","modified_gmt":"2023-01-13T14:53:33","slug":"les-coupes-pour-rajeunir-un-visage-et-donner-lair-plus-jeune","status":"publish","type":"post","link":"https:\/\/flashmode.tn\/magazine\/les-coupes-pour-rajeunir-un-visage-et-donner-lair-plus-jeune\/","title":{"rendered":"Les coupes pour rajeunir un visage et donner l&rsquo;air plus jeune"},"content":{"rendered":"\n<p><b>Vous souhaitez rajeunir votre apparence et avoir l&rsquo;air plus jeune ?<\/b> Vous vous demandez quelle coupe de cheveux choisir pour y parvenir ? Ne cherchez plus ! Dans cet article, nous vous pr\u00e9senterons les coupes de cheveux les plus tendance qui peuvent vous aider \u00e0 para\u00eetre plus jeune. Nous vous donnerons des conseils sur les coupes courtes, mi-longues, les techniques de coupe et de couleur. Nous vous montrerons comment choisir la coupe la plus adapt\u00e9e \u00e0 votre visage et \u00e0 votre personnalit\u00e9, et comment entretenir votre look pour qu&rsquo;il soit toujours frais et dynamique. Alors, pr\u00eat pour votre nouveau look ?<\/p>\n\n\n\n<p>Le vieillissement est un processus naturel qui affecte tout le monde et qui n\u2019est pas toujours agr\u00e9able \u00e0 vivre. Heureusement, il existe des moyens pour rajeunir votre visage et reprendre votre \u00e2ge d\u2019antan. Si vous avez toujours r\u00eav\u00e9 de retrouver une peau jeune et rayonnante, alors une coupe de cheveux adapt\u00e9e pourrait \u00eatre la solution. En effet, une coupe de cheveux bien choisie peut non seulement vous donner un look plus jeune, mais elle peut \u00e9galement aider \u00e0 camoufler les signes de vieillissement. Alors, quelle coupe pour rajeunir un visage ?<\/p>\n\n\n\n<div id=\"ez-toc-container\" class=\"ez-toc-v2_0_81 counter-hierarchy ez-toc-counter ez-toc-grey ez-toc-container-direction\">\n<div class=\"ez-toc-title-container\">\n<p class=\"ez-toc-title\" style=\"cursor:inherit\">Contenus de la page<\/p>\n<span class=\"ez-toc-title-toggle\"><a href=\"#\" class=\"ez-toc-pull-right ez-toc-btn ez-toc-btn-xs ez-toc-btn-default ez-toc-toggle\" aria-label=\"Toggle Table of Content\"><span class=\"ez-toc-js-icon-con\"><span class=\"\"><span class=\"eztoc-hide\" style=\"display:none;\">Toggle<\/span><span class=\"ez-toc-icon-toggle-span\"><svg style=\"fill: #999;color:#999\" xmlns=\"http:\/\/www.w3.org\/2000\/svg\" class=\"list-377408\" width=\"20px\" height=\"20px\" viewBox=\"0 0 24 24\" fill=\"none\"><path d=\"M6 6H4v2h2V6zm14 0H8v2h12V6zM4 11h2v2H4v-2zm16 0H8v2h12v-2zM4 16h2v2H4v-2zm16 0H8v2h12v-2z\" fill=\"currentColor\"><\/path><\/svg><svg style=\"fill: #999;color:#999\" class=\"arrow-unsorted-368013\" xmlns=\"http:\/\/www.w3.org\/2000\/svg\" width=\"10px\" height=\"10px\" viewBox=\"0 0 24 24\" version=\"1.2\" baseProfile=\"tiny\"><path d=\"M18.2 9.3l-6.2-6.3-6.2 6.3c-.2.2-.3.4-.3.7s.1.5.3.7c.2.2.4.3.7.3h11c.3 0 .5-.1.7-.3.2-.2.3-.5.3-.7s-.1-.5-.3-.7zM5.8 14.7l6.2 6.3 6.2-6.3c.2-.2.3-.5.3-.7s-.1-.5-.3-.7c-.2-.2-.4-.3-.7-.3h-11c-.3 0-.5.1-.7.3-.2.2-.3.5-.3.7s.1.5.3.7z\"\/><\/svg><\/span><\/span><\/span><\/a><\/span><\/div>\n<nav><ul class='ez-toc-list ez-toc-list-level-1 ' ><li class='ez-toc-page-1 ez-toc-heading-level-2'><a class=\"ez-toc-link ez-toc-heading-1\" href=\"https:\/\/flashmode.tn\/magazine\/les-coupes-pour-rajeunir-un-visage-et-donner-lair-plus-jeune\/#1_La_coupe_courte_pixie\" >1. La coupe courte pixie :<\/a><\/li><li class='ez-toc-page-1 ez-toc-heading-level-2'><a class=\"ez-toc-link ez-toc-heading-2\" href=\"https:\/\/flashmode.tn\/magazine\/les-coupes-pour-rajeunir-un-visage-et-donner-lair-plus-jeune\/#2_Un_carre_court\" >2. Un carr\u00e9 court<\/a><\/li><li class='ez-toc-page-1 ez-toc-heading-level-2'><a class=\"ez-toc-link ez-toc-heading-3\" href=\"https:\/\/flashmode.tn\/magazine\/les-coupes-pour-rajeunir-un-visage-et-donner-lair-plus-jeune\/#3_La_coupe_garconne\" >3. La coupe gar\u00e7onne<\/a><\/li><li class='ez-toc-page-1 ez-toc-heading-level-2'><a class=\"ez-toc-link ez-toc-heading-4\" href=\"https:\/\/flashmode.tn\/magazine\/les-coupes-pour-rajeunir-un-visage-et-donner-lair-plus-jeune\/#4_Des_cheveux_mi-longs_degrades\" >4. Des cheveux mi-longs d\u00e9grad\u00e9s<\/a><\/li><li class='ez-toc-page-1 ez-toc-heading-level-2'><a class=\"ez-toc-link ez-toc-heading-5\" href=\"https:\/\/flashmode.tn\/magazine\/les-coupes-pour-rajeunir-un-visage-et-donner-lair-plus-jeune\/#5_Le_mi-long_wavy\" >5. Le mi-long wavy<\/a><\/li><li class='ez-toc-page-1 ez-toc-heading-level-2'><a class=\"ez-toc-link ez-toc-heading-6\" href=\"https:\/\/flashmode.tn\/magazine\/les-coupes-pour-rajeunir-un-visage-et-donner-lair-plus-jeune\/#6_La_French_bob\" >6. La French bob<\/a><\/li><li class='ez-toc-page-1 ez-toc-heading-level-2'><a class=\"ez-toc-link ez-toc-heading-7\" href=\"https:\/\/flashmode.tn\/magazine\/les-coupes-pour-rajeunir-un-visage-et-donner-lair-plus-jeune\/#7_Une_frange\" >7. Une frange<\/a><\/li><li class='ez-toc-page-1 ez-toc-heading-level-2'><a class=\"ez-toc-link ez-toc-heading-8\" href=\"https:\/\/flashmode.tn\/magazine\/les-coupes-pour-rajeunir-un-visage-et-donner-lair-plus-jeune\/#8_Un_balayage\" >8. Un balayage<\/a><\/li><\/ul><\/nav><\/div>\n<h2 class=\"wp-block-heading\" id=\"h-1-la-coupe-courte-pixie\"><span class=\"ez-toc-section\" id=\"1_La_coupe_courte_pixie\"><\/span>1. La coupe courte pixie :<span class=\"ez-toc-section-end\"><\/span><\/h2>\n\n\n\n<p>Si vous souhaitez un look plus jeune, optez pour une coupe courte <a href=\"https:\/\/flashmode.tn\/magazine\/cest-quoi-la-coupe-pixie-femme\/\" target=\"_blank\" rel=\"noreferrer noopener\">pixie<\/a>. Cette coupe de cheveux pr\u00e9sente de nombreux avantages : elle est tr\u00e8s facile \u00e0 entretenir et \u00e0 coiffer, elle s\u2019adapte \u00e0 toutes <a href=\"https:\/\/www.newlook.ca\/fr\/formes-visages\" target=\"_blank\" rel=\"noreferrer noopener\">les formes de visage <\/a>et elle est tr\u00e8s tendance. La coupe pixie est une coupe courte qui se caract\u00e9rise par des cheveux courts sur le dessus et des m\u00e8ches plus longues sur les c\u00f4t\u00e9s et dans la nuque. Vous pouvez choisir une coupe pixie plus ou moins longue, en fonction de vos go\u00fbts.<\/p>\n\n\n\n<div class=\"wp-block-image\"><figure class=\"aligncenter size-full\"><img data-recalc-dims=\"1\" loading=\"lazy\" decoding=\"async\" width=\"680\" height=\"400\" src=\"https:\/\/i0.wp.com\/flashmode.tn\/magazine\/wp-content\/uploads\/2022\/12\/3-Facons-de-porter-la-coupe-de-cheveux-pixie-2.jpg?resize=680%2C400&#038;ssl=1\" alt=\"\" class=\"wp-image-101828\" srcset=\"https:\/\/i0.wp.com\/flashmode.tn\/magazine\/wp-content\/uploads\/2022\/12\/3-Facons-de-porter-la-coupe-de-cheveux-pixie-2.jpg?w=680&amp;ssl=1 680w, https:\/\/i0.wp.com\/flashmode.tn\/magazine\/wp-content\/uploads\/2022\/12\/3-Facons-de-porter-la-coupe-de-cheveux-pixie-2.jpg?resize=300%2C176&amp;ssl=1 300w\" sizes=\"auto, (max-width: 680px) 100vw, 680px\" \/><figcaption>3 Fa\u00e7ons de porter la coupe de cheveux pixie<\/figcaption><\/figure><\/div>\n\n\n\n<div class=\"wp-block-image\"><figure class=\"aligncenter size-full is-resized\"><img data-recalc-dims=\"1\" loading=\"lazy\" decoding=\"async\" src=\"https:\/\/i0.wp.com\/flashmode.tn\/magazine\/wp-content\/uploads\/2022\/12\/La-coupe-pixie.jpg?resize=450%2C606&#038;ssl=1\" alt=\"\" class=\"wp-image-101819\" width=\"450\" height=\"606\"\/><figcaption>La coupe pixie, la tendance du moment<\/figcaption><\/figure><\/div>\n\n\n\n<div class=\"wp-block-image\"><figure class=\"aligncenter size-full is-resized\"><img data-recalc-dims=\"1\" loading=\"lazy\" decoding=\"async\" src=\"https:\/\/i0.wp.com\/flashmode.tn\/magazine\/wp-content\/uploads\/2022\/12\/Coupe-de-cheveux-pixie-rajeunissante-1.png?resize=454%2C681&#038;ssl=1\" alt=\"\" class=\"wp-image-101820\" width=\"454\" height=\"681\" srcset=\"https:\/\/i0.wp.com\/flashmode.tn\/magazine\/wp-content\/uploads\/2022\/12\/Coupe-de-cheveux-pixie-rajeunissante-1.png?w=667&amp;ssl=1 667w, https:\/\/i0.wp.com\/flashmode.tn\/magazine\/wp-content\/uploads\/2022\/12\/Coupe-de-cheveux-pixie-rajeunissante-1.png?resize=200%2C300&amp;ssl=1 200w, https:\/\/i0.wp.com\/flashmode.tn\/magazine\/wp-content\/uploads\/2022\/12\/Coupe-de-cheveux-pixie-rajeunissante-1.png?resize=280%2C420&amp;ssl=1 280w\" sizes=\"auto, (max-width: 454px) 100vw, 454px\" \/><figcaption>Coupe de cheveux pixie rajeunissante<\/figcaption><\/figure><\/div>\n\n\n\n<div class=\"wp-block-image\"><figure class=\"aligncenter size-full is-resized\"><img data-recalc-dims=\"1\" loading=\"lazy\" decoding=\"async\" src=\"https:\/\/i0.wp.com\/flashmode.tn\/magazine\/wp-content\/uploads\/2022\/12\/Coupe-pixie-degradee-pour-femmes-de-70-ans-1.jpg?resize=450%2C686&#038;ssl=1\" alt=\"\" class=\"wp-image-101821\" width=\"450\" height=\"686\" srcset=\"https:\/\/i0.wp.com\/flashmode.tn\/magazine\/wp-content\/uploads\/2022\/12\/Coupe-pixie-degradee-pour-femmes-de-70-ans-1.jpg?w=261&amp;ssl=1 261w, https:\/\/i0.wp.com\/flashmode.tn\/magazine\/wp-content\/uploads\/2022\/12\/Coupe-pixie-degradee-pour-femmes-de-70-ans-1.jpg?resize=197%2C300&amp;ssl=1 197w\" sizes=\"auto, (max-width: 450px) 100vw, 450px\" \/><figcaption>Coupe de cheveux tendance 2022-2023<\/figcaption><\/figure><\/div>\n\n\n\n<div class=\"wp-block-image\"><figure class=\"aligncenter size-large is-resized\"><img data-recalc-dims=\"1\" decoding=\"async\" src=\"https:\/\/i0.wp.com\/flashmode.tn\/magazine\/wp-content\/uploads\/2022\/12\/La-coupe-pixie-ira-bien-avec-votre-visage.jpg?resize=683%2C1024&#038;ssl=1\" alt=\"\" class=\"wp-image-101826\" width=\"683\" height=\"1024\" srcset=\"https:\/\/i0.wp.com\/flashmode.tn\/magazine\/wp-content\/uploads\/2022\/12\/La-coupe-pixie-ira-bien-avec-votre-visage.jpg?resize=683%2C1024&amp;ssl=1 683w, https:\/\/i0.wp.com\/flashmode.tn\/magazine\/wp-content\/uploads\/2022\/12\/La-coupe-pixie-ira-bien-avec-votre-visage.jpg?resize=200%2C300&amp;ssl=1 200w, https:\/\/i0.wp.com\/flashmode.tn\/magazine\/wp-content\/uploads\/2022\/12\/La-coupe-pixie-ira-bien-avec-votre-visage.jpg?resize=696%2C1044&amp;ssl=1 696w, https:\/\/i0.wp.com\/flashmode.tn\/magazine\/wp-content\/uploads\/2022\/12\/La-coupe-pixie-ira-bien-avec-votre-visage.jpg?resize=280%2C420&amp;ssl=1 280w, https:\/\/i0.wp.com\/flashmode.tn\/magazine\/wp-content\/uploads\/2022\/12\/La-coupe-pixie-ira-bien-avec-votre-visage.jpg?w=700&amp;ssl=1 700w\" sizes=\"(max-width: 683px) 100vw, 683px\" \/><figcaption>La coupe pixie ira bien avec votre visage<\/figcaption><\/figure><\/div>\n\n\n\n<div class=\"wp-block-image\"><figure class=\"aligncenter size-full\"><img data-recalc-dims=\"1\" loading=\"lazy\" decoding=\"async\" width=\"460\" height=\"599\" src=\"https:\/\/i0.wp.com\/flashmode.tn\/magazine\/wp-content\/uploads\/2022\/12\/La-coupe-courte-pixie-tendance-coiffure-femme.jpg?resize=460%2C599&#038;ssl=1\" alt=\"\" class=\"wp-image-101829\" srcset=\"https:\/\/i0.wp.com\/flashmode.tn\/magazine\/wp-content\/uploads\/2022\/12\/La-coupe-courte-pixie-tendance-coiffure-femme.jpg?w=460&amp;ssl=1 460w, https:\/\/i0.wp.com\/flashmode.tn\/magazine\/wp-content\/uploads\/2022\/12\/La-coupe-courte-pixie-tendance-coiffure-femme.jpg?resize=230%2C300&amp;ssl=1 230w, https:\/\/i0.wp.com\/flashmode.tn\/magazine\/wp-content\/uploads\/2022\/12\/La-coupe-courte-pixie-tendance-coiffure-femme.jpg?resize=323%2C420&amp;ssl=1 323w\" sizes=\"auto, (max-width: 460px) 100vw, 460px\" \/><figcaption>La coupe courte pixie, tendance coiffure femme <\/figcaption><\/figure><\/div>\n\n\n\n<div class=\"wp-block-image\"><figure class=\"aligncenter size-large is-resized\"><img data-recalc-dims=\"1\" loading=\"lazy\" decoding=\"async\" src=\"https:\/\/i0.wp.com\/flashmode.tn\/magazine\/wp-content\/uploads\/2022\/12\/la-coupe-pixie-femme-1.jpg?resize=474%2C318&#038;ssl=1\" alt=\"\" class=\"wp-image-101830\" width=\"474\" height=\"318\" srcset=\"https:\/\/i0.wp.com\/flashmode.tn\/magazine\/wp-content\/uploads\/2022\/12\/la-coupe-pixie-femme-1.jpg?resize=1024%2C686&amp;ssl=1 1024w, https:\/\/i0.wp.com\/flashmode.tn\/magazine\/wp-content\/uploads\/2022\/12\/la-coupe-pixie-femme-1.jpg?resize=300%2C201&amp;ssl=1 300w, https:\/\/i0.wp.com\/flashmode.tn\/magazine\/wp-content\/uploads\/2022\/12\/la-coupe-pixie-femme-1.jpg?resize=768%2C514&amp;ssl=1 768w, https:\/\/i0.wp.com\/flashmode.tn\/magazine\/wp-content\/uploads\/2022\/12\/la-coupe-pixie-femme-1.jpg?resize=696%2C466&amp;ssl=1 696w, https:\/\/i0.wp.com\/flashmode.tn\/magazine\/wp-content\/uploads\/2022\/12\/la-coupe-pixie-femme-1.jpg?resize=1068%2C715&amp;ssl=1 1068w, https:\/\/i0.wp.com\/flashmode.tn\/magazine\/wp-content\/uploads\/2022\/12\/la-coupe-pixie-femme-1.jpg?resize=627%2C420&amp;ssl=1 627w, https:\/\/i0.wp.com\/flashmode.tn\/magazine\/wp-content\/uploads\/2022\/12\/la-coupe-pixie-femme-1.jpg?w=1296&amp;ssl=1 1296w\" sizes=\"auto, (max-width: 474px) 100vw, 474px\" \/><figcaption>La coupe pixie pour un look plus jeune<\/figcaption><\/figure><\/div>\n\n\n\n<figure class=\"wp-block-embed is-type-video is-provider-youtube wp-block-embed-youtube wp-embed-aspect-4-3 wp-has-aspect-ratio\"><div class=\"wp-block-embed__wrapper\">\n<span class=\"embed-youtube\" style=\"text-align:center; display: block;\"><iframe class=\"youtube-player\" width=\"696\" height=\"392\" src=\"https:\/\/www.youtube.com\/embed\/o_R-MIC-ARY?version=3&#038;rel=1&#038;showsearch=0&#038;showinfo=1&#038;iv_load_policy=1&#038;fs=1&#038;hl=fr-FR&#038;autohide=2&#038;wmode=transparent\" allowfullscreen=\"true\" style=\"border:0;\" sandbox=\"allow-scripts allow-same-origin allow-popups allow-presentation allow-popups-to-escape-sandbox\"><\/iframe><\/span>\n<\/div><figcaption>                                                                Tendance cheveux Pixie 2023<\/figcaption><\/figure>\n\n\n\n<h2 class=\"wp-block-heading\" id=\"h-2-un-carre-court\"><span class=\"ez-toc-section\" id=\"2_Un_carre_court\"><\/span>2. Un carr\u00e9 court<span class=\"ez-toc-section-end\"><\/span><\/h2>\n\n\n\n<p><a href=\"https:\/\/flashmode.tn\/magazine\/carre-court-porter-style-de-coiffure\/\" target=\"_blank\" rel=\"noreferrer noopener\">Le carr\u00e9 court <\/a>est une autre option int\u00e9ressante pour rajeunir votre visage. Cette coupe de cheveux se caract\u00e9rise par des cheveux courts et lisses sur le dessus et des m\u00e8ches plus longues sur les c\u00f4t\u00e9s et dans la nuque. Le carr\u00e9 court est tr\u00e8s polyvalent et peut \u00eatre facilement adapt\u00e9 \u00e0 toutes les formes de visage. Vous pouvez choisir de le porter lisse ou ondul\u00e9, selon votre style pr\u00e9f\u00e9r\u00e9.<\/p>\n\n\n\n<div class=\"wp-block-image\"><figure class=\"aligncenter size-large is-resized\"><img data-recalc-dims=\"1\" loading=\"lazy\" decoding=\"async\" src=\"https:\/\/i0.wp.com\/flashmode.tn\/magazine\/wp-content\/uploads\/2022\/12\/Le-carre-court-est-une-autre-option-interessante-pour-rajeunir-votre-visage.jpg?resize=696%2C392&#038;ssl=1\" alt=\"\" class=\"wp-image-101831\" width=\"696\" height=\"392\" srcset=\"https:\/\/i0.wp.com\/flashmode.tn\/magazine\/wp-content\/uploads\/2022\/12\/Le-carre-court-est-une-autre-option-interessante-pour-rajeunir-votre-visage.jpg?resize=1024%2C576&amp;ssl=1 1024w, https:\/\/i0.wp.com\/flashmode.tn\/magazine\/wp-content\/uploads\/2022\/12\/Le-carre-court-est-une-autre-option-interessante-pour-rajeunir-votre-visage.jpg?resize=300%2C169&amp;ssl=1 300w, https:\/\/i0.wp.com\/flashmode.tn\/magazine\/wp-content\/uploads\/2022\/12\/Le-carre-court-est-une-autre-option-interessante-pour-rajeunir-votre-visage.jpg?resize=768%2C432&amp;ssl=1 768w, https:\/\/i0.wp.com\/flashmode.tn\/magazine\/wp-content\/uploads\/2022\/12\/Le-carre-court-est-une-autre-option-interessante-pour-rajeunir-votre-visage.jpg?resize=696%2C392&amp;ssl=1 696w, https:\/\/i0.wp.com\/flashmode.tn\/magazine\/wp-content\/uploads\/2022\/12\/Le-carre-court-est-une-autre-option-interessante-pour-rajeunir-votre-visage.jpg?resize=1068%2C601&amp;ssl=1 1068w, https:\/\/i0.wp.com\/flashmode.tn\/magazine\/wp-content\/uploads\/2022\/12\/Le-carre-court-est-une-autre-option-interessante-pour-rajeunir-votre-visage.jpg?resize=747%2C420&amp;ssl=1 747w, https:\/\/i0.wp.com\/flashmode.tn\/magazine\/wp-content\/uploads\/2022\/12\/Le-carre-court-est-une-autre-option-interessante-pour-rajeunir-votre-visage.jpg?w=1200&amp;ssl=1 1200w\" sizes=\"auto, (max-width: 696px) 100vw, 696px\" \/><figcaption>Le carr\u00e9 court est une autre option int\u00e9ressante pour rajeunir votre visage<\/figcaption><\/figure><\/div>\n\n\n\n<div class=\"wp-block-image\"><figure class=\"aligncenter size-full is-resized\"><img data-recalc-dims=\"1\" loading=\"lazy\" decoding=\"async\" src=\"https:\/\/i0.wp.com\/flashmode.tn\/magazine\/wp-content\/uploads\/2022\/12\/Le-carre-court-4.jpg?resize=696%2C408&#038;ssl=1\" alt=\"\" class=\"wp-image-101832\" width=\"696\" height=\"408\" srcset=\"https:\/\/i0.wp.com\/flashmode.tn\/magazine\/wp-content\/uploads\/2022\/12\/Le-carre-court-4.jpg?w=848&amp;ssl=1 848w, https:\/\/i0.wp.com\/flashmode.tn\/magazine\/wp-content\/uploads\/2022\/12\/Le-carre-court-4.jpg?resize=300%2C176&amp;ssl=1 300w, https:\/\/i0.wp.com\/flashmode.tn\/magazine\/wp-content\/uploads\/2022\/12\/Le-carre-court-4.jpg?resize=768%2C450&amp;ssl=1 768w, https:\/\/i0.wp.com\/flashmode.tn\/magazine\/wp-content\/uploads\/2022\/12\/Le-carre-court-4.jpg?resize=696%2C408&amp;ssl=1 696w, https:\/\/i0.wp.com\/flashmode.tn\/magazine\/wp-content\/uploads\/2022\/12\/Le-carre-court-4.jpg?resize=717%2C420&amp;ssl=1 717w\" sizes=\"auto, (max-width: 696px) 100vw, 696px\" \/><figcaption>Le carr\u00e9 court<\/figcaption><\/figure><\/div>\n\n\n\n<div class=\"wp-block-image\"><figure class=\"aligncenter size-full is-resized\"><img data-recalc-dims=\"1\" loading=\"lazy\" decoding=\"async\" src=\"https:\/\/i0.wp.com\/flashmode.tn\/magazine\/wp-content\/uploads\/2022\/12\/Le-carre-court-5.jpg?resize=464%2C597&#038;ssl=1\" alt=\"\" class=\"wp-image-101833\" width=\"464\" height=\"597\" srcset=\"https:\/\/i0.wp.com\/flashmode.tn\/magazine\/wp-content\/uploads\/2022\/12\/Le-carre-court-5.jpg?w=638&amp;ssl=1 638w, https:\/\/i0.wp.com\/flashmode.tn\/magazine\/wp-content\/uploads\/2022\/12\/Le-carre-court-5.jpg?resize=233%2C300&amp;ssl=1 233w, https:\/\/i0.wp.com\/flashmode.tn\/magazine\/wp-content\/uploads\/2022\/12\/Le-carre-court-5.jpg?resize=326%2C420&amp;ssl=1 326w\" sizes=\"auto, (max-width: 464px) 100vw, 464px\" \/><figcaption>Le carr\u00e9 court volumineux <\/figcaption><\/figure><\/div>\n\n\n\n<h2 class=\"wp-block-heading\" id=\"h-3-la-coupe-garconne\"><span class=\"ez-toc-section\" id=\"3_La_coupe_garconne\"><\/span>3. La coupe gar\u00e7onne<span class=\"ez-toc-section-end\"><\/span><\/h2>\n\n\n\n<p><a href=\"https:\/\/flashmode.tn\/magazine\/comment-choisir-sa-coupe-garconne\/\" target=\"_blank\" rel=\"noreferrer noopener\">La coupe gar\u00e7onne <\/a>est une coupe tr\u00e8s courte qui se caract\u00e9rise par des cheveux courts sur le dessus et des m\u00e8ches plus longues sur les c\u00f4t\u00e9s et dans la nuque. Elle est id\u00e9ale pour les visages ronds ou ovales, car elle allonge le visage et donne \u00e0 votre coupe une apparence plus jeune et plus fra\u00eeche. Vous pouvez choisir une coupe gar\u00e7onne plus ou moins longue, en fonction de votre style et de votre look.<\/p>\n\n\n\n<div class=\"wp-block-image\"><figure class=\"aligncenter size-full is-resized\"><img data-recalc-dims=\"1\" loading=\"lazy\" decoding=\"async\" src=\"https:\/\/i0.wp.com\/flashmode.tn\/magazine\/wp-content\/uploads\/2022\/12\/Coupe-courte-a-la-garconne-2.jpeg?resize=472%2C800&#038;ssl=1\" alt=\"\" class=\"wp-image-101843\" width=\"472\" height=\"800\" srcset=\"https:\/\/i0.wp.com\/flashmode.tn\/magazine\/wp-content\/uploads\/2022\/12\/Coupe-courte-a-la-garconne-2.jpeg?w=604&amp;ssl=1 604w, https:\/\/i0.wp.com\/flashmode.tn\/magazine\/wp-content\/uploads\/2022\/12\/Coupe-courte-a-la-garconne-2.jpeg?resize=177%2C300&amp;ssl=1 177w, https:\/\/i0.wp.com\/flashmode.tn\/magazine\/wp-content\/uploads\/2022\/12\/Coupe-courte-a-la-garconne-2.jpeg?resize=248%2C420&amp;ssl=1 248w\" sizes=\"auto, (max-width: 472px) 100vw, 472px\" \/><figcaption>Coupe courte \u00e0 la gar\u00e7onne<\/figcaption><\/figure><\/div>\n\n\n\n<h2 class=\"wp-block-heading\" id=\"h-4-des-cheveux-mi-longs-degrades\"><span class=\"ez-toc-section\" id=\"4_Des_cheveux_mi-longs_degrades\"><\/span>4. Des cheveux mi-longs d\u00e9grad\u00e9s<span class=\"ez-toc-section-end\"><\/span><\/h2>\n\n\n\n<p>Si vous avez les cheveux mi-longs, alors vous pouvez opter pour une <a href=\"https:\/\/flashmode.tn\/magazine\/comment-rattraper-une-coupe-trop-degradee\/\" target=\"_blank\" rel=\"noreferrer noopener\">coupe d\u00e9grad\u00e9e.<\/a> La coupe d\u00e9grad\u00e9e consiste \u00e0 couper les cheveux plus courts sur les c\u00f4t\u00e9s et plus longs sur le dessus. Cette coupe peut donner l\u2019impression d\u2019un visage plus jeune et plus frais et elle est tr\u00e8s facile \u00e0 entretenir. Vous pouvez choisir de porter vos cheveux lisses ou ondul\u00e9s, selon votre style et votre look.<\/p>\n\n\n\n<div class=\"wp-block-image\"><figure class=\"aligncenter size-full is-resized\"><img data-recalc-dims=\"1\" loading=\"lazy\" decoding=\"async\" src=\"https:\/\/i0.wp.com\/flashmode.tn\/magazine\/wp-content\/uploads\/2022\/12\/coiffure-carre-degrade-mi-long-1.jpg?resize=545%2C701&#038;ssl=1\" alt=\"\" class=\"wp-image-101809\" width=\"545\" height=\"701\" srcset=\"https:\/\/i0.wp.com\/flashmode.tn\/magazine\/wp-content\/uploads\/2022\/12\/coiffure-carre-degrade-mi-long-1.jpg?w=638&amp;ssl=1 638w, https:\/\/i0.wp.com\/flashmode.tn\/magazine\/wp-content\/uploads\/2022\/12\/coiffure-carre-degrade-mi-long-1.jpg?resize=233%2C300&amp;ssl=1 233w, https:\/\/i0.wp.com\/flashmode.tn\/magazine\/wp-content\/uploads\/2022\/12\/coiffure-carre-degrade-mi-long-1.jpg?resize=326%2C420&amp;ssl=1 326w\" sizes=\"auto, (max-width: 545px) 100vw, 545px\" \/><figcaption>Coiffure carr\u00e9 d\u00e9grad\u00e9 mi-long <\/figcaption><\/figure><\/div>\n\n\n\n<div class=\"wp-block-image\"><figure class=\"aligncenter size-full is-resized\"><img data-recalc-dims=\"1\" loading=\"lazy\" decoding=\"async\" src=\"https:\/\/i0.wp.com\/flashmode.tn\/magazine\/wp-content\/uploads\/2022\/12\/Le-carre-mi-long-degrade-avec-frange.jpeg?resize=546%2C690&#038;ssl=1\" alt=\"\" class=\"wp-image-101815\" width=\"546\" height=\"690\" srcset=\"https:\/\/i0.wp.com\/flashmode.tn\/magazine\/wp-content\/uploads\/2022\/12\/Le-carre-mi-long-degrade-avec-frange.jpeg?w=500&amp;ssl=1 500w, https:\/\/i0.wp.com\/flashmode.tn\/magazine\/wp-content\/uploads\/2022\/12\/Le-carre-mi-long-degrade-avec-frange.jpeg?resize=237%2C300&amp;ssl=1 237w, https:\/\/i0.wp.com\/flashmode.tn\/magazine\/wp-content\/uploads\/2022\/12\/Le-carre-mi-long-degrade-avec-frange.jpeg?resize=332%2C420&amp;ssl=1 332w\" sizes=\"auto, (max-width: 546px) 100vw, 546px\" \/><figcaption>Le carr\u00e9 mi-long d\u00e9grad\u00e9 avec frange<\/figcaption><\/figure><\/div>\n\n\n\n<div class=\"wp-block-image\"><figure class=\"aligncenter size-full is-resized\"><img data-recalc-dims=\"1\" loading=\"lazy\" decoding=\"async\" src=\"https:\/\/i0.wp.com\/flashmode.tn\/magazine\/wp-content\/uploads\/2022\/12\/Le-carre-degrade.jpg?resize=529%2C705&#038;ssl=1\" alt=\"\" class=\"wp-image-101817\" width=\"529\" height=\"705\" srcset=\"https:\/\/i0.wp.com\/flashmode.tn\/magazine\/wp-content\/uploads\/2022\/12\/Le-carre-degrade.jpg?w=700&amp;ssl=1 700w, https:\/\/i0.wp.com\/flashmode.tn\/magazine\/wp-content\/uploads\/2022\/12\/Le-carre-degrade.jpg?resize=225%2C300&amp;ssl=1 225w, https:\/\/i0.wp.com\/flashmode.tn\/magazine\/wp-content\/uploads\/2022\/12\/Le-carre-degrade.jpg?resize=696%2C928&amp;ssl=1 696w, https:\/\/i0.wp.com\/flashmode.tn\/magazine\/wp-content\/uploads\/2022\/12\/Le-carre-degrade.jpg?resize=315%2C420&amp;ssl=1 315w\" sizes=\"auto, (max-width: 529px) 100vw, 529px\" \/><figcaption>Cheveux mi-longs d\u00e9grad\u00e9<\/figcaption><\/figure><\/div>\n\n\n\n<div class=\"wp-block-image\"><figure class=\"aligncenter size-full is-resized\"><img data-recalc-dims=\"1\" loading=\"lazy\" decoding=\"async\" src=\"https:\/\/i0.wp.com\/flashmode.tn\/magazine\/wp-content\/uploads\/2022\/12\/Coupe-de-cheveux-degrade.jpg?resize=527%2C686&#038;ssl=1\" alt=\"\" class=\"wp-image-101818\" width=\"527\" height=\"686\" srcset=\"https:\/\/i0.wp.com\/flashmode.tn\/magazine\/wp-content\/uploads\/2022\/12\/Coupe-de-cheveux-degrade.jpg?w=461&amp;ssl=1 461w, https:\/\/i0.wp.com\/flashmode.tn\/magazine\/wp-content\/uploads\/2022\/12\/Coupe-de-cheveux-degrade.jpg?resize=231%2C300&amp;ssl=1 231w, https:\/\/i0.wp.com\/flashmode.tn\/magazine\/wp-content\/uploads\/2022\/12\/Coupe-de-cheveux-degrade.jpg?resize=323%2C420&amp;ssl=1 323w\" sizes=\"auto, (max-width: 527px) 100vw, 527px\" \/><figcaption>Coupe de cheveux d\u00e9grad\u00e9e<\/figcaption><\/figure><\/div>\n\n\n\n<h2 class=\"wp-block-heading\" id=\"h-5-le-mi-long-wavy\"><span class=\"ez-toc-section\" id=\"5_Le_mi-long_wavy\"><\/span>5. Le mi-long wavy<span class=\"ez-toc-section-end\"><\/span><\/h2>\n\n\n\n<p><strong><a href=\"https:\/\/flashmode.tn\/magazine\/techniques-pour-realiser-un-wavy-bob\/\" target=\"_blank\" rel=\"noreferrer noopener\">Le mi-long wavy<\/a><\/strong> est une coupe tr\u00e8s tendance qui donne \u00e0 votre visage un look plus jeune et plus frais. Cette coupe de cheveux se caract\u00e9rise par des cheveux mi-longs ondul\u00e9s qui sont plus longs sur le dessus et plus courts sur les c\u00f4t\u00e9s. Le mi-long wavy est tr\u00e8s polyvalent et peut \u00eatre facilement adapt\u00e9 \u00e0 toutes les formes de visage. Vous pouvez choisir de porter vos cheveux lisses ou ondul\u00e9s, selon votre style et votre look.<\/p>\n\n\n\n<div class=\"wp-block-image\"><figure class=\"aligncenter size-full is-resized\"><img data-recalc-dims=\"1\" loading=\"lazy\" decoding=\"async\" src=\"https:\/\/i0.wp.com\/flashmode.tn\/magazine\/wp-content\/uploads\/2022\/12\/Le-carre-mi-long-wavy.jpg?resize=444%2C578&#038;ssl=1\" alt=\"\" class=\"wp-image-101812\" width=\"444\" height=\"578\" srcset=\"https:\/\/i0.wp.com\/flashmode.tn\/magazine\/wp-content\/uploads\/2022\/12\/Le-carre-mi-long-wavy.jpg?w=461&amp;ssl=1 461w, https:\/\/i0.wp.com\/flashmode.tn\/magazine\/wp-content\/uploads\/2022\/12\/Le-carre-mi-long-wavy.jpg?resize=231%2C300&amp;ssl=1 231w, https:\/\/i0.wp.com\/flashmode.tn\/magazine\/wp-content\/uploads\/2022\/12\/Le-carre-mi-long-wavy.jpg?resize=323%2C420&amp;ssl=1 323w\" sizes=\"auto, (max-width: 444px) 100vw, 444px\" \/><figcaption>Le mi-long wavy sur cheveux blonds<\/figcaption><\/figure><\/div>\n\n\n\n<div class=\"wp-block-image\"><figure class=\"aligncenter size-full\"><img data-recalc-dims=\"1\" loading=\"lazy\" decoding=\"async\" width=\"437\" height=\"600\" src=\"https:\/\/i0.wp.com\/flashmode.tn\/magazine\/wp-content\/uploads\/2022\/12\/Le-carre-wavy-long.jpg?resize=437%2C600&#038;ssl=1\" alt=\"\" class=\"wp-image-101813\" srcset=\"https:\/\/i0.wp.com\/flashmode.tn\/magazine\/wp-content\/uploads\/2022\/12\/Le-carre-wavy-long.jpg?w=437&amp;ssl=1 437w, https:\/\/i0.wp.com\/flashmode.tn\/magazine\/wp-content\/uploads\/2022\/12\/Le-carre-wavy-long.jpg?resize=219%2C300&amp;ssl=1 219w, https:\/\/i0.wp.com\/flashmode.tn\/magazine\/wp-content\/uploads\/2022\/12\/Le-carre-wavy-long.jpg?resize=306%2C420&amp;ssl=1 306w\" sizes=\"auto, (max-width: 437px) 100vw, 437px\" \/><figcaption>Le mi-long wavy<\/figcaption><\/figure><\/div>\n\n\n\n<div class=\"wp-block-image\"><figure class=\"aligncenter size-full is-resized\"><img data-recalc-dims=\"1\" loading=\"lazy\" decoding=\"async\" src=\"https:\/\/i0.wp.com\/flashmode.tn\/magazine\/wp-content\/uploads\/2022\/12\/carre-wavy-blond-miel-1.jpg?resize=440%2C660&#038;ssl=1\" alt=\"\" class=\"wp-image-101814\" width=\"440\" height=\"660\" srcset=\"https:\/\/i0.wp.com\/flashmode.tn\/magazine\/wp-content\/uploads\/2022\/12\/carre-wavy-blond-miel-1.jpg?w=400&amp;ssl=1 400w, https:\/\/i0.wp.com\/flashmode.tn\/magazine\/wp-content\/uploads\/2022\/12\/carre-wavy-blond-miel-1.jpg?resize=200%2C300&amp;ssl=1 200w, https:\/\/i0.wp.com\/flashmode.tn\/magazine\/wp-content\/uploads\/2022\/12\/carre-wavy-blond-miel-1.jpg?resize=280%2C420&amp;ssl=1 280w\" sizes=\"auto, (max-width: 440px) 100vw, 440px\" \/><figcaption>La coupe mi-longue wavy<\/figcaption><\/figure><\/div>\n\n\n\n<h2 class=\"wp-block-heading\" id=\"h-6-la-french-bob\"><span class=\"ez-toc-section\" id=\"6_La_French_bob\"><\/span>6. La French bob<span class=\"ez-toc-section-end\"><\/span><\/h2>\n\n\n\n<p>La <a href=\"https:\/\/flashmode.tn\/magazine\/le-french-bob-une-coupe-iconique-guide-complet\/\" target=\"_blank\" rel=\"noreferrer noopener\">French bob<\/a> est une coupe de cheveux tr\u00e8s populaire qui peut vous donner un look plus jeune et plus frais. Cette coupe se caract\u00e9rise par des cheveux mi-longs qui sont plus longs sur le dessus et plus courts sur les c\u00f4t\u00e9s. La French bob est tr\u00e8s polyvalente et peut \u00eatre facilement adapt\u00e9e \u00e0 toutes les formes de visage. Vous pouvez choisir de porter vos cheveux lisses ou ondul\u00e9s, selon votre style et votre look.<\/p>\n\n\n\n<div class=\"wp-block-image\"><figure class=\"aligncenter size-full\"><img data-recalc-dims=\"1\" loading=\"lazy\" decoding=\"async\" width=\"640\" height=\"427\" src=\"https:\/\/i0.wp.com\/flashmode.tn\/magazine\/wp-content\/uploads\/2022\/12\/French-bob.jpg?resize=640%2C427&#038;ssl=1\" alt=\"\" class=\"wp-image-101837\" srcset=\"https:\/\/i0.wp.com\/flashmode.tn\/magazine\/wp-content\/uploads\/2022\/12\/French-bob.jpg?w=640&amp;ssl=1 640w, https:\/\/i0.wp.com\/flashmode.tn\/magazine\/wp-content\/uploads\/2022\/12\/French-bob.jpg?resize=300%2C200&amp;ssl=1 300w, https:\/\/i0.wp.com\/flashmode.tn\/magazine\/wp-content\/uploads\/2022\/12\/French-bob.jpg?resize=630%2C420&amp;ssl=1 630w\" sizes=\"auto, (max-width: 640px) 100vw, 640px\" \/><figcaption>La coupe french bob<\/figcaption><\/figure><\/div>\n\n\n\n<div class=\"wp-block-image\"><figure class=\"aligncenter size-full\"><img data-recalc-dims=\"1\" loading=\"lazy\" decoding=\"async\" width=\"638\" height=\"445\" src=\"https:\/\/i0.wp.com\/flashmode.tn\/magazine\/wp-content\/uploads\/2022\/12\/Le-french-bob.jpg?resize=638%2C445&#038;ssl=1\" alt=\"\" class=\"wp-image-101838\" srcset=\"https:\/\/i0.wp.com\/flashmode.tn\/magazine\/wp-content\/uploads\/2022\/12\/Le-french-bob.jpg?w=638&amp;ssl=1 638w, https:\/\/i0.wp.com\/flashmode.tn\/magazine\/wp-content\/uploads\/2022\/12\/Le-french-bob.jpg?resize=300%2C209&amp;ssl=1 300w, https:\/\/i0.wp.com\/flashmode.tn\/magazine\/wp-content\/uploads\/2022\/12\/Le-french-bob.jpg?resize=602%2C420&amp;ssl=1 602w, https:\/\/i0.wp.com\/flashmode.tn\/magazine\/wp-content\/uploads\/2022\/12\/Le-french-bob.jpg?resize=100%2C70&amp;ssl=1 100w\" sizes=\"auto, (max-width: 638px) 100vw, 638px\" \/><figcaption>Le french bob, une coupe parfaite pour se rajeunir<\/figcaption><\/figure><\/div>\n\n\n\n<h2 class=\"wp-block-heading\" id=\"h-7-une-frange\"><span class=\"ez-toc-section\" id=\"7_Une_frange\"><\/span>7. Une frange<span class=\"ez-toc-section-end\"><\/span><\/h2>\n\n\n\n<p><strong><a href=\"https:\/\/flashmode.tn\/magazine\/comment-savoir-si-on-peut-porter-une-frange-2\/\" target=\"_blank\" rel=\"noreferrer noopener\">Une frange<\/a><\/strong> peut \u00eatre une excellente fa\u00e7on de rajeunir votre visage. Les franges peuvent \u00eatre port\u00e9es courtes, longues ou mi-longues et peuvent \u00eatre facilement adapt\u00e9es \u00e0 toutes les formes de visage. Les franges peuvent aider \u00e0 masquer les rides et \u00e0 camoufler les signes de vieillissement et peuvent donner \u00e0 votre visage un look plus jeune et plus frais.<\/p>\n\n\n\n<div class=\"wp-block-image\"><figure class=\"aligncenter size-full\"><img data-recalc-dims=\"1\" loading=\"lazy\" decoding=\"async\" width=\"461\" height=\"600\" src=\"https:\/\/i0.wp.com\/flashmode.tn\/magazine\/wp-content\/uploads\/2022\/12\/La-coupe-lob-avec-frange-1.jpg?resize=461%2C600&#038;ssl=1\" alt=\"\" class=\"wp-image-101839\" srcset=\"https:\/\/i0.wp.com\/flashmode.tn\/magazine\/wp-content\/uploads\/2022\/12\/La-coupe-lob-avec-frange-1.jpg?w=461&amp;ssl=1 461w, https:\/\/i0.wp.com\/flashmode.tn\/magazine\/wp-content\/uploads\/2022\/12\/La-coupe-lob-avec-frange-1.jpg?resize=231%2C300&amp;ssl=1 231w, https:\/\/i0.wp.com\/flashmode.tn\/magazine\/wp-content\/uploads\/2022\/12\/La-coupe-lob-avec-frange-1.jpg?resize=323%2C420&amp;ssl=1 323w\" sizes=\"auto, (max-width: 461px) 100vw, 461px\" \/><figcaption>La frange, une excellente fa\u00e7on de rajeunir votre visage<\/figcaption><\/figure><\/div>\n\n\n\n<div class=\"wp-block-image\"><figure class=\"aligncenter size-full is-resized\"><img data-recalc-dims=\"1\" loading=\"lazy\" decoding=\"async\" src=\"https:\/\/i0.wp.com\/flashmode.tn\/magazine\/wp-content\/uploads\/2022\/12\/Le-carre-court-avec-frange-3.jpg?resize=461%2C593&#038;ssl=1\" alt=\"\" class=\"wp-image-101840\" width=\"461\" height=\"593\" srcset=\"https:\/\/i0.wp.com\/flashmode.tn\/magazine\/wp-content\/uploads\/2022\/12\/Le-carre-court-avec-frange-3.jpg?w=638&amp;ssl=1 638w, https:\/\/i0.wp.com\/flashmode.tn\/magazine\/wp-content\/uploads\/2022\/12\/Le-carre-court-avec-frange-3.jpg?resize=233%2C300&amp;ssl=1 233w, https:\/\/i0.wp.com\/flashmode.tn\/magazine\/wp-content\/uploads\/2022\/12\/Le-carre-court-avec-frange-3.jpg?resize=326%2C420&amp;ssl=1 326w\" sizes=\"auto, (max-width: 461px) 100vw, 461px\" \/><figcaption>Le carr\u00e9 court avec frange pour un look plus jeune<\/figcaption><\/figure><\/div>\n\n\n\n<h2 class=\"wp-block-heading\" id=\"h-8-un-balayage\"><span class=\"ez-toc-section\" id=\"8_Un_balayage\"><\/span>8. Un balayage<span class=\"ez-toc-section-end\"><\/span><\/h2>\n\n\n\n<p>Le <a href=\"https:\/\/flashmode.tn\/magazine\/quel-balayage-pour-rajeunir\/\" target=\"_blank\" rel=\"noreferrer noopener\">balayage <\/a>est une excellente fa\u00e7on de donner \u00e0 votre visage un look plus jeune et plus frais. Le balayage consiste \u00e0 appliquer des couleurs contrast\u00e9es \u00e0 vos cheveux pour cr\u00e9er un effet de m\u00e9lange naturel et donner \u00e0 votre coupe un look plus dynamique et plus jeune. Vous pouvez choisir de r\u00e9aliser un balayage sur des cheveux courts, mi-longs ou longs, en fonction de votre style et de votre look.<\/p>\n\n\n\n<p>Pour rajeunir votre visage, optez pour une coupe de cheveux adapt\u00e9e. Vous pouvez choisir une coupe courte pixie, un carr\u00e9 court, une coupe gar\u00e7onne, des cheveux mi-longs d\u00e9grad\u00e9s, un mi-long wavy, une French bob, une frange ou un balayage. Ces coupes et ces techniques peuvent vous aider \u00e0 camoufler les signes de vieillissement et \u00e0 donner \u00e0 votre visage un look plus jeune et plus frais. N\u2019h\u00e9sitez pas \u00e0 demander conseil \u00e0 votre coiffeur pour trouver la coupe et la couleur qui vous conviennent le mieux.<\/p>\n\n\n\n<div class=\"wp-block-image\"><figure class=\"aligncenter size-full\"><img data-recalc-dims=\"1\" loading=\"lazy\" decoding=\"async\" width=\"420\" height=\"420\" src=\"https:\/\/i0.wp.com\/flashmode.tn\/magazine\/wp-content\/uploads\/2022\/12\/Le-balayage-blond-pour-un-look-rajeuni-1.jpg?resize=420%2C420&#038;ssl=1\" alt=\"\" class=\"wp-image-101841\" srcset=\"https:\/\/i0.wp.com\/flashmode.tn\/magazine\/wp-content\/uploads\/2022\/12\/Le-balayage-blond-pour-un-look-rajeuni-1.jpg?w=420&amp;ssl=1 420w, https:\/\/i0.wp.com\/flashmode.tn\/magazine\/wp-content\/uploads\/2022\/12\/Le-balayage-blond-pour-un-look-rajeuni-1.jpg?resize=300%2C300&amp;ssl=1 300w, https:\/\/i0.wp.com\/flashmode.tn\/magazine\/wp-content\/uploads\/2022\/12\/Le-balayage-blond-pour-un-look-rajeuni-1.jpg?resize=150%2C150&amp;ssl=1 150w\" sizes=\"auto, (max-width: 420px) 100vw, 420px\" \/><figcaption>Le balayage blond pour un look rajeuni<\/figcaption><\/figure><\/div>\n\n\n\n<div class=\"wp-block-image\"><figure class=\"aligncenter size-full is-resized\"><img data-recalc-dims=\"1\" loading=\"lazy\" decoding=\"async\" src=\"https:\/\/i0.wp.com\/flashmode.tn\/magazine\/wp-content\/uploads\/2022\/12\/Le-balayage-blond-donne-de-la-densite-a-votre-chevelure-1.jpg?resize=436%2C567&#038;ssl=1\" alt=\"\" class=\"wp-image-101842\" width=\"436\" height=\"567\" srcset=\"https:\/\/i0.wp.com\/flashmode.tn\/magazine\/wp-content\/uploads\/2022\/12\/Le-balayage-blond-donne-de-la-densite-a-votre-chevelure-1.jpg?w=461&amp;ssl=1 461w, https:\/\/i0.wp.com\/flashmode.tn\/magazine\/wp-content\/uploads\/2022\/12\/Le-balayage-blond-donne-de-la-densite-a-votre-chevelure-1.jpg?resize=231%2C300&amp;ssl=1 231w, https:\/\/i0.wp.com\/flashmode.tn\/magazine\/wp-content\/uploads\/2022\/12\/Le-balayage-blond-donne-de-la-densite-a-votre-chevelure-1.jpg?resize=323%2C420&amp;ssl=1 323w\" sizes=\"auto, (max-width: 436px) 100vw, 436px\" \/><figcaption>Le balayage blond pour rajeunir<\/figcaption><\/figure><\/div>\n\n\n\n<p>Plus sur des id\u00e9es pour rajeunir :<\/p>\n\n\n\n<p><a href=\"https:\/\/flashmode.tn\/magazine\/quelles-sont-les-coiffures-qui-rajeunissent\/\" target=\"_blank\" rel=\"noreferrer noopener\">Quelles sont les coiffures qui rajeunissent ?<\/a><\/p>\n\n\n\n<p><a href=\"https:\/\/flashmode.tn\/magazine\/quels-sourcils-pour-rajeunir\/(ouvre un nouvel onglet)\" target=\"_blank\" rel=\"noreferrer noopener\">Quels sourcils pour rajeunir ?<\/a><\/p>\n\n\n\n<p><a href=\"https:\/\/flashmode.tn\/magazine\/comment-rajeunir-le-visage-de-10-ans-avec-lacide-hyaluronique\/\">Comment rajeunir le visage de 10 ans avec l&rsquo;acide hyaluronique ?<\/a><\/p>\n\n\n\n<p><a href=\"https:\/\/flashmode.tn\/magazine\/le-changement-rajeunit-la-meilleure-coupe-pour-rafraichir-votre-look\/\" target=\"_blank\" rel=\"noreferrer noopener\">Quelle coupe de cheveux pour se rajeunir ?<\/a><\/p>\n\n\n\n<p><a href=\"https:\/\/flashmode.tn\/magazine\/la-coupe-de-cheveux-rajeunit\/\" target=\"_blank\" rel=\"noreferrer noopener\">La coupe de cheveux qui me rajeunit (guide complet)<\/a><\/p>\n\n\n\n<p><a href=\"https:\/\/flashmode.tn\/magazine\/la-bonne-coupe-carre-pour-rajeunir-tout-savoir\/\" target=\"_blank\" rel=\"noreferrer noopener\">La bonne coupe carr\u00e9 pour rajeunir (Tout savoir )<\/a><\/p>\n\n\n\n<p>Cet article vous a-t-il \u00e9t\u00e9 utile? Ecrivez-nous votre avis dans la section des commentaires et n\u2019oubliez pas de partager l\u2019article sur les r\u00e9seaux sociaux. Sachez que vous pouvez \u00e9galement nous envoyer vos questions via la page de contact<img data-recalc-dims=\"1\" decoding=\"async\" src=\"https:\/\/i0.wp.com\/fonts.gstatic.com\/s\/e\/notoemoji\/15.0\/1f44c\/72.png?w=696&#038;ssl=1\" alt=\"&#x1f44c;\"><\/p>\n","protected":false},"excerpt":{"rendered":"<p>Vous souhaitez rajeunir votre apparence et avoir l&rsquo;air plus jeune ? Vous vous demandez quelle coupe de cheveux choisir pour y parvenir ? Ne cherchez plus ! Dans cet article, nous vous pr\u00e9senterons les coupes de cheveux les plus tendance qui peuvent vous aider \u00e0 para\u00eetre plus jeune. Nous vous donnerons des conseils sur les [&hellip;]<\/p>\n","protected":false},"author":8,"featured_media":100384,"comment_status":"open","ping_status":"open","sticky":false,"template":"","format":"standard","meta":{"tdm_status":"","tdm_grid_status":"","_jetpack_memberships_contains_paid_content":false,"footnotes":"","jetpack_publicize_message":"","jetpack_publicize_feature_enabled":true,"jetpack_social_post_already_shared":true,"jetpack_social_options":{"image_generator_settings":{"template":"highway","default_image_id":0,"font":"","enabled":false},"version":2}},"categories":[933,883],"tags":[906,5474,5406,5405,5408,5417],"class_list":["post-98702","post","type-post","status-publish","format-standard","has-post-thumbnail","hentry","category-tendance-beaute","category-videos","tag-coiffure-a-la-mode","tag-coupe-carre","tag-coupe-cheveux","tag-coupe-courte","tag-coupepixie","tag-rajeunir"],"yoast_head":"<!-- This site is optimized with the Yoast SEO Premium plugin v25.0 (Yoast SEO v25.0) - https:\/\/yoast.com\/wordpress\/plugins\/seo\/ -->\n<title>Quelle coupe pour rajeunir un visage ?<\/title>\n<meta name=\"description\" content=\"Vous souhaitez rajeunir votre apparence et avoir l&#039;air plus jeune ? Vous vous demandez quelle coupe de cheveux choisir pour y parvenir ?\" \/>\n<meta name=\"robots\" content=\"index, follow, max-snippet:-1, max-image-preview:large, max-video-preview:-1\" \/>\n<link rel=\"canonical\" href=\"https:\/\/flashmode.tn\/magazine\/les-coupes-pour-rajeunir-un-visage-et-donner-lair-plus-jeune\/\" \/>\n<meta property=\"og:locale\" content=\"fr_FR\" \/>\n<meta property=\"og:type\" content=\"article\" \/>\n<meta property=\"og:title\" content=\"Les coupes pour rajeunir un visage et donner l&#039;air plus jeune - Flashmode Magazine | Magazine de mode et style de vie Num\u00e9ro un en Tunisie et au Maghreb\" \/>\n<meta property=\"og:description\" content=\"Vous souhaitez rajeunir votre apparence et avoir l&#039;air plus jeune ? Vous vous demandez quelle coupe de cheveux choisir pour y parvenir ?\" \/>\n<meta property=\"og:url\" content=\"https:\/\/flashmode.tn\/magazine\/les-coupes-pour-rajeunir-un-visage-et-donner-lair-plus-jeune\/\" \/>\n<meta property=\"og:site_name\" content=\"Flashmode Magazine | Magazine de mode et style de vie Num\u00e9ro un en Tunisie et au Maghreb\" \/>\n<meta property=\"article:publisher\" content=\"https:\/\/www.facebook.com\/flashmode.magazine\/\" \/>\n<meta property=\"article:published_time\" content=\"2023-01-05T12:47:03+00:00\" \/>\n<meta property=\"article:modified_time\" content=\"2023-01-13T14:53:33+00:00\" \/>\n<meta property=\"og:image\" content=\"https:\/\/flashmode.tn\/magazine\/wp-content\/uploads\/2023\/01\/55.jpg\" \/>\n\t<meta property=\"og:image:width\" content=\"1024\" \/>\n\t<meta property=\"og:image:height\" content=\"577\" \/>\n\t<meta property=\"og:image:type\" content=\"image\/jpeg\" \/>\n<meta name=\"author\" content=\"The Daileigh\" \/>\n<meta name=\"twitter:card\" content=\"summary_large_image\" \/>\n<meta name=\"twitter:creator\" content=\"@agenceflashmode\" \/>\n<meta name=\"twitter:site\" content=\"@agenceflashmode\" \/>\n<meta name=\"twitter:label1\" content=\"\u00c9crit par\" \/>\n\t<meta name=\"twitter:data1\" content=\"The Daileigh\" \/>\n\t<meta name=\"twitter:label2\" content=\"Dur\u00e9e de lecture estim\u00e9e\" \/>\n\t<meta name=\"twitter:data2\" content=\"6 minutes\" \/>\n<script type=\"application\/ld+json\" class=\"yoast-schema-graph\">{\"@context\":\"https:\/\/schema.org\",\"@graph\":[{\"@type\":\"WebPage\",\"@id\":\"https:\/\/flashmode.tn\/magazine\/les-coupes-pour-rajeunir-un-visage-et-donner-lair-plus-jeune\/\",\"url\":\"https:\/\/flashmode.tn\/magazine\/les-coupes-pour-rajeunir-un-visage-et-donner-lair-plus-jeune\/\",\"name\":\"Quelle coupe pour rajeunir un visage ?\",\"isPartOf\":{\"@id\":\"https:\/\/flashmode.tn\/magazine\/#website\"},\"primaryImageOfPage\":{\"@id\":\"https:\/\/flashmode.tn\/magazine\/les-coupes-pour-rajeunir-un-visage-et-donner-lair-plus-jeune\/#primaryimage\"},\"image\":{\"@id\":\"https:\/\/flashmode.tn\/magazine\/les-coupes-pour-rajeunir-un-visage-et-donner-lair-plus-jeune\/#primaryimage\"},\"thumbnailUrl\":\"https:\/\/i0.wp.com\/flashmode.tn\/magazine\/wp-content\/uploads\/2023\/01\/55.jpg?fit=1024%2C577&ssl=1\",\"datePublished\":\"2023-01-05T12:47:03+00:00\",\"dateModified\":\"2023-01-13T14:53:33+00:00\",\"author\":{\"@id\":\"https:\/\/flashmode.tn\/magazine\/#\/schema\/person\/79940f8af94166a445dd5bd6b3137682\"},\"description\":\"Vous souhaitez rajeunir votre apparence et avoir l'air plus jeune ? Vous vous demandez quelle coupe de cheveux choisir pour y parvenir ?\",\"breadcrumb\":{\"@id\":\"https:\/\/flashmode.tn\/magazine\/les-coupes-pour-rajeunir-un-visage-et-donner-lair-plus-jeune\/#breadcrumb\"},\"inLanguage\":\"fr-FR\",\"potentialAction\":[{\"@type\":\"ReadAction\",\"target\":[\"https:\/\/flashmode.tn\/magazine\/les-coupes-pour-rajeunir-un-visage-et-donner-lair-plus-jeune\/\"]}]},{\"@type\":\"ImageObject\",\"inLanguage\":\"fr-FR\",\"@id\":\"https:\/\/flashmode.tn\/magazine\/les-coupes-pour-rajeunir-un-visage-et-donner-lair-plus-jeune\/#primaryimage\",\"url\":\"https:\/\/i0.wp.com\/flashmode.tn\/magazine\/wp-content\/uploads\/2023\/01\/55.jpg?fit=1024%2C577&ssl=1\",\"contentUrl\":\"https:\/\/i0.wp.com\/flashmode.tn\/magazine\/wp-content\/uploads\/2023\/01\/55.jpg?fit=1024%2C577&ssl=1\",\"width\":1024,\"height\":577},{\"@type\":\"BreadcrumbList\",\"@id\":\"https:\/\/flashmode.tn\/magazine\/les-coupes-pour-rajeunir-un-visage-et-donner-lair-plus-jeune\/#breadcrumb\",\"itemListElement\":[{\"@type\":\"ListItem\",\"position\":1,\"name\":\"Accueil\",\"item\":\"https:\/\/flashmode.tn\/magazine\/\"},{\"@type\":\"ListItem\",\"position\":2,\"name\":\"Les coupes pour rajeunir un visage et donner l&rsquo;air plus jeune\"}]},{\"@type\":\"WebSite\",\"@id\":\"https:\/\/flashmode.tn\/magazine\/#website\",\"url\":\"https:\/\/flashmode.tn\/magazine\/\",\"name\":\"Flashmode Magazine | Magazine de mode et style de vie Num\u00e9ro un en Tunisie et au Maghreb\",\"description\":\"Magazine de mode et style de vie Num\u00e9ro un en Tunisie et au Maghreb, cr\u00e9\u00e9 pour les hommes et les femmes : conseils beaut\u00e9, mode femme, mode homme, recettes de cuisine, c\u00e9l\u00e9brit\u00e9s et people, mannequins et top modeles\",\"potentialAction\":[{\"@type\":\"SearchAction\",\"target\":{\"@type\":\"EntryPoint\",\"urlTemplate\":\"https:\/\/flashmode.tn\/magazine\/?s={search_term_string}\"},\"query-input\":{\"@type\":\"PropertyValueSpecification\",\"valueRequired\":true,\"valueName\":\"search_term_string\"}}],\"inLanguage\":\"fr-FR\"},{\"@type\":\"Person\",\"@id\":\"https:\/\/flashmode.tn\/magazine\/#\/schema\/person\/79940f8af94166a445dd5bd6b3137682\",\"name\":\"The Daileigh\",\"image\":{\"@type\":\"ImageObject\",\"inLanguage\":\"fr-FR\",\"@id\":\"https:\/\/flashmode.tn\/magazine\/#\/schema\/person\/image\/\",\"url\":\"https:\/\/secure.gravatar.com\/avatar\/30d4d60865d61de3434abd01cb8b4ec5e5b5eb5a274017461832a54857b1770d?s=96&d=mm&r=g\",\"contentUrl\":\"https:\/\/secure.gravatar.com\/avatar\/30d4d60865d61de3434abd01cb8b4ec5e5b5eb5a274017461832a54857b1770d?s=96&d=mm&r=g\",\"caption\":\"The Daileigh\"},\"url\":\"https:\/\/flashmode.tn\/magazine\/author\/the-daileigh\/\"}]}<\/script>\n<!-- \/ Yoast SEO Premium plugin. -->","yoast_head_json":{"title":"Quelle coupe pour rajeunir un visage ?","description":"Vous souhaitez rajeunir votre apparence et avoir l'air plus jeune ? Vous vous demandez quelle coupe de cheveux choisir pour y parvenir ?","robots":{"index":"index","follow":"follow","max-snippet":"max-snippet:-1","max-image-preview":"max-image-preview:large","max-video-preview":"max-video-preview:-1"},"canonical":"https:\/\/flashmode.tn\/magazine\/les-coupes-pour-rajeunir-un-visage-et-donner-lair-plus-jeune\/","og_locale":"fr_FR","og_type":"article","og_title":"Les coupes pour rajeunir un visage et donner l'air plus jeune - Flashmode Magazine | Magazine de mode et style de vie Num\u00e9ro un en Tunisie et au Maghreb","og_description":"Vous souhaitez rajeunir votre apparence et avoir l'air plus jeune ? Vous vous demandez quelle coupe de cheveux choisir pour y parvenir ?","og_url":"https:\/\/flashmode.tn\/magazine\/les-coupes-pour-rajeunir-un-visage-et-donner-lair-plus-jeune\/","og_site_name":"Flashmode Magazine | Magazine de mode et style de vie Num\u00e9ro un en Tunisie et au Maghreb","article_publisher":"https:\/\/www.facebook.com\/flashmode.magazine\/","article_published_time":"2023-01-05T12:47:03+00:00","article_modified_time":"2023-01-13T14:53:33+00:00","og_image":[{"width":1024,"height":577,"url":"https:\/\/flashmode.tn\/magazine\/wp-content\/uploads\/2023\/01\/55.jpg","type":"image\/jpeg"}],"author":"The Daileigh","twitter_card":"summary_large_image","twitter_creator":"@agenceflashmode","twitter_site":"@agenceflashmode","twitter_misc":{"\u00c9crit par":"The Daileigh","Dur\u00e9e de lecture estim\u00e9e":"6 minutes"},"schema":{"@context":"https:\/\/schema.org","@graph":[{"@type":"WebPage","@id":"https:\/\/flashmode.tn\/magazine\/les-coupes-pour-rajeunir-un-visage-et-donner-lair-plus-jeune\/","url":"https:\/\/flashmode.tn\/magazine\/les-coupes-pour-rajeunir-un-visage-et-donner-lair-plus-jeune\/","name":"Quelle coupe pour rajeunir un visage ?","isPartOf":{"@id":"https:\/\/flashmode.tn\/magazine\/#website"},"primaryImageOfPage":{"@id":"https:\/\/flashmode.tn\/magazine\/les-coupes-pour-rajeunir-un-visage-et-donner-lair-plus-jeune\/#primaryimage"},"image":{"@id":"https:\/\/flashmode.tn\/magazine\/les-coupes-pour-rajeunir-un-visage-et-donner-lair-plus-jeune\/#primaryimage"},"thumbnailUrl":"https:\/\/i0.wp.com\/flashmode.tn\/magazine\/wp-content\/uploads\/2023\/01\/55.jpg?fit=1024%2C577&ssl=1","datePublished":"2023-01-05T12:47:03+00:00","dateModified":"2023-01-13T14:53:33+00:00","author":{"@id":"https:\/\/flashmode.tn\/magazine\/#\/schema\/person\/79940f8af94166a445dd5bd6b3137682"},"description":"Vous souhaitez rajeunir votre apparence et avoir l'air plus jeune ? Vous vous demandez quelle coupe de cheveux choisir pour y parvenir ?","breadcrumb":{"@id":"https:\/\/flashmode.tn\/magazine\/les-coupes-pour-rajeunir-un-visage-et-donner-lair-plus-jeune\/#breadcrumb"},"inLanguage":"fr-FR","potentialAction":[{"@type":"ReadAction","target":["https:\/\/flashmode.tn\/magazine\/les-coupes-pour-rajeunir-un-visage-et-donner-lair-plus-jeune\/"]}]},{"@type":"ImageObject","inLanguage":"fr-FR","@id":"https:\/\/flashmode.tn\/magazine\/les-coupes-pour-rajeunir-un-visage-et-donner-lair-plus-jeune\/#primaryimage","url":"https:\/\/i0.wp.com\/flashmode.tn\/magazine\/wp-content\/uploads\/2023\/01\/55.jpg?fit=1024%2C577&ssl=1","contentUrl":"https:\/\/i0.wp.com\/flashmode.tn\/magazine\/wp-content\/uploads\/2023\/01\/55.jpg?fit=1024%2C577&ssl=1","width":1024,"height":577},{"@type":"BreadcrumbList","@id":"https:\/\/flashmode.tn\/magazine\/les-coupes-pour-rajeunir-un-visage-et-donner-lair-plus-jeune\/#breadcrumb","itemListElement":[{"@type":"ListItem","position":1,"name":"Accueil","item":"https:\/\/flashmode.tn\/magazine\/"},{"@type":"ListItem","position":2,"name":"Les coupes pour rajeunir un visage et donner l&rsquo;air plus jeune"}]},{"@type":"WebSite","@id":"https:\/\/flashmode.tn\/magazine\/#website","url":"https:\/\/flashmode.tn\/magazine\/","name":"Flashmode Magazine | Magazine de mode et style de vie Num\u00e9ro un en Tunisie et au Maghreb","description":"Magazine de mode et style de vie Num\u00e9ro un en Tunisie et au Maghreb, cr\u00e9\u00e9 pour les hommes et les femmes : conseils beaut\u00e9, mode femme, mode homme, recettes de cuisine, c\u00e9l\u00e9brit\u00e9s et people, mannequins et top modeles","potentialAction":[{"@type":"SearchAction","target":{"@type":"EntryPoint","urlTemplate":"https:\/\/flashmode.tn\/magazine\/?s={search_term_string}"},"query-input":{"@type":"PropertyValueSpecification","valueRequired":true,"valueName":"search_term_string"}}],"inLanguage":"fr-FR"},{"@type":"Person","@id":"https:\/\/flashmode.tn\/magazine\/#\/schema\/person\/79940f8af94166a445dd5bd6b3137682","name":"The Daileigh","image":{"@type":"ImageObject","inLanguage":"fr-FR","@id":"https:\/\/flashmode.tn\/magazine\/#\/schema\/person\/image\/","url":"https:\/\/secure.gravatar.com\/avatar\/30d4d60865d61de3434abd01cb8b4ec5e5b5eb5a274017461832a54857b1770d?s=96&d=mm&r=g","contentUrl":"https:\/\/secure.gravatar.com\/avatar\/30d4d60865d61de3434abd01cb8b4ec5e5b5eb5a274017461832a54857b1770d?s=96&d=mm&r=g","caption":"The Daileigh"},"url":"https:\/\/flashmode.tn\/magazine\/author\/the-daileigh\/"}]}},"jetpack_publicize_connections":[],"jetpack_featured_media_url":"https:\/\/i0.wp.com\/flashmode.tn\/magazine\/wp-content\/uploads\/2023\/01\/55.jpg?fit=1024%2C577&ssl=1","jetpack_shortlink":"https:\/\/wp.me\/p8BPGr-pFY","jetpack_sharing_enabled":true,"_links":{"self":[{"href":"https:\/\/flashmode.tn\/magazine\/wp-json\/wp\/v2\/posts\/98702","targetHints":{"allow":["GET"]}}],"collection":[{"href":"https:\/\/flashmode.tn\/magazine\/wp-json\/wp\/v2\/posts"}],"about":[{"href":"https:\/\/flashmode.tn\/magazine\/wp-json\/wp\/v2\/types\/post"}],"author":[{"embeddable":true,"href":"https:\/\/flashmode.tn\/magazine\/wp-json\/wp\/v2\/users\/8"}],"replies":[{"embeddable":true,"href":"https:\/\/flashmode.tn\/magazine\/wp-json\/wp\/v2\/comments?post=98702"}],"version-history":[{"count":16,"href":"https:\/\/flashmode.tn\/magazine\/wp-json\/wp\/v2\/posts\/98702\/revisions"}],"predecessor-version":[{"id":103573,"href":"https:\/\/flashmode.tn\/magazine\/wp-json\/wp\/v2\/posts\/98702\/revisions\/103573"}],"wp:featuredmedia":[{"embeddable":true,"href":"https:\/\/flashmode.tn\/magazine\/wp-json\/wp\/v2\/media\/100384"}],"wp:attachment":[{"href":"https:\/\/flashmode.tn\/magazine\/wp-json\/wp\/v2\/media?parent=98702"}],"wp:term":[{"taxonomy":"category","embeddable":true,"href":"https:\/\/flashmode.tn\/magazine\/wp-json\/wp\/v2\/categories?post=98702"},{"taxonomy":"post_tag","embeddable":true,"href":"https:\/\/flashmode.tn\/magazine\/wp-json\/wp\/v2\/tags?post=98702"}],"curies":[{"name":"wp","href":"https:\/\/api.w.org\/{rel}","templated":true}]}}